{"id":19534,"date":"2009-04-29T12:00:01","date_gmt":"2009-04-29T10:00:01","guid":{"rendered":"http:\/\/www.visit-ulcinj.com\/blog\/?p=19534"},"modified":"2009-04-28T23:59:41","modified_gmt":"2009-04-28T21:59:41","slug":"ari-te-gjithe-jemi-per-leket","status":"publish","type":"post","link":"https:\/\/www.visit-ulcinj.com\/blog\/2009\/04\/29\/ari-te-gjithe-jemi-per-leket\/","title":{"rendered":"Ari: Te gjithe jemi per leket"},"content":{"rendered":"<p><em><span class=\"newsdate\"><a href=\"http:\/\/www.visit-ulcinj.com\/blog\/wp-content\/uploads\/2009\/04\/ari-opinion-28.jpg\"><img loading=\"lazy\" class=\"alignleft size-full wp-image-19535\" title=\"ari-opinion-big-brother-albania-2\" src=\"http:\/\/www.visit-ulcinj.com\/blog\/wp-content\/uploads\/2009\/04\/ari-opinion-28.jpg\" alt=\"ari-opinion-big-brother-albania-2\" width=\"300\" height=\"205\" \/><\/a>28\/04\/09 01:08<\/span><\/em><\/p>\n<p>Ari shkon n\u00eb dhom\u00eb tek t\u00eb tjer\u00ebt dhe komenton diskutimin nd\u00ebrmjet Adit dhe Sorit. Sipas tij ai ishte nj\u00eb debat pa lidhje dhe q\u00eb t\u00eb tilla gj\u00ebra nuk mund t\u00eb diskutoheshin. Ari shprehet se i duket absurde q\u00eb t\u00eb krijohen aleanca apo t\u00eb flitet kaq shum\u00eb p\u00ebr loj\u00ebn, kur loj\u00ebn realisht e ka tjet\u00ebr kush n\u00eb dor\u00eb. \u201cK\u00ebtu \u00ebsht\u00eb t\u00eb kalosh dit\u00ebn bukur, por n\u00eb t\u00eb nj\u00ebjt\u00ebn koh\u00eb dhe t\u00eb luash\u201d. Edhe Adela \u00ebsht\u00eb dakord me t\u00eb se dhe ajo jeton dit\u00ebn dhe nuk luan si t\u00eb tjer\u00ebt. Ari fillon t\u00eb komentoj\u00eb edhe faktin q\u00eb Sori i kishte k\u00ebrkuar aleanc\u00eb p\u00ebr nominim. \u201cT\u00eb gjith\u00eb jemi p\u00ebr lek\u00ebt, por nuk duhet diskutuar kaq shum\u00eb\u201d- thot\u00eb Ari. Ai vazhdon t\u00eb tregoj\u00eb dhe disa fragmente nga biseda dhe i komenton ato.<\/p>\n","protected":false},"excerpt":{"rendered":"<p>28\/04\/09 01:08 Ari shkon n\u00eb dhom\u00eb tek t\u00eb tjer\u00ebt dhe komenton diskutimin nd\u00ebrmjet Adit dhe Sorit. Sipas tij ai ishte nj\u00eb debat pa lidhje dhe q\u00eb t\u00eb tilla gj\u00ebra nuk mund t\u00eb diskutoheshin. Ari shprehet se i duket absurde q\u00eb t\u00eb krijohen aleanca apo t\u00eb flitet kaq shum\u00eb p\u00ebr loj\u00ebn, kur loj\u00ebn realisht e ka [&hellip;]<\/p>\n","protected":false},"author":1,"featured_media":0,"comment_status":"open","ping_status":"closed","sticky":false,"template":"","format":"standard","meta":{"spay_email":"","jetpack_publicize_message":"","jetpack_is_tweetstorm":false,"jetpack_publicize_feature_enabled":true},"categories":[6502],"tags":[6520,8934,9734,9121,8276,9735,6693],"jetpack_publicize_connections":[],"yoast_head":"<!-- This site is optimized with the Yoast SEO plugin v19.1 - https:\/\/yoast.com\/wordpress\/plugins\/seo\/ -->\n<title>Ari: Te gjithe jemi per leket | Big Brother Albania 2<\/title>\n<meta name=\"description\" content=\"Big Brother Albania 2 - Ari shkon n\u00c3\u00ab dhom\u00c3\u00ab tek t\u00c3\u00ab tjer\u00c3\u00abt dhe komenton diskutimin nd\u00c3\u00abrmjet Adit dhe Sorit. Sipas tij ai ishte nj\u00c3\u00ab debat pa lidhje dhe q\u00c3\u00ab t\u00c3\u00ab tilla gj\u00c3\u00abra nuk mund t\u00c3\u00ab diskutoheshin.\" \/>\n<meta name=\"robots\" content=\"index, follow, max-snippet:-1, max-image-preview:large, max-video-preview:-1\" \/>\n<link rel=\"canonical\" href=\"https:\/\/www.visit-ulcinj.com\/blog\/2009\/04\/29\/ari-te-gjithe-jemi-per-leket\/\" \/>\n<meta property=\"og:locale\" content=\"en_US\" \/>\n<meta property=\"og:type\" content=\"article\" \/>\n<meta property=\"og:title\" content=\"Ari: Te gjithe jemi per leket | Big Brother Albania 2\" \/>\n<meta property=\"og:description\" content=\"Big Brother Albania 2 - Ari shkon n\u00c3\u00ab dhom\u00c3\u00ab tek t\u00c3\u00ab tjer\u00c3\u00abt dhe komenton diskutimin nd\u00c3\u00abrmjet Adit dhe Sorit. Sipas tij ai ishte nj\u00c3\u00ab debat pa lidhje dhe q\u00c3\u00ab t\u00c3\u00ab tilla gj\u00c3\u00abra nuk mund t\u00c3\u00ab diskutoheshin.\" \/>\n<meta property=\"og:url\" content=\"https:\/\/www.visit-ulcinj.com\/blog\/2009\/04\/29\/ari-te-gjithe-jemi-per-leket\/\" \/>\n<meta property=\"og:site_name\" content=\"Lajme nga Ulqini\" \/>\n<meta property=\"article:published_time\" content=\"2009-04-29T10:00:01+00:00\" \/>\n<meta property=\"article:modified_time\" content=\"2009-04-28T21:59:41+00:00\" \/>\n<meta property=\"og:image\" content=\"http:\/\/www.visit-ulcinj.com\/blog\/wp-content\/uploads\/2009\/04\/ari-opinion-28.jpg\" \/>\n<meta name=\"twitter:label1\" content=\"Written by\" \/>\n\t<meta name=\"twitter:data1\" content=\"ulqini\" \/>\n\t<meta name=\"twitter:label2\" content=\"Est. reading time\" \/>\n\t<meta name=\"twitter:data2\" content=\"1 minute\" \/>\n<script type=\"application\/ld+json\" class=\"yoast-schema-graph\">{\"@context\":\"https:\/\/schema.org\",\"@graph\":[{\"@type\":\"WebSite\",\"@id\":\"https:\/\/www.visit-ulcinj.com\/blog\/#website\",\"url\":\"https:\/\/www.visit-ulcinj.com\/blog\/\",\"name\":\"Lajme nga Ulqini\",\"description\":\"Lajme,Vijesti,Ulqini,Ulqin,Crna Gora,Mali i Zi\",\"potentialAction\":[{\"@type\":\"SearchAction\",\"target\":{\"@type\":\"EntryPoint\",\"urlTemplate\":\"https:\/\/www.visit-ulcinj.com\/blog\/?s={search_term_string}\"},\"query-input\":\"required name=search_term_string\"}],\"inLanguage\":\"en-US\"},{\"@type\":\"ImageObject\",\"inLanguage\":\"en-US\",\"@id\":\"https:\/\/www.visit-ulcinj.com\/blog\/2009\/04\/29\/ari-te-gjithe-jemi-per-leket\/#primaryimage\",\"url\":\"http:\/\/www.visit-ulcinj.com\/blog\/wp-content\/uploads\/2009\/04\/ari-opinion-28.jpg\",\"contentUrl\":\"http:\/\/www.visit-ulcinj.com\/blog\/wp-content\/uploads\/2009\/04\/ari-opinion-28.jpg\"},{\"@type\":\"WebPage\",\"@id\":\"https:\/\/www.visit-ulcinj.com\/blog\/2009\/04\/29\/ari-te-gjithe-jemi-per-leket\/#webpage\",\"url\":\"https:\/\/www.visit-ulcinj.com\/blog\/2009\/04\/29\/ari-te-gjithe-jemi-per-leket\/\",\"name\":\"Ari: Te gjithe jemi per leket | Big Brother Albania 2\",\"isPartOf\":{\"@id\":\"https:\/\/www.visit-ulcinj.com\/blog\/#website\"},\"primaryImageOfPage\":{\"@id\":\"https:\/\/www.visit-ulcinj.com\/blog\/2009\/04\/29\/ari-te-gjithe-jemi-per-leket\/#primaryimage\"},\"datePublished\":\"2009-04-29T10:00:01+00:00\",\"dateModified\":\"2009-04-28T21:59:41+00:00\",\"author\":{\"@id\":\"https:\/\/www.visit-ulcinj.com\/blog\/#\/schema\/person\/dcab619c614d3038751c63bc2aadc06d\"},\"description\":\"Big Brother Albania 2 - Ari shkon n\u00c3\u00ab dhom\u00c3\u00ab tek t\u00c3\u00ab tjer\u00c3\u00abt dhe komenton diskutimin nd\u00c3\u00abrmjet Adit dhe Sorit. Sipas tij ai ishte nj\u00c3\u00ab debat pa lidhje dhe q\u00c3\u00ab t\u00c3\u00ab tilla gj\u00c3\u00abra nuk mund t\u00c3\u00ab diskutoheshin.\",\"breadcrumb\":{\"@id\":\"https:\/\/www.visit-ulcinj.com\/blog\/2009\/04\/29\/ari-te-gjithe-jemi-per-leket\/#breadcrumb\"},\"inLanguage\":\"en-US\",\"potentialAction\":[{\"@type\":\"ReadAction\",\"target\":[\"https:\/\/www.visit-ulcinj.com\/blog\/2009\/04\/29\/ari-te-gjithe-jemi-per-leket\/\"]}]},{\"@type\":\"BreadcrumbList\",\"@id\":\"https:\/\/www.visit-ulcinj.com\/blog\/2009\/04\/29\/ari-te-gjithe-jemi-per-leket\/#breadcrumb\",\"itemListElement\":[{\"@type\":\"ListItem\",\"position\":1,\"name\":\"Ari: Te gjithe jemi per leket\"}]},{\"@type\":\"Person\",\"@id\":\"https:\/\/www.visit-ulcinj.com\/blog\/#\/schema\/person\/dcab619c614d3038751c63bc2aadc06d\",\"name\":\"ulqini\",\"sameAs\":[\"http:\/\/www.visit-ulcinj.com\"],\"url\":\"https:\/\/www.visit-ulcinj.com\/blog\/author\/admin\/\"}]}<\/script>\n<!-- \/ Yoast SEO plugin. -->","yoast_head_json":{"title":"Ari: Te gjithe jemi per leket | Big Brother Albania 2","description":"Big Brother Albania 2 - Ari shkon n\u00c3\u00ab dhom\u00c3\u00ab tek t\u00c3\u00ab tjer\u00c3\u00abt dhe komenton diskutimin nd\u00c3\u00abrmjet Adit dhe Sorit. Sipas tij ai ishte nj\u00c3\u00ab debat pa lidhje dhe q\u00c3\u00ab t\u00c3\u00ab tilla gj\u00c3\u00abra nuk mund t\u00c3\u00ab diskutoheshin.","robots":{"index":"index","follow":"follow","max-snippet":"max-snippet:-1","max-image-preview":"max-image-preview:large","max-video-preview":"max-video-preview:-1"},"canonical":"https:\/\/www.visit-ulcinj.com\/blog\/2009\/04\/29\/ari-te-gjithe-jemi-per-leket\/","og_locale":"en_US","og_type":"article","og_title":"Ari: Te gjithe jemi per leket | Big Brother Albania 2","og_description":"Big Brother Albania 2 - Ari shkon n\u00c3\u00ab dhom\u00c3\u00ab tek t\u00c3\u00ab tjer\u00c3\u00abt dhe komenton diskutimin nd\u00c3\u00abrmjet Adit dhe Sorit. Sipas tij ai ishte nj\u00c3\u00ab debat pa lidhje dhe q\u00c3\u00ab t\u00c3\u00ab tilla gj\u00c3\u00abra nuk mund t\u00c3\u00ab diskutoheshin.","og_url":"https:\/\/www.visit-ulcinj.com\/blog\/2009\/04\/29\/ari-te-gjithe-jemi-per-leket\/","og_site_name":"Lajme nga Ulqini","article_published_time":"2009-04-29T10:00:01+00:00","article_modified_time":"2009-04-28T21:59:41+00:00","og_image":[{"url":"http:\/\/www.visit-ulcinj.com\/blog\/wp-content\/uploads\/2009\/04\/ari-opinion-28.jpg"}],"twitter_misc":{"Written by":"ulqini","Est. reading time":"1 minute"},"schema":{"@context":"https:\/\/schema.org","@graph":[{"@type":"WebSite","@id":"https:\/\/www.visit-ulcinj.com\/blog\/#website","url":"https:\/\/www.visit-ulcinj.com\/blog\/","name":"Lajme nga Ulqini","description":"Lajme,Vijesti,Ulqini,Ulqin,Crna Gora,Mali i Zi","potentialAction":[{"@type":"SearchAction","target":{"@type":"EntryPoint","urlTemplate":"https:\/\/www.visit-ulcinj.com\/blog\/?s={search_term_string}"},"query-input":"required name=search_term_string"}],"inLanguage":"en-US"},{"@type":"ImageObject","inLanguage":"en-US","@id":"https:\/\/www.visit-ulcinj.com\/blog\/2009\/04\/29\/ari-te-gjithe-jemi-per-leket\/#primaryimage","url":"http:\/\/www.visit-ulcinj.com\/blog\/wp-content\/uploads\/2009\/04\/ari-opinion-28.jpg","contentUrl":"http:\/\/www.visit-ulcinj.com\/blog\/wp-content\/uploads\/2009\/04\/ari-opinion-28.jpg"},{"@type":"WebPage","@id":"https:\/\/www.visit-ulcinj.com\/blog\/2009\/04\/29\/ari-te-gjithe-jemi-per-leket\/#webpage","url":"https:\/\/www.visit-ulcinj.com\/blog\/2009\/04\/29\/ari-te-gjithe-jemi-per-leket\/","name":"Ari: Te gjithe jemi per leket | Big Brother Albania 2","isPartOf":{"@id":"https:\/\/www.visit-ulcinj.com\/blog\/#website"},"primaryImageOfPage":{"@id":"https:\/\/www.visit-ulcinj.com\/blog\/2009\/04\/29\/ari-te-gjithe-jemi-per-leket\/#primaryimage"},"datePublished":"2009-04-29T10:00:01+00:00","dateModified":"2009-04-28T21:59:41+00:00","author":{"@id":"https:\/\/www.visit-ulcinj.com\/blog\/#\/schema\/person\/dcab619c614d3038751c63bc2aadc06d"},"description":"Big Brother Albania 2 - Ari shkon n\u00c3\u00ab dhom\u00c3\u00ab tek t\u00c3\u00ab tjer\u00c3\u00abt dhe komenton diskutimin nd\u00c3\u00abrmjet Adit dhe Sorit. Sipas tij ai ishte nj\u00c3\u00ab debat pa lidhje dhe q\u00c3\u00ab t\u00c3\u00ab tilla gj\u00c3\u00abra nuk mund t\u00c3\u00ab diskutoheshin.","breadcrumb":{"@id":"https:\/\/www.visit-ulcinj.com\/blog\/2009\/04\/29\/ari-te-gjithe-jemi-per-leket\/#breadcrumb"},"inLanguage":"en-US","potentialAction":[{"@type":"ReadAction","target":["https:\/\/www.visit-ulcinj.com\/blog\/2009\/04\/29\/ari-te-gjithe-jemi-per-leket\/"]}]},{"@type":"BreadcrumbList","@id":"https:\/\/www.visit-ulcinj.com\/blog\/2009\/04\/29\/ari-te-gjithe-jemi-per-leket\/#breadcrumb","itemListElement":[{"@type":"ListItem","position":1,"name":"Ari: Te gjithe jemi per leket"}]},{"@type":"Person","@id":"https:\/\/www.visit-ulcinj.com\/blog\/#\/schema\/person\/dcab619c614d3038751c63bc2aadc06d","name":"ulqini","sameAs":["http:\/\/www.visit-ulcinj.com"],"url":"https:\/\/www.visit-ulcinj.com\/blog\/author\/admin\/"}]}},"jetpack_featured_media_url":"","jetpack_sharing_enabled":true,"jetpack_shortlink":"https:\/\/wp.me\/pe6lTn-554","_links":{"self":[{"href":"https:\/\/www.visit-ulcinj.com\/blog\/wp-json\/wp\/v2\/posts\/19534"}],"collection":[{"href":"https:\/\/www.visit-ulcinj.com\/blog\/wp-json\/wp\/v2\/posts"}],"about":[{"href":"https:\/\/www.visit-ulcinj.com\/blog\/wp-json\/wp\/v2\/types\/post"}],"author":[{"embeddable":true,"href":"https:\/\/www.visit-ulcinj.com\/blog\/wp-json\/wp\/v2\/users\/1"}],"replies":[{"embeddable":true,"href":"https:\/\/www.visit-ulcinj.com\/blog\/wp-json\/wp\/v2\/comments?post=19534"}],"version-history":[{"count":0,"href":"https:\/\/www.visit-ulcinj.com\/blog\/wp-json\/wp\/v2\/posts\/19534\/revisions"}],"wp:attachment":[{"href":"https:\/\/www.visit-ulcinj.com\/blog\/wp-json\/wp\/v2\/media?parent=19534"}],"wp:term":[{"taxonomy":"category","embeddable":true,"href":"https:\/\/www.visit-ulcinj.com\/blog\/wp-json\/wp\/v2\/categories?post=19534"},{"taxonomy":"post_tag","embeddable":true,"href":"https:\/\/www.visit-ulcinj.com\/blog\/wp-json\/wp\/v2\/tags?post=19534"}],"curies":[{"name":"wp","href":"https:\/\/api.w.org\/{rel}","templated":true}]}}