{"id":19537,"date":"2009-04-29T12:00:56","date_gmt":"2009-04-29T10:00:56","guid":{"rendered":"http:\/\/www.visit-ulcinj.com\/blog\/?p=19537"},"modified":"2009-04-29T00:05:01","modified_gmt":"2009-04-28T22:05:01","slug":"juna-dua-nje-karikature-prej-teje","status":"publish","type":"post","link":"https:\/\/www.visit-ulcinj.com\/blog\/2009\/04\/29\/juna-dua-nje-karikature-prej-teje\/","title":{"rendered":"Juna : Dua nj\u00eb karikatur\u00eb prej teje"},"content":{"rendered":"<p>\u00a0<\/p>\n<div id=\"content\"><em><span class=\"newsdate\"><a href=\"http:\/\/www.visit-ulcinj.com\/blog\/wp-content\/uploads\/2009\/04\/juna-vizatimi-28.jpg\"><img loading=\"lazy\" class=\"alignleft size-full wp-image-19538\" title=\"juna-vizatimi-28-big-brother-albania-2\" src=\"http:\/\/www.visit-ulcinj.com\/blog\/wp-content\/uploads\/2009\/04\/juna-vizatimi-28.jpg\" alt=\"juna-vizatimi-28-big-brother-albania-2\" width=\"300\" height=\"205\" \/><\/a>28\/04\/09 02:40<\/span><\/em>\u00a0Juna interesohet p\u00ebr pikturat dhe vizatimet e Adit. Ai tregon se kur ka q\u00ebn\u00eb i izoluar, filloi ta praktikonte k\u00ebt\u00eb gj\u00eb fillimisht duke kopjuar e m\u00eb pas kuptoi se kishte aft\u00ebsi n\u00eb k\u00ebt\u00eb gj\u00eb. Adi thot\u00eb se ka kopjuar konturet, nd\u00ebrsa drit\u00eb hijet i ka b\u00ebr\u00eb vet\u00eb, duke u perfeksionuar dita dit\u00ebs. Juna i k\u00ebrkon q\u00eb t\u2019i b\u00ebj\u00eb dhe asaj nj\u00eb karikatur\u00eb t\u00eb till\u00eb si p\u00ebr kujtim dhe Adi pranon q\u00eb t\u2019ia b\u00ebj\u00eb, por duke e v\u00ebn\u00eb n\u00eb dijeni se nuk \u00ebsht\u00eb shum\u00eb i aft\u00eb. Juna i thot\u00eb se e r\u00ebnd\u00ebsishme \u00ebsht\u00eb q\u00eb t\u2019ia b\u00ebj\u00eb ai. Anjeza e komplimenton p\u00ebr at\u00eb q\u00eb i ka b\u00ebr\u00eb Anit sepse i duket shum\u00eb e bukur.<\/div>\n","protected":false},"excerpt":{"rendered":"<p>\u00a0 28\/04\/09 02:40\u00a0Juna interesohet p\u00ebr pikturat dhe vizatimet e Adit. Ai tregon se kur ka q\u00ebn\u00eb i izoluar, filloi ta praktikonte k\u00ebt\u00eb gj\u00eb fillimisht duke kopjuar e m\u00eb pas kuptoi se kishte aft\u00ebsi n\u00eb k\u00ebt\u00eb gj\u00eb. Adi thot\u00eb se ka kopjuar konturet, nd\u00ebrsa drit\u00eb hijet i ka b\u00ebr\u00eb vet\u00eb, duke u perfeksionuar dita dit\u00ebs. Juna [&hellip;]<\/p>\n","protected":false},"author":1,"featured_media":0,"comment_status":"open","ping_status":"closed","sticky":false,"template":"","format":"standard","meta":{"spay_email":"","jetpack_publicize_message":"","jetpack_is_tweetstorm":false,"jetpack_publicize_feature_enabled":true},"categories":[6502],"tags":[8290,8289,9737,9738,9121,1442,9736,6693],"jetpack_publicize_connections":[],"yoast_head":"<!-- This site is optimized with the Yoast SEO plugin v19.1 - https:\/\/yoast.com\/wordpress\/plugins\/seo\/ -->\n<title>Juna : Dua nj\u00c3\u00ab karikatur\u00c3\u00ab prej teje | Big Brother Albania 2<\/title>\n<meta name=\"description\" content=\"Big Brother Albania 2 - Juna interesohet p\u00c3\u00abr pikturat dhe vizatimet e Adit. Ai tregon se kur ka q\u00c3\u00abn\u00c3\u00ab i izoluar, filloi ta praktikonte k\u00c3\u00abt\u00c3\u00ab gj\u00c3\u00ab fillimisht duke kopjuar e m\u00c3\u00ab pas kuptoi se kishte aft\u00c3\u00absi n\u00c3\u00ab k\u00c3\u00abt\u00c3\u00ab gj\u00c3\u00ab. Adi thot\u00c3\u00ab se ka kopjuar konturet\" \/>\n<meta name=\"robots\" content=\"index, follow, max-snippet:-1, max-image-preview:large, max-video-preview:-1\" \/>\n<link rel=\"canonical\" href=\"https:\/\/www.visit-ulcinj.com\/blog\/2009\/04\/29\/juna-dua-nje-karikature-prej-teje\/\" \/>\n<meta property=\"og:locale\" content=\"en_US\" \/>\n<meta property=\"og:type\" content=\"article\" \/>\n<meta property=\"og:title\" content=\"Juna : Dua nj\u00c3\u00ab karikatur\u00c3\u00ab prej teje | Big Brother Albania 2\" \/>\n<meta property=\"og:description\" content=\"Big Brother Albania 2 - Juna interesohet p\u00c3\u00abr pikturat dhe vizatimet e Adit. Ai tregon se kur ka q\u00c3\u00abn\u00c3\u00ab i izoluar, filloi ta praktikonte k\u00c3\u00abt\u00c3\u00ab gj\u00c3\u00ab fillimisht duke kopjuar e m\u00c3\u00ab pas kuptoi se kishte aft\u00c3\u00absi n\u00c3\u00ab k\u00c3\u00abt\u00c3\u00ab gj\u00c3\u00ab. Adi thot\u00c3\u00ab se ka kopjuar konturet\" \/>\n<meta property=\"og:url\" content=\"https:\/\/www.visit-ulcinj.com\/blog\/2009\/04\/29\/juna-dua-nje-karikature-prej-teje\/\" \/>\n<meta property=\"og:site_name\" content=\"Lajme nga Ulqini\" \/>\n<meta property=\"article:published_time\" content=\"2009-04-29T10:00:56+00:00\" \/>\n<meta property=\"article:modified_time\" content=\"2009-04-28T22:05:01+00:00\" \/>\n<meta property=\"og:image\" content=\"http:\/\/www.visit-ulcinj.com\/blog\/wp-content\/uploads\/2009\/04\/juna-vizatimi-28.jpg\" \/>\n<meta name=\"twitter:label1\" content=\"Written by\" \/>\n\t<meta name=\"twitter:data1\" content=\"ulqini\" \/>\n\t<meta name=\"twitter:label2\" content=\"Est. reading time\" \/>\n\t<meta name=\"twitter:data2\" content=\"1 minute\" \/>\n<script type=\"application\/ld+json\" class=\"yoast-schema-graph\">{\"@context\":\"https:\/\/schema.org\",\"@graph\":[{\"@type\":\"WebSite\",\"@id\":\"https:\/\/www.visit-ulcinj.com\/blog\/#website\",\"url\":\"https:\/\/www.visit-ulcinj.com\/blog\/\",\"name\":\"Lajme nga Ulqini\",\"description\":\"Lajme,Vijesti,Ulqini,Ulqin,Crna Gora,Mali i Zi\",\"potentialAction\":[{\"@type\":\"SearchAction\",\"target\":{\"@type\":\"EntryPoint\",\"urlTemplate\":\"https:\/\/www.visit-ulcinj.com\/blog\/?s={search_term_string}\"},\"query-input\":\"required name=search_term_string\"}],\"inLanguage\":\"en-US\"},{\"@type\":\"ImageObject\",\"inLanguage\":\"en-US\",\"@id\":\"https:\/\/www.visit-ulcinj.com\/blog\/2009\/04\/29\/juna-dua-nje-karikature-prej-teje\/#primaryimage\",\"url\":\"http:\/\/www.visit-ulcinj.com\/blog\/wp-content\/uploads\/2009\/04\/juna-vizatimi-28.jpg\",\"contentUrl\":\"http:\/\/www.visit-ulcinj.com\/blog\/wp-content\/uploads\/2009\/04\/juna-vizatimi-28.jpg\"},{\"@type\":\"WebPage\",\"@id\":\"https:\/\/www.visit-ulcinj.com\/blog\/2009\/04\/29\/juna-dua-nje-karikature-prej-teje\/#webpage\",\"url\":\"https:\/\/www.visit-ulcinj.com\/blog\/2009\/04\/29\/juna-dua-nje-karikature-prej-teje\/\",\"name\":\"Juna : Dua nj\u00c3\u00ab karikatur\u00c3\u00ab prej teje | Big Brother Albania 2\",\"isPartOf\":{\"@id\":\"https:\/\/www.visit-ulcinj.com\/blog\/#website\"},\"primaryImageOfPage\":{\"@id\":\"https:\/\/www.visit-ulcinj.com\/blog\/2009\/04\/29\/juna-dua-nje-karikature-prej-teje\/#primaryimage\"},\"datePublished\":\"2009-04-29T10:00:56+00:00\",\"dateModified\":\"2009-04-28T22:05:01+00:00\",\"author\":{\"@id\":\"https:\/\/www.visit-ulcinj.com\/blog\/#\/schema\/person\/dcab619c614d3038751c63bc2aadc06d\"},\"description\":\"Big Brother Albania 2 - Juna interesohet p\u00c3\u00abr pikturat dhe vizatimet e Adit. Ai tregon se kur ka q\u00c3\u00abn\u00c3\u00ab i izoluar, filloi ta praktikonte k\u00c3\u00abt\u00c3\u00ab gj\u00c3\u00ab fillimisht duke kopjuar e m\u00c3\u00ab pas kuptoi se kishte aft\u00c3\u00absi n\u00c3\u00ab k\u00c3\u00abt\u00c3\u00ab gj\u00c3\u00ab. Adi thot\u00c3\u00ab se ka kopjuar konturet\",\"breadcrumb\":{\"@id\":\"https:\/\/www.visit-ulcinj.com\/blog\/2009\/04\/29\/juna-dua-nje-karikature-prej-teje\/#breadcrumb\"},\"inLanguage\":\"en-US\",\"potentialAction\":[{\"@type\":\"ReadAction\",\"target\":[\"https:\/\/www.visit-ulcinj.com\/blog\/2009\/04\/29\/juna-dua-nje-karikature-prej-teje\/\"]}]},{\"@type\":\"BreadcrumbList\",\"@id\":\"https:\/\/www.visit-ulcinj.com\/blog\/2009\/04\/29\/juna-dua-nje-karikature-prej-teje\/#breadcrumb\",\"itemListElement\":[{\"@type\":\"ListItem\",\"position\":1,\"name\":\"Juna : Dua nj\u00eb karikatur\u00eb prej teje\"}]},{\"@type\":\"Person\",\"@id\":\"https:\/\/www.visit-ulcinj.com\/blog\/#\/schema\/person\/dcab619c614d3038751c63bc2aadc06d\",\"name\":\"ulqini\",\"sameAs\":[\"http:\/\/www.visit-ulcinj.com\"],\"url\":\"https:\/\/www.visit-ulcinj.com\/blog\/author\/admin\/\"}]}<\/script>\n<!-- \/ Yoast SEO plugin. -->","yoast_head_json":{"title":"Juna : Dua nj\u00c3\u00ab karikatur\u00c3\u00ab prej teje | Big Brother Albania 2","description":"Big Brother Albania 2 - Juna interesohet p\u00c3\u00abr pikturat dhe vizatimet e Adit. Ai tregon se kur ka q\u00c3\u00abn\u00c3\u00ab i izoluar, filloi ta praktikonte k\u00c3\u00abt\u00c3\u00ab gj\u00c3\u00ab fillimisht duke kopjuar e m\u00c3\u00ab pas kuptoi se kishte aft\u00c3\u00absi n\u00c3\u00ab k\u00c3\u00abt\u00c3\u00ab gj\u00c3\u00ab. Adi thot\u00c3\u00ab se ka kopjuar konturet","robots":{"index":"index","follow":"follow","max-snippet":"max-snippet:-1","max-image-preview":"max-image-preview:large","max-video-preview":"max-video-preview:-1"},"canonical":"https:\/\/www.visit-ulcinj.com\/blog\/2009\/04\/29\/juna-dua-nje-karikature-prej-teje\/","og_locale":"en_US","og_type":"article","og_title":"Juna : Dua nj\u00c3\u00ab karikatur\u00c3\u00ab prej teje | Big Brother Albania 2","og_description":"Big Brother Albania 2 - Juna interesohet p\u00c3\u00abr pikturat dhe vizatimet e Adit. Ai tregon se kur ka q\u00c3\u00abn\u00c3\u00ab i izoluar, filloi ta praktikonte k\u00c3\u00abt\u00c3\u00ab gj\u00c3\u00ab fillimisht duke kopjuar e m\u00c3\u00ab pas kuptoi se kishte aft\u00c3\u00absi n\u00c3\u00ab k\u00c3\u00abt\u00c3\u00ab gj\u00c3\u00ab. Adi thot\u00c3\u00ab se ka kopjuar konturet","og_url":"https:\/\/www.visit-ulcinj.com\/blog\/2009\/04\/29\/juna-dua-nje-karikature-prej-teje\/","og_site_name":"Lajme nga Ulqini","article_published_time":"2009-04-29T10:00:56+00:00","article_modified_time":"2009-04-28T22:05:01+00:00","og_image":[{"url":"http:\/\/www.visit-ulcinj.com\/blog\/wp-content\/uploads\/2009\/04\/juna-vizatimi-28.jpg"}],"twitter_misc":{"Written by":"ulqini","Est. reading time":"1 minute"},"schema":{"@context":"https:\/\/schema.org","@graph":[{"@type":"WebSite","@id":"https:\/\/www.visit-ulcinj.com\/blog\/#website","url":"https:\/\/www.visit-ulcinj.com\/blog\/","name":"Lajme nga Ulqini","description":"Lajme,Vijesti,Ulqini,Ulqin,Crna Gora,Mali i Zi","potentialAction":[{"@type":"SearchAction","target":{"@type":"EntryPoint","urlTemplate":"https:\/\/www.visit-ulcinj.com\/blog\/?s={search_term_string}"},"query-input":"required name=search_term_string"}],"inLanguage":"en-US"},{"@type":"ImageObject","inLanguage":"en-US","@id":"https:\/\/www.visit-ulcinj.com\/blog\/2009\/04\/29\/juna-dua-nje-karikature-prej-teje\/#primaryimage","url":"http:\/\/www.visit-ulcinj.com\/blog\/wp-content\/uploads\/2009\/04\/juna-vizatimi-28.jpg","contentUrl":"http:\/\/www.visit-ulcinj.com\/blog\/wp-content\/uploads\/2009\/04\/juna-vizatimi-28.jpg"},{"@type":"WebPage","@id":"https:\/\/www.visit-ulcinj.com\/blog\/2009\/04\/29\/juna-dua-nje-karikature-prej-teje\/#webpage","url":"https:\/\/www.visit-ulcinj.com\/blog\/2009\/04\/29\/juna-dua-nje-karikature-prej-teje\/","name":"Juna : Dua nj\u00c3\u00ab karikatur\u00c3\u00ab prej teje | Big Brother Albania 2","isPartOf":{"@id":"https:\/\/www.visit-ulcinj.com\/blog\/#website"},"primaryImageOfPage":{"@id":"https:\/\/www.visit-ulcinj.com\/blog\/2009\/04\/29\/juna-dua-nje-karikature-prej-teje\/#primaryimage"},"datePublished":"2009-04-29T10:00:56+00:00","dateModified":"2009-04-28T22:05:01+00:00","author":{"@id":"https:\/\/www.visit-ulcinj.com\/blog\/#\/schema\/person\/dcab619c614d3038751c63bc2aadc06d"},"description":"Big Brother Albania 2 - Juna interesohet p\u00c3\u00abr pikturat dhe vizatimet e Adit. Ai tregon se kur ka q\u00c3\u00abn\u00c3\u00ab i izoluar, filloi ta praktikonte k\u00c3\u00abt\u00c3\u00ab gj\u00c3\u00ab fillimisht duke kopjuar e m\u00c3\u00ab pas kuptoi se kishte aft\u00c3\u00absi n\u00c3\u00ab k\u00c3\u00abt\u00c3\u00ab gj\u00c3\u00ab. Adi thot\u00c3\u00ab se ka kopjuar konturet","breadcrumb":{"@id":"https:\/\/www.visit-ulcinj.com\/blog\/2009\/04\/29\/juna-dua-nje-karikature-prej-teje\/#breadcrumb"},"inLanguage":"en-US","potentialAction":[{"@type":"ReadAction","target":["https:\/\/www.visit-ulcinj.com\/blog\/2009\/04\/29\/juna-dua-nje-karikature-prej-teje\/"]}]},{"@type":"BreadcrumbList","@id":"https:\/\/www.visit-ulcinj.com\/blog\/2009\/04\/29\/juna-dua-nje-karikature-prej-teje\/#breadcrumb","itemListElement":[{"@type":"ListItem","position":1,"name":"Juna : Dua nj\u00eb karikatur\u00eb prej teje"}]},{"@type":"Person","@id":"https:\/\/www.visit-ulcinj.com\/blog\/#\/schema\/person\/dcab619c614d3038751c63bc2aadc06d","name":"ulqini","sameAs":["http:\/\/www.visit-ulcinj.com"],"url":"https:\/\/www.visit-ulcinj.com\/blog\/author\/admin\/"}]}},"jetpack_featured_media_url":"","jetpack_sharing_enabled":true,"jetpack_shortlink":"https:\/\/wp.me\/pe6lTn-557","_links":{"self":[{"href":"https:\/\/www.visit-ulcinj.com\/blog\/wp-json\/wp\/v2\/posts\/19537"}],"collection":[{"href":"https:\/\/www.visit-ulcinj.com\/blog\/wp-json\/wp\/v2\/posts"}],"about":[{"href":"https:\/\/www.visit-ulcinj.com\/blog\/wp-json\/wp\/v2\/types\/post"}],"author":[{"embeddable":true,"href":"https:\/\/www.visit-ulcinj.com\/blog\/wp-json\/wp\/v2\/users\/1"}],"replies":[{"embeddable":true,"href":"https:\/\/www.visit-ulcinj.com\/blog\/wp-json\/wp\/v2\/comments?post=19537"}],"version-history":[{"count":0,"href":"https:\/\/www.visit-ulcinj.com\/blog\/wp-json\/wp\/v2\/posts\/19537\/revisions"}],"wp:attachment":[{"href":"https:\/\/www.visit-ulcinj.com\/blog\/wp-json\/wp\/v2\/media?parent=19537"}],"wp:term":[{"taxonomy":"category","embeddable":true,"href":"https:\/\/www.visit-ulcinj.com\/blog\/wp-json\/wp\/v2\/categories?post=19537"},{"taxonomy":"post_tag","embeddable":true,"href":"https:\/\/www.visit-ulcinj.com\/blog\/wp-json\/wp\/v2\/tags?post=19537"}],"curies":[{"name":"wp","href":"https:\/\/api.w.org\/{rel}","templated":true}]}}