{"id":19542,"date":"2009-04-29T12:01:14","date_gmt":"2009-04-29T10:01:14","guid":{"rendered":"http:\/\/www.visit-ulcinj.com\/blog\/?p=19542"},"modified":"2009-04-29T00:07:55","modified_gmt":"2009-04-28T22:07:55","slug":"zgjimi-i-banoreve","status":"publish","type":"post","link":"https:\/\/www.visit-ulcinj.com\/blog\/2009\/04\/29\/zgjimi-i-banoreve\/","title":{"rendered":"Zgjimi i banor\u00ebve"},"content":{"rendered":"<p><em><span class=\"newsdate\"><a href=\"http:\/\/www.visit-ulcinj.com\/blog\/wp-content\/uploads\/2009\/04\/zgjimi-28.jpg\"><img loading=\"lazy\" class=\"alignleft size-full wp-image-19543\" title=\"zgjimi-28-big-brother-albania-2\" src=\"http:\/\/www.visit-ulcinj.com\/blog\/wp-content\/uploads\/2009\/04\/zgjimi-28.jpg\" alt=\"zgjimi-28-big-brother-albania-2\" width=\"300\" height=\"205\" \/><\/a>28\/04\/09 11:00<\/span><\/em><\/p>\n<p>N\u00eb m\u00ebngjes te par\u00ebt q\u00eb jan\u00eb ngritur ishin Sori dhe Adi. Sori sic \u00ebsht\u00eb b\u00ebr\u00eb e zakonshme tashm\u00eb, sapo \u00ebsht\u00eb ngritur, ka q\u00eblluar Adelen dhe t\u00eb tjer\u00ebt me jast\u00ebk, p\u00ebr ti zgjuar edhe ata. M\u00eb pas, \u201cluft\u00ebs me jast\u00ebk\u00eb\u201d i \u00ebsht\u00eb bashkuar edhe Bjordi me Adin. Adi merr furcwn e faqeve tw vajzave dhe gudulis Adelwn nw kwmbw. Adi ka dal\u00eb n\u00eb kop\u00ebsht p\u00ebr t\u00eb sh\u00ebtitur. Bjordi shkon n\u00eb krevatin e Adel\u00ebs dhe duke e p\u00ebrk\u00ebdhelur e zgjon nga gjumi. Disa minuta m\u00eb vone jan\u00eb ngritur edhe t\u00eb gjith\u00eb banor\u00ebt e tjer\u00eb.<\/p>\n","protected":false},"excerpt":{"rendered":"<p>28\/04\/09 11:00 N\u00eb m\u00ebngjes te par\u00ebt q\u00eb jan\u00eb ngritur ishin Sori dhe Adi. Sori sic \u00ebsht\u00eb b\u00ebr\u00eb e zakonshme tashm\u00eb, sapo \u00ebsht\u00eb ngritur, ka q\u00eblluar Adelen dhe t\u00eb tjer\u00ebt me jast\u00ebk, p\u00ebr ti zgjuar edhe ata. M\u00eb pas, \u201cluft\u00ebs me jast\u00ebk\u00eb\u201d i \u00ebsht\u00eb bashkuar edhe Bjordi me Adin. Adi merr furcwn e faqeve tw vajzave [&hellip;]<\/p>\n","protected":false},"author":1,"featured_media":0,"comment_status":"open","ping_status":"closed","sticky":false,"template":"","format":"standard","meta":{"spay_email":"","jetpack_publicize_message":"","jetpack_is_tweetstorm":false,"jetpack_publicize_feature_enabled":true},"categories":[6502],"tags":[6529,6520,6883,9121,6522,8276,6693,9739],"jetpack_publicize_connections":[],"yoast_head":"<!-- This site is optimized with the Yoast SEO plugin v19.1 - https:\/\/yoast.com\/wordpress\/plugins\/seo\/ -->\n<title>Zgjimi i banor\u00c3\u00abve | Big Brother Albania 2<\/title>\n<meta name=\"description\" content=\"Big Brother Albania 2 - N\u00c3\u00ab m\u00c3\u00abngjes te par\u00c3\u00abt q\u00c3\u00ab jan\u00c3\u00ab ngritur ishin Sori dhe Adi. Sori sic \u00c3\u00absht\u00c3\u00ab b\u00c3\u00abr\u00c3\u00ab e zakonshme tashm\u00c3\u00ab, sapo \u00c3\u00absht\u00c3\u00ab ngritur, ka q\u00c3\u00ablluar Adelen dhe t\u00c3\u00ab tjer\u00c3\u00abt me jast\u00c3\u00abk\" \/>\n<meta name=\"robots\" content=\"index, follow, max-snippet:-1, max-image-preview:large, max-video-preview:-1\" \/>\n<link rel=\"canonical\" href=\"https:\/\/www.visit-ulcinj.com\/blog\/2009\/04\/29\/zgjimi-i-banoreve\/\" \/>\n<meta property=\"og:locale\" content=\"en_US\" \/>\n<meta property=\"og:type\" content=\"article\" \/>\n<meta property=\"og:title\" content=\"Zgjimi i banor\u00c3\u00abve | Big Brother Albania 2\" \/>\n<meta property=\"og:description\" content=\"Big Brother Albania 2 - N\u00c3\u00ab m\u00c3\u00abngjes te par\u00c3\u00abt q\u00c3\u00ab jan\u00c3\u00ab ngritur ishin Sori dhe Adi. Sori sic \u00c3\u00absht\u00c3\u00ab b\u00c3\u00abr\u00c3\u00ab e zakonshme tashm\u00c3\u00ab, sapo \u00c3\u00absht\u00c3\u00ab ngritur, ka q\u00c3\u00ablluar Adelen dhe t\u00c3\u00ab tjer\u00c3\u00abt me jast\u00c3\u00abk\" \/>\n<meta property=\"og:url\" content=\"https:\/\/www.visit-ulcinj.com\/blog\/2009\/04\/29\/zgjimi-i-banoreve\/\" \/>\n<meta property=\"og:site_name\" content=\"Lajme nga Ulqini\" \/>\n<meta property=\"article:published_time\" content=\"2009-04-29T10:01:14+00:00\" \/>\n<meta property=\"article:modified_time\" content=\"2009-04-28T22:07:55+00:00\" \/>\n<meta property=\"og:image\" content=\"http:\/\/www.visit-ulcinj.com\/blog\/wp-content\/uploads\/2009\/04\/zgjimi-28.jpg\" \/>\n<meta name=\"twitter:label1\" content=\"Written by\" \/>\n\t<meta name=\"twitter:data1\" content=\"ulqini\" \/>\n\t<meta name=\"twitter:label2\" content=\"Est. reading time\" \/>\n\t<meta name=\"twitter:data2\" content=\"1 minute\" \/>\n<script type=\"application\/ld+json\" class=\"yoast-schema-graph\">{\"@context\":\"https:\/\/schema.org\",\"@graph\":[{\"@type\":\"WebSite\",\"@id\":\"https:\/\/www.visit-ulcinj.com\/blog\/#website\",\"url\":\"https:\/\/www.visit-ulcinj.com\/blog\/\",\"name\":\"Lajme nga Ulqini\",\"description\":\"Lajme,Vijesti,Ulqini,Ulqin,Crna Gora,Mali i Zi\",\"potentialAction\":[{\"@type\":\"SearchAction\",\"target\":{\"@type\":\"EntryPoint\",\"urlTemplate\":\"https:\/\/www.visit-ulcinj.com\/blog\/?s={search_term_string}\"},\"query-input\":\"required name=search_term_string\"}],\"inLanguage\":\"en-US\"},{\"@type\":\"ImageObject\",\"inLanguage\":\"en-US\",\"@id\":\"https:\/\/www.visit-ulcinj.com\/blog\/2009\/04\/29\/zgjimi-i-banoreve\/#primaryimage\",\"url\":\"http:\/\/www.visit-ulcinj.com\/blog\/wp-content\/uploads\/2009\/04\/zgjimi-28.jpg\",\"contentUrl\":\"http:\/\/www.visit-ulcinj.com\/blog\/wp-content\/uploads\/2009\/04\/zgjimi-28.jpg\"},{\"@type\":\"WebPage\",\"@id\":\"https:\/\/www.visit-ulcinj.com\/blog\/2009\/04\/29\/zgjimi-i-banoreve\/#webpage\",\"url\":\"https:\/\/www.visit-ulcinj.com\/blog\/2009\/04\/29\/zgjimi-i-banoreve\/\",\"name\":\"Zgjimi i banor\u00c3\u00abve | Big Brother Albania 2\",\"isPartOf\":{\"@id\":\"https:\/\/www.visit-ulcinj.com\/blog\/#website\"},\"primaryImageOfPage\":{\"@id\":\"https:\/\/www.visit-ulcinj.com\/blog\/2009\/04\/29\/zgjimi-i-banoreve\/#primaryimage\"},\"datePublished\":\"2009-04-29T10:01:14+00:00\",\"dateModified\":\"2009-04-28T22:07:55+00:00\",\"author\":{\"@id\":\"https:\/\/www.visit-ulcinj.com\/blog\/#\/schema\/person\/dcab619c614d3038751c63bc2aadc06d\"},\"description\":\"Big Brother Albania 2 - N\u00c3\u00ab m\u00c3\u00abngjes te par\u00c3\u00abt q\u00c3\u00ab jan\u00c3\u00ab ngritur ishin Sori dhe Adi. Sori sic \u00c3\u00absht\u00c3\u00ab b\u00c3\u00abr\u00c3\u00ab e zakonshme tashm\u00c3\u00ab, sapo \u00c3\u00absht\u00c3\u00ab ngritur, ka q\u00c3\u00ablluar Adelen dhe t\u00c3\u00ab tjer\u00c3\u00abt me jast\u00c3\u00abk\",\"breadcrumb\":{\"@id\":\"https:\/\/www.visit-ulcinj.com\/blog\/2009\/04\/29\/zgjimi-i-banoreve\/#breadcrumb\"},\"inLanguage\":\"en-US\",\"potentialAction\":[{\"@type\":\"ReadAction\",\"target\":[\"https:\/\/www.visit-ulcinj.com\/blog\/2009\/04\/29\/zgjimi-i-banoreve\/\"]}]},{\"@type\":\"BreadcrumbList\",\"@id\":\"https:\/\/www.visit-ulcinj.com\/blog\/2009\/04\/29\/zgjimi-i-banoreve\/#breadcrumb\",\"itemListElement\":[{\"@type\":\"ListItem\",\"position\":1,\"name\":\"Zgjimi i banor\u00ebve\"}]},{\"@type\":\"Person\",\"@id\":\"https:\/\/www.visit-ulcinj.com\/blog\/#\/schema\/person\/dcab619c614d3038751c63bc2aadc06d\",\"name\":\"ulqini\",\"sameAs\":[\"http:\/\/www.visit-ulcinj.com\"],\"url\":\"https:\/\/www.visit-ulcinj.com\/blog\/author\/admin\/\"}]}<\/script>\n<!-- \/ Yoast SEO plugin. -->","yoast_head_json":{"title":"Zgjimi i banor\u00c3\u00abve | Big Brother Albania 2","description":"Big Brother Albania 2 - N\u00c3\u00ab m\u00c3\u00abngjes te par\u00c3\u00abt q\u00c3\u00ab jan\u00c3\u00ab ngritur ishin Sori dhe Adi. Sori sic \u00c3\u00absht\u00c3\u00ab b\u00c3\u00abr\u00c3\u00ab e zakonshme tashm\u00c3\u00ab, sapo \u00c3\u00absht\u00c3\u00ab ngritur, ka q\u00c3\u00ablluar Adelen dhe t\u00c3\u00ab tjer\u00c3\u00abt me jast\u00c3\u00abk","robots":{"index":"index","follow":"follow","max-snippet":"max-snippet:-1","max-image-preview":"max-image-preview:large","max-video-preview":"max-video-preview:-1"},"canonical":"https:\/\/www.visit-ulcinj.com\/blog\/2009\/04\/29\/zgjimi-i-banoreve\/","og_locale":"en_US","og_type":"article","og_title":"Zgjimi i banor\u00c3\u00abve | Big Brother Albania 2","og_description":"Big Brother Albania 2 - N\u00c3\u00ab m\u00c3\u00abngjes te par\u00c3\u00abt q\u00c3\u00ab jan\u00c3\u00ab ngritur ishin Sori dhe Adi. Sori sic \u00c3\u00absht\u00c3\u00ab b\u00c3\u00abr\u00c3\u00ab e zakonshme tashm\u00c3\u00ab, sapo \u00c3\u00absht\u00c3\u00ab ngritur, ka q\u00c3\u00ablluar Adelen dhe t\u00c3\u00ab tjer\u00c3\u00abt me jast\u00c3\u00abk","og_url":"https:\/\/www.visit-ulcinj.com\/blog\/2009\/04\/29\/zgjimi-i-banoreve\/","og_site_name":"Lajme nga Ulqini","article_published_time":"2009-04-29T10:01:14+00:00","article_modified_time":"2009-04-28T22:07:55+00:00","og_image":[{"url":"http:\/\/www.visit-ulcinj.com\/blog\/wp-content\/uploads\/2009\/04\/zgjimi-28.jpg"}],"twitter_misc":{"Written by":"ulqini","Est. reading time":"1 minute"},"schema":{"@context":"https:\/\/schema.org","@graph":[{"@type":"WebSite","@id":"https:\/\/www.visit-ulcinj.com\/blog\/#website","url":"https:\/\/www.visit-ulcinj.com\/blog\/","name":"Lajme nga Ulqini","description":"Lajme,Vijesti,Ulqini,Ulqin,Crna Gora,Mali i Zi","potentialAction":[{"@type":"SearchAction","target":{"@type":"EntryPoint","urlTemplate":"https:\/\/www.visit-ulcinj.com\/blog\/?s={search_term_string}"},"query-input":"required name=search_term_string"}],"inLanguage":"en-US"},{"@type":"ImageObject","inLanguage":"en-US","@id":"https:\/\/www.visit-ulcinj.com\/blog\/2009\/04\/29\/zgjimi-i-banoreve\/#primaryimage","url":"http:\/\/www.visit-ulcinj.com\/blog\/wp-content\/uploads\/2009\/04\/zgjimi-28.jpg","contentUrl":"http:\/\/www.visit-ulcinj.com\/blog\/wp-content\/uploads\/2009\/04\/zgjimi-28.jpg"},{"@type":"WebPage","@id":"https:\/\/www.visit-ulcinj.com\/blog\/2009\/04\/29\/zgjimi-i-banoreve\/#webpage","url":"https:\/\/www.visit-ulcinj.com\/blog\/2009\/04\/29\/zgjimi-i-banoreve\/","name":"Zgjimi i banor\u00c3\u00abve | Big Brother Albania 2","isPartOf":{"@id":"https:\/\/www.visit-ulcinj.com\/blog\/#website"},"primaryImageOfPage":{"@id":"https:\/\/www.visit-ulcinj.com\/blog\/2009\/04\/29\/zgjimi-i-banoreve\/#primaryimage"},"datePublished":"2009-04-29T10:01:14+00:00","dateModified":"2009-04-28T22:07:55+00:00","author":{"@id":"https:\/\/www.visit-ulcinj.com\/blog\/#\/schema\/person\/dcab619c614d3038751c63bc2aadc06d"},"description":"Big Brother Albania 2 - N\u00c3\u00ab m\u00c3\u00abngjes te par\u00c3\u00abt q\u00c3\u00ab jan\u00c3\u00ab ngritur ishin Sori dhe Adi. Sori sic \u00c3\u00absht\u00c3\u00ab b\u00c3\u00abr\u00c3\u00ab e zakonshme tashm\u00c3\u00ab, sapo \u00c3\u00absht\u00c3\u00ab ngritur, ka q\u00c3\u00ablluar Adelen dhe t\u00c3\u00ab tjer\u00c3\u00abt me jast\u00c3\u00abk","breadcrumb":{"@id":"https:\/\/www.visit-ulcinj.com\/blog\/2009\/04\/29\/zgjimi-i-banoreve\/#breadcrumb"},"inLanguage":"en-US","potentialAction":[{"@type":"ReadAction","target":["https:\/\/www.visit-ulcinj.com\/blog\/2009\/04\/29\/zgjimi-i-banoreve\/"]}]},{"@type":"BreadcrumbList","@id":"https:\/\/www.visit-ulcinj.com\/blog\/2009\/04\/29\/zgjimi-i-banoreve\/#breadcrumb","itemListElement":[{"@type":"ListItem","position":1,"name":"Zgjimi i banor\u00ebve"}]},{"@type":"Person","@id":"https:\/\/www.visit-ulcinj.com\/blog\/#\/schema\/person\/dcab619c614d3038751c63bc2aadc06d","name":"ulqini","sameAs":["http:\/\/www.visit-ulcinj.com"],"url":"https:\/\/www.visit-ulcinj.com\/blog\/author\/admin\/"}]}},"jetpack_featured_media_url":"","jetpack_sharing_enabled":true,"jetpack_shortlink":"https:\/\/wp.me\/pe6lTn-55c","_links":{"self":[{"href":"https:\/\/www.visit-ulcinj.com\/blog\/wp-json\/wp\/v2\/posts\/19542"}],"collection":[{"href":"https:\/\/www.visit-ulcinj.com\/blog\/wp-json\/wp\/v2\/posts"}],"about":[{"href":"https:\/\/www.visit-ulcinj.com\/blog\/wp-json\/wp\/v2\/types\/post"}],"author":[{"embeddable":true,"href":"https:\/\/www.visit-ulcinj.com\/blog\/wp-json\/wp\/v2\/users\/1"}],"replies":[{"embeddable":true,"href":"https:\/\/www.visit-ulcinj.com\/blog\/wp-json\/wp\/v2\/comments?post=19542"}],"version-history":[{"count":0,"href":"https:\/\/www.visit-ulcinj.com\/blog\/wp-json\/wp\/v2\/posts\/19542\/revisions"}],"wp:attachment":[{"href":"https:\/\/www.visit-ulcinj.com\/blog\/wp-json\/wp\/v2\/media?parent=19542"}],"wp:term":[{"taxonomy":"category","embeddable":true,"href":"https:\/\/www.visit-ulcinj.com\/blog\/wp-json\/wp\/v2\/categories?post=19542"},{"taxonomy":"post_tag","embeddable":true,"href":"https:\/\/www.visit-ulcinj.com\/blog\/wp-json\/wp\/v2\/tags?post=19542"}],"curies":[{"name":"wp","href":"https:\/\/api.w.org\/{rel}","templated":true}]}}