{"id":19547,"date":"2009-04-29T12:00:39","date_gmt":"2009-04-29T10:00:39","guid":{"rendered":"http:\/\/www.visit-ulcinj.com\/blog\/?p=19547"},"modified":"2009-04-29T00:11:07","modified_gmt":"2009-04-28T22:11:07","slug":"veshja-e-sorit","status":"publish","type":"post","link":"https:\/\/www.visit-ulcinj.com\/blog\/2009\/04\/29\/veshja-e-sorit\/","title":{"rendered":"Veshja e Sorit"},"content":{"rendered":"<p><em><span class=\"newsdate\"><a href=\"http:\/\/www.visit-ulcinj.com\/blog\/wp-content\/uploads\/2009\/04\/veshja-e-sorit-28.jpg\"><img loading=\"lazy\" class=\"alignleft size-full wp-image-19548\" title=\"veshja-e-sorit-28-big-brother-albania-2\" src=\"http:\/\/www.visit-ulcinj.com\/blog\/wp-content\/uploads\/2009\/04\/veshja-e-sorit-28.jpg\" alt=\"veshja-e-sorit-28-big-brother-albania-2\" width=\"300\" height=\"205\" \/><\/a>28\/04\/09 12:28<\/span><\/em><\/p>\n<p>Sori, Adela dhe Bjordi jan\u00eb ulur n\u00eb kop\u00ebsht dhe diskutojn\u00eb p\u00ebr motin. Aty vjen Ari dhe sapo ulet Sori e pyet pse mban pantallona te gjera. Kaq duhet q\u00eb t\u00eb marr\u00eb spunto nj\u00eb debat humoristik p\u00ebr pantallonat e Sorit. Sipas Arit pantallonat e Sorit jane karagjoze dhe burri nuk duhet te rrij\u00eb me pantallona aq t\u00eb ngushta sepse \u00ebsht\u00eb qesharake. Qetsori i kthehet se ai vjen edhe nga Franca dhe nuk e kupton se ku e ka bot\u00ebkuptimin. Ari ja kthen \u201ckush t\u00eb ka th\u00ebn\u00eb ty q\u00eb n\u00eb Franc\u00eb burrat veshin strece?\u201d Adela dhe Bjordi hidhen n\u00eb mbrojtje t\u00eb Sorit dhe thon\u00eb se me pantallonat q\u00eb ka veshur Sori duket cun trendy. Sori pranon se gjat\u00eb gjith\u00eb jet\u00ebs s\u00eb tij \u00ebsht\u00eb veshur serioz dhe tani i p\u00eblqen t\u00eb vishet edhe keshtu sportiv.<\/p>\n","protected":false},"excerpt":{"rendered":"<p>28\/04\/09 12:28 Sori, Adela dhe Bjordi jan\u00eb ulur n\u00eb kop\u00ebsht dhe diskutojn\u00eb p\u00ebr motin. Aty vjen Ari dhe sapo ulet Sori e pyet pse mban pantallona te gjera. Kaq duhet q\u00eb t\u00eb marr\u00eb spunto nj\u00eb debat humoristik p\u00ebr pantallonat e Sorit. Sipas Arit pantallonat e Sorit jane karagjoze dhe burri nuk duhet te rrij\u00eb me [&hellip;]<\/p>\n","protected":false},"author":1,"featured_media":0,"comment_status":"open","ping_status":"closed","sticky":false,"template":"","format":"standard","meta":{"spay_email":"","jetpack_publicize_message":"","jetpack_is_tweetstorm":false,"jetpack_publicize_feature_enabled":true},"categories":[6502],"tags":[9740,8784,8934,6883,9121,6522,8276,6693],"jetpack_publicize_connections":[],"yoast_head":"<!-- This site is optimized with the Yoast SEO plugin v19.1 - https:\/\/yoast.com\/wordpress\/plugins\/seo\/ -->\n<title>Veshja e Sorit | Big Brother Albania 2<\/title>\n<meta name=\"description\" content=\"Big Brother Albania 2 - Sori, Adela dhe Bjordi jan\u00c3\u00ab ulur n\u00c3\u00ab kop\u00c3\u00absht dhe diskutojn\u00c3\u00ab p\u00c3\u00abr motin. Aty vjen Ari dhe sapo ulet Sori e pyet pse mban pantallona te gjera.\" \/>\n<meta name=\"robots\" content=\"index, follow, max-snippet:-1, max-image-preview:large, max-video-preview:-1\" \/>\n<link rel=\"canonical\" href=\"https:\/\/www.visit-ulcinj.com\/blog\/2009\/04\/29\/veshja-e-sorit\/\" \/>\n<meta property=\"og:locale\" content=\"en_US\" \/>\n<meta property=\"og:type\" content=\"article\" \/>\n<meta property=\"og:title\" content=\"Veshja e Sorit | Big Brother Albania 2\" \/>\n<meta property=\"og:description\" content=\"Big Brother Albania 2 - Sori, Adela dhe Bjordi jan\u00c3\u00ab ulur n\u00c3\u00ab kop\u00c3\u00absht dhe diskutojn\u00c3\u00ab p\u00c3\u00abr motin. Aty vjen Ari dhe sapo ulet Sori e pyet pse mban pantallona te gjera.\" \/>\n<meta property=\"og:url\" content=\"https:\/\/www.visit-ulcinj.com\/blog\/2009\/04\/29\/veshja-e-sorit\/\" \/>\n<meta property=\"og:site_name\" content=\"Lajme nga Ulqini\" \/>\n<meta property=\"article:published_time\" content=\"2009-04-29T10:00:39+00:00\" \/>\n<meta property=\"article:modified_time\" content=\"2009-04-28T22:11:07+00:00\" \/>\n<meta property=\"og:image\" content=\"http:\/\/www.visit-ulcinj.com\/blog\/wp-content\/uploads\/2009\/04\/veshja-e-sorit-28.jpg\" \/>\n<meta name=\"twitter:label1\" content=\"Written by\" \/>\n\t<meta name=\"twitter:data1\" content=\"ulqini\" \/>\n\t<meta name=\"twitter:label2\" content=\"Est. reading time\" \/>\n\t<meta name=\"twitter:data2\" content=\"1 minute\" \/>\n<script type=\"application\/ld+json\" class=\"yoast-schema-graph\">{\"@context\":\"https:\/\/schema.org\",\"@graph\":[{\"@type\":\"WebSite\",\"@id\":\"https:\/\/www.visit-ulcinj.com\/blog\/#website\",\"url\":\"https:\/\/www.visit-ulcinj.com\/blog\/\",\"name\":\"Lajme nga Ulqini\",\"description\":\"Lajme,Vijesti,Ulqini,Ulqin,Crna Gora,Mali i Zi\",\"potentialAction\":[{\"@type\":\"SearchAction\",\"target\":{\"@type\":\"EntryPoint\",\"urlTemplate\":\"https:\/\/www.visit-ulcinj.com\/blog\/?s={search_term_string}\"},\"query-input\":\"required name=search_term_string\"}],\"inLanguage\":\"en-US\"},{\"@type\":\"ImageObject\",\"inLanguage\":\"en-US\",\"@id\":\"https:\/\/www.visit-ulcinj.com\/blog\/2009\/04\/29\/veshja-e-sorit\/#primaryimage\",\"url\":\"http:\/\/www.visit-ulcinj.com\/blog\/wp-content\/uploads\/2009\/04\/veshja-e-sorit-28.jpg\",\"contentUrl\":\"http:\/\/www.visit-ulcinj.com\/blog\/wp-content\/uploads\/2009\/04\/veshja-e-sorit-28.jpg\"},{\"@type\":\"WebPage\",\"@id\":\"https:\/\/www.visit-ulcinj.com\/blog\/2009\/04\/29\/veshja-e-sorit\/#webpage\",\"url\":\"https:\/\/www.visit-ulcinj.com\/blog\/2009\/04\/29\/veshja-e-sorit\/\",\"name\":\"Veshja e Sorit | Big Brother Albania 2\",\"isPartOf\":{\"@id\":\"https:\/\/www.visit-ulcinj.com\/blog\/#website\"},\"primaryImageOfPage\":{\"@id\":\"https:\/\/www.visit-ulcinj.com\/blog\/2009\/04\/29\/veshja-e-sorit\/#primaryimage\"},\"datePublished\":\"2009-04-29T10:00:39+00:00\",\"dateModified\":\"2009-04-28T22:11:07+00:00\",\"author\":{\"@id\":\"https:\/\/www.visit-ulcinj.com\/blog\/#\/schema\/person\/dcab619c614d3038751c63bc2aadc06d\"},\"description\":\"Big Brother Albania 2 - Sori, Adela dhe Bjordi jan\u00c3\u00ab ulur n\u00c3\u00ab kop\u00c3\u00absht dhe diskutojn\u00c3\u00ab p\u00c3\u00abr motin. Aty vjen Ari dhe sapo ulet Sori e pyet pse mban pantallona te gjera.\",\"breadcrumb\":{\"@id\":\"https:\/\/www.visit-ulcinj.com\/blog\/2009\/04\/29\/veshja-e-sorit\/#breadcrumb\"},\"inLanguage\":\"en-US\",\"potentialAction\":[{\"@type\":\"ReadAction\",\"target\":[\"https:\/\/www.visit-ulcinj.com\/blog\/2009\/04\/29\/veshja-e-sorit\/\"]}]},{\"@type\":\"BreadcrumbList\",\"@id\":\"https:\/\/www.visit-ulcinj.com\/blog\/2009\/04\/29\/veshja-e-sorit\/#breadcrumb\",\"itemListElement\":[{\"@type\":\"ListItem\",\"position\":1,\"name\":\"Veshja e Sorit\"}]},{\"@type\":\"Person\",\"@id\":\"https:\/\/www.visit-ulcinj.com\/blog\/#\/schema\/person\/dcab619c614d3038751c63bc2aadc06d\",\"name\":\"ulqini\",\"sameAs\":[\"http:\/\/www.visit-ulcinj.com\"],\"url\":\"https:\/\/www.visit-ulcinj.com\/blog\/author\/admin\/\"}]}<\/script>\n<!-- \/ Yoast SEO plugin. -->","yoast_head_json":{"title":"Veshja e Sorit | Big Brother Albania 2","description":"Big Brother Albania 2 - Sori, Adela dhe Bjordi jan\u00c3\u00ab ulur n\u00c3\u00ab kop\u00c3\u00absht dhe diskutojn\u00c3\u00ab p\u00c3\u00abr motin. Aty vjen Ari dhe sapo ulet Sori e pyet pse mban pantallona te gjera.","robots":{"index":"index","follow":"follow","max-snippet":"max-snippet:-1","max-image-preview":"max-image-preview:large","max-video-preview":"max-video-preview:-1"},"canonical":"https:\/\/www.visit-ulcinj.com\/blog\/2009\/04\/29\/veshja-e-sorit\/","og_locale":"en_US","og_type":"article","og_title":"Veshja e Sorit | Big Brother Albania 2","og_description":"Big Brother Albania 2 - Sori, Adela dhe Bjordi jan\u00c3\u00ab ulur n\u00c3\u00ab kop\u00c3\u00absht dhe diskutojn\u00c3\u00ab p\u00c3\u00abr motin. Aty vjen Ari dhe sapo ulet Sori e pyet pse mban pantallona te gjera.","og_url":"https:\/\/www.visit-ulcinj.com\/blog\/2009\/04\/29\/veshja-e-sorit\/","og_site_name":"Lajme nga Ulqini","article_published_time":"2009-04-29T10:00:39+00:00","article_modified_time":"2009-04-28T22:11:07+00:00","og_image":[{"url":"http:\/\/www.visit-ulcinj.com\/blog\/wp-content\/uploads\/2009\/04\/veshja-e-sorit-28.jpg"}],"twitter_misc":{"Written by":"ulqini","Est. reading time":"1 minute"},"schema":{"@context":"https:\/\/schema.org","@graph":[{"@type":"WebSite","@id":"https:\/\/www.visit-ulcinj.com\/blog\/#website","url":"https:\/\/www.visit-ulcinj.com\/blog\/","name":"Lajme nga Ulqini","description":"Lajme,Vijesti,Ulqini,Ulqin,Crna Gora,Mali i Zi","potentialAction":[{"@type":"SearchAction","target":{"@type":"EntryPoint","urlTemplate":"https:\/\/www.visit-ulcinj.com\/blog\/?s={search_term_string}"},"query-input":"required name=search_term_string"}],"inLanguage":"en-US"},{"@type":"ImageObject","inLanguage":"en-US","@id":"https:\/\/www.visit-ulcinj.com\/blog\/2009\/04\/29\/veshja-e-sorit\/#primaryimage","url":"http:\/\/www.visit-ulcinj.com\/blog\/wp-content\/uploads\/2009\/04\/veshja-e-sorit-28.jpg","contentUrl":"http:\/\/www.visit-ulcinj.com\/blog\/wp-content\/uploads\/2009\/04\/veshja-e-sorit-28.jpg"},{"@type":"WebPage","@id":"https:\/\/www.visit-ulcinj.com\/blog\/2009\/04\/29\/veshja-e-sorit\/#webpage","url":"https:\/\/www.visit-ulcinj.com\/blog\/2009\/04\/29\/veshja-e-sorit\/","name":"Veshja e Sorit | Big Brother Albania 2","isPartOf":{"@id":"https:\/\/www.visit-ulcinj.com\/blog\/#website"},"primaryImageOfPage":{"@id":"https:\/\/www.visit-ulcinj.com\/blog\/2009\/04\/29\/veshja-e-sorit\/#primaryimage"},"datePublished":"2009-04-29T10:00:39+00:00","dateModified":"2009-04-28T22:11:07+00:00","author":{"@id":"https:\/\/www.visit-ulcinj.com\/blog\/#\/schema\/person\/dcab619c614d3038751c63bc2aadc06d"},"description":"Big Brother Albania 2 - Sori, Adela dhe Bjordi jan\u00c3\u00ab ulur n\u00c3\u00ab kop\u00c3\u00absht dhe diskutojn\u00c3\u00ab p\u00c3\u00abr motin. Aty vjen Ari dhe sapo ulet Sori e pyet pse mban pantallona te gjera.","breadcrumb":{"@id":"https:\/\/www.visit-ulcinj.com\/blog\/2009\/04\/29\/veshja-e-sorit\/#breadcrumb"},"inLanguage":"en-US","potentialAction":[{"@type":"ReadAction","target":["https:\/\/www.visit-ulcinj.com\/blog\/2009\/04\/29\/veshja-e-sorit\/"]}]},{"@type":"BreadcrumbList","@id":"https:\/\/www.visit-ulcinj.com\/blog\/2009\/04\/29\/veshja-e-sorit\/#breadcrumb","itemListElement":[{"@type":"ListItem","position":1,"name":"Veshja e Sorit"}]},{"@type":"Person","@id":"https:\/\/www.visit-ulcinj.com\/blog\/#\/schema\/person\/dcab619c614d3038751c63bc2aadc06d","name":"ulqini","sameAs":["http:\/\/www.visit-ulcinj.com"],"url":"https:\/\/www.visit-ulcinj.com\/blog\/author\/admin\/"}]}},"jetpack_featured_media_url":"","jetpack_sharing_enabled":true,"jetpack_shortlink":"https:\/\/wp.me\/pe6lTn-55h","_links":{"self":[{"href":"https:\/\/www.visit-ulcinj.com\/blog\/wp-json\/wp\/v2\/posts\/19547"}],"collection":[{"href":"https:\/\/www.visit-ulcinj.com\/blog\/wp-json\/wp\/v2\/posts"}],"about":[{"href":"https:\/\/www.visit-ulcinj.com\/blog\/wp-json\/wp\/v2\/types\/post"}],"author":[{"embeddable":true,"href":"https:\/\/www.visit-ulcinj.com\/blog\/wp-json\/wp\/v2\/users\/1"}],"replies":[{"embeddable":true,"href":"https:\/\/www.visit-ulcinj.com\/blog\/wp-json\/wp\/v2\/comments?post=19547"}],"version-history":[{"count":0,"href":"https:\/\/www.visit-ulcinj.com\/blog\/wp-json\/wp\/v2\/posts\/19547\/revisions"}],"wp:attachment":[{"href":"https:\/\/www.visit-ulcinj.com\/blog\/wp-json\/wp\/v2\/media?parent=19547"}],"wp:term":[{"taxonomy":"category","embeddable":true,"href":"https:\/\/www.visit-ulcinj.com\/blog\/wp-json\/wp\/v2\/categories?post=19547"},{"taxonomy":"post_tag","embeddable":true,"href":"https:\/\/www.visit-ulcinj.com\/blog\/wp-json\/wp\/v2\/tags?post=19547"}],"curies":[{"name":"wp","href":"https:\/\/api.w.org\/{rel}","templated":true}]}}