{"id":1955,"date":"2008-06-09T13:00:04","date_gmt":"2008-06-09T18:00:04","guid":{"rendered":"http:\/\/www.visit-ulcinj.com\/blog\/?p=1955"},"modified":"2008-06-09T13:00:57","modified_gmt":"2008-06-09T18:00:57","slug":"reagon-opozita-ne-kuvendin-e-komunes-se-ulqinit-dhe-jep-sqarime-per-mospjesemarrjen-ne-seancen-e-fundit","status":"publish","type":"post","link":"https:\/\/www.visit-ulcinj.com\/blog\/2008\/06\/09\/reagon-opozita-ne-kuvendin-e-komunes-se-ulqinit-dhe-jep-sqarime-per-mospjesemarrjen-ne-seancen-e-fundit\/","title":{"rendered":"Reagon opozita n\u00eb Kuvendin e Komun\u00ebs s\u00eb Ulqinit dhe jep sqarime p\u00ebr mospjes\u00ebmarrjen n\u00eb seanc\u00ebn e fundit"},"content":{"rendered":"<p><a href=\"http:\/\/www.visit-ulcinj.com\/blog\/wp-content\/uploads\/2008\/05\/skupstina-ulcinj.jpg\"><img loading=\"lazy\" class=\"alignleft attachment wp-att-1771\" style=\"float: left;\" src=\"http:\/\/www.visit-ulcinj.com\/blog\/wp-content\/uploads\/2008\/05\/skupstina-ulcinj.thumbnail.jpg\" alt=\"skupstina ulcinj\" width=\"241\" height=\"147\" \/><\/a><strong>Kuvendi ka punuar pa kuorum<\/strong><br \/>\nMe rastin e pun\u00ebs pa kuorum t\u00eb koalicionit n\u00eb pushtet n\u00eb Kuvendin e Komun\u00eb s\u00eb Ulqinit, e gjith\u00eb opozita n\u00eb Kuvendin Komunal s\u00eb bashku jep sqarime mbi arsyet e mosprezenc\u00ebs n\u00eb pun\u00ebn e sot\u00ebm t\u00eb Kuvendit:<br \/>\nEdhe pas 11 muajve q\u00eb \u00ebsht\u00eb formuar shumica n\u00eb Komun\u00ebn e Ulqinit, opozita edhe m\u00eb tej nuk \u00ebsht\u00eb e p\u00ebrfaq\u00ebsuar as n\u00eb k\u00ebshillat e Kuvendit dhe n\u00eb ato t\u00eb nd\u00ebrmarrjeve publike.<br \/>\nShumica ekzistuese \u00ebsht\u00eb n\u00eb kriz\u00eb dhe p\u00ebr shkak t\u00eb obligimeve t\u00eb shumta t\u00eb marra nga ana e disa k\u00ebshilltareve t\u00eb shumic\u00ebs, t\u00eb cil\u00ebt i kan\u00eb siguruar vetes vendet e drejtor\u00ebve gj\u00eb q\u00eb ua v\u00ebshtir\u00ebson mund\u00ebsin\u00eb p\u00ebr p\u00ebrcjelljen e pun\u00ebs s\u00eb kuvendit.<a href=\"http:\/\/www.visit-ulcinj.com\/blog\/wp-content\/uploads\/2008\/05\/skupstina-ulcinj_kuvendi-i-ulqinit.jpg\"><img loading=\"lazy\" class=\"alignright attachment wp-att-1773\" style=\"float: right;\" src=\"http:\/\/www.visit-ulcinj.com\/blog\/wp-content\/uploads\/2008\/05\/skupstina-ulcinj_kuvendi-i-ulqinit.thumbnail.jpg\" alt=\"skupstina ulcinj_kuvendi i ulqinit\" width=\"200\" height=\"140\" \/><\/a><br \/>\nOpozita e gjykon pun\u00ebn e paligjshme t\u00eb Kuvendit t\u00eb Komun\u00ebs s\u00eb Ulqinit me mosrespektimin e rregullores, menj\u00ebher\u00eb nj\u00eb dit\u00eb pas miratimit, i cili n\u00eb nenet 84 dhe 85 parashikon pun\u00ebn n\u00eb kuorum.<br \/>\nInsistojm\u00eb q\u00eb shumica t\u00eb b\u00ebhet m\u00eb serioze dhe pjes\u00ebmarrjen e opozit\u00ebs n\u00eb k\u00ebshillat e Kuvendit dhe t\u00eb nd\u00ebrmarrjeve publike t\u00eb aplikohen krahas fuqis\u00eb s\u00eb opozit\u00ebs. Ky\u00e7ja e p\u00ebrfaq\u00ebsuesve t\u00eb opozit\u00ebs \u00ebsht\u00eb e domosdoshme p\u00ebr funksionalitetin e pun\u00ebs s\u00eb Kuvendit dhe t\u00eb drejt\u00ebn e k\u00ebshilltar\u00ebve q\u00eb t\u00eb marrin pjes\u00eb n\u00eb pun\u00ebn e k\u00ebshillave t\u00eb Kuvendit dhe t\u00eb nd\u00ebrmarrjeve publike. \u00c7mojm\u00eb q\u00eb n\u00eb k\u00ebt\u00eb m\u00ebnyr\u00eb, Kuvendi do t\u00eb funksionoj\u00eb m\u00eb kualitativisht.<br \/>\nOpozita do t\u00eb k\u00ebrkoj\u00eb besimin e kryetarit te Kuvendit t\u00eb Komun\u00ebs s\u00eb Ulqinit p\u00ebr shkak t\u00eb shkeljes s\u00eb rregullores dhe do t\u00eb marr\u00eb iniciativ\u00eb p\u00ebr keqp\u00ebrdorimin e detyr\u00ebs.<br \/>\nI t\u00ebrheqim v\u00ebmendjen publikut p\u00ebr pakorrekt\u00ebsis\u00eb dhe pap\u00ebrgjegjshm\u00ebrin\u00eb e shumic\u00ebs aktuale gj\u00eb q\u00eb do t\u00eb reflektohet n\u00eb situat\u00ebn n\u00eb t\u00ebr\u00ebsi n\u00eb Komun\u00ebn e Ulqinit e posa\u00e7\u00ebrisht n\u00eb sezonin turistik e cila \u00ebsht\u00eb n\u00eb prag.<br \/>\nP\u00ebrgjith\u00ebshist me k\u00ebto marr\u00ebdh\u00ebnie n\u00eb Komun\u00ebn e Ulqinit, ku p\u00ebr shkak t\u00eb mospranis\u00eb s\u00eb k\u00ebshilltar\u00ebve nga ana e shumic\u00ebs, parlamenti q\u00eb dy muaj nuk mban mbledhje t\u00eb rregullta, dalja nga kjo situat\u00eb, mund t\u00eb jen\u00eb vet\u00ebm zgjedhjet e reja, thuhet n\u00eb deklarat\u00ebn e p\u00ebrbashk\u00ebt p\u00ebr shtyp t\u00eb Forc\u00ebs s\u00eb Re Demokratike, Lidhjes Demokratike n\u00eb Mal t\u00eb Zi, Bashkimit Demokratik t\u00eb Shqiptar\u00ebve, Partis\u00eb Socialiste Popullore dhe List\u00ebs Serbe.<br \/>\n<strong>(Kohapress)<\/strong><\/p>\n","protected":false},"excerpt":{"rendered":"<p><img loading=\"lazy\" class=\"attachment wp-att-1771 alignleft\" src=\"http:\/\/www.visit-ulcinj.com\/blog\/wp-content\/uploads\/2008\/05\/skupstina-ulcinj.thumbnail.jpg\" alt=\"skupstina ulcinj\" width=\"140\" height=\"140\" \/><\/p>\n","protected":false},"author":1,"featured_media":0,"comment_status":"open","ping_status":"closed","sticky":false,"template":"","format":"standard","meta":{"spay_email":"","jetpack_publicize_message":"","jetpack_is_tweetstorm":false,"jetpack_publicize_feature_enabled":true},"categories":[6,12],"tags":[3864,3863,3862,3701,3866,3865],"jetpack_publicize_connections":[],"yoast_head":"<!-- This site is optimized with the Yoast SEO plugin v19.1 - https:\/\/yoast.com\/wordpress\/plugins\/seo\/ -->\n<title>Reagon opozita n\u00eb Kuvendin e Komun\u00ebs s\u00eb Ulqinit dhe jep sqarime p\u00ebr mospjes\u00ebmarrjen n\u00eb seanc\u00ebn e fundit - Lajme nga Ulqini<\/title>\n<meta name=\"robots\" content=\"index, follow, max-snippet:-1, max-image-preview:large, max-video-preview:-1\" \/>\n<link rel=\"canonical\" href=\"https:\/\/www.visit-ulcinj.com\/blog\/2008\/06\/09\/reagon-opozita-ne-kuvendin-e-komunes-se-ulqinit-dhe-jep-sqarime-per-mospjesemarrjen-ne-seancen-e-fundit\/\" \/>\n<meta property=\"og:locale\" content=\"en_US\" \/>\n<meta property=\"og:type\" content=\"article\" \/>\n<meta property=\"og:title\" content=\"Reagon opozita n\u00eb Kuvendin e Komun\u00ebs s\u00eb Ulqinit dhe jep sqarime p\u00ebr mospjes\u00ebmarrjen n\u00eb seanc\u00ebn e fundit - Lajme nga Ulqini\" \/>\n<meta property=\"og:url\" content=\"https:\/\/www.visit-ulcinj.com\/blog\/2008\/06\/09\/reagon-opozita-ne-kuvendin-e-komunes-se-ulqinit-dhe-jep-sqarime-per-mospjesemarrjen-ne-seancen-e-fundit\/\" \/>\n<meta property=\"og:site_name\" content=\"Lajme nga Ulqini\" \/>\n<meta property=\"article:published_time\" content=\"2008-06-09T18:00:04+00:00\" \/>\n<meta property=\"article:modified_time\" content=\"2008-06-09T18:00:57+00:00\" \/>\n<meta property=\"og:image\" content=\"http:\/\/www.visit-ulcinj.com\/blog\/wp-content\/uploads\/2008\/05\/skupstina-ulcinj.thumbnail.jpg\" \/>\n<meta name=\"twitter:label1\" content=\"Written by\" \/>\n\t<meta name=\"twitter:data1\" content=\"ulqini\" \/>\n\t<meta name=\"twitter:label2\" content=\"Est. reading time\" \/>\n\t<meta name=\"twitter:data2\" content=\"2 minutes\" \/>\n<script type=\"application\/ld+json\" class=\"yoast-schema-graph\">{\"@context\":\"https:\/\/schema.org\",\"@graph\":[{\"@type\":\"WebSite\",\"@id\":\"https:\/\/www.visit-ulcinj.com\/blog\/#website\",\"url\":\"https:\/\/www.visit-ulcinj.com\/blog\/\",\"name\":\"Lajme nga Ulqini\",\"description\":\"Lajme,Vijesti,Ulqini,Ulqin,Crna Gora,Mali i Zi\",\"potentialAction\":[{\"@type\":\"SearchAction\",\"target\":{\"@type\":\"EntryPoint\",\"urlTemplate\":\"https:\/\/www.visit-ulcinj.com\/blog\/?s={search_term_string}\"},\"query-input\":\"required name=search_term_string\"}],\"inLanguage\":\"en-US\"},{\"@type\":\"ImageObject\",\"inLanguage\":\"en-US\",\"@id\":\"https:\/\/www.visit-ulcinj.com\/blog\/2008\/06\/09\/reagon-opozita-ne-kuvendin-e-komunes-se-ulqinit-dhe-jep-sqarime-per-mospjesemarrjen-ne-seancen-e-fundit\/#primaryimage\",\"url\":\"http:\/\/www.visit-ulcinj.com\/blog\/wp-content\/uploads\/2008\/05\/skupstina-ulcinj.thumbnail.jpg\",\"contentUrl\":\"http:\/\/www.visit-ulcinj.com\/blog\/wp-content\/uploads\/2008\/05\/skupstina-ulcinj.thumbnail.jpg\"},{\"@type\":\"WebPage\",\"@id\":\"https:\/\/www.visit-ulcinj.com\/blog\/2008\/06\/09\/reagon-opozita-ne-kuvendin-e-komunes-se-ulqinit-dhe-jep-sqarime-per-mospjesemarrjen-ne-seancen-e-fundit\/#webpage\",\"url\":\"https:\/\/www.visit-ulcinj.com\/blog\/2008\/06\/09\/reagon-opozita-ne-kuvendin-e-komunes-se-ulqinit-dhe-jep-sqarime-per-mospjesemarrjen-ne-seancen-e-fundit\/\",\"name\":\"Reagon opozita n\u00eb Kuvendin e Komun\u00ebs s\u00eb Ulqinit dhe jep sqarime p\u00ebr mospjes\u00ebmarrjen n\u00eb seanc\u00ebn e fundit - Lajme nga Ulqini\",\"isPartOf\":{\"@id\":\"https:\/\/www.visit-ulcinj.com\/blog\/#website\"},\"primaryImageOfPage\":{\"@id\":\"https:\/\/www.visit-ulcinj.com\/blog\/2008\/06\/09\/reagon-opozita-ne-kuvendin-e-komunes-se-ulqinit-dhe-jep-sqarime-per-mospjesemarrjen-ne-seancen-e-fundit\/#primaryimage\"},\"datePublished\":\"2008-06-09T18:00:04+00:00\",\"dateModified\":\"2008-06-09T18:00:57+00:00\",\"author\":{\"@id\":\"https:\/\/www.visit-ulcinj.com\/blog\/#\/schema\/person\/dcab619c614d3038751c63bc2aadc06d\"},\"breadcrumb\":{\"@id\":\"https:\/\/www.visit-ulcinj.com\/blog\/2008\/06\/09\/reagon-opozita-ne-kuvendin-e-komunes-se-ulqinit-dhe-jep-sqarime-per-mospjesemarrjen-ne-seancen-e-fundit\/#breadcrumb\"},\"inLanguage\":\"en-US\",\"potentialAction\":[{\"@type\":\"ReadAction\",\"target\":[\"https:\/\/www.visit-ulcinj.com\/blog\/2008\/06\/09\/reagon-opozita-ne-kuvendin-e-komunes-se-ulqinit-dhe-jep-sqarime-per-mospjesemarrjen-ne-seancen-e-fundit\/\"]}]},{\"@type\":\"BreadcrumbList\",\"@id\":\"https:\/\/www.visit-ulcinj.com\/blog\/2008\/06\/09\/reagon-opozita-ne-kuvendin-e-komunes-se-ulqinit-dhe-jep-sqarime-per-mospjesemarrjen-ne-seancen-e-fundit\/#breadcrumb\",\"itemListElement\":[{\"@type\":\"ListItem\",\"position\":1,\"name\":\"Reagon opozita n\u00eb Kuvendin e Komun\u00ebs s\u00eb Ulqinit dhe jep sqarime p\u00ebr mospjes\u00ebmarrjen n\u00eb seanc\u00ebn e fundit\"}]},{\"@type\":\"Person\",\"@id\":\"https:\/\/www.visit-ulcinj.com\/blog\/#\/schema\/person\/dcab619c614d3038751c63bc2aadc06d\",\"name\":\"ulqini\",\"sameAs\":[\"http:\/\/www.visit-ulcinj.com\"],\"url\":\"https:\/\/www.visit-ulcinj.com\/blog\/author\/admin\/\"}]}<\/script>\n<!-- \/ Yoast SEO plugin. -->","yoast_head_json":{"title":"Reagon opozita n\u00eb Kuvendin e Komun\u00ebs s\u00eb Ulqinit dhe jep sqarime p\u00ebr mospjes\u00ebmarrjen n\u00eb seanc\u00ebn e fundit - Lajme nga Ulqini","robots":{"index":"index","follow":"follow","max-snippet":"max-snippet:-1","max-image-preview":"max-image-preview:large","max-video-preview":"max-video-preview:-1"},"canonical":"https:\/\/www.visit-ulcinj.com\/blog\/2008\/06\/09\/reagon-opozita-ne-kuvendin-e-komunes-se-ulqinit-dhe-jep-sqarime-per-mospjesemarrjen-ne-seancen-e-fundit\/","og_locale":"en_US","og_type":"article","og_title":"Reagon opozita n\u00eb Kuvendin e Komun\u00ebs s\u00eb Ulqinit dhe jep sqarime p\u00ebr mospjes\u00ebmarrjen n\u00eb seanc\u00ebn e fundit - Lajme nga Ulqini","og_url":"https:\/\/www.visit-ulcinj.com\/blog\/2008\/06\/09\/reagon-opozita-ne-kuvendin-e-komunes-se-ulqinit-dhe-jep-sqarime-per-mospjesemarrjen-ne-seancen-e-fundit\/","og_site_name":"Lajme nga Ulqini","article_published_time":"2008-06-09T18:00:04+00:00","article_modified_time":"2008-06-09T18:00:57+00:00","og_image":[{"url":"http:\/\/www.visit-ulcinj.com\/blog\/wp-content\/uploads\/2008\/05\/skupstina-ulcinj.thumbnail.jpg"}],"twitter_misc":{"Written by":"ulqini","Est. reading time":"2 minutes"},"schema":{"@context":"https:\/\/schema.org","@graph":[{"@type":"WebSite","@id":"https:\/\/www.visit-ulcinj.com\/blog\/#website","url":"https:\/\/www.visit-ulcinj.com\/blog\/","name":"Lajme nga Ulqini","description":"Lajme,Vijesti,Ulqini,Ulqin,Crna Gora,Mali i Zi","potentialAction":[{"@type":"SearchAction","target":{"@type":"EntryPoint","urlTemplate":"https:\/\/www.visit-ulcinj.com\/blog\/?s={search_term_string}"},"query-input":"required name=search_term_string"}],"inLanguage":"en-US"},{"@type":"ImageObject","inLanguage":"en-US","@id":"https:\/\/www.visit-ulcinj.com\/blog\/2008\/06\/09\/reagon-opozita-ne-kuvendin-e-komunes-se-ulqinit-dhe-jep-sqarime-per-mospjesemarrjen-ne-seancen-e-fundit\/#primaryimage","url":"http:\/\/www.visit-ulcinj.com\/blog\/wp-content\/uploads\/2008\/05\/skupstina-ulcinj.thumbnail.jpg","contentUrl":"http:\/\/www.visit-ulcinj.com\/blog\/wp-content\/uploads\/2008\/05\/skupstina-ulcinj.thumbnail.jpg"},{"@type":"WebPage","@id":"https:\/\/www.visit-ulcinj.com\/blog\/2008\/06\/09\/reagon-opozita-ne-kuvendin-e-komunes-se-ulqinit-dhe-jep-sqarime-per-mospjesemarrjen-ne-seancen-e-fundit\/#webpage","url":"https:\/\/www.visit-ulcinj.com\/blog\/2008\/06\/09\/reagon-opozita-ne-kuvendin-e-komunes-se-ulqinit-dhe-jep-sqarime-per-mospjesemarrjen-ne-seancen-e-fundit\/","name":"Reagon opozita n\u00eb Kuvendin e Komun\u00ebs s\u00eb Ulqinit dhe jep sqarime p\u00ebr mospjes\u00ebmarrjen n\u00eb seanc\u00ebn e fundit - Lajme nga Ulqini","isPartOf":{"@id":"https:\/\/www.visit-ulcinj.com\/blog\/#website"},"primaryImageOfPage":{"@id":"https:\/\/www.visit-ulcinj.com\/blog\/2008\/06\/09\/reagon-opozita-ne-kuvendin-e-komunes-se-ulqinit-dhe-jep-sqarime-per-mospjesemarrjen-ne-seancen-e-fundit\/#primaryimage"},"datePublished":"2008-06-09T18:00:04+00:00","dateModified":"2008-06-09T18:00:57+00:00","author":{"@id":"https:\/\/www.visit-ulcinj.com\/blog\/#\/schema\/person\/dcab619c614d3038751c63bc2aadc06d"},"breadcrumb":{"@id":"https:\/\/www.visit-ulcinj.com\/blog\/2008\/06\/09\/reagon-opozita-ne-kuvendin-e-komunes-se-ulqinit-dhe-jep-sqarime-per-mospjesemarrjen-ne-seancen-e-fundit\/#breadcrumb"},"inLanguage":"en-US","potentialAction":[{"@type":"ReadAction","target":["https:\/\/www.visit-ulcinj.com\/blog\/2008\/06\/09\/reagon-opozita-ne-kuvendin-e-komunes-se-ulqinit-dhe-jep-sqarime-per-mospjesemarrjen-ne-seancen-e-fundit\/"]}]},{"@type":"BreadcrumbList","@id":"https:\/\/www.visit-ulcinj.com\/blog\/2008\/06\/09\/reagon-opozita-ne-kuvendin-e-komunes-se-ulqinit-dhe-jep-sqarime-per-mospjesemarrjen-ne-seancen-e-fundit\/#breadcrumb","itemListElement":[{"@type":"ListItem","position":1,"name":"Reagon opozita n\u00eb Kuvendin e Komun\u00ebs s\u00eb Ulqinit dhe jep sqarime p\u00ebr mospjes\u00ebmarrjen n\u00eb seanc\u00ebn e fundit"}]},{"@type":"Person","@id":"https:\/\/www.visit-ulcinj.com\/blog\/#\/schema\/person\/dcab619c614d3038751c63bc2aadc06d","name":"ulqini","sameAs":["http:\/\/www.visit-ulcinj.com"],"url":"https:\/\/www.visit-ulcinj.com\/blog\/author\/admin\/"}]}},"jetpack_featured_media_url":"","jetpack_sharing_enabled":true,"jetpack_shortlink":"https:\/\/wp.me\/pe6lTn-vx","_links":{"self":[{"href":"https:\/\/www.visit-ulcinj.com\/blog\/wp-json\/wp\/v2\/posts\/1955"}],"collection":[{"href":"https:\/\/www.visit-ulcinj.com\/blog\/wp-json\/wp\/v2\/posts"}],"about":[{"href":"https:\/\/www.visit-ulcinj.com\/blog\/wp-json\/wp\/v2\/types\/post"}],"author":[{"embeddable":true,"href":"https:\/\/www.visit-ulcinj.com\/blog\/wp-json\/wp\/v2\/users\/1"}],"replies":[{"embeddable":true,"href":"https:\/\/www.visit-ulcinj.com\/blog\/wp-json\/wp\/v2\/comments?post=1955"}],"version-history":[{"count":0,"href":"https:\/\/www.visit-ulcinj.com\/blog\/wp-json\/wp\/v2\/posts\/1955\/revisions"}],"wp:attachment":[{"href":"https:\/\/www.visit-ulcinj.com\/blog\/wp-json\/wp\/v2\/media?parent=1955"}],"wp:term":[{"taxonomy":"category","embeddable":true,"href":"https:\/\/www.visit-ulcinj.com\/blog\/wp-json\/wp\/v2\/categories?post=1955"},{"taxonomy":"post_tag","embeddable":true,"href":"https:\/\/www.visit-ulcinj.com\/blog\/wp-json\/wp\/v2\/tags?post=1955"}],"curies":[{"name":"wp","href":"https:\/\/api.w.org\/{rel}","templated":true}]}}