{"id":19561,"date":"2009-04-29T14:17:35","date_gmt":"2009-04-29T12:17:35","guid":{"rendered":"http:\/\/www.visit-ulcinj.com\/blog\/?p=19561"},"modified":"2009-04-29T00:19:08","modified_gmt":"2009-04-28T22:19:08","slug":"diskutim-per-shakane-me-aiden","status":"publish","type":"post","link":"https:\/\/www.visit-ulcinj.com\/blog\/2009\/04\/29\/diskutim-per-shakane-me-aiden\/","title":{"rendered":"Diskutim p\u00ebr shakan\u00eb me Aid\u00ebn"},"content":{"rendered":"<p><em><span class=\"newsdate\"><a href=\"http:\/\/www.visit-ulcinj.com\/blog\/wp-content\/uploads\/2009\/04\/per-shakane-me-aida-28.jpg\"><img loading=\"lazy\" class=\"alignleft size-full wp-image-19560\" title=\"per-shakane-me-aida-28-big-brother-albania-2\" src=\"http:\/\/www.visit-ulcinj.com\/blog\/wp-content\/uploads\/2009\/04\/per-shakane-me-aida-28.jpg\" alt=\"per-shakane-me-aida-28-big-brother-albania-2\" width=\"300\" height=\"205\" \/><\/a>28\/04\/09 15:22<\/span><\/em><\/p>\n<p>Anjeza, Sori, Adi dhe Adela bisedojn\u00eb p\u00ebr shakan\u00eb me jast\u00ebk\u00eb, q\u00eb ju b\u00eb Aid\u00ebs, kur ishin duke trajtuar tem\u00ebn e saj \u201cShoq\u00ebria\u201d. Anjeza thot\u00eb se i p\u00eblqeu reagimi i Aid\u00ebs. Sori i spjegon se edhe ai fillimisht ashtu kishte menduar, por me pas kishte th\u00ebn\u00eb se shoq\u00ebria n\u00eb ato momente ishin ata dhe Aida s\u2019kishte pse t\u00eb reagonte ashtu. Biseda vazhdon me tone t\u00eb larta kur Anjeza thot\u00eb se ajo e ka kuptuar sikur ata donin ta anashkalonin Aid\u00ebn por t\u00eb tjer\u00ebt nuk e pranojn\u00eb k\u00ebt\u00eb dhe thon\u00eb se ishte thjesht shaka dhe se t\u00eb gjith\u00eb i kishin k\u00ebrkuar falje n\u00eb fund. Diskutimi m\u00eb pas vazhdon kur t\u00eb gjith\u00eb banor\u00ebt tregojn\u00eb eksperiencat e tyre kur i q\u00ebllonin me jast\u00ebk dhe Sori tregon se gjuajtja me jast\u00ebk \u00ebsht\u00eb nj\u00eb m\u00ebnyr\u00eb p\u00ebr t\u00eb hequr stresin.<\/p>\n","protected":false},"excerpt":{"rendered":"<p>28\/04\/09 15:22 Anjeza, Sori, Adi dhe Adela bisedojn\u00eb p\u00ebr shakan\u00eb me jast\u00ebk\u00eb, q\u00eb ju b\u00eb Aid\u00ebs, kur ishin duke trajtuar tem\u00ebn e saj \u201cShoq\u00ebria\u201d. Anjeza thot\u00eb se i p\u00eblqeu reagimi i Aid\u00ebs. Sori i spjegon se edhe ai fillimisht ashtu kishte menduar, por me pas kishte th\u00ebn\u00eb se shoq\u00ebria n\u00eb ato momente ishin ata dhe [&hellip;]<\/p>\n","protected":false},"author":1,"featured_media":0,"comment_status":"open","ping_status":"closed","sticky":false,"template":"","format":"standard","meta":{"spay_email":"","jetpack_publicize_message":"","jetpack_is_tweetstorm":false,"jetpack_publicize_feature_enabled":true},"categories":[6502],"tags":[6529,1414,6537,8289,6520,9121,8717,9745,7193,6693],"jetpack_publicize_connections":[],"yoast_head":"<!-- This site is optimized with the Yoast SEO plugin v19.1 - https:\/\/yoast.com\/wordpress\/plugins\/seo\/ -->\n<title>Diskutim p\u00c3\u00abr shakan\u00c3\u00ab me Aid\u00c3\u00abn | Big Brother Albania 2<\/title>\n<meta name=\"description\" content=\"Big Brother Albania 2 - Anjeza, Sori, Adi dhe Adela bisedojn\u00c3\u00ab p\u00c3\u00abr shakan\u00c3\u00ab me jast\u00c3\u00abk\u00c3\u00ab, q\u00c3\u00ab ju b\u00c3\u00ab Aid\u00c3\u00abs, kur ishin duke trajtuar tem\u00c3\u00abn e saj \u00e2\u20ac\u0153Shoq\u00c3\u00abria\u00e2\u20ac\u009d.\" \/>\n<meta name=\"robots\" content=\"index, follow, max-snippet:-1, max-image-preview:large, max-video-preview:-1\" \/>\n<link rel=\"canonical\" href=\"https:\/\/www.visit-ulcinj.com\/blog\/2009\/04\/29\/diskutim-per-shakane-me-aiden\/\" \/>\n<meta property=\"og:locale\" content=\"en_US\" \/>\n<meta property=\"og:type\" content=\"article\" \/>\n<meta property=\"og:title\" content=\"Diskutim p\u00c3\u00abr shakan\u00c3\u00ab me Aid\u00c3\u00abn | Big Brother Albania 2\" \/>\n<meta property=\"og:description\" content=\"Big Brother Albania 2 - Anjeza, Sori, Adi dhe Adela bisedojn\u00c3\u00ab p\u00c3\u00abr shakan\u00c3\u00ab me jast\u00c3\u00abk\u00c3\u00ab, q\u00c3\u00ab ju b\u00c3\u00ab Aid\u00c3\u00abs, kur ishin duke trajtuar tem\u00c3\u00abn e saj \u00e2\u20ac\u0153Shoq\u00c3\u00abria\u00e2\u20ac\u009d.\" \/>\n<meta property=\"og:url\" content=\"https:\/\/www.visit-ulcinj.com\/blog\/2009\/04\/29\/diskutim-per-shakane-me-aiden\/\" \/>\n<meta property=\"og:site_name\" content=\"Lajme nga Ulqini\" \/>\n<meta property=\"article:published_time\" content=\"2009-04-29T12:17:35+00:00\" \/>\n<meta property=\"article:modified_time\" content=\"2009-04-28T22:19:08+00:00\" \/>\n<meta property=\"og:image\" content=\"http:\/\/www.visit-ulcinj.com\/blog\/wp-content\/uploads\/2009\/04\/per-shakane-me-aida-28.jpg\" \/>\n<meta name=\"twitter:label1\" content=\"Written by\" \/>\n\t<meta name=\"twitter:data1\" content=\"ulqini\" \/>\n\t<meta name=\"twitter:label2\" content=\"Est. reading time\" \/>\n\t<meta name=\"twitter:data2\" content=\"1 minute\" \/>\n<script type=\"application\/ld+json\" class=\"yoast-schema-graph\">{\"@context\":\"https:\/\/schema.org\",\"@graph\":[{\"@type\":\"WebSite\",\"@id\":\"https:\/\/www.visit-ulcinj.com\/blog\/#website\",\"url\":\"https:\/\/www.visit-ulcinj.com\/blog\/\",\"name\":\"Lajme nga Ulqini\",\"description\":\"Lajme,Vijesti,Ulqini,Ulqin,Crna Gora,Mali i Zi\",\"potentialAction\":[{\"@type\":\"SearchAction\",\"target\":{\"@type\":\"EntryPoint\",\"urlTemplate\":\"https:\/\/www.visit-ulcinj.com\/blog\/?s={search_term_string}\"},\"query-input\":\"required name=search_term_string\"}],\"inLanguage\":\"en-US\"},{\"@type\":\"ImageObject\",\"inLanguage\":\"en-US\",\"@id\":\"https:\/\/www.visit-ulcinj.com\/blog\/2009\/04\/29\/diskutim-per-shakane-me-aiden\/#primaryimage\",\"url\":\"http:\/\/www.visit-ulcinj.com\/blog\/wp-content\/uploads\/2009\/04\/per-shakane-me-aida-28.jpg\",\"contentUrl\":\"http:\/\/www.visit-ulcinj.com\/blog\/wp-content\/uploads\/2009\/04\/per-shakane-me-aida-28.jpg\"},{\"@type\":\"WebPage\",\"@id\":\"https:\/\/www.visit-ulcinj.com\/blog\/2009\/04\/29\/diskutim-per-shakane-me-aiden\/#webpage\",\"url\":\"https:\/\/www.visit-ulcinj.com\/blog\/2009\/04\/29\/diskutim-per-shakane-me-aiden\/\",\"name\":\"Diskutim p\u00c3\u00abr shakan\u00c3\u00ab me Aid\u00c3\u00abn | Big Brother Albania 2\",\"isPartOf\":{\"@id\":\"https:\/\/www.visit-ulcinj.com\/blog\/#website\"},\"primaryImageOfPage\":{\"@id\":\"https:\/\/www.visit-ulcinj.com\/blog\/2009\/04\/29\/diskutim-per-shakane-me-aiden\/#primaryimage\"},\"datePublished\":\"2009-04-29T12:17:35+00:00\",\"dateModified\":\"2009-04-28T22:19:08+00:00\",\"author\":{\"@id\":\"https:\/\/www.visit-ulcinj.com\/blog\/#\/schema\/person\/dcab619c614d3038751c63bc2aadc06d\"},\"description\":\"Big Brother Albania 2 - Anjeza, Sori, Adi dhe Adela bisedojn\u00c3\u00ab p\u00c3\u00abr shakan\u00c3\u00ab me jast\u00c3\u00abk\u00c3\u00ab, q\u00c3\u00ab ju b\u00c3\u00ab Aid\u00c3\u00abs, kur ishin duke trajtuar tem\u00c3\u00abn e saj \u00e2\u20ac\u0153Shoq\u00c3\u00abria\u00e2\u20ac\u009d.\",\"breadcrumb\":{\"@id\":\"https:\/\/www.visit-ulcinj.com\/blog\/2009\/04\/29\/diskutim-per-shakane-me-aiden\/#breadcrumb\"},\"inLanguage\":\"en-US\",\"potentialAction\":[{\"@type\":\"ReadAction\",\"target\":[\"https:\/\/www.visit-ulcinj.com\/blog\/2009\/04\/29\/diskutim-per-shakane-me-aiden\/\"]}]},{\"@type\":\"BreadcrumbList\",\"@id\":\"https:\/\/www.visit-ulcinj.com\/blog\/2009\/04\/29\/diskutim-per-shakane-me-aiden\/#breadcrumb\",\"itemListElement\":[{\"@type\":\"ListItem\",\"position\":1,\"name\":\"Diskutim p\u00ebr shakan\u00eb me Aid\u00ebn\"}]},{\"@type\":\"Person\",\"@id\":\"https:\/\/www.visit-ulcinj.com\/blog\/#\/schema\/person\/dcab619c614d3038751c63bc2aadc06d\",\"name\":\"ulqini\",\"sameAs\":[\"http:\/\/www.visit-ulcinj.com\"],\"url\":\"https:\/\/www.visit-ulcinj.com\/blog\/author\/admin\/\"}]}<\/script>\n<!-- \/ Yoast SEO plugin. -->","yoast_head_json":{"title":"Diskutim p\u00c3\u00abr shakan\u00c3\u00ab me Aid\u00c3\u00abn | Big Brother Albania 2","description":"Big Brother Albania 2 - Anjeza, Sori, Adi dhe Adela bisedojn\u00c3\u00ab p\u00c3\u00abr shakan\u00c3\u00ab me jast\u00c3\u00abk\u00c3\u00ab, q\u00c3\u00ab ju b\u00c3\u00ab Aid\u00c3\u00abs, kur ishin duke trajtuar tem\u00c3\u00abn e saj \u00e2\u20ac\u0153Shoq\u00c3\u00abria\u00e2\u20ac\u009d.","robots":{"index":"index","follow":"follow","max-snippet":"max-snippet:-1","max-image-preview":"max-image-preview:large","max-video-preview":"max-video-preview:-1"},"canonical":"https:\/\/www.visit-ulcinj.com\/blog\/2009\/04\/29\/diskutim-per-shakane-me-aiden\/","og_locale":"en_US","og_type":"article","og_title":"Diskutim p\u00c3\u00abr shakan\u00c3\u00ab me Aid\u00c3\u00abn | Big Brother Albania 2","og_description":"Big Brother Albania 2 - Anjeza, Sori, Adi dhe Adela bisedojn\u00c3\u00ab p\u00c3\u00abr shakan\u00c3\u00ab me jast\u00c3\u00abk\u00c3\u00ab, q\u00c3\u00ab ju b\u00c3\u00ab Aid\u00c3\u00abs, kur ishin duke trajtuar tem\u00c3\u00abn e saj \u00e2\u20ac\u0153Shoq\u00c3\u00abria\u00e2\u20ac\u009d.","og_url":"https:\/\/www.visit-ulcinj.com\/blog\/2009\/04\/29\/diskutim-per-shakane-me-aiden\/","og_site_name":"Lajme nga Ulqini","article_published_time":"2009-04-29T12:17:35+00:00","article_modified_time":"2009-04-28T22:19:08+00:00","og_image":[{"url":"http:\/\/www.visit-ulcinj.com\/blog\/wp-content\/uploads\/2009\/04\/per-shakane-me-aida-28.jpg"}],"twitter_misc":{"Written by":"ulqini","Est. reading time":"1 minute"},"schema":{"@context":"https:\/\/schema.org","@graph":[{"@type":"WebSite","@id":"https:\/\/www.visit-ulcinj.com\/blog\/#website","url":"https:\/\/www.visit-ulcinj.com\/blog\/","name":"Lajme nga Ulqini","description":"Lajme,Vijesti,Ulqini,Ulqin,Crna Gora,Mali i Zi","potentialAction":[{"@type":"SearchAction","target":{"@type":"EntryPoint","urlTemplate":"https:\/\/www.visit-ulcinj.com\/blog\/?s={search_term_string}"},"query-input":"required name=search_term_string"}],"inLanguage":"en-US"},{"@type":"ImageObject","inLanguage":"en-US","@id":"https:\/\/www.visit-ulcinj.com\/blog\/2009\/04\/29\/diskutim-per-shakane-me-aiden\/#primaryimage","url":"http:\/\/www.visit-ulcinj.com\/blog\/wp-content\/uploads\/2009\/04\/per-shakane-me-aida-28.jpg","contentUrl":"http:\/\/www.visit-ulcinj.com\/blog\/wp-content\/uploads\/2009\/04\/per-shakane-me-aida-28.jpg"},{"@type":"WebPage","@id":"https:\/\/www.visit-ulcinj.com\/blog\/2009\/04\/29\/diskutim-per-shakane-me-aiden\/#webpage","url":"https:\/\/www.visit-ulcinj.com\/blog\/2009\/04\/29\/diskutim-per-shakane-me-aiden\/","name":"Diskutim p\u00c3\u00abr shakan\u00c3\u00ab me Aid\u00c3\u00abn | Big Brother Albania 2","isPartOf":{"@id":"https:\/\/www.visit-ulcinj.com\/blog\/#website"},"primaryImageOfPage":{"@id":"https:\/\/www.visit-ulcinj.com\/blog\/2009\/04\/29\/diskutim-per-shakane-me-aiden\/#primaryimage"},"datePublished":"2009-04-29T12:17:35+00:00","dateModified":"2009-04-28T22:19:08+00:00","author":{"@id":"https:\/\/www.visit-ulcinj.com\/blog\/#\/schema\/person\/dcab619c614d3038751c63bc2aadc06d"},"description":"Big Brother Albania 2 - Anjeza, Sori, Adi dhe Adela bisedojn\u00c3\u00ab p\u00c3\u00abr shakan\u00c3\u00ab me jast\u00c3\u00abk\u00c3\u00ab, q\u00c3\u00ab ju b\u00c3\u00ab Aid\u00c3\u00abs, kur ishin duke trajtuar tem\u00c3\u00abn e saj \u00e2\u20ac\u0153Shoq\u00c3\u00abria\u00e2\u20ac\u009d.","breadcrumb":{"@id":"https:\/\/www.visit-ulcinj.com\/blog\/2009\/04\/29\/diskutim-per-shakane-me-aiden\/#breadcrumb"},"inLanguage":"en-US","potentialAction":[{"@type":"ReadAction","target":["https:\/\/www.visit-ulcinj.com\/blog\/2009\/04\/29\/diskutim-per-shakane-me-aiden\/"]}]},{"@type":"BreadcrumbList","@id":"https:\/\/www.visit-ulcinj.com\/blog\/2009\/04\/29\/diskutim-per-shakane-me-aiden\/#breadcrumb","itemListElement":[{"@type":"ListItem","position":1,"name":"Diskutim p\u00ebr shakan\u00eb me Aid\u00ebn"}]},{"@type":"Person","@id":"https:\/\/www.visit-ulcinj.com\/blog\/#\/schema\/person\/dcab619c614d3038751c63bc2aadc06d","name":"ulqini","sameAs":["http:\/\/www.visit-ulcinj.com"],"url":"https:\/\/www.visit-ulcinj.com\/blog\/author\/admin\/"}]}},"jetpack_featured_media_url":"","jetpack_sharing_enabled":true,"jetpack_shortlink":"https:\/\/wp.me\/pe6lTn-55v","_links":{"self":[{"href":"https:\/\/www.visit-ulcinj.com\/blog\/wp-json\/wp\/v2\/posts\/19561"}],"collection":[{"href":"https:\/\/www.visit-ulcinj.com\/blog\/wp-json\/wp\/v2\/posts"}],"about":[{"href":"https:\/\/www.visit-ulcinj.com\/blog\/wp-json\/wp\/v2\/types\/post"}],"author":[{"embeddable":true,"href":"https:\/\/www.visit-ulcinj.com\/blog\/wp-json\/wp\/v2\/users\/1"}],"replies":[{"embeddable":true,"href":"https:\/\/www.visit-ulcinj.com\/blog\/wp-json\/wp\/v2\/comments?post=19561"}],"version-history":[{"count":0,"href":"https:\/\/www.visit-ulcinj.com\/blog\/wp-json\/wp\/v2\/posts\/19561\/revisions"}],"wp:attachment":[{"href":"https:\/\/www.visit-ulcinj.com\/blog\/wp-json\/wp\/v2\/media?parent=19561"}],"wp:term":[{"taxonomy":"category","embeddable":true,"href":"https:\/\/www.visit-ulcinj.com\/blog\/wp-json\/wp\/v2\/categories?post=19561"},{"taxonomy":"post_tag","embeddable":true,"href":"https:\/\/www.visit-ulcinj.com\/blog\/wp-json\/wp\/v2\/tags?post=19561"}],"curies":[{"name":"wp","href":"https:\/\/api.w.org\/{rel}","templated":true}]}}