{"id":19569,"date":"2009-04-29T16:01:58","date_gmt":"2009-04-29T14:01:58","guid":{"rendered":"http:\/\/www.visit-ulcinj.com\/blog\/?p=19569"},"modified":"2009-04-29T00:28:49","modified_gmt":"2009-04-28T22:28:49","slug":"mimoza-kam-gabuar-me-aiden","status":"publish","type":"post","link":"https:\/\/www.visit-ulcinj.com\/blog\/2009\/04\/29\/mimoza-kam-gabuar-me-aiden\/","title":{"rendered":"Mimoza : Kam gabuar me Aid\u00ebn"},"content":{"rendered":"<p><em><span class=\"newsdate\"><a href=\"http:\/\/www.visit-ulcinj.com\/blog\/wp-content\/uploads\/2009\/04\/moza-per-aiden28.jpg\"><img loading=\"lazy\" class=\"alignleft size-full wp-image-19570\" title=\"moza-per-aiden28-big-brother-albania-2\" src=\"http:\/\/www.visit-ulcinj.com\/blog\/wp-content\/uploads\/2009\/04\/moza-per-aiden28.jpg\" alt=\"moza-per-aiden28-big-brother-albania-2\" width=\"300\" height=\"205\" \/><\/a>28\/04\/09 21:46<\/span><\/em><\/p>\n<p>Anjeza, Arjoni, Qetsori dhe Mimoza diskutojn\u00eb p\u00ebr nominimet. Mimoza thot\u00eb q\u00eb p\u00ebr hir t\u00eb loj\u00ebs, ka nxjerr\u00eb n\u00eb nominim dhe banor\u00ebt q\u00eb ka i ka m\u00eb t\u00eb dashur. Ajo tregon q\u00eb Qetsorin e ka nominuar tre her\u00eb. Nj\u00eb nga arsyet e nominimit ishte se dhe ai e kishte nominuar, por i kishte p\u00eblqyer fakti q\u00eb ai ia kishte treguar. Qetsori qesh me Mimoz\u00ebn. Ajo vazhdon duke th\u00ebn\u00eb q\u00eb nuk e kishte pritur nga Adi q\u00eb ta nominonte, dhe shton:-\u201cUn\u00eb prap e dua, edhe pse m\u00eb ka nxjerr\u00eb n\u00eb nominim!\u201d Qetsori i thot\u00eb q\u00eb ai e ka nominuar p\u00ebr ta b\u00ebr\u00eb m\u00eb aktive. Sipas Mimoz\u00ebs ai nuk kishte t\u00eb drejt\u00eb t`i thot\u00eb askujt q\u00eb ta nominonin. Ajo vazhdon duke th\u00ebn\u00eb q\u00eb ishte n\u00eb dijeni se me k\u00eb person e kishte planifikuar nominimin e saj duke th\u00ebn\u00eb emrin e Arjonit. Qetsori e kund\u00ebrshton . Mimoza tregon q\u00eb n\u00eb fillim mendonte gjith\u00eb jav\u00ebn se k\u00eb t\u00eb nominonte, nd\u00ebrsa me kalimine koh\u00ebs ajo nuk e mendon m\u00eb, dhe shton:-\u201cE kam shum\u00eb t\u00eb v\u00ebshtir\u00eb se kam shum\u00eb veta q\u00eb i dua!\u201d Anjeza thot\u00eb q\u00eb k\u00ebt\u00eb jav\u00eb jan\u00eb t\u00eb gjitha femrat n\u00eb nominim, dhe ngacmon Arjanin i cili kishte th\u00ebn\u00eb q\u00eb nuk do nominonte asnj\u00ebher\u00eb femrat. Ai i thot\u00eb q\u00eb k\u00ebt\u00eb ide e kishte n\u00eb fillim kur hyri. Qetsori diskuton p\u00ebr nominimet dhe thot\u00eb q\u00eb ai i nd\u00ebrron cdo jav\u00eb personat q\u00eb nominon. Mimoza shprehet se dhe ajo vepron n\u00eb t\u00eb nj\u00ebjt\u00ebn m\u00ebnyr\u00eb. Ajo i thot\u00eb q\u00eb nuk m\u00ebrzitet dhe n\u00ebse del, pasi e presin shum\u00eb gj\u00ebra t\u00eb bukura. Ajo fillon kujton banor\u00ebt e larguar. Qetsori i thot\u00eb Mimoz\u00ebs q\u00eb Aida e ka mbrojtur shum\u00eb q\u00eb ajo mos t\u00eb dilte n\u00eb nominim. Mimoza thot\u00eb:-\u201cKam gabuar shum\u00eb me Aid\u00ebn!\u201d<\/p>\n","protected":false},"excerpt":{"rendered":"<p>28\/04\/09 21:46 Anjeza, Arjoni, Qetsori dhe Mimoza diskutojn\u00eb p\u00ebr nominimet. Mimoza thot\u00eb q\u00eb p\u00ebr hir t\u00eb loj\u00ebs, ka nxjerr\u00eb n\u00eb nominim dhe banor\u00ebt q\u00eb ka i ka m\u00eb t\u00eb dashur. Ajo tregon q\u00eb Qetsorin e ka nominuar tre her\u00eb. Nj\u00eb nga arsyet e nominimit ishte se dhe ai e kishte nominuar, por i kishte p\u00eblqyer [&hellip;]<\/p>\n","protected":false},"author":1,"featured_media":0,"comment_status":"open","ping_status":"closed","sticky":false,"template":"","format":"standard","meta":{"spay_email":"","jetpack_publicize_message":"","jetpack_is_tweetstorm":false,"jetpack_publicize_feature_enabled":true},"categories":[6502],"tags":[6537,8289,6525,9121,9749,6544,6757,8276,6693],"jetpack_publicize_connections":[],"yoast_head":"<!-- This site is optimized with the Yoast SEO plugin v19.1 - https:\/\/yoast.com\/wordpress\/plugins\/seo\/ -->\n<title>Mimoza : Kam gabuar me Aid\u00c3\u00abn | Big Brother Albania 2<\/title>\n<meta name=\"description\" content=\"Big Brother Albania 2 - Anjeza, Arjoni, Qetsori dhe Mimoza diskutojn\u00c3\u00ab p\u00c3\u00abr nominimet. Mimoza thot\u00c3\u00ab q\u00c3\u00ab p\u00c3\u00abr hir t\u00c3\u00ab loj\u00c3\u00abs, ka nxjerr\u00c3\u00ab n\u00c3\u00ab nominim dhe banor\u00c3\u00abt q\u00c3\u00ab ka i ka m\u00c3\u00ab t\u00c3\u00ab dashur.\" \/>\n<meta name=\"robots\" content=\"index, follow, max-snippet:-1, max-image-preview:large, max-video-preview:-1\" \/>\n<link rel=\"canonical\" href=\"https:\/\/www.visit-ulcinj.com\/blog\/2009\/04\/29\/mimoza-kam-gabuar-me-aiden\/\" \/>\n<meta property=\"og:locale\" content=\"en_US\" \/>\n<meta property=\"og:type\" content=\"article\" \/>\n<meta property=\"og:title\" content=\"Mimoza : Kam gabuar me Aid\u00c3\u00abn | Big Brother Albania 2\" \/>\n<meta property=\"og:description\" content=\"Big Brother Albania 2 - Anjeza, Arjoni, Qetsori dhe Mimoza diskutojn\u00c3\u00ab p\u00c3\u00abr nominimet. Mimoza thot\u00c3\u00ab q\u00c3\u00ab p\u00c3\u00abr hir t\u00c3\u00ab loj\u00c3\u00abs, ka nxjerr\u00c3\u00ab n\u00c3\u00ab nominim dhe banor\u00c3\u00abt q\u00c3\u00ab ka i ka m\u00c3\u00ab t\u00c3\u00ab dashur.\" \/>\n<meta property=\"og:url\" content=\"https:\/\/www.visit-ulcinj.com\/blog\/2009\/04\/29\/mimoza-kam-gabuar-me-aiden\/\" \/>\n<meta property=\"og:site_name\" content=\"Lajme nga Ulqini\" \/>\n<meta property=\"article:published_time\" content=\"2009-04-29T14:01:58+00:00\" \/>\n<meta property=\"article:modified_time\" content=\"2009-04-28T22:28:49+00:00\" \/>\n<meta property=\"og:image\" content=\"http:\/\/www.visit-ulcinj.com\/blog\/wp-content\/uploads\/2009\/04\/moza-per-aiden28.jpg\" \/>\n<meta name=\"twitter:label1\" content=\"Written by\" \/>\n\t<meta name=\"twitter:data1\" content=\"ulqini\" \/>\n\t<meta name=\"twitter:label2\" content=\"Est. reading time\" \/>\n\t<meta name=\"twitter:data2\" content=\"2 minutes\" \/>\n<script type=\"application\/ld+json\" class=\"yoast-schema-graph\">{\"@context\":\"https:\/\/schema.org\",\"@graph\":[{\"@type\":\"WebSite\",\"@id\":\"https:\/\/www.visit-ulcinj.com\/blog\/#website\",\"url\":\"https:\/\/www.visit-ulcinj.com\/blog\/\",\"name\":\"Lajme nga Ulqini\",\"description\":\"Lajme,Vijesti,Ulqini,Ulqin,Crna Gora,Mali i Zi\",\"potentialAction\":[{\"@type\":\"SearchAction\",\"target\":{\"@type\":\"EntryPoint\",\"urlTemplate\":\"https:\/\/www.visit-ulcinj.com\/blog\/?s={search_term_string}\"},\"query-input\":\"required name=search_term_string\"}],\"inLanguage\":\"en-US\"},{\"@type\":\"ImageObject\",\"inLanguage\":\"en-US\",\"@id\":\"https:\/\/www.visit-ulcinj.com\/blog\/2009\/04\/29\/mimoza-kam-gabuar-me-aiden\/#primaryimage\",\"url\":\"http:\/\/www.visit-ulcinj.com\/blog\/wp-content\/uploads\/2009\/04\/moza-per-aiden28.jpg\",\"contentUrl\":\"http:\/\/www.visit-ulcinj.com\/blog\/wp-content\/uploads\/2009\/04\/moza-per-aiden28.jpg\"},{\"@type\":\"WebPage\",\"@id\":\"https:\/\/www.visit-ulcinj.com\/blog\/2009\/04\/29\/mimoza-kam-gabuar-me-aiden\/#webpage\",\"url\":\"https:\/\/www.visit-ulcinj.com\/blog\/2009\/04\/29\/mimoza-kam-gabuar-me-aiden\/\",\"name\":\"Mimoza : Kam gabuar me Aid\u00c3\u00abn | Big Brother Albania 2\",\"isPartOf\":{\"@id\":\"https:\/\/www.visit-ulcinj.com\/blog\/#website\"},\"primaryImageOfPage\":{\"@id\":\"https:\/\/www.visit-ulcinj.com\/blog\/2009\/04\/29\/mimoza-kam-gabuar-me-aiden\/#primaryimage\"},\"datePublished\":\"2009-04-29T14:01:58+00:00\",\"dateModified\":\"2009-04-28T22:28:49+00:00\",\"author\":{\"@id\":\"https:\/\/www.visit-ulcinj.com\/blog\/#\/schema\/person\/dcab619c614d3038751c63bc2aadc06d\"},\"description\":\"Big Brother Albania 2 - Anjeza, Arjoni, Qetsori dhe Mimoza diskutojn\u00c3\u00ab p\u00c3\u00abr nominimet. Mimoza thot\u00c3\u00ab q\u00c3\u00ab p\u00c3\u00abr hir t\u00c3\u00ab loj\u00c3\u00abs, ka nxjerr\u00c3\u00ab n\u00c3\u00ab nominim dhe banor\u00c3\u00abt q\u00c3\u00ab ka i ka m\u00c3\u00ab t\u00c3\u00ab dashur.\",\"breadcrumb\":{\"@id\":\"https:\/\/www.visit-ulcinj.com\/blog\/2009\/04\/29\/mimoza-kam-gabuar-me-aiden\/#breadcrumb\"},\"inLanguage\":\"en-US\",\"potentialAction\":[{\"@type\":\"ReadAction\",\"target\":[\"https:\/\/www.visit-ulcinj.com\/blog\/2009\/04\/29\/mimoza-kam-gabuar-me-aiden\/\"]}]},{\"@type\":\"BreadcrumbList\",\"@id\":\"https:\/\/www.visit-ulcinj.com\/blog\/2009\/04\/29\/mimoza-kam-gabuar-me-aiden\/#breadcrumb\",\"itemListElement\":[{\"@type\":\"ListItem\",\"position\":1,\"name\":\"Mimoza : Kam gabuar me Aid\u00ebn\"}]},{\"@type\":\"Person\",\"@id\":\"https:\/\/www.visit-ulcinj.com\/blog\/#\/schema\/person\/dcab619c614d3038751c63bc2aadc06d\",\"name\":\"ulqini\",\"sameAs\":[\"http:\/\/www.visit-ulcinj.com\"],\"url\":\"https:\/\/www.visit-ulcinj.com\/blog\/author\/admin\/\"}]}<\/script>\n<!-- \/ Yoast SEO plugin. -->","yoast_head_json":{"title":"Mimoza : Kam gabuar me Aid\u00c3\u00abn | Big Brother Albania 2","description":"Big Brother Albania 2 - Anjeza, Arjoni, Qetsori dhe Mimoza diskutojn\u00c3\u00ab p\u00c3\u00abr nominimet. Mimoza thot\u00c3\u00ab q\u00c3\u00ab p\u00c3\u00abr hir t\u00c3\u00ab loj\u00c3\u00abs, ka nxjerr\u00c3\u00ab n\u00c3\u00ab nominim dhe banor\u00c3\u00abt q\u00c3\u00ab ka i ka m\u00c3\u00ab t\u00c3\u00ab dashur.","robots":{"index":"index","follow":"follow","max-snippet":"max-snippet:-1","max-image-preview":"max-image-preview:large","max-video-preview":"max-video-preview:-1"},"canonical":"https:\/\/www.visit-ulcinj.com\/blog\/2009\/04\/29\/mimoza-kam-gabuar-me-aiden\/","og_locale":"en_US","og_type":"article","og_title":"Mimoza : Kam gabuar me Aid\u00c3\u00abn | Big Brother Albania 2","og_description":"Big Brother Albania 2 - Anjeza, Arjoni, Qetsori dhe Mimoza diskutojn\u00c3\u00ab p\u00c3\u00abr nominimet. Mimoza thot\u00c3\u00ab q\u00c3\u00ab p\u00c3\u00abr hir t\u00c3\u00ab loj\u00c3\u00abs, ka nxjerr\u00c3\u00ab n\u00c3\u00ab nominim dhe banor\u00c3\u00abt q\u00c3\u00ab ka i ka m\u00c3\u00ab t\u00c3\u00ab dashur.","og_url":"https:\/\/www.visit-ulcinj.com\/blog\/2009\/04\/29\/mimoza-kam-gabuar-me-aiden\/","og_site_name":"Lajme nga Ulqini","article_published_time":"2009-04-29T14:01:58+00:00","article_modified_time":"2009-04-28T22:28:49+00:00","og_image":[{"url":"http:\/\/www.visit-ulcinj.com\/blog\/wp-content\/uploads\/2009\/04\/moza-per-aiden28.jpg"}],"twitter_misc":{"Written by":"ulqini","Est. reading time":"2 minutes"},"schema":{"@context":"https:\/\/schema.org","@graph":[{"@type":"WebSite","@id":"https:\/\/www.visit-ulcinj.com\/blog\/#website","url":"https:\/\/www.visit-ulcinj.com\/blog\/","name":"Lajme nga Ulqini","description":"Lajme,Vijesti,Ulqini,Ulqin,Crna Gora,Mali i Zi","potentialAction":[{"@type":"SearchAction","target":{"@type":"EntryPoint","urlTemplate":"https:\/\/www.visit-ulcinj.com\/blog\/?s={search_term_string}"},"query-input":"required name=search_term_string"}],"inLanguage":"en-US"},{"@type":"ImageObject","inLanguage":"en-US","@id":"https:\/\/www.visit-ulcinj.com\/blog\/2009\/04\/29\/mimoza-kam-gabuar-me-aiden\/#primaryimage","url":"http:\/\/www.visit-ulcinj.com\/blog\/wp-content\/uploads\/2009\/04\/moza-per-aiden28.jpg","contentUrl":"http:\/\/www.visit-ulcinj.com\/blog\/wp-content\/uploads\/2009\/04\/moza-per-aiden28.jpg"},{"@type":"WebPage","@id":"https:\/\/www.visit-ulcinj.com\/blog\/2009\/04\/29\/mimoza-kam-gabuar-me-aiden\/#webpage","url":"https:\/\/www.visit-ulcinj.com\/blog\/2009\/04\/29\/mimoza-kam-gabuar-me-aiden\/","name":"Mimoza : Kam gabuar me Aid\u00c3\u00abn | Big Brother Albania 2","isPartOf":{"@id":"https:\/\/www.visit-ulcinj.com\/blog\/#website"},"primaryImageOfPage":{"@id":"https:\/\/www.visit-ulcinj.com\/blog\/2009\/04\/29\/mimoza-kam-gabuar-me-aiden\/#primaryimage"},"datePublished":"2009-04-29T14:01:58+00:00","dateModified":"2009-04-28T22:28:49+00:00","author":{"@id":"https:\/\/www.visit-ulcinj.com\/blog\/#\/schema\/person\/dcab619c614d3038751c63bc2aadc06d"},"description":"Big Brother Albania 2 - Anjeza, Arjoni, Qetsori dhe Mimoza diskutojn\u00c3\u00ab p\u00c3\u00abr nominimet. Mimoza thot\u00c3\u00ab q\u00c3\u00ab p\u00c3\u00abr hir t\u00c3\u00ab loj\u00c3\u00abs, ka nxjerr\u00c3\u00ab n\u00c3\u00ab nominim dhe banor\u00c3\u00abt q\u00c3\u00ab ka i ka m\u00c3\u00ab t\u00c3\u00ab dashur.","breadcrumb":{"@id":"https:\/\/www.visit-ulcinj.com\/blog\/2009\/04\/29\/mimoza-kam-gabuar-me-aiden\/#breadcrumb"},"inLanguage":"en-US","potentialAction":[{"@type":"ReadAction","target":["https:\/\/www.visit-ulcinj.com\/blog\/2009\/04\/29\/mimoza-kam-gabuar-me-aiden\/"]}]},{"@type":"BreadcrumbList","@id":"https:\/\/www.visit-ulcinj.com\/blog\/2009\/04\/29\/mimoza-kam-gabuar-me-aiden\/#breadcrumb","itemListElement":[{"@type":"ListItem","position":1,"name":"Mimoza : Kam gabuar me Aid\u00ebn"}]},{"@type":"Person","@id":"https:\/\/www.visit-ulcinj.com\/blog\/#\/schema\/person\/dcab619c614d3038751c63bc2aadc06d","name":"ulqini","sameAs":["http:\/\/www.visit-ulcinj.com"],"url":"https:\/\/www.visit-ulcinj.com\/blog\/author\/admin\/"}]}},"jetpack_featured_media_url":"","jetpack_sharing_enabled":true,"jetpack_shortlink":"https:\/\/wp.me\/pe6lTn-55D","_links":{"self":[{"href":"https:\/\/www.visit-ulcinj.com\/blog\/wp-json\/wp\/v2\/posts\/19569"}],"collection":[{"href":"https:\/\/www.visit-ulcinj.com\/blog\/wp-json\/wp\/v2\/posts"}],"about":[{"href":"https:\/\/www.visit-ulcinj.com\/blog\/wp-json\/wp\/v2\/types\/post"}],"author":[{"embeddable":true,"href":"https:\/\/www.visit-ulcinj.com\/blog\/wp-json\/wp\/v2\/users\/1"}],"replies":[{"embeddable":true,"href":"https:\/\/www.visit-ulcinj.com\/blog\/wp-json\/wp\/v2\/comments?post=19569"}],"version-history":[{"count":0,"href":"https:\/\/www.visit-ulcinj.com\/blog\/wp-json\/wp\/v2\/posts\/19569\/revisions"}],"wp:attachment":[{"href":"https:\/\/www.visit-ulcinj.com\/blog\/wp-json\/wp\/v2\/media?parent=19569"}],"wp:term":[{"taxonomy":"category","embeddable":true,"href":"https:\/\/www.visit-ulcinj.com\/blog\/wp-json\/wp\/v2\/categories?post=19569"},{"taxonomy":"post_tag","embeddable":true,"href":"https:\/\/www.visit-ulcinj.com\/blog\/wp-json\/wp\/v2\/tags?post=19569"}],"curies":[{"name":"wp","href":"https:\/\/api.w.org\/{rel}","templated":true}]}}