{"id":19572,"date":"2009-04-29T16:01:56","date_gmt":"2009-04-29T14:01:56","guid":{"rendered":"http:\/\/www.visit-ulcinj.com\/blog\/?p=19572"},"modified":"2009-04-29T00:28:07","modified_gmt":"2009-04-28T22:28:07","slug":"adi-pyet-mimozen-do-e-nderroje-polin-me-bjordin","status":"publish","type":"post","link":"https:\/\/www.visit-ulcinj.com\/blog\/2009\/04\/29\/adi-pyet-mimozen-do-e-nderroje-polin-me-bjordin\/","title":{"rendered":"Adi pyet Mimoz\u00ebn : Do e nd\u00ebrroje Polin me Bjordin ?"},"content":{"rendered":"<p><em><span class=\"newsdate\"><a href=\"http:\/\/www.visit-ulcinj.com\/blog\/wp-content\/uploads\/2009\/04\/adi-ngacmon-mozen28.jpg\"><img loading=\"lazy\" class=\"alignleft size-full wp-image-19573\" title=\"adi-ngacmon-mozen28-big-brother-albania-2\" src=\"http:\/\/www.visit-ulcinj.com\/blog\/wp-content\/uploads\/2009\/04\/adi-ngacmon-mozen28.jpg\" alt=\"adi-ngacmon-mozen28-big-brother-albania-2\" width=\"300\" height=\"205\" \/><\/a>28\/04\/09 22:20<\/span><\/em><\/p>\n<p>Adi pasi d\u00ebgjon Mimoz\u00ebn duke b\u00ebr\u00eb shaka me Junid\u00ebn dhe i thot\u00eb:-\u201c Kujdesu p\u00ebr arushin!\u201d Adi e pyet Mimoz\u00ebn:-\u201cDo e nd\u00ebrroje Polin me Bjordin?\u201d Mimoza i thot\u00eb q\u00eb kurr\u00eb, dhe shton me shaka:-\u201cUn\u00eb ta nd\u00ebrroj me k\u00ebt\u00eb f\u00ebmij\u00eb(p\u00ebr Bjordin)?!\u201d Adi e sqaron duke i th\u00ebn\u00eb q\u00eb ideja e pyetjes s\u00eb tij ishte q\u00eb Adelajda t\u00eb merrte Polin , nd\u00ebrsa Mimoza t\u00eb merrte Bjordin. Adelajda i thot\u00eb Adit q\u00eb ato jan\u00eb n\u00eb harmoni me nj\u00ebra-tjetr\u00ebn dhe nuk duhet t\u00eb nd\u00ebrhynte tek ato. Anjeza nd\u00ebrhyn duke th\u00ebn\u00eb q\u00eb gj\u00ebrat asnj\u00ebher\u00eb nuk jan\u00eb t\u00eb sigurta. Adelajda thot\u00eb:-\u201c Un\u00eb Polin e kam t\u00eb dashurin e shoqes, dhe Bjordin Mimoza e ka shok, dhe t\u00eb dashurin e shoqes!\u201d Anjeza mbas fjal\u00ebs s\u00eb Adelajd\u00ebs thot\u00eb q\u00eb ajo bie n\u00eb kontradikt\u00eb me fjal\u00ebt e saj , pasi kishte th\u00ebn\u00eb q\u00eb nuk e cil\u00ebsonte lidhjen e saj me Bjordin. Ajo shton:-\u201cTi sapo b\u00ebre cil\u00ebsim. Do fle e qet\u00eb sonte!\u201d Adi merr mikrofonin, dhe improvizon sikur \u00ebsht\u00eb telefon dhe po flet me dik\u00eb. Dikush n\u00eb telefon i thot\u00eb q\u00eb Poli \u00ebsht\u00eb me dy vajza ,dhe i thot\u00eb Mimoz\u00ebs q\u00eb t\u00eb flas\u00eb. Ai vazhdon duke th\u00ebn\u00eb me shaka:-\u201cE pash\u00eb Polin me vajza \u2018ia p\u00ebrdredh qaf\u00ebn\u2019!\u201d Mimoza qesh me batutat e tij.<\/p>\n","protected":false},"excerpt":{"rendered":"<p>28\/04\/09 22:20 Adi pasi d\u00ebgjon Mimoz\u00ebn duke b\u00ebr\u00eb shaka me Junid\u00ebn dhe i thot\u00eb:-\u201c Kujdesu p\u00ebr arushin!\u201d Adi e pyet Mimoz\u00ebn:-\u201cDo e nd\u00ebrroje Polin me Bjordin?\u201d Mimoza i thot\u00eb q\u00eb kurr\u00eb, dhe shton me shaka:-\u201cUn\u00eb ta nd\u00ebrroj me k\u00ebt\u00eb f\u00ebmij\u00eb(p\u00ebr Bjordin)?!\u201d Adi e sqaron duke i th\u00ebn\u00eb q\u00eb ideja e pyetjes s\u00eb tij ishte q\u00eb [&hellip;]<\/p>\n","protected":false},"author":1,"featured_media":0,"comment_status":"open","ping_status":"closed","sticky":false,"template":"","format":"standard","meta":{"spay_email":"","jetpack_publicize_message":"","jetpack_is_tweetstorm":false,"jetpack_publicize_feature_enabled":true},"categories":[6502],"tags":[6529,6520,6883,9121,6522,9011,6984,6544,4980,6693],"jetpack_publicize_connections":[],"yoast_head":"<!-- This site is optimized with the Yoast SEO plugin v19.1 - https:\/\/yoast.com\/wordpress\/plugins\/seo\/ -->\n<title>Adi p\u00c3\u00abr Mimoz\u00c3\u00abn : Do e nd\u00c3\u00abrroje Polin me Bjordin ? | Big Brother Albania 2<\/title>\n<meta name=\"description\" content=\"Big Brother Albania 2 - Adi pasi d\u00c3\u00abgjon Mimoz\u00c3\u00abn duke b\u00c3\u00abr\u00c3\u00ab shaka me Junid\u00c3\u00abn dhe i thot\u00c3\u00ab:-\u00e2\u20ac\u0153 Kujdesu p\u00c3\u00abr arushin!\u00e2\u20ac\u009d Ai e pyet Mimoz\u00c3\u00abn:-\u00e2\u20ac\u0153Do e nd\u00c3\u00abrroje Polin me Bjordin?\u00e2\u20ac\u009d\" \/>\n<meta name=\"robots\" content=\"index, follow, max-snippet:-1, max-image-preview:large, max-video-preview:-1\" \/>\n<link rel=\"canonical\" href=\"https:\/\/www.visit-ulcinj.com\/blog\/2009\/04\/29\/adi-pyet-mimozen-do-e-nderroje-polin-me-bjordin\/\" \/>\n<meta property=\"og:locale\" content=\"en_US\" \/>\n<meta property=\"og:type\" content=\"article\" \/>\n<meta property=\"og:title\" content=\"Adi p\u00c3\u00abr Mimoz\u00c3\u00abn : Do e nd\u00c3\u00abrroje Polin me Bjordin ? | Big Brother Albania 2\" \/>\n<meta property=\"og:description\" content=\"Big Brother Albania 2 - Adi pasi d\u00c3\u00abgjon Mimoz\u00c3\u00abn duke b\u00c3\u00abr\u00c3\u00ab shaka me Junid\u00c3\u00abn dhe i thot\u00c3\u00ab:-\u00e2\u20ac\u0153 Kujdesu p\u00c3\u00abr arushin!\u00e2\u20ac\u009d Ai e pyet Mimoz\u00c3\u00abn:-\u00e2\u20ac\u0153Do e nd\u00c3\u00abrroje Polin me Bjordin?\u00e2\u20ac\u009d\" \/>\n<meta property=\"og:url\" content=\"https:\/\/www.visit-ulcinj.com\/blog\/2009\/04\/29\/adi-pyet-mimozen-do-e-nderroje-polin-me-bjordin\/\" \/>\n<meta property=\"og:site_name\" content=\"Lajme nga Ulqini\" \/>\n<meta property=\"article:published_time\" content=\"2009-04-29T14:01:56+00:00\" \/>\n<meta property=\"article:modified_time\" content=\"2009-04-28T22:28:07+00:00\" \/>\n<meta property=\"og:image\" content=\"http:\/\/www.visit-ulcinj.com\/blog\/wp-content\/uploads\/2009\/04\/adi-ngacmon-mozen28.jpg\" \/>\n<meta name=\"twitter:label1\" content=\"Written by\" \/>\n\t<meta name=\"twitter:data1\" content=\"ulqini\" \/>\n\t<meta name=\"twitter:label2\" content=\"Est. reading time\" \/>\n\t<meta name=\"twitter:data2\" content=\"1 minute\" \/>\n<script type=\"application\/ld+json\" class=\"yoast-schema-graph\">{\"@context\":\"https:\/\/schema.org\",\"@graph\":[{\"@type\":\"WebSite\",\"@id\":\"https:\/\/www.visit-ulcinj.com\/blog\/#website\",\"url\":\"https:\/\/www.visit-ulcinj.com\/blog\/\",\"name\":\"Lajme nga Ulqini\",\"description\":\"Lajme,Vijesti,Ulqini,Ulqin,Crna Gora,Mali i Zi\",\"potentialAction\":[{\"@type\":\"SearchAction\",\"target\":{\"@type\":\"EntryPoint\",\"urlTemplate\":\"https:\/\/www.visit-ulcinj.com\/blog\/?s={search_term_string}\"},\"query-input\":\"required name=search_term_string\"}],\"inLanguage\":\"en-US\"},{\"@type\":\"ImageObject\",\"inLanguage\":\"en-US\",\"@id\":\"https:\/\/www.visit-ulcinj.com\/blog\/2009\/04\/29\/adi-pyet-mimozen-do-e-nderroje-polin-me-bjordin\/#primaryimage\",\"url\":\"http:\/\/www.visit-ulcinj.com\/blog\/wp-content\/uploads\/2009\/04\/adi-ngacmon-mozen28.jpg\",\"contentUrl\":\"http:\/\/www.visit-ulcinj.com\/blog\/wp-content\/uploads\/2009\/04\/adi-ngacmon-mozen28.jpg\"},{\"@type\":\"WebPage\",\"@id\":\"https:\/\/www.visit-ulcinj.com\/blog\/2009\/04\/29\/adi-pyet-mimozen-do-e-nderroje-polin-me-bjordin\/#webpage\",\"url\":\"https:\/\/www.visit-ulcinj.com\/blog\/2009\/04\/29\/adi-pyet-mimozen-do-e-nderroje-polin-me-bjordin\/\",\"name\":\"Adi p\u00c3\u00abr Mimoz\u00c3\u00abn : Do e nd\u00c3\u00abrroje Polin me Bjordin ? | Big Brother Albania 2\",\"isPartOf\":{\"@id\":\"https:\/\/www.visit-ulcinj.com\/blog\/#website\"},\"primaryImageOfPage\":{\"@id\":\"https:\/\/www.visit-ulcinj.com\/blog\/2009\/04\/29\/adi-pyet-mimozen-do-e-nderroje-polin-me-bjordin\/#primaryimage\"},\"datePublished\":\"2009-04-29T14:01:56+00:00\",\"dateModified\":\"2009-04-28T22:28:07+00:00\",\"author\":{\"@id\":\"https:\/\/www.visit-ulcinj.com\/blog\/#\/schema\/person\/dcab619c614d3038751c63bc2aadc06d\"},\"description\":\"Big Brother Albania 2 - Adi pasi d\u00c3\u00abgjon Mimoz\u00c3\u00abn duke b\u00c3\u00abr\u00c3\u00ab shaka me Junid\u00c3\u00abn dhe i thot\u00c3\u00ab:-\u00e2\u20ac\u0153 Kujdesu p\u00c3\u00abr arushin!\u00e2\u20ac\u009d Ai e pyet Mimoz\u00c3\u00abn:-\u00e2\u20ac\u0153Do e nd\u00c3\u00abrroje Polin me Bjordin?\u00e2\u20ac\u009d\",\"breadcrumb\":{\"@id\":\"https:\/\/www.visit-ulcinj.com\/blog\/2009\/04\/29\/adi-pyet-mimozen-do-e-nderroje-polin-me-bjordin\/#breadcrumb\"},\"inLanguage\":\"en-US\",\"potentialAction\":[{\"@type\":\"ReadAction\",\"target\":[\"https:\/\/www.visit-ulcinj.com\/blog\/2009\/04\/29\/adi-pyet-mimozen-do-e-nderroje-polin-me-bjordin\/\"]}]},{\"@type\":\"BreadcrumbList\",\"@id\":\"https:\/\/www.visit-ulcinj.com\/blog\/2009\/04\/29\/adi-pyet-mimozen-do-e-nderroje-polin-me-bjordin\/#breadcrumb\",\"itemListElement\":[{\"@type\":\"ListItem\",\"position\":1,\"name\":\"Adi pyet Mimoz\u00ebn : Do e nd\u00ebrroje Polin me Bjordin ?\"}]},{\"@type\":\"Person\",\"@id\":\"https:\/\/www.visit-ulcinj.com\/blog\/#\/schema\/person\/dcab619c614d3038751c63bc2aadc06d\",\"name\":\"ulqini\",\"sameAs\":[\"http:\/\/www.visit-ulcinj.com\"],\"url\":\"https:\/\/www.visit-ulcinj.com\/blog\/author\/admin\/\"}]}<\/script>\n<!-- \/ Yoast SEO plugin. -->","yoast_head_json":{"title":"Adi p\u00c3\u00abr Mimoz\u00c3\u00abn : Do e nd\u00c3\u00abrroje Polin me Bjordin ? | Big Brother Albania 2","description":"Big Brother Albania 2 - Adi pasi d\u00c3\u00abgjon Mimoz\u00c3\u00abn duke b\u00c3\u00abr\u00c3\u00ab shaka me Junid\u00c3\u00abn dhe i thot\u00c3\u00ab:-\u00e2\u20ac\u0153 Kujdesu p\u00c3\u00abr arushin!\u00e2\u20ac\u009d Ai e pyet Mimoz\u00c3\u00abn:-\u00e2\u20ac\u0153Do e nd\u00c3\u00abrroje Polin me Bjordin?\u00e2\u20ac\u009d","robots":{"index":"index","follow":"follow","max-snippet":"max-snippet:-1","max-image-preview":"max-image-preview:large","max-video-preview":"max-video-preview:-1"},"canonical":"https:\/\/www.visit-ulcinj.com\/blog\/2009\/04\/29\/adi-pyet-mimozen-do-e-nderroje-polin-me-bjordin\/","og_locale":"en_US","og_type":"article","og_title":"Adi p\u00c3\u00abr Mimoz\u00c3\u00abn : Do e nd\u00c3\u00abrroje Polin me Bjordin ? | Big Brother Albania 2","og_description":"Big Brother Albania 2 - Adi pasi d\u00c3\u00abgjon Mimoz\u00c3\u00abn duke b\u00c3\u00abr\u00c3\u00ab shaka me Junid\u00c3\u00abn dhe i thot\u00c3\u00ab:-\u00e2\u20ac\u0153 Kujdesu p\u00c3\u00abr arushin!\u00e2\u20ac\u009d Ai e pyet Mimoz\u00c3\u00abn:-\u00e2\u20ac\u0153Do e nd\u00c3\u00abrroje Polin me Bjordin?\u00e2\u20ac\u009d","og_url":"https:\/\/www.visit-ulcinj.com\/blog\/2009\/04\/29\/adi-pyet-mimozen-do-e-nderroje-polin-me-bjordin\/","og_site_name":"Lajme nga Ulqini","article_published_time":"2009-04-29T14:01:56+00:00","article_modified_time":"2009-04-28T22:28:07+00:00","og_image":[{"url":"http:\/\/www.visit-ulcinj.com\/blog\/wp-content\/uploads\/2009\/04\/adi-ngacmon-mozen28.jpg"}],"twitter_misc":{"Written by":"ulqini","Est. reading time":"1 minute"},"schema":{"@context":"https:\/\/schema.org","@graph":[{"@type":"WebSite","@id":"https:\/\/www.visit-ulcinj.com\/blog\/#website","url":"https:\/\/www.visit-ulcinj.com\/blog\/","name":"Lajme nga Ulqini","description":"Lajme,Vijesti,Ulqini,Ulqin,Crna Gora,Mali i Zi","potentialAction":[{"@type":"SearchAction","target":{"@type":"EntryPoint","urlTemplate":"https:\/\/www.visit-ulcinj.com\/blog\/?s={search_term_string}"},"query-input":"required name=search_term_string"}],"inLanguage":"en-US"},{"@type":"ImageObject","inLanguage":"en-US","@id":"https:\/\/www.visit-ulcinj.com\/blog\/2009\/04\/29\/adi-pyet-mimozen-do-e-nderroje-polin-me-bjordin\/#primaryimage","url":"http:\/\/www.visit-ulcinj.com\/blog\/wp-content\/uploads\/2009\/04\/adi-ngacmon-mozen28.jpg","contentUrl":"http:\/\/www.visit-ulcinj.com\/blog\/wp-content\/uploads\/2009\/04\/adi-ngacmon-mozen28.jpg"},{"@type":"WebPage","@id":"https:\/\/www.visit-ulcinj.com\/blog\/2009\/04\/29\/adi-pyet-mimozen-do-e-nderroje-polin-me-bjordin\/#webpage","url":"https:\/\/www.visit-ulcinj.com\/blog\/2009\/04\/29\/adi-pyet-mimozen-do-e-nderroje-polin-me-bjordin\/","name":"Adi p\u00c3\u00abr Mimoz\u00c3\u00abn : Do e nd\u00c3\u00abrroje Polin me Bjordin ? | Big Brother Albania 2","isPartOf":{"@id":"https:\/\/www.visit-ulcinj.com\/blog\/#website"},"primaryImageOfPage":{"@id":"https:\/\/www.visit-ulcinj.com\/blog\/2009\/04\/29\/adi-pyet-mimozen-do-e-nderroje-polin-me-bjordin\/#primaryimage"},"datePublished":"2009-04-29T14:01:56+00:00","dateModified":"2009-04-28T22:28:07+00:00","author":{"@id":"https:\/\/www.visit-ulcinj.com\/blog\/#\/schema\/person\/dcab619c614d3038751c63bc2aadc06d"},"description":"Big Brother Albania 2 - Adi pasi d\u00c3\u00abgjon Mimoz\u00c3\u00abn duke b\u00c3\u00abr\u00c3\u00ab shaka me Junid\u00c3\u00abn dhe i thot\u00c3\u00ab:-\u00e2\u20ac\u0153 Kujdesu p\u00c3\u00abr arushin!\u00e2\u20ac\u009d Ai e pyet Mimoz\u00c3\u00abn:-\u00e2\u20ac\u0153Do e nd\u00c3\u00abrroje Polin me Bjordin?\u00e2\u20ac\u009d","breadcrumb":{"@id":"https:\/\/www.visit-ulcinj.com\/blog\/2009\/04\/29\/adi-pyet-mimozen-do-e-nderroje-polin-me-bjordin\/#breadcrumb"},"inLanguage":"en-US","potentialAction":[{"@type":"ReadAction","target":["https:\/\/www.visit-ulcinj.com\/blog\/2009\/04\/29\/adi-pyet-mimozen-do-e-nderroje-polin-me-bjordin\/"]}]},{"@type":"BreadcrumbList","@id":"https:\/\/www.visit-ulcinj.com\/blog\/2009\/04\/29\/adi-pyet-mimozen-do-e-nderroje-polin-me-bjordin\/#breadcrumb","itemListElement":[{"@type":"ListItem","position":1,"name":"Adi pyet Mimoz\u00ebn : Do e nd\u00ebrroje Polin me Bjordin ?"}]},{"@type":"Person","@id":"https:\/\/www.visit-ulcinj.com\/blog\/#\/schema\/person\/dcab619c614d3038751c63bc2aadc06d","name":"ulqini","sameAs":["http:\/\/www.visit-ulcinj.com"],"url":"https:\/\/www.visit-ulcinj.com\/blog\/author\/admin\/"}]}},"jetpack_featured_media_url":"","jetpack_sharing_enabled":true,"jetpack_shortlink":"https:\/\/wp.me\/pe6lTn-55G","_links":{"self":[{"href":"https:\/\/www.visit-ulcinj.com\/blog\/wp-json\/wp\/v2\/posts\/19572"}],"collection":[{"href":"https:\/\/www.visit-ulcinj.com\/blog\/wp-json\/wp\/v2\/posts"}],"about":[{"href":"https:\/\/www.visit-ulcinj.com\/blog\/wp-json\/wp\/v2\/types\/post"}],"author":[{"embeddable":true,"href":"https:\/\/www.visit-ulcinj.com\/blog\/wp-json\/wp\/v2\/users\/1"}],"replies":[{"embeddable":true,"href":"https:\/\/www.visit-ulcinj.com\/blog\/wp-json\/wp\/v2\/comments?post=19572"}],"version-history":[{"count":0,"href":"https:\/\/www.visit-ulcinj.com\/blog\/wp-json\/wp\/v2\/posts\/19572\/revisions"}],"wp:attachment":[{"href":"https:\/\/www.visit-ulcinj.com\/blog\/wp-json\/wp\/v2\/media?parent=19572"}],"wp:term":[{"taxonomy":"category","embeddable":true,"href":"https:\/\/www.visit-ulcinj.com\/blog\/wp-json\/wp\/v2\/categories?post=19572"},{"taxonomy":"post_tag","embeddable":true,"href":"https:\/\/www.visit-ulcinj.com\/blog\/wp-json\/wp\/v2\/tags?post=19572"}],"curies":[{"name":"wp","href":"https:\/\/api.w.org\/{rel}","templated":true}]}}