{"id":19576,"date":"2009-04-29T00:30:50","date_gmt":"2009-04-28T22:30:50","guid":{"rendered":"http:\/\/www.visit-ulcinj.com\/blog\/?p=19576"},"modified":"2009-04-29T00:30:50","modified_gmt":"2009-04-28T22:30:50","slug":"adelda-ne-itali","status":"publish","type":"post","link":"https:\/\/www.visit-ulcinj.com\/blog\/2009\/04\/29\/adelda-ne-itali\/","title":{"rendered":"Adelda n\u00eb Itali"},"content":{"rendered":"<p><em><span class=\"newsdate\">ade<a href=\"http:\/\/www.visit-ulcinj.com\/blog\/wp-content\/uploads\/2009\/04\/batuta-adela-itali27.jpg\"><img loading=\"lazy\" class=\"alignleft size-full wp-image-19577\" title=\"batuta-adela-itali27-big-brother-albania-2\" src=\"http:\/\/www.visit-ulcinj.com\/blog\/wp-content\/uploads\/2009\/04\/batuta-adela-itali27.jpg\" alt=\"batuta-adela-itali27-big-brother-albania-2\" width=\"300\" height=\"205\" \/><\/a>27\/04\/09 21:14<\/span><\/em><\/p>\n<p>Adi duke diskutuar p\u00ebr daljen nga \u201cBig Brother\u201d fillon ngacmon Adelajd\u00ebn n\u00eb lidhje me Bjordin. Ai fillon t\u00eb fantazoj\u00eb sikur Adelajda shkon n\u00eb Itali tek Bjordi, por nuk di rrug\u00ebt. Ai e pyet Bjordin se cfar\u00eb do b\u00ebnte. Bjordi i thot\u00eb me shaka q\u00eb do e linte t\u00eb humbte rrug\u00ebn. Ajo i thot\u00eb q\u00eb n\u00eb rastin e supozuar do merrte n\u00eb telefon tezen e saj. Ato vazhdojn\u00eb duke fantazuar situata sikur ajo shkon n\u00eb Itali, por \u00ebsht\u00eb pa lek\u00eb. Adelajda e pyet Bjordin se sa larg \u00ebsht\u00eb sht\u00ebpia e tij nga aeroporti. Bjordi i thot\u00eb 1 jav\u00eb larg dhe b\u00ebjn\u00eb batuta p\u00ebr mjetet q\u00eb mund t\u00eb shkoj\u00eb Adelajda tek sht\u00ebpia e tij. Ajo i thot\u00eb:-\u201cPo pse budallaqe jam une q\u00eb t\u00eb shkoj n\u00eb Itali t\u00eb mos m\u00eb pres\u00eb, dhe t`i shkoj\u00eb n\u00eb sht\u00ebpi?!\u201d Ato vazhdojn\u00eb t\u00eb b\u00ebjn\u00eb batuta me Adelajd\u00ebn.<\/p>\n","protected":false},"excerpt":{"rendered":"<p>ade27\/04\/09 21:14 Adi duke diskutuar p\u00ebr daljen nga \u201cBig Brother\u201d fillon ngacmon Adelajd\u00ebn n\u00eb lidhje me Bjordin. Ai fillon t\u00eb fantazoj\u00eb sikur Adelajda shkon n\u00eb Itali tek Bjordi, por nuk di rrug\u00ebt. Ai e pyet Bjordin se cfar\u00eb do b\u00ebnte. Bjordi i thot\u00eb me shaka q\u00eb do e linte t\u00eb humbte rrug\u00ebn. Ajo i thot\u00eb [&hellip;]<\/p>\n","protected":false},"author":1,"featured_media":0,"comment_status":"open","ping_status":"closed","sticky":false,"template":"","format":"standard","meta":{"spay_email":"","jetpack_publicize_message":"","jetpack_is_tweetstorm":false,"jetpack_publicize_feature_enabled":true},"categories":[6502],"tags":[6529,6520,6883,9121,6522,8031,6544,6693],"jetpack_publicize_connections":[],"yoast_head":"<!-- This site is optimized with the Yoast SEO plugin v19.1 - https:\/\/yoast.com\/wordpress\/plugins\/seo\/ -->\n<title>Adelda n\u00c3\u00ab Itali | Big Brother Albania 2<\/title>\n<meta name=\"description\" content=\"Big Brother Albania 2 - Adi duke diskutuar p\u00c3\u00abr daljen nga \u00e2\u20ac\u0153Big Brother\u00e2\u20ac\u009d fillon ngacmon Adelajd\u00c3\u00abn n\u00c3\u00ab lidhje me Bjordin. Ai fillon t\u00c3\u00ab fantazoj\u00c3\u00ab sikur Adelajda shkon n\u00c3\u00ab Itali tek Bjordi\" \/>\n<meta name=\"robots\" content=\"index, follow, max-snippet:-1, max-image-preview:large, max-video-preview:-1\" \/>\n<link rel=\"canonical\" href=\"https:\/\/www.visit-ulcinj.com\/blog\/2009\/04\/29\/adelda-ne-itali\/\" \/>\n<meta property=\"og:locale\" content=\"en_US\" \/>\n<meta property=\"og:type\" content=\"article\" \/>\n<meta property=\"og:title\" content=\"Adelda n\u00c3\u00ab Itali | Big Brother Albania 2\" \/>\n<meta property=\"og:description\" content=\"Big Brother Albania 2 - Adi duke diskutuar p\u00c3\u00abr daljen nga \u00e2\u20ac\u0153Big Brother\u00e2\u20ac\u009d fillon ngacmon Adelajd\u00c3\u00abn n\u00c3\u00ab lidhje me Bjordin. Ai fillon t\u00c3\u00ab fantazoj\u00c3\u00ab sikur Adelajda shkon n\u00c3\u00ab Itali tek Bjordi\" \/>\n<meta property=\"og:url\" content=\"https:\/\/www.visit-ulcinj.com\/blog\/2009\/04\/29\/adelda-ne-itali\/\" \/>\n<meta property=\"og:site_name\" content=\"Lajme nga Ulqini\" \/>\n<meta property=\"article:published_time\" content=\"2009-04-28T22:30:50+00:00\" \/>\n<meta property=\"og:image\" content=\"http:\/\/www.visit-ulcinj.com\/blog\/wp-content\/uploads\/2009\/04\/batuta-adela-itali27.jpg\" \/>\n<meta name=\"twitter:label1\" content=\"Written by\" \/>\n\t<meta name=\"twitter:data1\" content=\"ulqini\" \/>\n\t<meta name=\"twitter:label2\" content=\"Est. reading time\" \/>\n\t<meta name=\"twitter:data2\" content=\"1 minute\" \/>\n<script type=\"application\/ld+json\" class=\"yoast-schema-graph\">{\"@context\":\"https:\/\/schema.org\",\"@graph\":[{\"@type\":\"WebSite\",\"@id\":\"https:\/\/www.visit-ulcinj.com\/blog\/#website\",\"url\":\"https:\/\/www.visit-ulcinj.com\/blog\/\",\"name\":\"Lajme nga Ulqini\",\"description\":\"Lajme,Vijesti,Ulqini,Ulqin,Crna Gora,Mali i Zi\",\"potentialAction\":[{\"@type\":\"SearchAction\",\"target\":{\"@type\":\"EntryPoint\",\"urlTemplate\":\"https:\/\/www.visit-ulcinj.com\/blog\/?s={search_term_string}\"},\"query-input\":\"required name=search_term_string\"}],\"inLanguage\":\"en-US\"},{\"@type\":\"ImageObject\",\"inLanguage\":\"en-US\",\"@id\":\"https:\/\/www.visit-ulcinj.com\/blog\/2009\/04\/29\/adelda-ne-itali\/#primaryimage\",\"url\":\"http:\/\/www.visit-ulcinj.com\/blog\/wp-content\/uploads\/2009\/04\/batuta-adela-itali27.jpg\",\"contentUrl\":\"http:\/\/www.visit-ulcinj.com\/blog\/wp-content\/uploads\/2009\/04\/batuta-adela-itali27.jpg\"},{\"@type\":\"WebPage\",\"@id\":\"https:\/\/www.visit-ulcinj.com\/blog\/2009\/04\/29\/adelda-ne-itali\/#webpage\",\"url\":\"https:\/\/www.visit-ulcinj.com\/blog\/2009\/04\/29\/adelda-ne-itali\/\",\"name\":\"Adelda n\u00c3\u00ab Itali | Big Brother Albania 2\",\"isPartOf\":{\"@id\":\"https:\/\/www.visit-ulcinj.com\/blog\/#website\"},\"primaryImageOfPage\":{\"@id\":\"https:\/\/www.visit-ulcinj.com\/blog\/2009\/04\/29\/adelda-ne-itali\/#primaryimage\"},\"datePublished\":\"2009-04-28T22:30:50+00:00\",\"dateModified\":\"2009-04-28T22:30:50+00:00\",\"author\":{\"@id\":\"https:\/\/www.visit-ulcinj.com\/blog\/#\/schema\/person\/dcab619c614d3038751c63bc2aadc06d\"},\"description\":\"Big Brother Albania 2 - Adi duke diskutuar p\u00c3\u00abr daljen nga \u00e2\u20ac\u0153Big Brother\u00e2\u20ac\u009d fillon ngacmon Adelajd\u00c3\u00abn n\u00c3\u00ab lidhje me Bjordin. Ai fillon t\u00c3\u00ab fantazoj\u00c3\u00ab sikur Adelajda shkon n\u00c3\u00ab Itali tek Bjordi\",\"breadcrumb\":{\"@id\":\"https:\/\/www.visit-ulcinj.com\/blog\/2009\/04\/29\/adelda-ne-itali\/#breadcrumb\"},\"inLanguage\":\"en-US\",\"potentialAction\":[{\"@type\":\"ReadAction\",\"target\":[\"https:\/\/www.visit-ulcinj.com\/blog\/2009\/04\/29\/adelda-ne-itali\/\"]}]},{\"@type\":\"BreadcrumbList\",\"@id\":\"https:\/\/www.visit-ulcinj.com\/blog\/2009\/04\/29\/adelda-ne-itali\/#breadcrumb\",\"itemListElement\":[{\"@type\":\"ListItem\",\"position\":1,\"name\":\"Adelda n\u00eb Itali\"}]},{\"@type\":\"Person\",\"@id\":\"https:\/\/www.visit-ulcinj.com\/blog\/#\/schema\/person\/dcab619c614d3038751c63bc2aadc06d\",\"name\":\"ulqini\",\"sameAs\":[\"http:\/\/www.visit-ulcinj.com\"],\"url\":\"https:\/\/www.visit-ulcinj.com\/blog\/author\/admin\/\"}]}<\/script>\n<!-- \/ Yoast SEO plugin. -->","yoast_head_json":{"title":"Adelda n\u00c3\u00ab Itali | Big Brother Albania 2","description":"Big Brother Albania 2 - Adi duke diskutuar p\u00c3\u00abr daljen nga \u00e2\u20ac\u0153Big Brother\u00e2\u20ac\u009d fillon ngacmon Adelajd\u00c3\u00abn n\u00c3\u00ab lidhje me Bjordin. Ai fillon t\u00c3\u00ab fantazoj\u00c3\u00ab sikur Adelajda shkon n\u00c3\u00ab Itali tek Bjordi","robots":{"index":"index","follow":"follow","max-snippet":"max-snippet:-1","max-image-preview":"max-image-preview:large","max-video-preview":"max-video-preview:-1"},"canonical":"https:\/\/www.visit-ulcinj.com\/blog\/2009\/04\/29\/adelda-ne-itali\/","og_locale":"en_US","og_type":"article","og_title":"Adelda n\u00c3\u00ab Itali | Big Brother Albania 2","og_description":"Big Brother Albania 2 - Adi duke diskutuar p\u00c3\u00abr daljen nga \u00e2\u20ac\u0153Big Brother\u00e2\u20ac\u009d fillon ngacmon Adelajd\u00c3\u00abn n\u00c3\u00ab lidhje me Bjordin. Ai fillon t\u00c3\u00ab fantazoj\u00c3\u00ab sikur Adelajda shkon n\u00c3\u00ab Itali tek Bjordi","og_url":"https:\/\/www.visit-ulcinj.com\/blog\/2009\/04\/29\/adelda-ne-itali\/","og_site_name":"Lajme nga Ulqini","article_published_time":"2009-04-28T22:30:50+00:00","og_image":[{"url":"http:\/\/www.visit-ulcinj.com\/blog\/wp-content\/uploads\/2009\/04\/batuta-adela-itali27.jpg"}],"twitter_misc":{"Written by":"ulqini","Est. reading time":"1 minute"},"schema":{"@context":"https:\/\/schema.org","@graph":[{"@type":"WebSite","@id":"https:\/\/www.visit-ulcinj.com\/blog\/#website","url":"https:\/\/www.visit-ulcinj.com\/blog\/","name":"Lajme nga Ulqini","description":"Lajme,Vijesti,Ulqini,Ulqin,Crna Gora,Mali i Zi","potentialAction":[{"@type":"SearchAction","target":{"@type":"EntryPoint","urlTemplate":"https:\/\/www.visit-ulcinj.com\/blog\/?s={search_term_string}"},"query-input":"required name=search_term_string"}],"inLanguage":"en-US"},{"@type":"ImageObject","inLanguage":"en-US","@id":"https:\/\/www.visit-ulcinj.com\/blog\/2009\/04\/29\/adelda-ne-itali\/#primaryimage","url":"http:\/\/www.visit-ulcinj.com\/blog\/wp-content\/uploads\/2009\/04\/batuta-adela-itali27.jpg","contentUrl":"http:\/\/www.visit-ulcinj.com\/blog\/wp-content\/uploads\/2009\/04\/batuta-adela-itali27.jpg"},{"@type":"WebPage","@id":"https:\/\/www.visit-ulcinj.com\/blog\/2009\/04\/29\/adelda-ne-itali\/#webpage","url":"https:\/\/www.visit-ulcinj.com\/blog\/2009\/04\/29\/adelda-ne-itali\/","name":"Adelda n\u00c3\u00ab Itali | Big Brother Albania 2","isPartOf":{"@id":"https:\/\/www.visit-ulcinj.com\/blog\/#website"},"primaryImageOfPage":{"@id":"https:\/\/www.visit-ulcinj.com\/blog\/2009\/04\/29\/adelda-ne-itali\/#primaryimage"},"datePublished":"2009-04-28T22:30:50+00:00","dateModified":"2009-04-28T22:30:50+00:00","author":{"@id":"https:\/\/www.visit-ulcinj.com\/blog\/#\/schema\/person\/dcab619c614d3038751c63bc2aadc06d"},"description":"Big Brother Albania 2 - Adi duke diskutuar p\u00c3\u00abr daljen nga \u00e2\u20ac\u0153Big Brother\u00e2\u20ac\u009d fillon ngacmon Adelajd\u00c3\u00abn n\u00c3\u00ab lidhje me Bjordin. Ai fillon t\u00c3\u00ab fantazoj\u00c3\u00ab sikur Adelajda shkon n\u00c3\u00ab Itali tek Bjordi","breadcrumb":{"@id":"https:\/\/www.visit-ulcinj.com\/blog\/2009\/04\/29\/adelda-ne-itali\/#breadcrumb"},"inLanguage":"en-US","potentialAction":[{"@type":"ReadAction","target":["https:\/\/www.visit-ulcinj.com\/blog\/2009\/04\/29\/adelda-ne-itali\/"]}]},{"@type":"BreadcrumbList","@id":"https:\/\/www.visit-ulcinj.com\/blog\/2009\/04\/29\/adelda-ne-itali\/#breadcrumb","itemListElement":[{"@type":"ListItem","position":1,"name":"Adelda n\u00eb Itali"}]},{"@type":"Person","@id":"https:\/\/www.visit-ulcinj.com\/blog\/#\/schema\/person\/dcab619c614d3038751c63bc2aadc06d","name":"ulqini","sameAs":["http:\/\/www.visit-ulcinj.com"],"url":"https:\/\/www.visit-ulcinj.com\/blog\/author\/admin\/"}]}},"jetpack_featured_media_url":"","jetpack_sharing_enabled":true,"jetpack_shortlink":"https:\/\/wp.me\/pe6lTn-55K","_links":{"self":[{"href":"https:\/\/www.visit-ulcinj.com\/blog\/wp-json\/wp\/v2\/posts\/19576"}],"collection":[{"href":"https:\/\/www.visit-ulcinj.com\/blog\/wp-json\/wp\/v2\/posts"}],"about":[{"href":"https:\/\/www.visit-ulcinj.com\/blog\/wp-json\/wp\/v2\/types\/post"}],"author":[{"embeddable":true,"href":"https:\/\/www.visit-ulcinj.com\/blog\/wp-json\/wp\/v2\/users\/1"}],"replies":[{"embeddable":true,"href":"https:\/\/www.visit-ulcinj.com\/blog\/wp-json\/wp\/v2\/comments?post=19576"}],"version-history":[{"count":0,"href":"https:\/\/www.visit-ulcinj.com\/blog\/wp-json\/wp\/v2\/posts\/19576\/revisions"}],"wp:attachment":[{"href":"https:\/\/www.visit-ulcinj.com\/blog\/wp-json\/wp\/v2\/media?parent=19576"}],"wp:term":[{"taxonomy":"category","embeddable":true,"href":"https:\/\/www.visit-ulcinj.com\/blog\/wp-json\/wp\/v2\/categories?post=19576"},{"taxonomy":"post_tag","embeddable":true,"href":"https:\/\/www.visit-ulcinj.com\/blog\/wp-json\/wp\/v2\/tags?post=19576"}],"curies":[{"name":"wp","href":"https:\/\/api.w.org\/{rel}","templated":true}]}}