{"id":19610,"date":"2009-04-29T17:44:26","date_gmt":"2009-04-29T15:44:26","guid":{"rendered":"http:\/\/www.visit-ulcinj.com\/blog\/?p=19610"},"modified":"2009-04-29T17:44:26","modified_gmt":"2009-04-29T15:44:26","slug":"protestni-skup-udruzenja-za-vracanje-imovine-u-ulcinju","status":"publish","type":"post","link":"https:\/\/www.visit-ulcinj.com\/blog\/2009\/04\/29\/protestni-skup-udruzenja-za-vracanje-imovine-u-ulcinju\/","title":{"rendered":"Protestni skup udru\u017eenja za vra?anje imovine u ulcinju"},"content":{"rendered":"<p><strong><a href=\"http:\/\/www.visit-ulcinj.com\/blog\/wp-content\/uploads\/2009\/04\/udruzenje-za-povracaj-maslinada-u-ulcinju-_crna-gora.jpg\"><img loading=\"lazy\" class=\"alignleft size-full wp-image-19611\" title=\"udruzenje-za-povracaj-maslinada-u-ulcinju-_crna-gora\" src=\"http:\/\/www.visit-ulcinj.com\/blog\/wp-content\/uploads\/2009\/04\/udruzenje-za-povracaj-maslinada-u-ulcinju-_crna-gora.jpg\" alt=\"udruzenje-za-povracaj-maslinada-u-ulcinju-_crna-gora\" width=\"570\" height=\"400\" \/><\/a>Valdanos vratiti vlasnicima<\/strong><br \/>\nUdru\u017eenje za povra?aj maslinada u Ulcinju apelovalo je sino? na dr\u017eavne organe da po\u0161tuju zakone i oduzetu imovinu u Valdanosu vrate biv\u0161im vlasnicima. Na skupu, koji je odr\u017ean povodom okon?anja tendera za najljep\u0161u ulcinjsku uvalu, u prepunoj sali Skup\u0161tine op\u0161tine Ulcinj, poru?eno je da ?e se biv\u0161i vlasnici za imovinu boriti svim demokratskim sredstvima. Predsjednik Udru\u017eenja i nekada\u0161nji gradona?elnik Ulcinja Batko ?akonovi? kazao je da ?e se, kada iscrpe sva sredstva pred doma?im institucijama, obratiti sudu u Strazburu, me?unarodnim organizacijama i stranim ambasadama.<br \/>\n&#8211; Ovim zahtjevima \u017eelimo da pomognemo Crnoj Gori da po\u0161tuje svoje zakone, jer jedino tako mo\u017eemo u EU, \u0161to svi \u017eelimo &#8211; kazao je ?akonovi?, podsje?aju?i da je 300 hektara zemlji\u0161ta 18 hiljada maslina izuzeto za izgradnju vojne baze u Valdanosu.<br \/>\n&#8211; Vojna baza nikada nije izgra?ena, \u0161to zna?i da zemlji\u0161te nije privedeno namjeni i da treba da se vrati. Ulcinj je do\u017eivio veliku nepravdu, jer jedino njegovim stanovnicima nije vra?eno poljoprivredno zemlji\u0161te &#8211; istakao je ?akonovi?, dodaju?i da su u nekoliko navrata o tome bez rezultata razgovarali sa potpredsjednicima Vlade.<br \/>\nAdvokat Udru\u017eenja Mustafa ?apuni kazao je da su svi zakoni na strani biv\u0161ih vlasnika, ali i istakao da Crna Gora ne po\u0161tuje nijedan zakon koji je donijela.<br \/>\n&#8211; Ako ne mo\u017eemo da obnavljamo maslinjak, po\u0161umljavamo djelove op\u0161tine, onda za\u0161titimo 18 hiljada stabala maslina vra?anjem vlasnicima. Takvo rje\u0161enje je najbolje za dru\u0161tvo u cijelini, u skladu je sa zakonima i me?unarodnim pravom i prirodno je &#8211; poru?io je ?apuni.<br \/>\nPrisutni su podr\u017eali aktivnosti Udru\u017eenja. Iako su bili pozvani, nijesu do\u0161li predstavnici Vlade, a od predstvanika lokalne vlasti bio je prisutan jedino gradona?elnik Gzim Hajdinaga.<br \/>\nPobjednik na tenderu za Valdanos je britanska kompanija Kubus luks, koja posluje i u susjednoj Hrvatskoj.<\/p>\n<p><strong>M.K.<br \/>\n<a href=\"http:\/\/www.dan.cg.yu\/index.php?nivo=3&amp;rubrika=Ekonomija&amp;datum=2009-04-28&amp;clanak=185112\" target=\"_blank\">DAN <\/a><\/strong><\/p>\n<!--YouTube Error: bad URL entered-->\n","protected":false},"excerpt":{"rendered":"<p>Valdanos vratiti vlasnicima Udru\u017eenje za povra?aj maslinada u Ulcinju apelovalo je sino? na dr\u017eavne organe da po\u0161tuju zakone i oduzetu imovinu u Valdanosu vrate biv\u0161im vlasnicima. Na skupu, koji je odr\u017ean povodom okon?anja tendera za najljep\u0161u ulcinjsku uvalu, u prepunoj sali Skup\u0161tine op\u0161tine Ulcinj, poru?eno je da ?e se biv\u0161i vlasnici za imovinu boriti svim [&hellip;]<\/p>\n","protected":false},"author":1,"featured_media":0,"comment_status":"open","ping_status":"closed","sticky":false,"template":"","format":"standard","meta":{"spay_email":"","jetpack_publicize_message":"","jetpack_is_tweetstorm":false,"jetpack_publicize_feature_enabled":true},"categories":[8337],"tags":[9758,9759,9760,2491,2775,9757,136],"jetpack_publicize_connections":[],"yoast_head":"<!-- This site is optimized with the Yoast SEO plugin v19.1 - https:\/\/yoast.com\/wordpress\/plugins\/seo\/ -->\n<title>Protestni skup udru\u017eenja za vra?anje imovine u ulcinju - Lajme nga Ulqini<\/title>\n<meta name=\"description\" content=\"Valdanos vratiti vlasnicima Udru\u017eenje za povra?aj maslinada u Ulcinju apelovalo je sino? na dr\u017eavne organe da po\u0161tuju zakone i oduzetu imovinu u Valdanosu\" \/>\n<meta name=\"robots\" content=\"index, follow, max-snippet:-1, max-image-preview:large, max-video-preview:-1\" \/>\n<link rel=\"canonical\" href=\"https:\/\/www.visit-ulcinj.com\/blog\/2009\/04\/29\/protestni-skup-udruzenja-za-vracanje-imovine-u-ulcinju\/\" \/>\n<meta property=\"og:locale\" content=\"en_US\" \/>\n<meta property=\"og:type\" content=\"article\" \/>\n<meta property=\"og:title\" content=\"Protestni skup udru\u017eenja za vra?anje imovine u ulcinju - Lajme nga Ulqini\" \/>\n<meta property=\"og:description\" content=\"Valdanos vratiti vlasnicima Udru\u017eenje za povra?aj maslinada u Ulcinju apelovalo je sino? na dr\u017eavne organe da po\u0161tuju zakone i oduzetu imovinu u Valdanosu\" \/>\n<meta property=\"og:url\" content=\"https:\/\/www.visit-ulcinj.com\/blog\/2009\/04\/29\/protestni-skup-udruzenja-za-vracanje-imovine-u-ulcinju\/\" \/>\n<meta property=\"og:site_name\" content=\"Lajme nga Ulqini\" \/>\n<meta property=\"article:published_time\" content=\"2009-04-29T15:44:26+00:00\" \/>\n<meta property=\"og:image\" content=\"http:\/\/www.visit-ulcinj.com\/blog\/wp-content\/uploads\/2009\/04\/udruzenje-za-povracaj-maslinada-u-ulcinju-_crna-gora.jpg\" \/>\n<meta name=\"twitter:label1\" content=\"Written by\" \/>\n\t<meta name=\"twitter:data1\" content=\"ulqini\" \/>\n\t<meta name=\"twitter:label2\" content=\"Est. reading time\" \/>\n\t<meta name=\"twitter:data2\" content=\"2 minutes\" \/>\n<script type=\"application\/ld+json\" class=\"yoast-schema-graph\">{\"@context\":\"https:\/\/schema.org\",\"@graph\":[{\"@type\":\"WebSite\",\"@id\":\"https:\/\/www.visit-ulcinj.com\/blog\/#website\",\"url\":\"https:\/\/www.visit-ulcinj.com\/blog\/\",\"name\":\"Lajme nga Ulqini\",\"description\":\"Lajme,Vijesti,Ulqini,Ulqin,Crna Gora,Mali i Zi\",\"potentialAction\":[{\"@type\":\"SearchAction\",\"target\":{\"@type\":\"EntryPoint\",\"urlTemplate\":\"https:\/\/www.visit-ulcinj.com\/blog\/?s={search_term_string}\"},\"query-input\":\"required name=search_term_string\"}],\"inLanguage\":\"en-US\"},{\"@type\":\"ImageObject\",\"inLanguage\":\"en-US\",\"@id\":\"https:\/\/www.visit-ulcinj.com\/blog\/2009\/04\/29\/protestni-skup-udruzenja-za-vracanje-imovine-u-ulcinju\/#primaryimage\",\"url\":\"http:\/\/www.visit-ulcinj.com\/blog\/wp-content\/uploads\/2009\/04\/udruzenje-za-povracaj-maslinada-u-ulcinju-_crna-gora.jpg\",\"contentUrl\":\"http:\/\/www.visit-ulcinj.com\/blog\/wp-content\/uploads\/2009\/04\/udruzenje-za-povracaj-maslinada-u-ulcinju-_crna-gora.jpg\"},{\"@type\":\"WebPage\",\"@id\":\"https:\/\/www.visit-ulcinj.com\/blog\/2009\/04\/29\/protestni-skup-udruzenja-za-vracanje-imovine-u-ulcinju\/#webpage\",\"url\":\"https:\/\/www.visit-ulcinj.com\/blog\/2009\/04\/29\/protestni-skup-udruzenja-za-vracanje-imovine-u-ulcinju\/\",\"name\":\"Protestni skup udru\u017eenja za vra?anje imovine u ulcinju - Lajme nga Ulqini\",\"isPartOf\":{\"@id\":\"https:\/\/www.visit-ulcinj.com\/blog\/#website\"},\"primaryImageOfPage\":{\"@id\":\"https:\/\/www.visit-ulcinj.com\/blog\/2009\/04\/29\/protestni-skup-udruzenja-za-vracanje-imovine-u-ulcinju\/#primaryimage\"},\"datePublished\":\"2009-04-29T15:44:26+00:00\",\"dateModified\":\"2009-04-29T15:44:26+00:00\",\"author\":{\"@id\":\"https:\/\/www.visit-ulcinj.com\/blog\/#\/schema\/person\/dcab619c614d3038751c63bc2aadc06d\"},\"description\":\"Valdanos vratiti vlasnicima Udru\u017eenje za povra?aj maslinada u Ulcinju apelovalo je sino? na dr\u017eavne organe da po\u0161tuju zakone i oduzetu imovinu u Valdanosu\",\"breadcrumb\":{\"@id\":\"https:\/\/www.visit-ulcinj.com\/blog\/2009\/04\/29\/protestni-skup-udruzenja-za-vracanje-imovine-u-ulcinju\/#breadcrumb\"},\"inLanguage\":\"en-US\",\"potentialAction\":[{\"@type\":\"ReadAction\",\"target\":[\"https:\/\/www.visit-ulcinj.com\/blog\/2009\/04\/29\/protestni-skup-udruzenja-za-vracanje-imovine-u-ulcinju\/\"]}]},{\"@type\":\"BreadcrumbList\",\"@id\":\"https:\/\/www.visit-ulcinj.com\/blog\/2009\/04\/29\/protestni-skup-udruzenja-za-vracanje-imovine-u-ulcinju\/#breadcrumb\",\"itemListElement\":[{\"@type\":\"ListItem\",\"position\":1,\"name\":\"Protestni skup udru\u017eenja za vra?anje imovine u ulcinju\"}]},{\"@type\":\"Person\",\"@id\":\"https:\/\/www.visit-ulcinj.com\/blog\/#\/schema\/person\/dcab619c614d3038751c63bc2aadc06d\",\"name\":\"ulqini\",\"sameAs\":[\"http:\/\/www.visit-ulcinj.com\"],\"url\":\"https:\/\/www.visit-ulcinj.com\/blog\/author\/admin\/\"}]}<\/script>\n<!-- \/ Yoast SEO plugin. -->","yoast_head_json":{"title":"Protestni skup udru\u017eenja za vra?anje imovine u ulcinju - Lajme nga Ulqini","description":"Valdanos vratiti vlasnicima Udru\u017eenje za povra?aj maslinada u Ulcinju apelovalo je sino? na dr\u017eavne organe da po\u0161tuju zakone i oduzetu imovinu u Valdanosu","robots":{"index":"index","follow":"follow","max-snippet":"max-snippet:-1","max-image-preview":"max-image-preview:large","max-video-preview":"max-video-preview:-1"},"canonical":"https:\/\/www.visit-ulcinj.com\/blog\/2009\/04\/29\/protestni-skup-udruzenja-za-vracanje-imovine-u-ulcinju\/","og_locale":"en_US","og_type":"article","og_title":"Protestni skup udru\u017eenja za vra?anje imovine u ulcinju - Lajme nga Ulqini","og_description":"Valdanos vratiti vlasnicima Udru\u017eenje za povra?aj maslinada u Ulcinju apelovalo je sino? na dr\u017eavne organe da po\u0161tuju zakone i oduzetu imovinu u Valdanosu","og_url":"https:\/\/www.visit-ulcinj.com\/blog\/2009\/04\/29\/protestni-skup-udruzenja-za-vracanje-imovine-u-ulcinju\/","og_site_name":"Lajme nga Ulqini","article_published_time":"2009-04-29T15:44:26+00:00","og_image":[{"url":"http:\/\/www.visit-ulcinj.com\/blog\/wp-content\/uploads\/2009\/04\/udruzenje-za-povracaj-maslinada-u-ulcinju-_crna-gora.jpg"}],"twitter_misc":{"Written by":"ulqini","Est. reading time":"2 minutes"},"schema":{"@context":"https:\/\/schema.org","@graph":[{"@type":"WebSite","@id":"https:\/\/www.visit-ulcinj.com\/blog\/#website","url":"https:\/\/www.visit-ulcinj.com\/blog\/","name":"Lajme nga Ulqini","description":"Lajme,Vijesti,Ulqini,Ulqin,Crna Gora,Mali i Zi","potentialAction":[{"@type":"SearchAction","target":{"@type":"EntryPoint","urlTemplate":"https:\/\/www.visit-ulcinj.com\/blog\/?s={search_term_string}"},"query-input":"required name=search_term_string"}],"inLanguage":"en-US"},{"@type":"ImageObject","inLanguage":"en-US","@id":"https:\/\/www.visit-ulcinj.com\/blog\/2009\/04\/29\/protestni-skup-udruzenja-za-vracanje-imovine-u-ulcinju\/#primaryimage","url":"http:\/\/www.visit-ulcinj.com\/blog\/wp-content\/uploads\/2009\/04\/udruzenje-za-povracaj-maslinada-u-ulcinju-_crna-gora.jpg","contentUrl":"http:\/\/www.visit-ulcinj.com\/blog\/wp-content\/uploads\/2009\/04\/udruzenje-za-povracaj-maslinada-u-ulcinju-_crna-gora.jpg"},{"@type":"WebPage","@id":"https:\/\/www.visit-ulcinj.com\/blog\/2009\/04\/29\/protestni-skup-udruzenja-za-vracanje-imovine-u-ulcinju\/#webpage","url":"https:\/\/www.visit-ulcinj.com\/blog\/2009\/04\/29\/protestni-skup-udruzenja-za-vracanje-imovine-u-ulcinju\/","name":"Protestni skup udru\u017eenja za vra?anje imovine u ulcinju - Lajme nga Ulqini","isPartOf":{"@id":"https:\/\/www.visit-ulcinj.com\/blog\/#website"},"primaryImageOfPage":{"@id":"https:\/\/www.visit-ulcinj.com\/blog\/2009\/04\/29\/protestni-skup-udruzenja-za-vracanje-imovine-u-ulcinju\/#primaryimage"},"datePublished":"2009-04-29T15:44:26+00:00","dateModified":"2009-04-29T15:44:26+00:00","author":{"@id":"https:\/\/www.visit-ulcinj.com\/blog\/#\/schema\/person\/dcab619c614d3038751c63bc2aadc06d"},"description":"Valdanos vratiti vlasnicima Udru\u017eenje za povra?aj maslinada u Ulcinju apelovalo je sino? na dr\u017eavne organe da po\u0161tuju zakone i oduzetu imovinu u Valdanosu","breadcrumb":{"@id":"https:\/\/www.visit-ulcinj.com\/blog\/2009\/04\/29\/protestni-skup-udruzenja-za-vracanje-imovine-u-ulcinju\/#breadcrumb"},"inLanguage":"en-US","potentialAction":[{"@type":"ReadAction","target":["https:\/\/www.visit-ulcinj.com\/blog\/2009\/04\/29\/protestni-skup-udruzenja-za-vracanje-imovine-u-ulcinju\/"]}]},{"@type":"BreadcrumbList","@id":"https:\/\/www.visit-ulcinj.com\/blog\/2009\/04\/29\/protestni-skup-udruzenja-za-vracanje-imovine-u-ulcinju\/#breadcrumb","itemListElement":[{"@type":"ListItem","position":1,"name":"Protestni skup udru\u017eenja za vra?anje imovine u ulcinju"}]},{"@type":"Person","@id":"https:\/\/www.visit-ulcinj.com\/blog\/#\/schema\/person\/dcab619c614d3038751c63bc2aadc06d","name":"ulqini","sameAs":["http:\/\/www.visit-ulcinj.com"],"url":"https:\/\/www.visit-ulcinj.com\/blog\/author\/admin\/"}]}},"jetpack_featured_media_url":"","jetpack_sharing_enabled":true,"jetpack_shortlink":"https:\/\/wp.me\/pe6lTn-56i","_links":{"self":[{"href":"https:\/\/www.visit-ulcinj.com\/blog\/wp-json\/wp\/v2\/posts\/19610"}],"collection":[{"href":"https:\/\/www.visit-ulcinj.com\/blog\/wp-json\/wp\/v2\/posts"}],"about":[{"href":"https:\/\/www.visit-ulcinj.com\/blog\/wp-json\/wp\/v2\/types\/post"}],"author":[{"embeddable":true,"href":"https:\/\/www.visit-ulcinj.com\/blog\/wp-json\/wp\/v2\/users\/1"}],"replies":[{"embeddable":true,"href":"https:\/\/www.visit-ulcinj.com\/blog\/wp-json\/wp\/v2\/comments?post=19610"}],"version-history":[{"count":0,"href":"https:\/\/www.visit-ulcinj.com\/blog\/wp-json\/wp\/v2\/posts\/19610\/revisions"}],"wp:attachment":[{"href":"https:\/\/www.visit-ulcinj.com\/blog\/wp-json\/wp\/v2\/media?parent=19610"}],"wp:term":[{"taxonomy":"category","embeddable":true,"href":"https:\/\/www.visit-ulcinj.com\/blog\/wp-json\/wp\/v2\/categories?post=19610"},{"taxonomy":"post_tag","embeddable":true,"href":"https:\/\/www.visit-ulcinj.com\/blog\/wp-json\/wp\/v2\/tags?post=19610"}],"curies":[{"name":"wp","href":"https:\/\/api.w.org\/{rel}","templated":true}]}}