{"id":19614,"date":"2009-04-29T18:00:12","date_gmt":"2009-04-29T16:00:12","guid":{"rendered":"http:\/\/www.visit-ulcinj.com\/blog\/?p=19614"},"modified":"2009-04-29T18:00:12","modified_gmt":"2009-04-29T16:00:12","slug":"severina-stize-u-ulcinj","status":"publish","type":"post","link":"https:\/\/www.visit-ulcinj.com\/blog\/2009\/04\/29\/severina-stize-u-ulcinj\/","title":{"rendered":"Severina sti\u017ee u Ulcinj"},"content":{"rendered":"<p><strong><a href=\"http:\/\/www.visit-ulcinj.com\/blog\/wp-content\/uploads\/2009\/04\/severina-vuckovic_ulcinj.jpg\"><img loading=\"lazy\" class=\"alignleft size-full wp-image-19615\" title=\"severina-vuckovic_ulcinj\" src=\"http:\/\/www.visit-ulcinj.com\/blog\/wp-content\/uploads\/2009\/04\/severina-vuckovic_ulcinj.jpg\" alt=\"severina-vuckovic_ulcinj\" width=\"570\" height=\"300\" \/><\/a>Sjutra ve?e koncert popularne hrvatske pjeva?ice<\/strong><br \/>\nUlcinj &#8211; Hrvatska pop pjeva?ica Severina Vu?kovi? pjeva?e na ulcinjskom Pristanu sjutra ve?e, povodom sve?anog otvaranja stare gradske ?ar\u0161ije.<br \/>\nU kabinetu gradona?elnika Gzima Hajdinage \u201cVijestima\u201d je ju?e potvr?eno da ?e nastup popularne Seve i njenog deseto?lanog benda, po?eti u 21 ?as i trajati do pono?i.<br \/>\nFe\u0161ta ?e, kako su organizatori planirali, po?eti dva sata prije koncerta, na sve?anosti povodom formalnog otvaranja ?ar\u0161ije na kru\u017enom toku gdje ?e pjevati Pljevaljski tambura\u0161i i ulcinjska klapa \u201cBurimi\u201d.<br \/>\nSve?anost ?e upotpuniti vlasnici restorana od kru\u017enog toka do Prve banke, koji ?e ispred svojih lokala iznijeti i besplatno dijeliti tradicionalne specijalitete ulcinjske kuhinje.<br \/>\nUre?enje dijela ?ar\u0161ije, koje se sastojalo u kaldrmisanju ulice od kru\u017enog toka do Prve banke, postavljanju adekvatnih kandelabera i javne rasvjete, jednoobraznom kre?enju fasada i kompletnoj izmjeni komunalne infrastrukture, po?elo je u januaru.<br \/>\nMilionska investicija kasnila je zbog obilnih padavina tokom posljednja dva i po mjeseca, zbog ?ega ?ar\u0161ija nije mogla biti otvorena 4. aprila na Dan Ulcinja, kako je prvobitno bilo planirano.<br \/>\nDruga faza projekta, kada ?e kaldrma biti postavljena u Novoj mahali do d\u017eamije i ulicom koja povezuje taj dio grada sa glavnom saobra?ajnicom kod \u201cBonite\u201d, kako je ranije najavljeno, bi?e realizovana nakon ljeta.<\/p>\n<p><strong>S.A.<br \/>\n<a href=\"http:\/\/www.vijesti.cg.yu\/index.php?id_pre=303218&amp;godina=2009\" target=\"_blank\">Vijesti<\/a><\/strong><\/p>\n<!--YouTube Error: bad URL entered-->\n","protected":false},"excerpt":{"rendered":"<p>Sjutra ve?e koncert popularne hrvatske pjeva?ice Ulcinj &#8211; Hrvatska pop pjeva?ica Severina Vu?kovi? pjeva?e na ulcinjskom Pristanu sjutra ve?e, povodom sve?anog otvaranja stare gradske ?ar\u0161ije. U kabinetu gradona?elnika Gzima Hajdinage \u201cVijestima\u201d je ju?e potvr?eno da ?e nastup popularne Seve i njenog deseto?lanog benda, po?eti u 21 ?as i trajati do pono?i. Fe\u0161ta ?e, kako su [&hellip;]<\/p>\n","protected":false},"author":1,"featured_media":0,"comment_status":"open","ping_status":"closed","sticky":false,"template":"","format":"standard","meta":{"spay_email":"","jetpack_publicize_message":"","jetpack_is_tweetstorm":false,"jetpack_publicize_feature_enabled":true},"categories":[8337],"tags":[9766,9767,9768,9761,9765,9762,9764,9208,19,9763],"jetpack_publicize_connections":[],"yoast_head":"<!-- This site is optimized with the Yoast SEO plugin v19.1 - https:\/\/yoast.com\/wordpress\/plugins\/seo\/ -->\n<title>Severina sti\u017ee u Ulcinj - Lajme nga Ulqini<\/title>\n<meta name=\"description\" content=\"Sjutra ve?e koncert popularne hrvatske pjeva?ice Ulcinj - Hrvatska pop pjeva?ica Severina Vu?kovi? pjeva?e na ulcinjskom Pristanu sjutra ve?e, povodom\" \/>\n<meta name=\"robots\" content=\"index, follow, max-snippet:-1, max-image-preview:large, max-video-preview:-1\" \/>\n<link rel=\"canonical\" href=\"https:\/\/www.visit-ulcinj.com\/blog\/2009\/04\/29\/severina-stize-u-ulcinj\/\" \/>\n<meta property=\"og:locale\" content=\"en_US\" \/>\n<meta property=\"og:type\" content=\"article\" \/>\n<meta property=\"og:title\" content=\"Severina sti\u017ee u Ulcinj - Lajme nga Ulqini\" \/>\n<meta property=\"og:description\" content=\"Sjutra ve?e koncert popularne hrvatske pjeva?ice Ulcinj - Hrvatska pop pjeva?ica Severina Vu?kovi? pjeva?e na ulcinjskom Pristanu sjutra ve?e, povodom\" \/>\n<meta property=\"og:url\" content=\"https:\/\/www.visit-ulcinj.com\/blog\/2009\/04\/29\/severina-stize-u-ulcinj\/\" \/>\n<meta property=\"og:site_name\" content=\"Lajme nga Ulqini\" \/>\n<meta property=\"article:published_time\" content=\"2009-04-29T16:00:12+00:00\" \/>\n<meta property=\"og:image\" content=\"http:\/\/www.visit-ulcinj.com\/blog\/wp-content\/uploads\/2009\/04\/severina-vuckovic_ulcinj.jpg\" \/>\n<meta name=\"twitter:label1\" content=\"Written by\" \/>\n\t<meta name=\"twitter:data1\" content=\"ulqini\" \/>\n\t<meta name=\"twitter:label2\" content=\"Est. reading time\" \/>\n\t<meta name=\"twitter:data2\" content=\"1 minute\" \/>\n<script type=\"application\/ld+json\" class=\"yoast-schema-graph\">{\"@context\":\"https:\/\/schema.org\",\"@graph\":[{\"@type\":\"WebSite\",\"@id\":\"https:\/\/www.visit-ulcinj.com\/blog\/#website\",\"url\":\"https:\/\/www.visit-ulcinj.com\/blog\/\",\"name\":\"Lajme nga Ulqini\",\"description\":\"Lajme,Vijesti,Ulqini,Ulqin,Crna Gora,Mali i Zi\",\"potentialAction\":[{\"@type\":\"SearchAction\",\"target\":{\"@type\":\"EntryPoint\",\"urlTemplate\":\"https:\/\/www.visit-ulcinj.com\/blog\/?s={search_term_string}\"},\"query-input\":\"required name=search_term_string\"}],\"inLanguage\":\"en-US\"},{\"@type\":\"ImageObject\",\"inLanguage\":\"en-US\",\"@id\":\"https:\/\/www.visit-ulcinj.com\/blog\/2009\/04\/29\/severina-stize-u-ulcinj\/#primaryimage\",\"url\":\"http:\/\/www.visit-ulcinj.com\/blog\/wp-content\/uploads\/2009\/04\/severina-vuckovic_ulcinj.jpg\",\"contentUrl\":\"http:\/\/www.visit-ulcinj.com\/blog\/wp-content\/uploads\/2009\/04\/severina-vuckovic_ulcinj.jpg\"},{\"@type\":\"WebPage\",\"@id\":\"https:\/\/www.visit-ulcinj.com\/blog\/2009\/04\/29\/severina-stize-u-ulcinj\/#webpage\",\"url\":\"https:\/\/www.visit-ulcinj.com\/blog\/2009\/04\/29\/severina-stize-u-ulcinj\/\",\"name\":\"Severina sti\u017ee u Ulcinj - Lajme nga Ulqini\",\"isPartOf\":{\"@id\":\"https:\/\/www.visit-ulcinj.com\/blog\/#website\"},\"primaryImageOfPage\":{\"@id\":\"https:\/\/www.visit-ulcinj.com\/blog\/2009\/04\/29\/severina-stize-u-ulcinj\/#primaryimage\"},\"datePublished\":\"2009-04-29T16:00:12+00:00\",\"dateModified\":\"2009-04-29T16:00:12+00:00\",\"author\":{\"@id\":\"https:\/\/www.visit-ulcinj.com\/blog\/#\/schema\/person\/dcab619c614d3038751c63bc2aadc06d\"},\"description\":\"Sjutra ve?e koncert popularne hrvatske pjeva?ice Ulcinj - Hrvatska pop pjeva?ica Severina Vu?kovi? pjeva?e na ulcinjskom Pristanu sjutra ve?e, povodom\",\"breadcrumb\":{\"@id\":\"https:\/\/www.visit-ulcinj.com\/blog\/2009\/04\/29\/severina-stize-u-ulcinj\/#breadcrumb\"},\"inLanguage\":\"en-US\",\"potentialAction\":[{\"@type\":\"ReadAction\",\"target\":[\"https:\/\/www.visit-ulcinj.com\/blog\/2009\/04\/29\/severina-stize-u-ulcinj\/\"]}]},{\"@type\":\"BreadcrumbList\",\"@id\":\"https:\/\/www.visit-ulcinj.com\/blog\/2009\/04\/29\/severina-stize-u-ulcinj\/#breadcrumb\",\"itemListElement\":[{\"@type\":\"ListItem\",\"position\":1,\"name\":\"Severina sti\u017ee u Ulcinj\"}]},{\"@type\":\"Person\",\"@id\":\"https:\/\/www.visit-ulcinj.com\/blog\/#\/schema\/person\/dcab619c614d3038751c63bc2aadc06d\",\"name\":\"ulqini\",\"sameAs\":[\"http:\/\/www.visit-ulcinj.com\"],\"url\":\"https:\/\/www.visit-ulcinj.com\/blog\/author\/admin\/\"}]}<\/script>\n<!-- \/ Yoast SEO plugin. -->","yoast_head_json":{"title":"Severina sti\u017ee u Ulcinj - Lajme nga Ulqini","description":"Sjutra ve?e koncert popularne hrvatske pjeva?ice Ulcinj - Hrvatska pop pjeva?ica Severina Vu?kovi? pjeva?e na ulcinjskom Pristanu sjutra ve?e, povodom","robots":{"index":"index","follow":"follow","max-snippet":"max-snippet:-1","max-image-preview":"max-image-preview:large","max-video-preview":"max-video-preview:-1"},"canonical":"https:\/\/www.visit-ulcinj.com\/blog\/2009\/04\/29\/severina-stize-u-ulcinj\/","og_locale":"en_US","og_type":"article","og_title":"Severina sti\u017ee u Ulcinj - Lajme nga Ulqini","og_description":"Sjutra ve?e koncert popularne hrvatske pjeva?ice Ulcinj - Hrvatska pop pjeva?ica Severina Vu?kovi? pjeva?e na ulcinjskom Pristanu sjutra ve?e, povodom","og_url":"https:\/\/www.visit-ulcinj.com\/blog\/2009\/04\/29\/severina-stize-u-ulcinj\/","og_site_name":"Lajme nga Ulqini","article_published_time":"2009-04-29T16:00:12+00:00","og_image":[{"url":"http:\/\/www.visit-ulcinj.com\/blog\/wp-content\/uploads\/2009\/04\/severina-vuckovic_ulcinj.jpg"}],"twitter_misc":{"Written by":"ulqini","Est. reading time":"1 minute"},"schema":{"@context":"https:\/\/schema.org","@graph":[{"@type":"WebSite","@id":"https:\/\/www.visit-ulcinj.com\/blog\/#website","url":"https:\/\/www.visit-ulcinj.com\/blog\/","name":"Lajme nga Ulqini","description":"Lajme,Vijesti,Ulqini,Ulqin,Crna Gora,Mali i Zi","potentialAction":[{"@type":"SearchAction","target":{"@type":"EntryPoint","urlTemplate":"https:\/\/www.visit-ulcinj.com\/blog\/?s={search_term_string}"},"query-input":"required name=search_term_string"}],"inLanguage":"en-US"},{"@type":"ImageObject","inLanguage":"en-US","@id":"https:\/\/www.visit-ulcinj.com\/blog\/2009\/04\/29\/severina-stize-u-ulcinj\/#primaryimage","url":"http:\/\/www.visit-ulcinj.com\/blog\/wp-content\/uploads\/2009\/04\/severina-vuckovic_ulcinj.jpg","contentUrl":"http:\/\/www.visit-ulcinj.com\/blog\/wp-content\/uploads\/2009\/04\/severina-vuckovic_ulcinj.jpg"},{"@type":"WebPage","@id":"https:\/\/www.visit-ulcinj.com\/blog\/2009\/04\/29\/severina-stize-u-ulcinj\/#webpage","url":"https:\/\/www.visit-ulcinj.com\/blog\/2009\/04\/29\/severina-stize-u-ulcinj\/","name":"Severina sti\u017ee u Ulcinj - Lajme nga Ulqini","isPartOf":{"@id":"https:\/\/www.visit-ulcinj.com\/blog\/#website"},"primaryImageOfPage":{"@id":"https:\/\/www.visit-ulcinj.com\/blog\/2009\/04\/29\/severina-stize-u-ulcinj\/#primaryimage"},"datePublished":"2009-04-29T16:00:12+00:00","dateModified":"2009-04-29T16:00:12+00:00","author":{"@id":"https:\/\/www.visit-ulcinj.com\/blog\/#\/schema\/person\/dcab619c614d3038751c63bc2aadc06d"},"description":"Sjutra ve?e koncert popularne hrvatske pjeva?ice Ulcinj - Hrvatska pop pjeva?ica Severina Vu?kovi? pjeva?e na ulcinjskom Pristanu sjutra ve?e, povodom","breadcrumb":{"@id":"https:\/\/www.visit-ulcinj.com\/blog\/2009\/04\/29\/severina-stize-u-ulcinj\/#breadcrumb"},"inLanguage":"en-US","potentialAction":[{"@type":"ReadAction","target":["https:\/\/www.visit-ulcinj.com\/blog\/2009\/04\/29\/severina-stize-u-ulcinj\/"]}]},{"@type":"BreadcrumbList","@id":"https:\/\/www.visit-ulcinj.com\/blog\/2009\/04\/29\/severina-stize-u-ulcinj\/#breadcrumb","itemListElement":[{"@type":"ListItem","position":1,"name":"Severina sti\u017ee u Ulcinj"}]},{"@type":"Person","@id":"https:\/\/www.visit-ulcinj.com\/blog\/#\/schema\/person\/dcab619c614d3038751c63bc2aadc06d","name":"ulqini","sameAs":["http:\/\/www.visit-ulcinj.com"],"url":"https:\/\/www.visit-ulcinj.com\/blog\/author\/admin\/"}]}},"jetpack_featured_media_url":"","jetpack_sharing_enabled":true,"jetpack_shortlink":"https:\/\/wp.me\/pe6lTn-56m","_links":{"self":[{"href":"https:\/\/www.visit-ulcinj.com\/blog\/wp-json\/wp\/v2\/posts\/19614"}],"collection":[{"href":"https:\/\/www.visit-ulcinj.com\/blog\/wp-json\/wp\/v2\/posts"}],"about":[{"href":"https:\/\/www.visit-ulcinj.com\/blog\/wp-json\/wp\/v2\/types\/post"}],"author":[{"embeddable":true,"href":"https:\/\/www.visit-ulcinj.com\/blog\/wp-json\/wp\/v2\/users\/1"}],"replies":[{"embeddable":true,"href":"https:\/\/www.visit-ulcinj.com\/blog\/wp-json\/wp\/v2\/comments?post=19614"}],"version-history":[{"count":0,"href":"https:\/\/www.visit-ulcinj.com\/blog\/wp-json\/wp\/v2\/posts\/19614\/revisions"}],"wp:attachment":[{"href":"https:\/\/www.visit-ulcinj.com\/blog\/wp-json\/wp\/v2\/media?parent=19614"}],"wp:term":[{"taxonomy":"category","embeddable":true,"href":"https:\/\/www.visit-ulcinj.com\/blog\/wp-json\/wp\/v2\/categories?post=19614"},{"taxonomy":"post_tag","embeddable":true,"href":"https:\/\/www.visit-ulcinj.com\/blog\/wp-json\/wp\/v2\/tags?post=19614"}],"curies":[{"name":"wp","href":"https:\/\/api.w.org\/{rel}","templated":true}]}}