{"id":1964,"date":"2008-06-10T12:54:43","date_gmt":"2008-06-10T17:54:43","guid":{"rendered":"http:\/\/www.visit-ulcinj.com\/blog\/?p=1964"},"modified":"2008-06-10T12:57:08","modified_gmt":"2008-06-10T17:57:08","slug":"ulcinjdzip-odletio-u-vazduh","status":"publish","type":"post","link":"https:\/\/www.visit-ulcinj.com\/blog\/2008\/06\/10\/ulcinjdzip-odletio-u-vazduh\/","title":{"rendered":"Ulcinj:D\u017eip odletio u vazduh"},"content":{"rendered":"<p><a title=\"Ulcinj-ulqini-ulqin,montenegro\" href=\"http:\/\/www.analogstereo.com\/images\/om\/bmw_x.jpg\" target=\"_blank\"><img loading=\"lazy\" class=\"alignleft\" style=\"float: left;\" src=\"http:\/\/www.analogstereo.com\/images\/om\/bmw_x.jpg\" alt=\"ULCINJ,ULQINI,ULQIN,MONTENEGRO\" width=\"240\" height=\"150\" \/><\/a><strong>Ulcinjska policija istra\u017euje po\u017ear u kome je potpuno uni\u0161ten luksuzni automobil biv\u0161eg odbornika Mustafe Dolaku<\/strong><br \/>\nUlcinj &#8211; D\u017eip BMW-X5, registarskih oznaka UL 170-30, vlasnika poznatog ulcinjskog biznismena Mustafe Dolakua, potpuno je uni\u0161ten u eksploziji preksino? odmah iza pono?i. Prema nezvani?nim saznanjima, ekspoloziju je prouzrokovao po\u017ear koji je zahvatio rezervoar luksuznog automobila parkiranog u blizini porodi?ne ku?e Dolakua u Pinje\u0161u.<a href=\"http:\/\/www.visit-ulcinj.com\/blog\/wp-content\/uploads\/2008\/06\/mustaf-dollaku.jpg\"><img loading=\"lazy\" class=\"alignright attachment wp-att-1965\" style=\"float: right;\" src=\"http:\/\/www.visit-ulcinj.com\/blog\/wp-content\/uploads\/2008\/06\/mustaf-dollaku.jpg\" alt=\"Mustaf Dollaku\" width=\"119\" height=\"150\" \/><\/a><br \/>\nIzvor \u201cVijesti\u201d kazao je da je policija odmah blokirala lice mjesta i pokrenula opse\u017enu istragu o doga?aju. Iako se u prvi mah ?inilo da je u pitanju \u201csamozapaljenje\u201d, policija ne isklju?uje mogu?nost da je vatra, ipak, podmetnuta.<br \/>\n-Desetak minuta nakon incidenta u neposrednoj blizini uni\u0161tenog vozila, de\u017eurna patrola srela je mladi?a koji je bio izuzetno agresivan prilikom rutinske kontrole. On nije priveden zbog mogu?eg podmetanja po\u017eara, ve? zbog ometanja slu\u017ebenog lica u vr\u0161enju du\u017enosti. Ipak, inspektori ispituju da li se on u blizini ku?e Dolakua na\u0161ao potpuno slu?ajno ili ne, tim prije \u0161to postoje neke podudarnosti &#8211; kazao je izvor blizak istrazi.<br \/>\nDolaku je u jednom od ranijih saziva SO bio odbornik DUA u lokalnom parlamentu. Nakon toga, okrenuo se privatnom biznisu, prije svega izgradnji objekata i kupoprodaji nekretnina a jedan je i od vlasnika firme \u201cGen\u0161a Company\u201d koja se, pored ostalog, bavi proizvodnjom betona.<br \/>\n<strong>S. A.<br \/>\nIzvor \/ Vijesti<\/strong><\/p>\n","protected":false},"excerpt":{"rendered":"<p><img loading=\"lazy\" class=\"alignleft\" style=\"float: left;\" src=\"http:\/\/www.analogstereo.com\/images\/om\/bmw_x.jpg\" alt=\"\" width=\"140\" height=\"140\" \/><\/p>\n","protected":false},"author":1,"featured_media":0,"comment_status":"open","ping_status":"closed","sticky":false,"template":"","format":"standard","meta":{"spay_email":"","jetpack_publicize_message":"","jetpack_is_tweetstorm":false,"jetpack_publicize_feature_enabled":true},"categories":[1,12],"tags":[87,3881,3880,3883,3878,3877,3882,19,200,18,3879],"jetpack_publicize_connections":[],"yoast_head":"<!-- This site is optimized with the Yoast SEO plugin v19.1 - https:\/\/yoast.com\/wordpress\/plugins\/seo\/ -->\n<title>Ulcinj:D\u017eip odletio u vazduh - Lajme nga Ulqini<\/title>\n<meta name=\"robots\" content=\"index, follow, max-snippet:-1, max-image-preview:large, max-video-preview:-1\" \/>\n<link rel=\"canonical\" href=\"https:\/\/www.visit-ulcinj.com\/blog\/2008\/06\/10\/ulcinjdzip-odletio-u-vazduh\/\" \/>\n<meta property=\"og:locale\" content=\"en_US\" \/>\n<meta property=\"og:type\" content=\"article\" \/>\n<meta property=\"og:title\" content=\"Ulcinj:D\u017eip odletio u vazduh - Lajme nga Ulqini\" \/>\n<meta property=\"og:url\" content=\"https:\/\/www.visit-ulcinj.com\/blog\/2008\/06\/10\/ulcinjdzip-odletio-u-vazduh\/\" \/>\n<meta property=\"og:site_name\" content=\"Lajme nga Ulqini\" \/>\n<meta property=\"article:published_time\" content=\"2008-06-10T17:54:43+00:00\" \/>\n<meta property=\"article:modified_time\" content=\"2008-06-10T17:57:08+00:00\" \/>\n<meta property=\"og:image\" content=\"http:\/\/www.analogstereo.com\/images\/om\/bmw_x.jpg\" \/>\n<meta name=\"twitter:label1\" content=\"Written by\" \/>\n\t<meta name=\"twitter:data1\" content=\"ulqini\" \/>\n\t<meta name=\"twitter:label2\" content=\"Est. reading time\" \/>\n\t<meta name=\"twitter:data2\" content=\"1 minute\" \/>\n<script type=\"application\/ld+json\" class=\"yoast-schema-graph\">{\"@context\":\"https:\/\/schema.org\",\"@graph\":[{\"@type\":\"WebSite\",\"@id\":\"https:\/\/www.visit-ulcinj.com\/blog\/#website\",\"url\":\"https:\/\/www.visit-ulcinj.com\/blog\/\",\"name\":\"Lajme nga Ulqini\",\"description\":\"Lajme,Vijesti,Ulqini,Ulqin,Crna Gora,Mali i Zi\",\"potentialAction\":[{\"@type\":\"SearchAction\",\"target\":{\"@type\":\"EntryPoint\",\"urlTemplate\":\"https:\/\/www.visit-ulcinj.com\/blog\/?s={search_term_string}\"},\"query-input\":\"required name=search_term_string\"}],\"inLanguage\":\"en-US\"},{\"@type\":\"ImageObject\",\"inLanguage\":\"en-US\",\"@id\":\"https:\/\/www.visit-ulcinj.com\/blog\/2008\/06\/10\/ulcinjdzip-odletio-u-vazduh\/#primaryimage\",\"url\":\"http:\/\/www.analogstereo.com\/images\/om\/bmw_x.jpg\",\"contentUrl\":\"http:\/\/www.analogstereo.com\/images\/om\/bmw_x.jpg\"},{\"@type\":\"WebPage\",\"@id\":\"https:\/\/www.visit-ulcinj.com\/blog\/2008\/06\/10\/ulcinjdzip-odletio-u-vazduh\/#webpage\",\"url\":\"https:\/\/www.visit-ulcinj.com\/blog\/2008\/06\/10\/ulcinjdzip-odletio-u-vazduh\/\",\"name\":\"Ulcinj:D\u017eip odletio u vazduh - Lajme nga Ulqini\",\"isPartOf\":{\"@id\":\"https:\/\/www.visit-ulcinj.com\/blog\/#website\"},\"primaryImageOfPage\":{\"@id\":\"https:\/\/www.visit-ulcinj.com\/blog\/2008\/06\/10\/ulcinjdzip-odletio-u-vazduh\/#primaryimage\"},\"datePublished\":\"2008-06-10T17:54:43+00:00\",\"dateModified\":\"2008-06-10T17:57:08+00:00\",\"author\":{\"@id\":\"https:\/\/www.visit-ulcinj.com\/blog\/#\/schema\/person\/dcab619c614d3038751c63bc2aadc06d\"},\"breadcrumb\":{\"@id\":\"https:\/\/www.visit-ulcinj.com\/blog\/2008\/06\/10\/ulcinjdzip-odletio-u-vazduh\/#breadcrumb\"},\"inLanguage\":\"en-US\",\"potentialAction\":[{\"@type\":\"ReadAction\",\"target\":[\"https:\/\/www.visit-ulcinj.com\/blog\/2008\/06\/10\/ulcinjdzip-odletio-u-vazduh\/\"]}]},{\"@type\":\"BreadcrumbList\",\"@id\":\"https:\/\/www.visit-ulcinj.com\/blog\/2008\/06\/10\/ulcinjdzip-odletio-u-vazduh\/#breadcrumb\",\"itemListElement\":[{\"@type\":\"ListItem\",\"position\":1,\"name\":\"Ulcinj:D\u017eip odletio u vazduh\"}]},{\"@type\":\"Person\",\"@id\":\"https:\/\/www.visit-ulcinj.com\/blog\/#\/schema\/person\/dcab619c614d3038751c63bc2aadc06d\",\"name\":\"ulqini\",\"sameAs\":[\"http:\/\/www.visit-ulcinj.com\"],\"url\":\"https:\/\/www.visit-ulcinj.com\/blog\/author\/admin\/\"}]}<\/script>\n<!-- \/ Yoast SEO plugin. -->","yoast_head_json":{"title":"Ulcinj:D\u017eip odletio u vazduh - Lajme nga Ulqini","robots":{"index":"index","follow":"follow","max-snippet":"max-snippet:-1","max-image-preview":"max-image-preview:large","max-video-preview":"max-video-preview:-1"},"canonical":"https:\/\/www.visit-ulcinj.com\/blog\/2008\/06\/10\/ulcinjdzip-odletio-u-vazduh\/","og_locale":"en_US","og_type":"article","og_title":"Ulcinj:D\u017eip odletio u vazduh - Lajme nga Ulqini","og_url":"https:\/\/www.visit-ulcinj.com\/blog\/2008\/06\/10\/ulcinjdzip-odletio-u-vazduh\/","og_site_name":"Lajme nga Ulqini","article_published_time":"2008-06-10T17:54:43+00:00","article_modified_time":"2008-06-10T17:57:08+00:00","og_image":[{"url":"http:\/\/www.analogstereo.com\/images\/om\/bmw_x.jpg"}],"twitter_misc":{"Written by":"ulqini","Est. reading time":"1 minute"},"schema":{"@context":"https:\/\/schema.org","@graph":[{"@type":"WebSite","@id":"https:\/\/www.visit-ulcinj.com\/blog\/#website","url":"https:\/\/www.visit-ulcinj.com\/blog\/","name":"Lajme nga Ulqini","description":"Lajme,Vijesti,Ulqini,Ulqin,Crna Gora,Mali i Zi","potentialAction":[{"@type":"SearchAction","target":{"@type":"EntryPoint","urlTemplate":"https:\/\/www.visit-ulcinj.com\/blog\/?s={search_term_string}"},"query-input":"required name=search_term_string"}],"inLanguage":"en-US"},{"@type":"ImageObject","inLanguage":"en-US","@id":"https:\/\/www.visit-ulcinj.com\/blog\/2008\/06\/10\/ulcinjdzip-odletio-u-vazduh\/#primaryimage","url":"http:\/\/www.analogstereo.com\/images\/om\/bmw_x.jpg","contentUrl":"http:\/\/www.analogstereo.com\/images\/om\/bmw_x.jpg"},{"@type":"WebPage","@id":"https:\/\/www.visit-ulcinj.com\/blog\/2008\/06\/10\/ulcinjdzip-odletio-u-vazduh\/#webpage","url":"https:\/\/www.visit-ulcinj.com\/blog\/2008\/06\/10\/ulcinjdzip-odletio-u-vazduh\/","name":"Ulcinj:D\u017eip odletio u vazduh - Lajme nga Ulqini","isPartOf":{"@id":"https:\/\/www.visit-ulcinj.com\/blog\/#website"},"primaryImageOfPage":{"@id":"https:\/\/www.visit-ulcinj.com\/blog\/2008\/06\/10\/ulcinjdzip-odletio-u-vazduh\/#primaryimage"},"datePublished":"2008-06-10T17:54:43+00:00","dateModified":"2008-06-10T17:57:08+00:00","author":{"@id":"https:\/\/www.visit-ulcinj.com\/blog\/#\/schema\/person\/dcab619c614d3038751c63bc2aadc06d"},"breadcrumb":{"@id":"https:\/\/www.visit-ulcinj.com\/blog\/2008\/06\/10\/ulcinjdzip-odletio-u-vazduh\/#breadcrumb"},"inLanguage":"en-US","potentialAction":[{"@type":"ReadAction","target":["https:\/\/www.visit-ulcinj.com\/blog\/2008\/06\/10\/ulcinjdzip-odletio-u-vazduh\/"]}]},{"@type":"BreadcrumbList","@id":"https:\/\/www.visit-ulcinj.com\/blog\/2008\/06\/10\/ulcinjdzip-odletio-u-vazduh\/#breadcrumb","itemListElement":[{"@type":"ListItem","position":1,"name":"Ulcinj:D\u017eip odletio u vazduh"}]},{"@type":"Person","@id":"https:\/\/www.visit-ulcinj.com\/blog\/#\/schema\/person\/dcab619c614d3038751c63bc2aadc06d","name":"ulqini","sameAs":["http:\/\/www.visit-ulcinj.com"],"url":"https:\/\/www.visit-ulcinj.com\/blog\/author\/admin\/"}]}},"jetpack_featured_media_url":"","jetpack_sharing_enabled":true,"jetpack_shortlink":"https:\/\/wp.me\/pe6lTn-vG","_links":{"self":[{"href":"https:\/\/www.visit-ulcinj.com\/blog\/wp-json\/wp\/v2\/posts\/1964"}],"collection":[{"href":"https:\/\/www.visit-ulcinj.com\/blog\/wp-json\/wp\/v2\/posts"}],"about":[{"href":"https:\/\/www.visit-ulcinj.com\/blog\/wp-json\/wp\/v2\/types\/post"}],"author":[{"embeddable":true,"href":"https:\/\/www.visit-ulcinj.com\/blog\/wp-json\/wp\/v2\/users\/1"}],"replies":[{"embeddable":true,"href":"https:\/\/www.visit-ulcinj.com\/blog\/wp-json\/wp\/v2\/comments?post=1964"}],"version-history":[{"count":0,"href":"https:\/\/www.visit-ulcinj.com\/blog\/wp-json\/wp\/v2\/posts\/1964\/revisions"}],"wp:attachment":[{"href":"https:\/\/www.visit-ulcinj.com\/blog\/wp-json\/wp\/v2\/media?parent=1964"}],"wp:term":[{"taxonomy":"category","embeddable":true,"href":"https:\/\/www.visit-ulcinj.com\/blog\/wp-json\/wp\/v2\/categories?post=1964"},{"taxonomy":"post_tag","embeddable":true,"href":"https:\/\/www.visit-ulcinj.com\/blog\/wp-json\/wp\/v2\/tags?post=1964"}],"curies":[{"name":"wp","href":"https:\/\/api.w.org\/{rel}","templated":true}]}}