{"id":19641,"date":"2009-04-29T21:04:23","date_gmt":"2009-04-29T19:04:23","guid":{"rendered":"http:\/\/www.visit-ulcinj.com\/blog\/?p=19641"},"modified":"2009-04-29T21:09:04","modified_gmt":"2009-04-29T19:09:04","slug":"genta-ismajli-feston-ditelindjen-me-nje-show-seksi","status":"publish","type":"post","link":"https:\/\/www.visit-ulcinj.com\/blog\/2009\/04\/29\/genta-ismajli-feston-ditelindjen-me-nje-show-seksi\/","title":{"rendered":"Genta Ismajli feston dit\u00eblindjen me nj\u00eb show seksi"},"content":{"rendered":"<p><a href=\"http:\/\/www.visit-ulcinj.com\/blog\/wp-content\/uploads\/2009\/04\/genta-ismajli-show-seksi-3.jpg\"><img loading=\"lazy\" class=\"alignleft size-full wp-image-19646\" title=\"genta-ismajli-show-seksi-3\" src=\"http:\/\/www.visit-ulcinj.com\/blog\/wp-content\/uploads\/2009\/04\/genta-ismajli-show-seksi-3.jpg\" alt=\"genta-ismajli-show-seksi-3\" width=\"570\" height=\"336\" \/><\/a>Si \u00e7do vit edhe k\u00ebsaj here Genta Ismajli nuk e ka kaluar n\u00eb heshtje dit\u00eblindjen<\/p>\n<p>e saj. M\u00eb 12 prill ajo e festoi me shum\u00eb buj\u00eb k\u00ebt\u00eb dit\u00eb t\u00eb sh\u00ebnuar n\u00eb diskon \u201cRinora 4\u201d n\u00eb Zvic\u00ebr. Si gjithmon\u00eb Genta edhe k\u00ebsaj here ka dashur t\u00eb jet\u00eb protagoniste n\u00eb nj\u00eb show t\u00eb papar\u00eb me t\u00eb cil\u00ebn arg\u00ebtoi veten dhe t\u00eb ftuarit n\u00eb k\u00ebt\u00eb fest\u00eb. Disa nga fotot e saj po i publikojm\u00eb dhe ne.P\u00ebrve\u00e7 k\u00ebsaj pak dit\u00eb m\u00eb<\/p>\n<p>par\u00eb Genta ka qen\u00eb e ftuar edhe tek emisioni \u201cRelax\u201d n\u00eb RTV21 i cili ka filluar<\/p>\n<p>nj\u00eb rubrik\u00eb t\u00eb re ku fytyrat publike zgjedhin dhe prezentojn\u00eb para publikut<\/p>\n<p>pes\u00eb gj\u00ebrat m\u00eb t\u00eb r\u00ebnd\u00ebsishme apo t\u00eb ve\u00e7anta p\u00ebr ta, nj\u00ebfar\u00eb \u201cTop Liste Personale\u201d.Autore e k\u00ebsaj rubrike \u00ebsht\u00eb Edita Tahiri &#8211; Rama dhe n\u00eb episodin e par\u00eb q\u00eb u transmetua k\u00ebt\u00eb t\u00eb diel, mori pjes\u00eb k\u00ebng\u00ebtarja Genta Ismajli. Ajo<\/p>\n<p>shpalosi 5 gj\u00ebrat e saja m\u00eb t\u00eb r\u00ebnd\u00ebsishme p\u00ebr t\u00eb si vijon, ku vendi i par\u00eb i p\u00ebrket gj\u00ebs\u00eb m\u00eb t\u00eb r\u00ebnd\u00ebsishme:<\/p>\n<p>1. Familja.<\/p>\n<p>2. \u00c7mimi i Par\u00eb n\u00eb \u201cK\u00ebngaMagjike 2005?.<\/p>\n<p>3. \u201cXhingla Mingla\u201d(e Gentes) dhe fustani nga videoklipi i par\u00eb \u201cDridhem\u201d.<\/p>\n<p>4. Letrat e fansave.<\/p>\n\n<!--YouTube Error: bad URL entered-->\n","protected":false},"excerpt":{"rendered":"<p>Si \u00e7do vit edhe k\u00ebsaj here Genta Ismajli nuk e ka kaluar n\u00eb heshtje dit\u00eblindjen e saj. M\u00eb 12 prill ajo e festoi me shum\u00eb buj\u00eb k\u00ebt\u00eb dit\u00eb t\u00eb sh\u00ebnuar n\u00eb diskon \u201cRinora 4\u201d n\u00eb Zvic\u00ebr. Si gjithmon\u00eb Genta edhe k\u00ebsaj here ka dashur t\u00eb jet\u00eb protagoniste n\u00eb nj\u00eb show t\u00eb papar\u00eb me t\u00eb cil\u00ebn [&hellip;]<\/p>\n","protected":false},"author":1,"featured_media":0,"comment_status":"open","ping_status":"closed","sticky":false,"template":"","format":"standard","meta":{"spay_email":"","jetpack_publicize_message":"","jetpack_is_tweetstorm":false,"jetpack_publicize_feature_enabled":true},"categories":[1],"tags":[5320,323,7013,7014,7012,7024],"jetpack_publicize_connections":[],"yoast_head":"<!-- This site is optimized with the Yoast SEO plugin v19.1 - https:\/\/yoast.com\/wordpress\/plugins\/seo\/ -->\n<title>Genta Ismajli feston dit\u00eblindjen me nj\u00eb show seksi - Lajme nga Ulqini<\/title>\n<meta name=\"description\" content=\"Si \u00e7do vit edhe k\u00ebsaj here Genta Ismajli nuk e ka kaluar n\u00eb heshtje dit\u00eblindjen e saj. M\u00eb 12 prill ajo e festoi me shum\u00eb buj\u00eb k\u00ebt\u00eb dit\u00eb t\u00eb sh\u00ebnuar n\u00eb\" \/>\n<meta name=\"robots\" content=\"index, follow, max-snippet:-1, max-image-preview:large, max-video-preview:-1\" \/>\n<link rel=\"canonical\" href=\"https:\/\/www.visit-ulcinj.com\/blog\/2009\/04\/29\/genta-ismajli-feston-ditelindjen-me-nje-show-seksi\/\" \/>\n<meta property=\"og:locale\" content=\"en_US\" \/>\n<meta property=\"og:type\" content=\"article\" \/>\n<meta property=\"og:title\" content=\"Genta Ismajli feston dit\u00eblindjen me nj\u00eb show seksi - Lajme nga Ulqini\" \/>\n<meta property=\"og:description\" content=\"Si \u00e7do vit edhe k\u00ebsaj here Genta Ismajli nuk e ka kaluar n\u00eb heshtje dit\u00eblindjen e saj. M\u00eb 12 prill ajo e festoi me shum\u00eb buj\u00eb k\u00ebt\u00eb dit\u00eb t\u00eb sh\u00ebnuar n\u00eb\" \/>\n<meta property=\"og:url\" content=\"https:\/\/www.visit-ulcinj.com\/blog\/2009\/04\/29\/genta-ismajli-feston-ditelindjen-me-nje-show-seksi\/\" \/>\n<meta property=\"og:site_name\" content=\"Lajme nga Ulqini\" \/>\n<meta property=\"article:published_time\" content=\"2009-04-29T19:04:23+00:00\" \/>\n<meta property=\"article:modified_time\" content=\"2009-04-29T19:09:04+00:00\" \/>\n<meta property=\"og:image\" content=\"https:\/\/www.visit-ulcinj.com\/blog\/wp-content\/uploads\/2009\/04\/genta-ismajli-show-seksi-3-150x150.jpg\" \/>\n<meta name=\"twitter:label1\" content=\"Written by\" \/>\n\t<meta name=\"twitter:data1\" content=\"ulqini\" \/>\n\t<meta name=\"twitter:label2\" content=\"Est. reading time\" \/>\n\t<meta name=\"twitter:data2\" content=\"1 minute\" \/>\n<script type=\"application\/ld+json\" class=\"yoast-schema-graph\">{\"@context\":\"https:\/\/schema.org\",\"@graph\":[{\"@type\":\"WebSite\",\"@id\":\"https:\/\/www.visit-ulcinj.com\/blog\/#website\",\"url\":\"https:\/\/www.visit-ulcinj.com\/blog\/\",\"name\":\"Lajme nga Ulqini\",\"description\":\"Lajme,Vijesti,Ulqini,Ulqin,Crna Gora,Mali i Zi\",\"potentialAction\":[{\"@type\":\"SearchAction\",\"target\":{\"@type\":\"EntryPoint\",\"urlTemplate\":\"https:\/\/www.visit-ulcinj.com\/blog\/?s={search_term_string}\"},\"query-input\":\"required name=search_term_string\"}],\"inLanguage\":\"en-US\"},{\"@type\":\"ImageObject\",\"inLanguage\":\"en-US\",\"@id\":\"https:\/\/www.visit-ulcinj.com\/blog\/2009\/04\/29\/genta-ismajli-feston-ditelindjen-me-nje-show-seksi\/#primaryimage\",\"url\":\"http:\/\/www.visit-ulcinj.com\/blog\/wp-content\/uploads\/2009\/04\/genta-ismajli-show-seksi-3.jpg\",\"contentUrl\":\"http:\/\/www.visit-ulcinj.com\/blog\/wp-content\/uploads\/2009\/04\/genta-ismajli-show-seksi-3.jpg\"},{\"@type\":\"WebPage\",\"@id\":\"https:\/\/www.visit-ulcinj.com\/blog\/2009\/04\/29\/genta-ismajli-feston-ditelindjen-me-nje-show-seksi\/#webpage\",\"url\":\"https:\/\/www.visit-ulcinj.com\/blog\/2009\/04\/29\/genta-ismajli-feston-ditelindjen-me-nje-show-seksi\/\",\"name\":\"Genta Ismajli feston dit\u00eblindjen me nj\u00eb show seksi - Lajme nga Ulqini\",\"isPartOf\":{\"@id\":\"https:\/\/www.visit-ulcinj.com\/blog\/#website\"},\"primaryImageOfPage\":{\"@id\":\"https:\/\/www.visit-ulcinj.com\/blog\/2009\/04\/29\/genta-ismajli-feston-ditelindjen-me-nje-show-seksi\/#primaryimage\"},\"datePublished\":\"2009-04-29T19:04:23+00:00\",\"dateModified\":\"2009-04-29T19:09:04+00:00\",\"author\":{\"@id\":\"https:\/\/www.visit-ulcinj.com\/blog\/#\/schema\/person\/dcab619c614d3038751c63bc2aadc06d\"},\"description\":\"Si \u00e7do vit edhe k\u00ebsaj here Genta Ismajli nuk e ka kaluar n\u00eb heshtje dit\u00eblindjen e saj. M\u00eb 12 prill ajo e festoi me shum\u00eb buj\u00eb k\u00ebt\u00eb dit\u00eb t\u00eb sh\u00ebnuar n\u00eb\",\"breadcrumb\":{\"@id\":\"https:\/\/www.visit-ulcinj.com\/blog\/2009\/04\/29\/genta-ismajli-feston-ditelindjen-me-nje-show-seksi\/#breadcrumb\"},\"inLanguage\":\"en-US\",\"potentialAction\":[{\"@type\":\"ReadAction\",\"target\":[\"https:\/\/www.visit-ulcinj.com\/blog\/2009\/04\/29\/genta-ismajli-feston-ditelindjen-me-nje-show-seksi\/\"]}]},{\"@type\":\"BreadcrumbList\",\"@id\":\"https:\/\/www.visit-ulcinj.com\/blog\/2009\/04\/29\/genta-ismajli-feston-ditelindjen-me-nje-show-seksi\/#breadcrumb\",\"itemListElement\":[{\"@type\":\"ListItem\",\"position\":1,\"name\":\"Genta Ismajli feston dit\u00eblindjen me nj\u00eb show seksi\"}]},{\"@type\":\"Person\",\"@id\":\"https:\/\/www.visit-ulcinj.com\/blog\/#\/schema\/person\/dcab619c614d3038751c63bc2aadc06d\",\"name\":\"ulqini\",\"sameAs\":[\"http:\/\/www.visit-ulcinj.com\"],\"url\":\"https:\/\/www.visit-ulcinj.com\/blog\/author\/admin\/\"}]}<\/script>\n<!-- \/ Yoast SEO plugin. -->","yoast_head_json":{"title":"Genta Ismajli feston dit\u00eblindjen me nj\u00eb show seksi - Lajme nga Ulqini","description":"Si \u00e7do vit edhe k\u00ebsaj here Genta Ismajli nuk e ka kaluar n\u00eb heshtje dit\u00eblindjen e saj. M\u00eb 12 prill ajo e festoi me shum\u00eb buj\u00eb k\u00ebt\u00eb dit\u00eb t\u00eb sh\u00ebnuar n\u00eb","robots":{"index":"index","follow":"follow","max-snippet":"max-snippet:-1","max-image-preview":"max-image-preview:large","max-video-preview":"max-video-preview:-1"},"canonical":"https:\/\/www.visit-ulcinj.com\/blog\/2009\/04\/29\/genta-ismajli-feston-ditelindjen-me-nje-show-seksi\/","og_locale":"en_US","og_type":"article","og_title":"Genta Ismajli feston dit\u00eblindjen me nj\u00eb show seksi - Lajme nga Ulqini","og_description":"Si \u00e7do vit edhe k\u00ebsaj here Genta Ismajli nuk e ka kaluar n\u00eb heshtje dit\u00eblindjen e saj. M\u00eb 12 prill ajo e festoi me shum\u00eb buj\u00eb k\u00ebt\u00eb dit\u00eb t\u00eb sh\u00ebnuar n\u00eb","og_url":"https:\/\/www.visit-ulcinj.com\/blog\/2009\/04\/29\/genta-ismajli-feston-ditelindjen-me-nje-show-seksi\/","og_site_name":"Lajme nga Ulqini","article_published_time":"2009-04-29T19:04:23+00:00","article_modified_time":"2009-04-29T19:09:04+00:00","og_image":[{"url":"https:\/\/www.visit-ulcinj.com\/blog\/wp-content\/uploads\/2009\/04\/genta-ismajli-show-seksi-3-150x150.jpg"}],"twitter_misc":{"Written by":"ulqini","Est. reading time":"1 minute"},"schema":{"@context":"https:\/\/schema.org","@graph":[{"@type":"WebSite","@id":"https:\/\/www.visit-ulcinj.com\/blog\/#website","url":"https:\/\/www.visit-ulcinj.com\/blog\/","name":"Lajme nga Ulqini","description":"Lajme,Vijesti,Ulqini,Ulqin,Crna Gora,Mali i Zi","potentialAction":[{"@type":"SearchAction","target":{"@type":"EntryPoint","urlTemplate":"https:\/\/www.visit-ulcinj.com\/blog\/?s={search_term_string}"},"query-input":"required name=search_term_string"}],"inLanguage":"en-US"},{"@type":"ImageObject","inLanguage":"en-US","@id":"https:\/\/www.visit-ulcinj.com\/blog\/2009\/04\/29\/genta-ismajli-feston-ditelindjen-me-nje-show-seksi\/#primaryimage","url":"http:\/\/www.visit-ulcinj.com\/blog\/wp-content\/uploads\/2009\/04\/genta-ismajli-show-seksi-3.jpg","contentUrl":"http:\/\/www.visit-ulcinj.com\/blog\/wp-content\/uploads\/2009\/04\/genta-ismajli-show-seksi-3.jpg"},{"@type":"WebPage","@id":"https:\/\/www.visit-ulcinj.com\/blog\/2009\/04\/29\/genta-ismajli-feston-ditelindjen-me-nje-show-seksi\/#webpage","url":"https:\/\/www.visit-ulcinj.com\/blog\/2009\/04\/29\/genta-ismajli-feston-ditelindjen-me-nje-show-seksi\/","name":"Genta Ismajli feston dit\u00eblindjen me nj\u00eb show seksi - Lajme nga Ulqini","isPartOf":{"@id":"https:\/\/www.visit-ulcinj.com\/blog\/#website"},"primaryImageOfPage":{"@id":"https:\/\/www.visit-ulcinj.com\/blog\/2009\/04\/29\/genta-ismajli-feston-ditelindjen-me-nje-show-seksi\/#primaryimage"},"datePublished":"2009-04-29T19:04:23+00:00","dateModified":"2009-04-29T19:09:04+00:00","author":{"@id":"https:\/\/www.visit-ulcinj.com\/blog\/#\/schema\/person\/dcab619c614d3038751c63bc2aadc06d"},"description":"Si \u00e7do vit edhe k\u00ebsaj here Genta Ismajli nuk e ka kaluar n\u00eb heshtje dit\u00eblindjen e saj. M\u00eb 12 prill ajo e festoi me shum\u00eb buj\u00eb k\u00ebt\u00eb dit\u00eb t\u00eb sh\u00ebnuar n\u00eb","breadcrumb":{"@id":"https:\/\/www.visit-ulcinj.com\/blog\/2009\/04\/29\/genta-ismajli-feston-ditelindjen-me-nje-show-seksi\/#breadcrumb"},"inLanguage":"en-US","potentialAction":[{"@type":"ReadAction","target":["https:\/\/www.visit-ulcinj.com\/blog\/2009\/04\/29\/genta-ismajli-feston-ditelindjen-me-nje-show-seksi\/"]}]},{"@type":"BreadcrumbList","@id":"https:\/\/www.visit-ulcinj.com\/blog\/2009\/04\/29\/genta-ismajli-feston-ditelindjen-me-nje-show-seksi\/#breadcrumb","itemListElement":[{"@type":"ListItem","position":1,"name":"Genta Ismajli feston dit\u00eblindjen me nj\u00eb show seksi"}]},{"@type":"Person","@id":"https:\/\/www.visit-ulcinj.com\/blog\/#\/schema\/person\/dcab619c614d3038751c63bc2aadc06d","name":"ulqini","sameAs":["http:\/\/www.visit-ulcinj.com"],"url":"https:\/\/www.visit-ulcinj.com\/blog\/author\/admin\/"}]}},"jetpack_featured_media_url":"","jetpack_sharing_enabled":true,"jetpack_shortlink":"https:\/\/wp.me\/pe6lTn-56N","_links":{"self":[{"href":"https:\/\/www.visit-ulcinj.com\/blog\/wp-json\/wp\/v2\/posts\/19641"}],"collection":[{"href":"https:\/\/www.visit-ulcinj.com\/blog\/wp-json\/wp\/v2\/posts"}],"about":[{"href":"https:\/\/www.visit-ulcinj.com\/blog\/wp-json\/wp\/v2\/types\/post"}],"author":[{"embeddable":true,"href":"https:\/\/www.visit-ulcinj.com\/blog\/wp-json\/wp\/v2\/users\/1"}],"replies":[{"embeddable":true,"href":"https:\/\/www.visit-ulcinj.com\/blog\/wp-json\/wp\/v2\/comments?post=19641"}],"version-history":[{"count":0,"href":"https:\/\/www.visit-ulcinj.com\/blog\/wp-json\/wp\/v2\/posts\/19641\/revisions"}],"wp:attachment":[{"href":"https:\/\/www.visit-ulcinj.com\/blog\/wp-json\/wp\/v2\/media?parent=19641"}],"wp:term":[{"taxonomy":"category","embeddable":true,"href":"https:\/\/www.visit-ulcinj.com\/blog\/wp-json\/wp\/v2\/categories?post=19641"},{"taxonomy":"post_tag","embeddable":true,"href":"https:\/\/www.visit-ulcinj.com\/blog\/wp-json\/wp\/v2\/tags?post=19641"}],"curies":[{"name":"wp","href":"https:\/\/api.w.org\/{rel}","templated":true}]}}