{"id":1966,"date":"2008-06-10T13:24:40","date_gmt":"2008-06-10T18:24:40","guid":{"rendered":"http:\/\/www.visit-ulcinj.com\/blog\/?p=1966"},"modified":"2008-06-10T13:24:40","modified_gmt":"2008-06-10T18:24:40","slug":"kryetari-i-komunes-se-ulqinitgezim-hajdinagapriti-zosman-jildirim-perfaqesues-i-kompanise-samsun-makina-sanaji","status":"publish","type":"post","link":"https:\/\/www.visit-ulcinj.com\/blog\/2008\/06\/10\/kryetari-i-komunes-se-ulqinitgezim-hajdinagapriti-zosman-jildirim-perfaqesues-i-kompanise-samsun-makina-sanaji\/","title":{"rendered":"Kryetari i komun\u00ebs s\u00eb ulqinit,G\u00ebzim Hajdinaga,priti z.Osman Jildirim, p\u00ebrfaq\u00ebsues i kompanis\u00eb samsun makina sanaji"},"content":{"rendered":"<p><a title=\"Ulcinj-ulqini-ulqin,montenegro\" href=\"http:\/\/www.samsunmakina.com\/\" target=\"_blank\"><img loading=\"lazy\" class=\"alignleft\" style=\"float: left;\" src=\"http:\/\/www.samsunmakina.com\/samsunmakina\/products\/DIPipes\/imgs\/toplogo1.gif\" alt=\"ULCINJ,ULQINI,ULQIN,MONTENEGRO\" width=\"207\" height=\"118\" \/><\/a><strong>Kompania turke e interesuar p\u00ebr t\u00eb investuar<\/strong><br \/>\nUlqin &#8211; Kryetari i Komun\u00ebs s\u00eb Ulqinit, G\u00ebzim Hajdinaga, priti t\u00eb mart\u00ebn z. Osman Jildirim, p\u00ebrfaq\u00ebsues i kompanis\u00eb s\u00eb njohur turke Samsun Makina Sanaji nga Ankaraja.<br \/>\nKryetari Hajdinaga e njoftoi z. Jildirim me aktivitetet q\u00eb po zhvillon komuna p\u00ebr thithjen e investimeve t\u00eb huaja, me theks t\u00eb ve\u00e7ant\u00eb n\u00eb fush\u00ebn e turizmit. Ai p\u00ebrsh\u00ebndeti nism\u00ebn e investitor\u00ebve turq dhe shprehu gatishm\u00ebri p\u00ebr ndihm\u00eb konform normave ligjore.<a href=\"http:\/\/www.visit-ulcinj.com\/blog\/wp-content\/uploads\/2008\/06\/gzim-hajdinaga_ulcinj.jpg\"><img loading=\"lazy\" class=\"alignright attachment wp-att-1967\" style=\"float: right;\" src=\"http:\/\/www.visit-ulcinj.com\/blog\/wp-content\/uploads\/2008\/06\/gzim-hajdinaga_ulcinj.thumbnail.jpg\" alt=\"gzim hajdinaga.jpg_ulcinj\" width=\"159\" height=\"155\" \/><\/a><br \/>\nNd\u00ebrsa z. Jildirim e njohu kryetarin Hajdinaga me veprimtarit\u00eb e gjithanshme t\u00eb kompanis\u00eb n\u00eb fjal\u00eb, e cila shquhet n\u00eb fush\u00ebn e nd\u00ebrtimtaris\u00eb, uj\u00ebsjell\u00ebsit, bim\u00ebve mjekuese dhe mund\u00ebsin\u00eb e investimt t\u00eb k\u00ebsaj kompanie n\u00eb Ulqin.<br \/>\nP\u00ebrfaq\u00ebsuesi turk kishte ardhur n\u00eb Ulqin me rekomandim t\u00eb Agjencis\u00eb Turke p\u00ebr Marr\u00ebdh\u00ebnie Nd\u00ebrkomb\u00ebtare dhe Zhvillim n\u00eb Podgoric\u00eb, me t\u00eb cil\u00ebn komuna e Ulqinit ka vendosur bashk\u00ebpunim t\u00eb frytsh\u00ebm.<br \/>\nDy pal\u00ebt u mor\u00ebn vesh q\u00eb n\u00eb dit\u00ebt e ardhshme nj\u00eb delegacion i k\u00ebsaj kompanie t\u00eb vizitoj\u00eb Ulqinin p\u00ebr t`u njohur dhe p\u00ebr t\u00eb diskutuar m\u00eb p\u00ebrs\u00ebaf\u00ebrmi p\u00ebr projekte konkrete.<br \/>\n<strong>(Kohapress)<\/strong><\/p>\n","protected":false},"excerpt":{"rendered":"<p><img loading=\"lazy\" class=\"alignleft\" style=\"float: left;\" src=\"http:\/\/www.samsunmakina.com\/samsunmakina\/products\/DIPipes\/imgs\/toplogo1.gif\" alt=\"ULCINJ,ULQINI,ULQIN,MONTENEGRO\" width=\"140\" height=\"140\" \/><\/p>\n","protected":false},"author":1,"featured_media":0,"comment_status":"open","ping_status":"closed","sticky":false,"template":"","format":"standard","meta":{"spay_email":"","jetpack_publicize_message":"","jetpack_is_tweetstorm":false,"jetpack_publicize_feature_enabled":true},"categories":[10,12,15],"tags":[2611,95],"jetpack_publicize_connections":[],"yoast_head":"<!-- This site is optimized with the Yoast SEO plugin v19.1 - https:\/\/yoast.com\/wordpress\/plugins\/seo\/ -->\n<title>Kryetari i komun\u00ebs s\u00eb ulqinit,G\u00ebzim Hajdinaga,priti z.Osman Jildirim, p\u00ebrfaq\u00ebsues i kompanis\u00eb samsun makina sanaji - Lajme nga Ulqini<\/title>\n<meta name=\"robots\" content=\"index, follow, max-snippet:-1, max-image-preview:large, max-video-preview:-1\" \/>\n<link rel=\"canonical\" href=\"https:\/\/www.visit-ulcinj.com\/blog\/2008\/06\/10\/kryetari-i-komunes-se-ulqinitgezim-hajdinagapriti-zosman-jildirim-perfaqesues-i-kompanise-samsun-makina-sanaji\/\" \/>\n<meta property=\"og:locale\" content=\"en_US\" \/>\n<meta property=\"og:type\" content=\"article\" \/>\n<meta property=\"og:title\" content=\"Kryetari i komun\u00ebs s\u00eb ulqinit,G\u00ebzim Hajdinaga,priti z.Osman Jildirim, p\u00ebrfaq\u00ebsues i kompanis\u00eb samsun makina sanaji - Lajme nga Ulqini\" \/>\n<meta property=\"og:url\" content=\"https:\/\/www.visit-ulcinj.com\/blog\/2008\/06\/10\/kryetari-i-komunes-se-ulqinitgezim-hajdinagapriti-zosman-jildirim-perfaqesues-i-kompanise-samsun-makina-sanaji\/\" \/>\n<meta property=\"og:site_name\" content=\"Lajme nga Ulqini\" \/>\n<meta property=\"article:published_time\" content=\"2008-06-10T18:24:40+00:00\" \/>\n<meta property=\"og:image\" content=\"http:\/\/www.samsunmakina.com\/samsunmakina\/products\/DIPipes\/imgs\/toplogo1.gif\" \/>\n<meta name=\"twitter:label1\" content=\"Written by\" \/>\n\t<meta name=\"twitter:data1\" content=\"ulqini\" \/>\n\t<meta name=\"twitter:label2\" content=\"Est. reading time\" \/>\n\t<meta name=\"twitter:data2\" content=\"1 minute\" \/>\n<script type=\"application\/ld+json\" class=\"yoast-schema-graph\">{\"@context\":\"https:\/\/schema.org\",\"@graph\":[{\"@type\":\"WebSite\",\"@id\":\"https:\/\/www.visit-ulcinj.com\/blog\/#website\",\"url\":\"https:\/\/www.visit-ulcinj.com\/blog\/\",\"name\":\"Lajme nga Ulqini\",\"description\":\"Lajme,Vijesti,Ulqini,Ulqin,Crna Gora,Mali i Zi\",\"potentialAction\":[{\"@type\":\"SearchAction\",\"target\":{\"@type\":\"EntryPoint\",\"urlTemplate\":\"https:\/\/www.visit-ulcinj.com\/blog\/?s={search_term_string}\"},\"query-input\":\"required name=search_term_string\"}],\"inLanguage\":\"en-US\"},{\"@type\":\"ImageObject\",\"inLanguage\":\"en-US\",\"@id\":\"https:\/\/www.visit-ulcinj.com\/blog\/2008\/06\/10\/kryetari-i-komunes-se-ulqinitgezim-hajdinagapriti-zosman-jildirim-perfaqesues-i-kompanise-samsun-makina-sanaji\/#primaryimage\",\"url\":\"http:\/\/www.samsunmakina.com\/samsunmakina\/products\/DIPipes\/imgs\/toplogo1.gif\",\"contentUrl\":\"http:\/\/www.samsunmakina.com\/samsunmakina\/products\/DIPipes\/imgs\/toplogo1.gif\"},{\"@type\":\"WebPage\",\"@id\":\"https:\/\/www.visit-ulcinj.com\/blog\/2008\/06\/10\/kryetari-i-komunes-se-ulqinitgezim-hajdinagapriti-zosman-jildirim-perfaqesues-i-kompanise-samsun-makina-sanaji\/#webpage\",\"url\":\"https:\/\/www.visit-ulcinj.com\/blog\/2008\/06\/10\/kryetari-i-komunes-se-ulqinitgezim-hajdinagapriti-zosman-jildirim-perfaqesues-i-kompanise-samsun-makina-sanaji\/\",\"name\":\"Kryetari i komun\u00ebs s\u00eb ulqinit,G\u00ebzim Hajdinaga,priti z.Osman Jildirim, p\u00ebrfaq\u00ebsues i kompanis\u00eb samsun makina sanaji - Lajme nga Ulqini\",\"isPartOf\":{\"@id\":\"https:\/\/www.visit-ulcinj.com\/blog\/#website\"},\"primaryImageOfPage\":{\"@id\":\"https:\/\/www.visit-ulcinj.com\/blog\/2008\/06\/10\/kryetari-i-komunes-se-ulqinitgezim-hajdinagapriti-zosman-jildirim-perfaqesues-i-kompanise-samsun-makina-sanaji\/#primaryimage\"},\"datePublished\":\"2008-06-10T18:24:40+00:00\",\"dateModified\":\"2008-06-10T18:24:40+00:00\",\"author\":{\"@id\":\"https:\/\/www.visit-ulcinj.com\/blog\/#\/schema\/person\/dcab619c614d3038751c63bc2aadc06d\"},\"breadcrumb\":{\"@id\":\"https:\/\/www.visit-ulcinj.com\/blog\/2008\/06\/10\/kryetari-i-komunes-se-ulqinitgezim-hajdinagapriti-zosman-jildirim-perfaqesues-i-kompanise-samsun-makina-sanaji\/#breadcrumb\"},\"inLanguage\":\"en-US\",\"potentialAction\":[{\"@type\":\"ReadAction\",\"target\":[\"https:\/\/www.visit-ulcinj.com\/blog\/2008\/06\/10\/kryetari-i-komunes-se-ulqinitgezim-hajdinagapriti-zosman-jildirim-perfaqesues-i-kompanise-samsun-makina-sanaji\/\"]}]},{\"@type\":\"BreadcrumbList\",\"@id\":\"https:\/\/www.visit-ulcinj.com\/blog\/2008\/06\/10\/kryetari-i-komunes-se-ulqinitgezim-hajdinagapriti-zosman-jildirim-perfaqesues-i-kompanise-samsun-makina-sanaji\/#breadcrumb\",\"itemListElement\":[{\"@type\":\"ListItem\",\"position\":1,\"name\":\"Kryetari i komun\u00ebs s\u00eb ulqinit,G\u00ebzim Hajdinaga,priti z.Osman Jildirim, p\u00ebrfaq\u00ebsues i kompanis\u00eb samsun makina sanaji\"}]},{\"@type\":\"Person\",\"@id\":\"https:\/\/www.visit-ulcinj.com\/blog\/#\/schema\/person\/dcab619c614d3038751c63bc2aadc06d\",\"name\":\"ulqini\",\"sameAs\":[\"http:\/\/www.visit-ulcinj.com\"],\"url\":\"https:\/\/www.visit-ulcinj.com\/blog\/author\/admin\/\"}]}<\/script>\n<!-- \/ Yoast SEO plugin. -->","yoast_head_json":{"title":"Kryetari i komun\u00ebs s\u00eb ulqinit,G\u00ebzim Hajdinaga,priti z.Osman Jildirim, p\u00ebrfaq\u00ebsues i kompanis\u00eb samsun makina sanaji - Lajme nga Ulqini","robots":{"index":"index","follow":"follow","max-snippet":"max-snippet:-1","max-image-preview":"max-image-preview:large","max-video-preview":"max-video-preview:-1"},"canonical":"https:\/\/www.visit-ulcinj.com\/blog\/2008\/06\/10\/kryetari-i-komunes-se-ulqinitgezim-hajdinagapriti-zosman-jildirim-perfaqesues-i-kompanise-samsun-makina-sanaji\/","og_locale":"en_US","og_type":"article","og_title":"Kryetari i komun\u00ebs s\u00eb ulqinit,G\u00ebzim Hajdinaga,priti z.Osman Jildirim, p\u00ebrfaq\u00ebsues i kompanis\u00eb samsun makina sanaji - Lajme nga Ulqini","og_url":"https:\/\/www.visit-ulcinj.com\/blog\/2008\/06\/10\/kryetari-i-komunes-se-ulqinitgezim-hajdinagapriti-zosman-jildirim-perfaqesues-i-kompanise-samsun-makina-sanaji\/","og_site_name":"Lajme nga Ulqini","article_published_time":"2008-06-10T18:24:40+00:00","og_image":[{"url":"http:\/\/www.samsunmakina.com\/samsunmakina\/products\/DIPipes\/imgs\/toplogo1.gif"}],"twitter_misc":{"Written by":"ulqini","Est. reading time":"1 minute"},"schema":{"@context":"https:\/\/schema.org","@graph":[{"@type":"WebSite","@id":"https:\/\/www.visit-ulcinj.com\/blog\/#website","url":"https:\/\/www.visit-ulcinj.com\/blog\/","name":"Lajme nga Ulqini","description":"Lajme,Vijesti,Ulqini,Ulqin,Crna Gora,Mali i Zi","potentialAction":[{"@type":"SearchAction","target":{"@type":"EntryPoint","urlTemplate":"https:\/\/www.visit-ulcinj.com\/blog\/?s={search_term_string}"},"query-input":"required name=search_term_string"}],"inLanguage":"en-US"},{"@type":"ImageObject","inLanguage":"en-US","@id":"https:\/\/www.visit-ulcinj.com\/blog\/2008\/06\/10\/kryetari-i-komunes-se-ulqinitgezim-hajdinagapriti-zosman-jildirim-perfaqesues-i-kompanise-samsun-makina-sanaji\/#primaryimage","url":"http:\/\/www.samsunmakina.com\/samsunmakina\/products\/DIPipes\/imgs\/toplogo1.gif","contentUrl":"http:\/\/www.samsunmakina.com\/samsunmakina\/products\/DIPipes\/imgs\/toplogo1.gif"},{"@type":"WebPage","@id":"https:\/\/www.visit-ulcinj.com\/blog\/2008\/06\/10\/kryetari-i-komunes-se-ulqinitgezim-hajdinagapriti-zosman-jildirim-perfaqesues-i-kompanise-samsun-makina-sanaji\/#webpage","url":"https:\/\/www.visit-ulcinj.com\/blog\/2008\/06\/10\/kryetari-i-komunes-se-ulqinitgezim-hajdinagapriti-zosman-jildirim-perfaqesues-i-kompanise-samsun-makina-sanaji\/","name":"Kryetari i komun\u00ebs s\u00eb ulqinit,G\u00ebzim Hajdinaga,priti z.Osman Jildirim, p\u00ebrfaq\u00ebsues i kompanis\u00eb samsun makina sanaji - Lajme nga Ulqini","isPartOf":{"@id":"https:\/\/www.visit-ulcinj.com\/blog\/#website"},"primaryImageOfPage":{"@id":"https:\/\/www.visit-ulcinj.com\/blog\/2008\/06\/10\/kryetari-i-komunes-se-ulqinitgezim-hajdinagapriti-zosman-jildirim-perfaqesues-i-kompanise-samsun-makina-sanaji\/#primaryimage"},"datePublished":"2008-06-10T18:24:40+00:00","dateModified":"2008-06-10T18:24:40+00:00","author":{"@id":"https:\/\/www.visit-ulcinj.com\/blog\/#\/schema\/person\/dcab619c614d3038751c63bc2aadc06d"},"breadcrumb":{"@id":"https:\/\/www.visit-ulcinj.com\/blog\/2008\/06\/10\/kryetari-i-komunes-se-ulqinitgezim-hajdinagapriti-zosman-jildirim-perfaqesues-i-kompanise-samsun-makina-sanaji\/#breadcrumb"},"inLanguage":"en-US","potentialAction":[{"@type":"ReadAction","target":["https:\/\/www.visit-ulcinj.com\/blog\/2008\/06\/10\/kryetari-i-komunes-se-ulqinitgezim-hajdinagapriti-zosman-jildirim-perfaqesues-i-kompanise-samsun-makina-sanaji\/"]}]},{"@type":"BreadcrumbList","@id":"https:\/\/www.visit-ulcinj.com\/blog\/2008\/06\/10\/kryetari-i-komunes-se-ulqinitgezim-hajdinagapriti-zosman-jildirim-perfaqesues-i-kompanise-samsun-makina-sanaji\/#breadcrumb","itemListElement":[{"@type":"ListItem","position":1,"name":"Kryetari i komun\u00ebs s\u00eb ulqinit,G\u00ebzim Hajdinaga,priti z.Osman Jildirim, p\u00ebrfaq\u00ebsues i kompanis\u00eb samsun makina sanaji"}]},{"@type":"Person","@id":"https:\/\/www.visit-ulcinj.com\/blog\/#\/schema\/person\/dcab619c614d3038751c63bc2aadc06d","name":"ulqini","sameAs":["http:\/\/www.visit-ulcinj.com"],"url":"https:\/\/www.visit-ulcinj.com\/blog\/author\/admin\/"}]}},"jetpack_featured_media_url":"","jetpack_sharing_enabled":true,"jetpack_shortlink":"https:\/\/wp.me\/pe6lTn-vI","_links":{"self":[{"href":"https:\/\/www.visit-ulcinj.com\/blog\/wp-json\/wp\/v2\/posts\/1966"}],"collection":[{"href":"https:\/\/www.visit-ulcinj.com\/blog\/wp-json\/wp\/v2\/posts"}],"about":[{"href":"https:\/\/www.visit-ulcinj.com\/blog\/wp-json\/wp\/v2\/types\/post"}],"author":[{"embeddable":true,"href":"https:\/\/www.visit-ulcinj.com\/blog\/wp-json\/wp\/v2\/users\/1"}],"replies":[{"embeddable":true,"href":"https:\/\/www.visit-ulcinj.com\/blog\/wp-json\/wp\/v2\/comments?post=1966"}],"version-history":[{"count":0,"href":"https:\/\/www.visit-ulcinj.com\/blog\/wp-json\/wp\/v2\/posts\/1966\/revisions"}],"wp:attachment":[{"href":"https:\/\/www.visit-ulcinj.com\/blog\/wp-json\/wp\/v2\/media?parent=1966"}],"wp:term":[{"taxonomy":"category","embeddable":true,"href":"https:\/\/www.visit-ulcinj.com\/blog\/wp-json\/wp\/v2\/categories?post=1966"},{"taxonomy":"post_tag","embeddable":true,"href":"https:\/\/www.visit-ulcinj.com\/blog\/wp-json\/wp\/v2\/tags?post=1966"}],"curies":[{"name":"wp","href":"https:\/\/api.w.org\/{rel}","templated":true}]}}