{"id":19676,"date":"2009-04-29T22:56:12","date_gmt":"2009-04-29T20:56:12","guid":{"rendered":"http:\/\/www.visit-ulcinj.com\/blog\/?p=19676"},"modified":"2009-04-29T22:56:12","modified_gmt":"2009-04-29T20:56:12","slug":"bjordi-dhe-sori-kujtime-per-naten-e-pare","status":"publish","type":"post","link":"https:\/\/www.visit-ulcinj.com\/blog\/2009\/04\/29\/bjordi-dhe-sori-kujtime-per-naten-e-pare\/","title":{"rendered":"Bjordi dhe Sori : Kujtime p\u00ebr nat\u00ebn e par\u00eb"},"content":{"rendered":"<p><em><span class=\"newsdate\"><a href=\"http:\/\/www.visit-ulcinj.com\/blog\/wp-content\/uploads\/2009\/04\/kujtime-dhe-qeshje.jpg\"><img loading=\"lazy\" class=\"alignleft size-full wp-image-19677\" title=\"kujtime-dhe-qeshje-big-brother-albania-2\" src=\"http:\/\/www.visit-ulcinj.com\/blog\/wp-content\/uploads\/2009\/04\/kujtime-dhe-qeshje.jpg\" alt=\"kujtime-dhe-qeshje-big-brother-albania-2\" width=\"300\" height=\"205\" \/><\/a>29\/04\/09 00:12<\/span><\/em><\/p>\n<p>Sori dhe Bjordi kujtojn\u00eb nat\u00ebn e par\u00eb kur hyn\u00eb n\u00eb Big Brother. Ata ia tregojn\u00eb k\u00ebto Jun\u00ebs dhe Anjez\u00ebs dhe qeshin me peripecit\u00eb q\u00eb kaluan q\u00eb at\u00eb nat\u00eb. Bjordi kujton kur Sori u prezantua me ta dhe nuk e kuptoi q\u00eb ai dhe Arjoni, t\u00eb cil\u00ebt do t\u00eb hynin n\u00eb nj\u00eb koh\u00eb me t\u00eb, ishin konkurent\u00eb si ai. Bjordi tregon se Sori n\u00eb ato momente emocionale, kishte th\u00ebn\u00eb disa batuta q\u00eb t\u00eb gjith\u00eb kishin qeshur. T\u00eb dy tregojn\u00eb kur kishin tentuar t\u00eb futeshin n\u00eb sht\u00ebpi, por rruga iu ishte nd\u00ebrprer\u00eb sepse duhet t\u00eb kalonin nj\u00eb prov\u00eb m\u00eb par\u00eb dhe q\u00eb n\u00eb fillim kishin p\u00ebrjetuar momente sfide. Ata tregojn\u00eb se i shihnin n\u00ebp\u00ebrmjet nj\u00eb monitori konkurentet e tjera q\u00eb hynin, vajzat, dhe iu dukeshin shum\u00eb t\u00eb m\u00ebdha nga efekti i ekranit t\u00eb madh. \u201cKur shkuam brenda i pash\u00eb q\u00eb ishin njer\u00ebz si ne\u201d- thot\u00eb Sori p\u00ebr reagimin e tij. Ata qeshin me k\u00ebto kujtime. Juna duket e interesuar p\u00ebr t\u00eb ditur se si \u00ebsht\u00eb p\u00ebrjetuar nata e par\u00eb. Ajo qesh me tregimet e djemve. Sori i thot\u00eb se n\u00eb fillim e kishte trembur tipi i saj q\u00eb qeshte aq shum\u00eb, megjith\u00ebse ai i p\u00eblqen k\u00ebta njer\u00ebz. Sori thot\u00eb p\u00ebr veten se \u00ebsht\u00eb njeri shum\u00eb serioz, q\u00eb nuk qesh shum\u00eb dhe shpesh ndjehet si nj\u00eb njeri stresant, gj\u00eb q\u00eb nuk i p\u00eblqen. Sipas tij, kjo gj\u00eb e b\u00ebn q\u00eb ta vler\u00ebsoj\u00eb Jun\u00ebn m\u00eb shum\u00eb se veten, pasi e konsideron si nj\u00eb vler\u00eb pozitive t\u00eb qeshur\u00ebn.<\/p>\n","protected":false},"excerpt":{"rendered":"<p>29\/04\/09 00:12 Sori dhe Bjordi kujtojn\u00eb nat\u00ebn e par\u00eb kur hyn\u00eb n\u00eb Big Brother. Ata ia tregojn\u00eb k\u00ebto Jun\u00ebs dhe Anjez\u00ebs dhe qeshin me peripecit\u00eb q\u00eb kaluan q\u00eb at\u00eb nat\u00eb. Bjordi kujton kur Sori u prezantua me ta dhe nuk e kuptoi q\u00eb ai dhe Arjoni, t\u00eb cil\u00ebt do t\u00eb hynin n\u00eb nj\u00eb koh\u00eb me [&hellip;]<\/p>\n","protected":false},"author":1,"featured_media":0,"comment_status":"open","ping_status":"closed","sticky":false,"template":"","format":"standard","meta":{"spay_email":"","jetpack_publicize_message":"","jetpack_is_tweetstorm":false,"jetpack_publicize_feature_enabled":true},"categories":[6502],"tags":[9738,9788,6522,9789,8276,9751],"jetpack_publicize_connections":[],"yoast_head":"<!-- This site is optimized with the Yoast SEO plugin v19.1 - https:\/\/yoast.com\/wordpress\/plugins\/seo\/ -->\n<title>Bjordi dhe Sori : Kujtime p\u00c3\u00abr nat\u00c3\u00abn e par\u00c3\u00ab | Big Brother Albania 2<\/title>\n<meta name=\"description\" content=\"Big Brother Albania 2 - Sori dhe Bjordi kujtojn\u00c3\u00ab nat\u00c3\u00abn e par\u00c3\u00ab kur hyn\u00c3\u00ab n\u00c3\u00ab Big Brother. Ata ia tregojn\u00c3\u00ab k\u00c3\u00abto Jun\u00c3\u00abs dhe Anjez\u00c3\u00abs dhe qeshin me peripecit\u00c3\u00ab q\u00c3\u00ab kaluan q\u00c3\u00ab at\u00c3\u00ab nat\u00c3\u00ab. Bjordi kujton kur Sori u prezantua me ta dhe nuk e kuptoi q\u00c3\u00ab ai dhe Arjoni, t\u00c3\u00ab cil\u00c3\u00abt do t\u00c3\u00ab hynin n\u00c3\u00ab nj\u00c3\u00ab koh\u00c3\u00ab me t\u00c3\u00ab, ishin konkurent\u00c3\u00ab si ai.\" \/>\n<meta name=\"robots\" content=\"index, follow, max-snippet:-1, max-image-preview:large, max-video-preview:-1\" \/>\n<link rel=\"canonical\" href=\"https:\/\/www.visit-ulcinj.com\/blog\/2009\/04\/29\/bjordi-dhe-sori-kujtime-per-naten-e-pare\/\" \/>\n<meta property=\"og:locale\" content=\"en_US\" \/>\n<meta property=\"og:type\" content=\"article\" \/>\n<meta property=\"og:title\" content=\"Bjordi dhe Sori : Kujtime p\u00c3\u00abr nat\u00c3\u00abn e par\u00c3\u00ab | Big Brother Albania 2\" \/>\n<meta property=\"og:description\" content=\"Big Brother Albania 2 - Sori dhe Bjordi kujtojn\u00c3\u00ab nat\u00c3\u00abn e par\u00c3\u00ab kur hyn\u00c3\u00ab n\u00c3\u00ab Big Brother. Ata ia tregojn\u00c3\u00ab k\u00c3\u00abto Jun\u00c3\u00abs dhe Anjez\u00c3\u00abs dhe qeshin me peripecit\u00c3\u00ab q\u00c3\u00ab kaluan q\u00c3\u00ab at\u00c3\u00ab nat\u00c3\u00ab. Bjordi kujton kur Sori u prezantua me ta dhe nuk e kuptoi q\u00c3\u00ab ai dhe Arjoni, t\u00c3\u00ab cil\u00c3\u00abt do t\u00c3\u00ab hynin n\u00c3\u00ab nj\u00c3\u00ab koh\u00c3\u00ab me t\u00c3\u00ab, ishin konkurent\u00c3\u00ab si ai.\" \/>\n<meta property=\"og:url\" content=\"https:\/\/www.visit-ulcinj.com\/blog\/2009\/04\/29\/bjordi-dhe-sori-kujtime-per-naten-e-pare\/\" \/>\n<meta property=\"og:site_name\" content=\"Lajme nga Ulqini\" \/>\n<meta property=\"article:published_time\" content=\"2009-04-29T20:56:12+00:00\" \/>\n<meta property=\"og:image\" content=\"http:\/\/www.visit-ulcinj.com\/blog\/wp-content\/uploads\/2009\/04\/kujtime-dhe-qeshje.jpg\" \/>\n<meta name=\"twitter:label1\" content=\"Written by\" \/>\n\t<meta name=\"twitter:data1\" content=\"ulqini\" \/>\n\t<meta name=\"twitter:label2\" content=\"Est. reading time\" \/>\n\t<meta name=\"twitter:data2\" content=\"1 minute\" \/>\n<script type=\"application\/ld+json\" class=\"yoast-schema-graph\">{\"@context\":\"https:\/\/schema.org\",\"@graph\":[{\"@type\":\"WebSite\",\"@id\":\"https:\/\/www.visit-ulcinj.com\/blog\/#website\",\"url\":\"https:\/\/www.visit-ulcinj.com\/blog\/\",\"name\":\"Lajme nga Ulqini\",\"description\":\"Lajme,Vijesti,Ulqini,Ulqin,Crna Gora,Mali i Zi\",\"potentialAction\":[{\"@type\":\"SearchAction\",\"target\":{\"@type\":\"EntryPoint\",\"urlTemplate\":\"https:\/\/www.visit-ulcinj.com\/blog\/?s={search_term_string}\"},\"query-input\":\"required name=search_term_string\"}],\"inLanguage\":\"en-US\"},{\"@type\":\"ImageObject\",\"inLanguage\":\"en-US\",\"@id\":\"https:\/\/www.visit-ulcinj.com\/blog\/2009\/04\/29\/bjordi-dhe-sori-kujtime-per-naten-e-pare\/#primaryimage\",\"url\":\"http:\/\/www.visit-ulcinj.com\/blog\/wp-content\/uploads\/2009\/04\/kujtime-dhe-qeshje.jpg\",\"contentUrl\":\"http:\/\/www.visit-ulcinj.com\/blog\/wp-content\/uploads\/2009\/04\/kujtime-dhe-qeshje.jpg\"},{\"@type\":\"WebPage\",\"@id\":\"https:\/\/www.visit-ulcinj.com\/blog\/2009\/04\/29\/bjordi-dhe-sori-kujtime-per-naten-e-pare\/#webpage\",\"url\":\"https:\/\/www.visit-ulcinj.com\/blog\/2009\/04\/29\/bjordi-dhe-sori-kujtime-per-naten-e-pare\/\",\"name\":\"Bjordi dhe Sori : Kujtime p\u00c3\u00abr nat\u00c3\u00abn e par\u00c3\u00ab | Big Brother Albania 2\",\"isPartOf\":{\"@id\":\"https:\/\/www.visit-ulcinj.com\/blog\/#website\"},\"primaryImageOfPage\":{\"@id\":\"https:\/\/www.visit-ulcinj.com\/blog\/2009\/04\/29\/bjordi-dhe-sori-kujtime-per-naten-e-pare\/#primaryimage\"},\"datePublished\":\"2009-04-29T20:56:12+00:00\",\"dateModified\":\"2009-04-29T20:56:12+00:00\",\"author\":{\"@id\":\"https:\/\/www.visit-ulcinj.com\/blog\/#\/schema\/person\/dcab619c614d3038751c63bc2aadc06d\"},\"description\":\"Big Brother Albania 2 - Sori dhe Bjordi kujtojn\u00c3\u00ab nat\u00c3\u00abn e par\u00c3\u00ab kur hyn\u00c3\u00ab n\u00c3\u00ab Big Brother. Ata ia tregojn\u00c3\u00ab k\u00c3\u00abto Jun\u00c3\u00abs dhe Anjez\u00c3\u00abs dhe qeshin me peripecit\u00c3\u00ab q\u00c3\u00ab kaluan q\u00c3\u00ab at\u00c3\u00ab nat\u00c3\u00ab. Bjordi kujton kur Sori u prezantua me ta dhe nuk e kuptoi q\u00c3\u00ab ai dhe Arjoni, t\u00c3\u00ab cil\u00c3\u00abt do t\u00c3\u00ab hynin n\u00c3\u00ab nj\u00c3\u00ab koh\u00c3\u00ab me t\u00c3\u00ab, ishin konkurent\u00c3\u00ab si ai.\",\"breadcrumb\":{\"@id\":\"https:\/\/www.visit-ulcinj.com\/blog\/2009\/04\/29\/bjordi-dhe-sori-kujtime-per-naten-e-pare\/#breadcrumb\"},\"inLanguage\":\"en-US\",\"potentialAction\":[{\"@type\":\"ReadAction\",\"target\":[\"https:\/\/www.visit-ulcinj.com\/blog\/2009\/04\/29\/bjordi-dhe-sori-kujtime-per-naten-e-pare\/\"]}]},{\"@type\":\"BreadcrumbList\",\"@id\":\"https:\/\/www.visit-ulcinj.com\/blog\/2009\/04\/29\/bjordi-dhe-sori-kujtime-per-naten-e-pare\/#breadcrumb\",\"itemListElement\":[{\"@type\":\"ListItem\",\"position\":1,\"name\":\"Bjordi dhe Sori : Kujtime p\u00ebr nat\u00ebn e par\u00eb\"}]},{\"@type\":\"Person\",\"@id\":\"https:\/\/www.visit-ulcinj.com\/blog\/#\/schema\/person\/dcab619c614d3038751c63bc2aadc06d\",\"name\":\"ulqini\",\"sameAs\":[\"http:\/\/www.visit-ulcinj.com\"],\"url\":\"https:\/\/www.visit-ulcinj.com\/blog\/author\/admin\/\"}]}<\/script>\n<!-- \/ Yoast SEO plugin. -->","yoast_head_json":{"title":"Bjordi dhe Sori : Kujtime p\u00c3\u00abr nat\u00c3\u00abn e par\u00c3\u00ab | Big Brother Albania 2","description":"Big Brother Albania 2 - Sori dhe Bjordi kujtojn\u00c3\u00ab nat\u00c3\u00abn e par\u00c3\u00ab kur hyn\u00c3\u00ab n\u00c3\u00ab Big Brother. Ata ia tregojn\u00c3\u00ab k\u00c3\u00abto Jun\u00c3\u00abs dhe Anjez\u00c3\u00abs dhe qeshin me peripecit\u00c3\u00ab q\u00c3\u00ab kaluan q\u00c3\u00ab at\u00c3\u00ab nat\u00c3\u00ab. Bjordi kujton kur Sori u prezantua me ta dhe nuk e kuptoi q\u00c3\u00ab ai dhe Arjoni, t\u00c3\u00ab cil\u00c3\u00abt do t\u00c3\u00ab hynin n\u00c3\u00ab nj\u00c3\u00ab koh\u00c3\u00ab me t\u00c3\u00ab, ishin konkurent\u00c3\u00ab si ai.","robots":{"index":"index","follow":"follow","max-snippet":"max-snippet:-1","max-image-preview":"max-image-preview:large","max-video-preview":"max-video-preview:-1"},"canonical":"https:\/\/www.visit-ulcinj.com\/blog\/2009\/04\/29\/bjordi-dhe-sori-kujtime-per-naten-e-pare\/","og_locale":"en_US","og_type":"article","og_title":"Bjordi dhe Sori : Kujtime p\u00c3\u00abr nat\u00c3\u00abn e par\u00c3\u00ab | Big Brother Albania 2","og_description":"Big Brother Albania 2 - Sori dhe Bjordi kujtojn\u00c3\u00ab nat\u00c3\u00abn e par\u00c3\u00ab kur hyn\u00c3\u00ab n\u00c3\u00ab Big Brother. Ata ia tregojn\u00c3\u00ab k\u00c3\u00abto Jun\u00c3\u00abs dhe Anjez\u00c3\u00abs dhe qeshin me peripecit\u00c3\u00ab q\u00c3\u00ab kaluan q\u00c3\u00ab at\u00c3\u00ab nat\u00c3\u00ab. Bjordi kujton kur Sori u prezantua me ta dhe nuk e kuptoi q\u00c3\u00ab ai dhe Arjoni, t\u00c3\u00ab cil\u00c3\u00abt do t\u00c3\u00ab hynin n\u00c3\u00ab nj\u00c3\u00ab koh\u00c3\u00ab me t\u00c3\u00ab, ishin konkurent\u00c3\u00ab si ai.","og_url":"https:\/\/www.visit-ulcinj.com\/blog\/2009\/04\/29\/bjordi-dhe-sori-kujtime-per-naten-e-pare\/","og_site_name":"Lajme nga Ulqini","article_published_time":"2009-04-29T20:56:12+00:00","og_image":[{"url":"http:\/\/www.visit-ulcinj.com\/blog\/wp-content\/uploads\/2009\/04\/kujtime-dhe-qeshje.jpg"}],"twitter_misc":{"Written by":"ulqini","Est. reading time":"1 minute"},"schema":{"@context":"https:\/\/schema.org","@graph":[{"@type":"WebSite","@id":"https:\/\/www.visit-ulcinj.com\/blog\/#website","url":"https:\/\/www.visit-ulcinj.com\/blog\/","name":"Lajme nga Ulqini","description":"Lajme,Vijesti,Ulqini,Ulqin,Crna Gora,Mali i Zi","potentialAction":[{"@type":"SearchAction","target":{"@type":"EntryPoint","urlTemplate":"https:\/\/www.visit-ulcinj.com\/blog\/?s={search_term_string}"},"query-input":"required name=search_term_string"}],"inLanguage":"en-US"},{"@type":"ImageObject","inLanguage":"en-US","@id":"https:\/\/www.visit-ulcinj.com\/blog\/2009\/04\/29\/bjordi-dhe-sori-kujtime-per-naten-e-pare\/#primaryimage","url":"http:\/\/www.visit-ulcinj.com\/blog\/wp-content\/uploads\/2009\/04\/kujtime-dhe-qeshje.jpg","contentUrl":"http:\/\/www.visit-ulcinj.com\/blog\/wp-content\/uploads\/2009\/04\/kujtime-dhe-qeshje.jpg"},{"@type":"WebPage","@id":"https:\/\/www.visit-ulcinj.com\/blog\/2009\/04\/29\/bjordi-dhe-sori-kujtime-per-naten-e-pare\/#webpage","url":"https:\/\/www.visit-ulcinj.com\/blog\/2009\/04\/29\/bjordi-dhe-sori-kujtime-per-naten-e-pare\/","name":"Bjordi dhe Sori : Kujtime p\u00c3\u00abr nat\u00c3\u00abn e par\u00c3\u00ab | Big Brother Albania 2","isPartOf":{"@id":"https:\/\/www.visit-ulcinj.com\/blog\/#website"},"primaryImageOfPage":{"@id":"https:\/\/www.visit-ulcinj.com\/blog\/2009\/04\/29\/bjordi-dhe-sori-kujtime-per-naten-e-pare\/#primaryimage"},"datePublished":"2009-04-29T20:56:12+00:00","dateModified":"2009-04-29T20:56:12+00:00","author":{"@id":"https:\/\/www.visit-ulcinj.com\/blog\/#\/schema\/person\/dcab619c614d3038751c63bc2aadc06d"},"description":"Big Brother Albania 2 - Sori dhe Bjordi kujtojn\u00c3\u00ab nat\u00c3\u00abn e par\u00c3\u00ab kur hyn\u00c3\u00ab n\u00c3\u00ab Big Brother. Ata ia tregojn\u00c3\u00ab k\u00c3\u00abto Jun\u00c3\u00abs dhe Anjez\u00c3\u00abs dhe qeshin me peripecit\u00c3\u00ab q\u00c3\u00ab kaluan q\u00c3\u00ab at\u00c3\u00ab nat\u00c3\u00ab. Bjordi kujton kur Sori u prezantua me ta dhe nuk e kuptoi q\u00c3\u00ab ai dhe Arjoni, t\u00c3\u00ab cil\u00c3\u00abt do t\u00c3\u00ab hynin n\u00c3\u00ab nj\u00c3\u00ab koh\u00c3\u00ab me t\u00c3\u00ab, ishin konkurent\u00c3\u00ab si ai.","breadcrumb":{"@id":"https:\/\/www.visit-ulcinj.com\/blog\/2009\/04\/29\/bjordi-dhe-sori-kujtime-per-naten-e-pare\/#breadcrumb"},"inLanguage":"en-US","potentialAction":[{"@type":"ReadAction","target":["https:\/\/www.visit-ulcinj.com\/blog\/2009\/04\/29\/bjordi-dhe-sori-kujtime-per-naten-e-pare\/"]}]},{"@type":"BreadcrumbList","@id":"https:\/\/www.visit-ulcinj.com\/blog\/2009\/04\/29\/bjordi-dhe-sori-kujtime-per-naten-e-pare\/#breadcrumb","itemListElement":[{"@type":"ListItem","position":1,"name":"Bjordi dhe Sori : Kujtime p\u00ebr nat\u00ebn e par\u00eb"}]},{"@type":"Person","@id":"https:\/\/www.visit-ulcinj.com\/blog\/#\/schema\/person\/dcab619c614d3038751c63bc2aadc06d","name":"ulqini","sameAs":["http:\/\/www.visit-ulcinj.com"],"url":"https:\/\/www.visit-ulcinj.com\/blog\/author\/admin\/"}]}},"jetpack_featured_media_url":"","jetpack_sharing_enabled":true,"jetpack_shortlink":"https:\/\/wp.me\/pe6lTn-57m","_links":{"self":[{"href":"https:\/\/www.visit-ulcinj.com\/blog\/wp-json\/wp\/v2\/posts\/19676"}],"collection":[{"href":"https:\/\/www.visit-ulcinj.com\/blog\/wp-json\/wp\/v2\/posts"}],"about":[{"href":"https:\/\/www.visit-ulcinj.com\/blog\/wp-json\/wp\/v2\/types\/post"}],"author":[{"embeddable":true,"href":"https:\/\/www.visit-ulcinj.com\/blog\/wp-json\/wp\/v2\/users\/1"}],"replies":[{"embeddable":true,"href":"https:\/\/www.visit-ulcinj.com\/blog\/wp-json\/wp\/v2\/comments?post=19676"}],"version-history":[{"count":0,"href":"https:\/\/www.visit-ulcinj.com\/blog\/wp-json\/wp\/v2\/posts\/19676\/revisions"}],"wp:attachment":[{"href":"https:\/\/www.visit-ulcinj.com\/blog\/wp-json\/wp\/v2\/media?parent=19676"}],"wp:term":[{"taxonomy":"category","embeddable":true,"href":"https:\/\/www.visit-ulcinj.com\/blog\/wp-json\/wp\/v2\/categories?post=19676"},{"taxonomy":"post_tag","embeddable":true,"href":"https:\/\/www.visit-ulcinj.com\/blog\/wp-json\/wp\/v2\/tags?post=19676"}],"curies":[{"name":"wp","href":"https:\/\/api.w.org\/{rel}","templated":true}]}}