{"id":19682,"date":"2009-04-29T23:02:13","date_gmt":"2009-04-29T21:02:13","guid":{"rendered":"http:\/\/www.visit-ulcinj.com\/blog\/?p=19682"},"modified":"2009-04-29T23:02:13","modified_gmt":"2009-04-29T21:02:13","slug":"bjordi-dhe-adelajda-minimumi-te-shkoj-ne-finale","status":"publish","type":"post","link":"https:\/\/www.visit-ulcinj.com\/blog\/2009\/04\/29\/bjordi-dhe-adelajda-minimumi-te-shkoj-ne-finale\/","title":{"rendered":"Bjordi dhe Adelajda : Minimumi t\u00eb shkoj n\u00eb finale"},"content":{"rendered":"<p><em><span class=\"newsdate\"><a href=\"http:\/\/www.visit-ulcinj.com\/blog\/wp-content\/uploads\/2009\/04\/adela-bjordi-finalja-29.jpg\"><img loading=\"lazy\" class=\"alignleft size-full wp-image-19683\" title=\"adela-bjordi-finalja-29-big-brother-albania-2\" src=\"http:\/\/www.visit-ulcinj.com\/blog\/wp-content\/uploads\/2009\/04\/adela-bjordi-finalja-29.jpg\" alt=\"adela-bjordi-finalja-29-big-brother-albania-2\" width=\"300\" height=\"205\" \/><\/a>29\/04\/09 01:40<\/span><\/em><\/p>\n<p>Bjordi i kujton Adel\u00ebs se dhe dy jav\u00eb e gjysm\u00eb i ndajn\u00eb nga nata e fundit e Big Brother. Adela shprehet se p\u00ebr Bjordin \u00ebsht\u00eb qejf , nd\u00ebrsa p\u00ebr t\u00eb \u00ebsht\u00eb frik\u00eb. Bjordi ia kthen se java e saj kalon shpejt dhe qesh sepse n\u00ebnkupton se ajo mund t\u00eb dal\u00eb k\u00ebt\u00eb t\u00eb shtun\u00eb. Adela, duke folur seriozisht, thot\u00eb se v\u00ebrtet\u00eb ka frik\u00eb se ndoshta del. Bjordi vazhdon shakan\u00eb e tij se nuk ka asnj\u00eb ndryshim nj\u00eb jav\u00eb m\u00eb shpejt apo nj\u00eb jav\u00eb m\u00eb von\u00eb, tani q\u00eb erdhi fundi. P\u00ebr Adel\u00ebn, ndryshimi \u00ebsht\u00eb shum\u00eb i madh sepse pretendon q\u00eb minimumi t\u00eb shkoj\u00eb n\u00eb finale. \u201c\u00cbsht\u00eb synim, por edhe mision\u201d- thot\u00eb ajo. Adela fillon t\u00eb flas\u00eb p\u00ebr jav\u00ebt e saj n\u00eb nominim. Ajo tregon se jav\u00ebn kur ka q\u00ebn\u00eb me Aid\u00ebn, Sorin dhe Arjonin, ka patur m\u00eb shum\u00eb frik\u00eb nga eleminimi sesa k\u00ebt\u00eb jav\u00eb. Ajo shton se ka frik\u00eb se kur t\u00eb kthehet n\u00eb sht\u00ebpi, nuk do jet\u00eb m\u00eb si m\u00eb par\u00eb.<\/p>\n","protected":false},"excerpt":{"rendered":"<p>29\/04\/09 01:40 Bjordi i kujton Adel\u00ebs se dhe dy jav\u00eb e gjysm\u00eb i ndajn\u00eb nga nata e fundit e Big Brother. Adela shprehet se p\u00ebr Bjordin \u00ebsht\u00eb qejf , nd\u00ebrsa p\u00ebr t\u00eb \u00ebsht\u00eb frik\u00eb. Bjordi ia kthen se java e saj kalon shpejt dhe qesh sepse n\u00ebnkupton se ajo mund t\u00eb dal\u00eb k\u00ebt\u00eb t\u00eb shtun\u00eb. [&hellip;]<\/p>\n","protected":false},"author":1,"featured_media":0,"comment_status":"open","ping_status":"closed","sticky":false,"template":"","format":"standard","meta":{"spay_email":"","jetpack_publicize_message":"","jetpack_is_tweetstorm":false,"jetpack_publicize_feature_enabled":true},"categories":[6502],"tags":[6529,9738,9121,6522,9790,9751],"jetpack_publicize_connections":[],"yoast_head":"<!-- This site is optimized with the Yoast SEO plugin v19.1 - https:\/\/yoast.com\/wordpress\/plugins\/seo\/ -->\n<title>Bjordi dhe Adelajda : Minimumi t\u00c3\u00ab shkoj n\u00c3\u00ab finale | Big Brother Albania 2<\/title>\n<meta name=\"description\" content=\"Big Brother Albania 2 - Bjordi i kujton Adel\u00c3\u00abs se dhe dy jav\u00c3\u00ab e gjysm\u00c3\u00ab i ndajn\u00c3\u00ab nga nata e fundit e Big Brother. Adela shprehet se p\u00c3\u00abr Bjordin \u00c3\u00absht\u00c3\u00ab qejf , nd\u00c3\u00abrsa p\u00c3\u00abr t\u00c3\u00ab \u00c3\u00absht\u00c3\u00ab frik\u00c3\u00ab\" \/>\n<meta name=\"robots\" content=\"index, follow, max-snippet:-1, max-image-preview:large, max-video-preview:-1\" \/>\n<link rel=\"canonical\" href=\"https:\/\/www.visit-ulcinj.com\/blog\/2009\/04\/29\/bjordi-dhe-adelajda-minimumi-te-shkoj-ne-finale\/\" \/>\n<meta property=\"og:locale\" content=\"en_US\" \/>\n<meta property=\"og:type\" content=\"article\" \/>\n<meta property=\"og:title\" content=\"Bjordi dhe Adelajda : Minimumi t\u00c3\u00ab shkoj n\u00c3\u00ab finale | Big Brother Albania 2\" \/>\n<meta property=\"og:description\" content=\"Big Brother Albania 2 - Bjordi i kujton Adel\u00c3\u00abs se dhe dy jav\u00c3\u00ab e gjysm\u00c3\u00ab i ndajn\u00c3\u00ab nga nata e fundit e Big Brother. Adela shprehet se p\u00c3\u00abr Bjordin \u00c3\u00absht\u00c3\u00ab qejf , nd\u00c3\u00abrsa p\u00c3\u00abr t\u00c3\u00ab \u00c3\u00absht\u00c3\u00ab frik\u00c3\u00ab\" \/>\n<meta property=\"og:url\" content=\"https:\/\/www.visit-ulcinj.com\/blog\/2009\/04\/29\/bjordi-dhe-adelajda-minimumi-te-shkoj-ne-finale\/\" \/>\n<meta property=\"og:site_name\" content=\"Lajme nga Ulqini\" \/>\n<meta property=\"article:published_time\" content=\"2009-04-29T21:02:13+00:00\" \/>\n<meta property=\"og:image\" content=\"http:\/\/www.visit-ulcinj.com\/blog\/wp-content\/uploads\/2009\/04\/adela-bjordi-finalja-29.jpg\" \/>\n<meta name=\"twitter:label1\" content=\"Written by\" \/>\n\t<meta name=\"twitter:data1\" content=\"ulqini\" \/>\n\t<meta name=\"twitter:label2\" content=\"Est. reading time\" \/>\n\t<meta name=\"twitter:data2\" content=\"1 minute\" \/>\n<script type=\"application\/ld+json\" class=\"yoast-schema-graph\">{\"@context\":\"https:\/\/schema.org\",\"@graph\":[{\"@type\":\"WebSite\",\"@id\":\"https:\/\/www.visit-ulcinj.com\/blog\/#website\",\"url\":\"https:\/\/www.visit-ulcinj.com\/blog\/\",\"name\":\"Lajme nga Ulqini\",\"description\":\"Lajme,Vijesti,Ulqini,Ulqin,Crna Gora,Mali i Zi\",\"potentialAction\":[{\"@type\":\"SearchAction\",\"target\":{\"@type\":\"EntryPoint\",\"urlTemplate\":\"https:\/\/www.visit-ulcinj.com\/blog\/?s={search_term_string}\"},\"query-input\":\"required name=search_term_string\"}],\"inLanguage\":\"en-US\"},{\"@type\":\"ImageObject\",\"inLanguage\":\"en-US\",\"@id\":\"https:\/\/www.visit-ulcinj.com\/blog\/2009\/04\/29\/bjordi-dhe-adelajda-minimumi-te-shkoj-ne-finale\/#primaryimage\",\"url\":\"http:\/\/www.visit-ulcinj.com\/blog\/wp-content\/uploads\/2009\/04\/adela-bjordi-finalja-29.jpg\",\"contentUrl\":\"http:\/\/www.visit-ulcinj.com\/blog\/wp-content\/uploads\/2009\/04\/adela-bjordi-finalja-29.jpg\"},{\"@type\":\"WebPage\",\"@id\":\"https:\/\/www.visit-ulcinj.com\/blog\/2009\/04\/29\/bjordi-dhe-adelajda-minimumi-te-shkoj-ne-finale\/#webpage\",\"url\":\"https:\/\/www.visit-ulcinj.com\/blog\/2009\/04\/29\/bjordi-dhe-adelajda-minimumi-te-shkoj-ne-finale\/\",\"name\":\"Bjordi dhe Adelajda : Minimumi t\u00c3\u00ab shkoj n\u00c3\u00ab finale | Big Brother Albania 2\",\"isPartOf\":{\"@id\":\"https:\/\/www.visit-ulcinj.com\/blog\/#website\"},\"primaryImageOfPage\":{\"@id\":\"https:\/\/www.visit-ulcinj.com\/blog\/2009\/04\/29\/bjordi-dhe-adelajda-minimumi-te-shkoj-ne-finale\/#primaryimage\"},\"datePublished\":\"2009-04-29T21:02:13+00:00\",\"dateModified\":\"2009-04-29T21:02:13+00:00\",\"author\":{\"@id\":\"https:\/\/www.visit-ulcinj.com\/blog\/#\/schema\/person\/dcab619c614d3038751c63bc2aadc06d\"},\"description\":\"Big Brother Albania 2 - Bjordi i kujton Adel\u00c3\u00abs se dhe dy jav\u00c3\u00ab e gjysm\u00c3\u00ab i ndajn\u00c3\u00ab nga nata e fundit e Big Brother. Adela shprehet se p\u00c3\u00abr Bjordin \u00c3\u00absht\u00c3\u00ab qejf , nd\u00c3\u00abrsa p\u00c3\u00abr t\u00c3\u00ab \u00c3\u00absht\u00c3\u00ab frik\u00c3\u00ab\",\"breadcrumb\":{\"@id\":\"https:\/\/www.visit-ulcinj.com\/blog\/2009\/04\/29\/bjordi-dhe-adelajda-minimumi-te-shkoj-ne-finale\/#breadcrumb\"},\"inLanguage\":\"en-US\",\"potentialAction\":[{\"@type\":\"ReadAction\",\"target\":[\"https:\/\/www.visit-ulcinj.com\/blog\/2009\/04\/29\/bjordi-dhe-adelajda-minimumi-te-shkoj-ne-finale\/\"]}]},{\"@type\":\"BreadcrumbList\",\"@id\":\"https:\/\/www.visit-ulcinj.com\/blog\/2009\/04\/29\/bjordi-dhe-adelajda-minimumi-te-shkoj-ne-finale\/#breadcrumb\",\"itemListElement\":[{\"@type\":\"ListItem\",\"position\":1,\"name\":\"Bjordi dhe Adelajda : Minimumi t\u00eb shkoj n\u00eb finale\"}]},{\"@type\":\"Person\",\"@id\":\"https:\/\/www.visit-ulcinj.com\/blog\/#\/schema\/person\/dcab619c614d3038751c63bc2aadc06d\",\"name\":\"ulqini\",\"sameAs\":[\"http:\/\/www.visit-ulcinj.com\"],\"url\":\"https:\/\/www.visit-ulcinj.com\/blog\/author\/admin\/\"}]}<\/script>\n<!-- \/ Yoast SEO plugin. -->","yoast_head_json":{"title":"Bjordi dhe Adelajda : Minimumi t\u00c3\u00ab shkoj n\u00c3\u00ab finale | Big Brother Albania 2","description":"Big Brother Albania 2 - Bjordi i kujton Adel\u00c3\u00abs se dhe dy jav\u00c3\u00ab e gjysm\u00c3\u00ab i ndajn\u00c3\u00ab nga nata e fundit e Big Brother. Adela shprehet se p\u00c3\u00abr Bjordin \u00c3\u00absht\u00c3\u00ab qejf , nd\u00c3\u00abrsa p\u00c3\u00abr t\u00c3\u00ab \u00c3\u00absht\u00c3\u00ab frik\u00c3\u00ab","robots":{"index":"index","follow":"follow","max-snippet":"max-snippet:-1","max-image-preview":"max-image-preview:large","max-video-preview":"max-video-preview:-1"},"canonical":"https:\/\/www.visit-ulcinj.com\/blog\/2009\/04\/29\/bjordi-dhe-adelajda-minimumi-te-shkoj-ne-finale\/","og_locale":"en_US","og_type":"article","og_title":"Bjordi dhe Adelajda : Minimumi t\u00c3\u00ab shkoj n\u00c3\u00ab finale | Big Brother Albania 2","og_description":"Big Brother Albania 2 - Bjordi i kujton Adel\u00c3\u00abs se dhe dy jav\u00c3\u00ab e gjysm\u00c3\u00ab i ndajn\u00c3\u00ab nga nata e fundit e Big Brother. Adela shprehet se p\u00c3\u00abr Bjordin \u00c3\u00absht\u00c3\u00ab qejf , nd\u00c3\u00abrsa p\u00c3\u00abr t\u00c3\u00ab \u00c3\u00absht\u00c3\u00ab frik\u00c3\u00ab","og_url":"https:\/\/www.visit-ulcinj.com\/blog\/2009\/04\/29\/bjordi-dhe-adelajda-minimumi-te-shkoj-ne-finale\/","og_site_name":"Lajme nga Ulqini","article_published_time":"2009-04-29T21:02:13+00:00","og_image":[{"url":"http:\/\/www.visit-ulcinj.com\/blog\/wp-content\/uploads\/2009\/04\/adela-bjordi-finalja-29.jpg"}],"twitter_misc":{"Written by":"ulqini","Est. reading time":"1 minute"},"schema":{"@context":"https:\/\/schema.org","@graph":[{"@type":"WebSite","@id":"https:\/\/www.visit-ulcinj.com\/blog\/#website","url":"https:\/\/www.visit-ulcinj.com\/blog\/","name":"Lajme nga Ulqini","description":"Lajme,Vijesti,Ulqini,Ulqin,Crna Gora,Mali i Zi","potentialAction":[{"@type":"SearchAction","target":{"@type":"EntryPoint","urlTemplate":"https:\/\/www.visit-ulcinj.com\/blog\/?s={search_term_string}"},"query-input":"required name=search_term_string"}],"inLanguage":"en-US"},{"@type":"ImageObject","inLanguage":"en-US","@id":"https:\/\/www.visit-ulcinj.com\/blog\/2009\/04\/29\/bjordi-dhe-adelajda-minimumi-te-shkoj-ne-finale\/#primaryimage","url":"http:\/\/www.visit-ulcinj.com\/blog\/wp-content\/uploads\/2009\/04\/adela-bjordi-finalja-29.jpg","contentUrl":"http:\/\/www.visit-ulcinj.com\/blog\/wp-content\/uploads\/2009\/04\/adela-bjordi-finalja-29.jpg"},{"@type":"WebPage","@id":"https:\/\/www.visit-ulcinj.com\/blog\/2009\/04\/29\/bjordi-dhe-adelajda-minimumi-te-shkoj-ne-finale\/#webpage","url":"https:\/\/www.visit-ulcinj.com\/blog\/2009\/04\/29\/bjordi-dhe-adelajda-minimumi-te-shkoj-ne-finale\/","name":"Bjordi dhe Adelajda : Minimumi t\u00c3\u00ab shkoj n\u00c3\u00ab finale | Big Brother Albania 2","isPartOf":{"@id":"https:\/\/www.visit-ulcinj.com\/blog\/#website"},"primaryImageOfPage":{"@id":"https:\/\/www.visit-ulcinj.com\/blog\/2009\/04\/29\/bjordi-dhe-adelajda-minimumi-te-shkoj-ne-finale\/#primaryimage"},"datePublished":"2009-04-29T21:02:13+00:00","dateModified":"2009-04-29T21:02:13+00:00","author":{"@id":"https:\/\/www.visit-ulcinj.com\/blog\/#\/schema\/person\/dcab619c614d3038751c63bc2aadc06d"},"description":"Big Brother Albania 2 - Bjordi i kujton Adel\u00c3\u00abs se dhe dy jav\u00c3\u00ab e gjysm\u00c3\u00ab i ndajn\u00c3\u00ab nga nata e fundit e Big Brother. Adela shprehet se p\u00c3\u00abr Bjordin \u00c3\u00absht\u00c3\u00ab qejf , nd\u00c3\u00abrsa p\u00c3\u00abr t\u00c3\u00ab \u00c3\u00absht\u00c3\u00ab frik\u00c3\u00ab","breadcrumb":{"@id":"https:\/\/www.visit-ulcinj.com\/blog\/2009\/04\/29\/bjordi-dhe-adelajda-minimumi-te-shkoj-ne-finale\/#breadcrumb"},"inLanguage":"en-US","potentialAction":[{"@type":"ReadAction","target":["https:\/\/www.visit-ulcinj.com\/blog\/2009\/04\/29\/bjordi-dhe-adelajda-minimumi-te-shkoj-ne-finale\/"]}]},{"@type":"BreadcrumbList","@id":"https:\/\/www.visit-ulcinj.com\/blog\/2009\/04\/29\/bjordi-dhe-adelajda-minimumi-te-shkoj-ne-finale\/#breadcrumb","itemListElement":[{"@type":"ListItem","position":1,"name":"Bjordi dhe Adelajda : Minimumi t\u00eb shkoj n\u00eb finale"}]},{"@type":"Person","@id":"https:\/\/www.visit-ulcinj.com\/blog\/#\/schema\/person\/dcab619c614d3038751c63bc2aadc06d","name":"ulqini","sameAs":["http:\/\/www.visit-ulcinj.com"],"url":"https:\/\/www.visit-ulcinj.com\/blog\/author\/admin\/"}]}},"jetpack_featured_media_url":"","jetpack_sharing_enabled":true,"jetpack_shortlink":"https:\/\/wp.me\/pe6lTn-57s","_links":{"self":[{"href":"https:\/\/www.visit-ulcinj.com\/blog\/wp-json\/wp\/v2\/posts\/19682"}],"collection":[{"href":"https:\/\/www.visit-ulcinj.com\/blog\/wp-json\/wp\/v2\/posts"}],"about":[{"href":"https:\/\/www.visit-ulcinj.com\/blog\/wp-json\/wp\/v2\/types\/post"}],"author":[{"embeddable":true,"href":"https:\/\/www.visit-ulcinj.com\/blog\/wp-json\/wp\/v2\/users\/1"}],"replies":[{"embeddable":true,"href":"https:\/\/www.visit-ulcinj.com\/blog\/wp-json\/wp\/v2\/comments?post=19682"}],"version-history":[{"count":0,"href":"https:\/\/www.visit-ulcinj.com\/blog\/wp-json\/wp\/v2\/posts\/19682\/revisions"}],"wp:attachment":[{"href":"https:\/\/www.visit-ulcinj.com\/blog\/wp-json\/wp\/v2\/media?parent=19682"}],"wp:term":[{"taxonomy":"category","embeddable":true,"href":"https:\/\/www.visit-ulcinj.com\/blog\/wp-json\/wp\/v2\/categories?post=19682"},{"taxonomy":"post_tag","embeddable":true,"href":"https:\/\/www.visit-ulcinj.com\/blog\/wp-json\/wp\/v2\/tags?post=19682"}],"curies":[{"name":"wp","href":"https:\/\/api.w.org\/{rel}","templated":true}]}}