{"id":1969,"date":"2008-06-10T14:05:10","date_gmt":"2008-06-10T19:05:10","guid":{"rendered":"http:\/\/www.visit-ulcinj.com\/blog\/?p=1969"},"modified":"2008-06-10T14:05:10","modified_gmt":"2008-06-10T19:05:10","slug":"gjermania-i-sugjeron-malit-te-zi-njohjen-e-kosoves","status":"publish","type":"post","link":"https:\/\/www.visit-ulcinj.com\/blog\/2008\/06\/10\/gjermania-i-sugjeron-malit-te-zi-njohjen-e-kosoves\/","title":{"rendered":"Gjermania i sugjeron Malit t\u00eb Zi njohjen e Kosov\u00ebs"},"content":{"rendered":"<p><a title=\"Thomas Schmidt_Prime Minister Milo Djukanovic\" href=\"http:\/\/www.gom.cg.yu\/img\/1162400134.jpg\" target=\"_blank\"><img loading=\"lazy\" class=\"alignleft\" style=\"float: left;\" src=\"http:\/\/www.gom.cg.yu\/img\/1162400133.jpg\" alt=\"Milo djukanovic_solana\" width=\"220\" height=\"165\" \/><\/a>Gjermania e ka njohur pavar\u00ebsin\u00eb e Kosov\u00ebs, sikur shtetet kryesore an\u00ebtare t\u00eb Bashkimit Evropian, nd\u00ebrsa Mali i Zi, her\u00ebt a von\u00eb, do t\u00eb p\u00ebrballet me k\u00ebt\u00eb realitet t\u00eb ri dhe duhet t\u00eb merr vendim konkret, i cili p\u00ebr shum\u00eb k\u00eb mund t\u00eb jet\u00eb i dhimbsh\u00ebm, tha t\u00eb h\u00ebn\u00ebn ambasadori gjerman n\u00eb Mal t\u00eb Zi, Tomas Schmidt.<br \/>\nShtyrjen e afatit t\u00eb aplikimit p\u00ebr an\u00ebtar\u00ebsim n\u00eb BE, ai e ka quajtur vendim t\u00eb Podgoric\u00ebs, i cili \u00ebsht\u00eb marr\u00eb n\u00eb konsultim me miqt\u00eb e saj n\u00eb Bruksel, Berlin, Paris, Hag\u00eb, Lubjan\u00eb dhe kryeqendra tjera n\u00eb BE. Ambasadori gjerman duke u p\u00ebrgjigjur n\u00eb pyetjen se si p\u00ebrfaq\u00ebsues diplomatik i nj\u00eb shteti t\u00eb huaj, sheh se n\u00eb Mal t\u00eb Zi \u00ebsht\u00eb i pranish\u00ebm lobi kund\u00ebr Evrop\u00ebs, theksoi se \u201c&#8230;n\u00eb \u00e7do vend evropian ekzistojn\u00eb forca, t\u00eb cilat edhe m\u00eb tej luftojn\u00eb kund\u00ebr ekzistimit t\u00eb vet Bashkimit Evropian\u201d.<br \/>\n<strong>Autor \/ RTK<\/strong><\/p>\n<p><!-- vimeo error: not a vimeo video --><br \/>\n<a class=\"aligncenter\" title=\"Apatin,  Aran?elovac,  ?uprija,  ?a?ak,  ?apljina,  ?itluk,  \u0160abac,  \u0160ipovo,  \u0160iroki Brijeg,  \u017dep?e,  \u017divinice,  Ba?ka Palanka,  Banja Luka,  Banovi?i,  Be?ej,  beograd,  Biha?,  Bijeljina,  Bor,  Bor?a,  Bosanska Gradi\u0161ka,  Bosanska Krupa,  Bosanski \u0160amac,  Bosanski Brod,  Bosanski Novi,  Br?ko,  Bu\u017eim,  Bugojno,  Cazin,  Crna Gora,  Derventa,  Doboj,  Donji Vakuf,  Drvar,  Dubrovnik,  Fo?a,  Fojnica,  Glamo?,  Gora\u017ede,  Gornji Milanovac,  Gornji Vakuf,  gostivar,  Gra?anica,  Grada?ac,  Gradiska,  Grahovo,  Had\u017ei?i,  Ilid\u017ea,  In?ija,  Jablanica,  Jagodina,  Jajce,  Kakanj,  Kalu?erica,  Kikinda,  Klju?,  Konjic,Vacation Apartments Room in Ulcinj,Unterkunft in Ulcinj Montenegro,Vacations in Ulcinj,your holiday discount price ulcinj,Ulcinj Apartments Holiday,holiday vacation apartment ulcinj,Real Estate Property Vacation ulcinj,Holiday accommodation ulcinj,ulcinj Holiday Villas and Apartments ,Hotels and Resorts - Ulcinj, Kotor Varo\u0161,  Kragujevac,  Kraljevo,  Kru\u0161evac,  Kula,  Kupres,  Lakta\u0161i,  Lazarevac,  Leskovac,  Livno,  Ljubinje,  ljublana,  Ljubu\u0161ki,  Loznica,  Lukavac,  Maglaj,  Mladenovac,  Modri?a,  montenegro erlajnz,  mostar,  Mrkonji? Grad,  Neum,  Ni\u0161,  Novi Pazar,  Novi Sad,  Novi Travnik,  Obrenovac,  Od\u017eak,  ohrid,  Ora\u0161je,  Pale,  Pan?evo,  Para?in,  Pirot,  Po\u017earevac,  Podgorica,  Priboj,  Prijedor,  Prokuplje,  Prozor,  pula,  rijeka,  Ruma,  Sanski Most,  Sarajevo,  Senta,  serbija,  sibenik,  skopje,  Smederevo,  Smederevska Palanka,  Sokolac,  Sombor,  split,  Srebrenica,  Srebrenik,  Sremska Mitrovica,  Stolac,  Struga,  Subotica,  Temerin,  Tesli?,  tetovo,  Travnik,  Trebinje,  tuzla,  U\u017eice,  ulcinj,  Valjevo,  Velika Kladu\u0161a,  Vi\u0161egrad,  Visoko,  Vitez,  Vogo\u0161?a,  vojvodina,  Vranje,  Vr\u0161ac,  Vrbas,  zadar,  Zagreb,  Zaje?ar,  Zavidovi?i,  Zenica,  Zrenjanin,  Zvornik,copacabana ulcinj,  h\u00f4tels,  hotel ulqin,  Kosova,  Mali i Zi,  Maqedonija,  Montenegro,  montenegro tourisme plage,  montenegro ulcinj,  Shpallje Falas,  Shpallje Falas per shitjen e shtepis se juaj,  Shpallje Falas per villat e juaj,  Shpallje Falas Real Estate,  Shpallje Falas turistike,  shqiperija,  tourisme,  Ulci?,  ulcinj,  ulqin,  ulqin hotel,  ulqini,  ulqini 2007,Ada Bojana,  Alba?czyk,  Cita di Dolcino,  Copacabana,  Czarnog\u00f3ra,  Czarnog\u00f3rzec,  Don Kichota,  Ma?a Pla?a,  Mandra,  MIGUEL DE SERVANTES,  p\u00f3?wyspy Marjan,  Pla?a Valdanos,  Rzeka Bojana,  Shas \/ \u0160as \/ Sva?,  Ulci?,  Ulcinjsk? Riwier?,  Wielka Pla?a,  Wyspa Bojana,WELCOME ,BIENVENUE , WILLKOMMEN ,- BENVENUTO ,- MIR\u00cb SE VINI ,- DOBRO DO\u0160LI TO ULCINJ \/ ULQIN ,\u2013 MONTENEGRO ,????? ?????????? ,- VITAJTE, - BRUCHIM HABAYIM ,-V\u00cdTEJTE, - WITAJCIE, - KHOSH \u00c2MAD\u00ceD ,- BITAEMO ,- CHAIRE, - ZAPRASHAJEM ,- V\u00c4LKOMMEN,  - VELKOMMEN ,- DOBRE DOSHLE, - PARI YEGAK ,- SW\u00c2GATAM, - ISTEN HOZTA, - ZAYT VILKUM, - HO?GELDINIZ ,- BIENVENIDOS ,- SUSHRI AKAL, - HUSH KILDEGEZ, - BUN VENIT, - PE KHER RAGLE, - BEM-VINDO, - HUAN YIN ,- BIEN ATI VENI ,- \u00c2SANTU ,- SELAMAT DATANG, - W\u00cbLLKOMM ,- XUSH AMD\u00ceD, - SVEIKI, - HUN BI XER HATIN, - KIRINIZ ,- ENNA ,VISHAYAM ,- MERHABA ,- F\u00c1ILTE, - VELKOMINN ,- VAELKOMIN, - TERE TULEMAST ,- M\u00c4RSHA W\u00daGH\u00cdL ,- MISHTO AVILAN , WELKOM ,- TERVETULOA ,- ONGI ETORRI ,-, REKHIM ITEGEZ ,- XOSH G\u00c4LM\u00ceS\u00c4N, - WILICOM ,- CROESO ,- SHAGATOM, - IRASHAIMASU ,- KEBLAR, - AHUP YAN, - IRKHT ERGANAVIDN, - LUID, - SOHM SW\u00c2KOHM, - URAKAZA ,- KARIBU, - SELAM, - VIDZA ,KORAM -, YEYACHI -, KUSHE - ,BIENVENIDA -, ESIET SVEICINATI ,- FAILT ,- ,KRUPAY\u00c2 \u00c2TUY\u00c2, - MAIEM ,- BENVEGN\u00dcU ,- TAVTAI ,MORIL, - TAMA ,- BENVINUTU ,- SILAMO, - WILUJENG SUMPING ,- MABUHAY ,- GAZHACA \u00cbTISKOM, - DOBRO POZHALOVAT' ,- TISTIK ,- ISIBINGELELO, - BALLE, - INDE TORN LAP ,- SOO DHA WOOW ,- PILIGANIMU, - MALIU MAI, - PASAYKAMOY, - HAERE MAI, - BOYEI BOLAMU ,- BARKA D\u00c1 ZUW\u00c1 ,- W\u00c2CHIY\u00c2 , KOPIVOSIAN ,- SANSOF\u00c9 ,- KALOS ORISATE, - W\u00c4LJKIIMEN ,- ILO LA, - WILKEMEN, - A JARAAMA ,- TUAJ LOS ,- DUMANON CAYO, - ADANAVE ,\u2013 VITAMEVAS , MALI I ZI,CRNA GORA,??????????,???????,??????????, ?ern\u00e1 Hora,TO ULCINJ \/ ULQIN \u2013 MONTENEGRO, Czarnog\u00f3ra, Muntenegru, ????? ????, Montenegr\u00f3,,Holiday ,Beach,Vacation,WELCOME ,BIENVENUE , WILLKOMMEN ,- BENVENUTO ,- MIR\u00cb SE VINI ,- DOBRO DO\u0160LI TO ULCINJ \/ ULQIN ,\u2013 MONTENEGRO ,????? ?????????? ,- VITAJTE, - BRUCHIM HABAYIM ,-V\u00cdTEJTE, - WITAJCIE, - KHOSH \u00c2MAD\u00ceD ,- BITAEMO ,- CHAIRE, - ZAPRASHAJEM ,- V\u00c4LKOMMEN,  - VELKOMMEN ,- DOBRE DOSHLE, - PARI YEGAK ,- SW\u00c2GATAM, - ISTEN HOZTA, - ZAYT VILKUM, - HO?GELDINIZ ,- BIENVENIDOS ,- SUSHRI AKAL, - HUSH KILDEGEZ, - BUN VENIT, - PE KHER RAGLE, - BEM-VINDO, - HUAN YIN ,- BIEN ATI VENI ,- \u00c2SANTU ,- SELAMAT DATANG, - W\u00cbLLKOMM ,- XUSH AMD\u00ceD, - SVEIKI, - HUN BI XER HATIN, - KIRINIZ ,- ENNA ,VISHAYAM ,- MERHABA ,- F\u00c1ILTE, - VELKOMINN ,- VAELKOMIN, - TERE TULEMAST ,- M\u00c4RSHA W\u00daGH\u00cdL ,- MISHTO AVILAN , WELKOM ,- TERVETULOA ,- ONGI ETORRI ,-, REKHIM ITEGEZ ,- XOSH G\u00c4LM\u00ceS\u00c4N, - WILICOM ,- CROESO ,- SHAGATOM, - IRASHAIMASU ,- KEBLAR, - AHUP YAN, - IRKHT ERGANAVIDN, - LUID, - SOHM SW\u00c2KOHM, - URAKAZA ,- KARIBU, - SELAM, - VIDZA ,KORAM -, YEYACHI -, KUSHE - ,BIENVENIDA -, ESIET SVEICINATI ,- FAILT ,- ,KRUPAY\u00c2 \u00c2TUY\u00c2, - MAIEM ,- BENVEGN\u00dcU ,- TAVTAI ,MORIL, - TAMA ,- BENVINUTU ,- SILAMO, - WILUJENG SUMPING ,- MABUHAY ,- GAZHACA \u00cbTISKOM, - DOBRO POZHALOVAT ,- TISTIK ,- ISIBINGELELO, - BALLE, - INDE TORN LAP ,- SOO DHA WOOW ,- PILIGANIMU, - MALIU MAI, - PASAYKAMOY, - HAERE MAI, - BOYEI BOLAMU ,- BARKA D\u00c1 ZUW\u00c1 ,- W\u00c2CHIY\u00c2 , KOPIVOSIAN ,- SANSOF\u00c9 ,- KALOS ORISATE, - W\u00c4LJKIIMEN ,- ILO LA, - WILKEMEN, - A JARAAMA ,- TUAJ LOS ,- DUMANON CAYO, - ADANAVE ,\u2013 VITAMEVAS , MALI I ZI,CRNA GORA,??????????,???????,??????????, ?ern\u00e1 Hora,TO ULCINJ \/ ULQIN,MONTENEGRO, Czarnog\u00f3ra, Muntenegru, ????? ????, Montenegr\u00f3,Adelina Isamajli,  Albaniku,  Artana,  Bujanoci,  Burimi,  Dardana,  Dardan\u00eb,  De\u00e7an,  Dibra,  Drenas,  Drenasi,  Ferizaj,  Ferizaji,  Fush\u00eb Kosova,  Fush\u00eb Kosov\u00eb,  Gjakova,  Gjakov\u00eb,  Gjilan,  Gjilani,  Gostivari,  Istog,  Istog\u00b7,  Ka\u00e7anik,  Ka\u00e7aniku,  Kastrioti,  K\u00ebr\u00e7ova,  Klina,  Klin\u00eb,  Kumanova,  Leposaviq,  Leskovci,  Likova,  Lipjan,  Lipjani,  Malisheva,  Malishev\u00eb,  Manastiri,  Medvegja,  Mitrovica,  Mitrovic\u00eb,  Novob\u00ebrd\u00eb,  Obiliq\u00b7 Rahovec,  Ohri,  Peja,  Pej\u00eb,  Podujeva,  Podujev\u00eb,  Presheva,  Prishtina,  Prishtin\u00eb,  Prizren,  Prizreni,  Rahoveci,  Sharri,  Sharri (Kosov\u00eb),  Shkupi,  Sht\u00ebrpca,  Sht\u00ebrpc\u00eb,  Shtime,  Sk\u00ebnderaj,  Struga,  Tetova,  Theranda,  Therand\u00eb,  Triumf Riza,  Veleshta,  Viti,  Vitia,  Vushtrri,  Vushtrria,  Zubin Potok,  Zubin Potoku,  Zve\u00e7an,  Zve\u00e7ani,villa \u00e0 louer \u00e0 ulcinj, location de vacance, location saisonni\u00e8res, louer villa,location de vacance, Locations vacance, h\u00e9bergements vacances, locations villa, logements de vacances, location maison avec piscine, Location vacance, locations de vacance, h\u00e9bergements de vacances, location villa, locations entre particulier, logements vacance, vacances \u00e0 Mont\u00e9n\u00e9gro - location \u00e0 Ulcinj ,location  de bigorre.\" href=\"http:\/\/www.visit-ulcinj.com\/tourism\/\" target=\"_blank\"><img loading=\"lazy\" style=\"float: right;\" src=\"http:\/\/www.visit-ulcinj.com\/blog\/wp-content\/uploads\/2008\/06\/holiday-rental-ulcinj-ulqini_ulqin_logo.gif\" alt=\"Apatin,  Aran?elovac,  ?uprija,  ?a?ak,  ?apljina,  ?itluk,  \u0160abac,  \u0160ipovo,  \u0160iroki Brijeg,  \u017dep?e,  \u017divinice,  Ba?ka Palanka,  Banja Luka,  Banovi?i,  Be?ej,  beograd,  Biha?,  Bijeljina,  Bor,  Bor?a,  Bosanska Gradi\u0161ka,  Bosanska Krupa,  Bosanski \u0160amac,  Bosanski Brod,  Bosanski Novi,  Br?ko,  Bu\u017eim,  Bugojno,  Cazin,  Crna Gora,  Derventa,  Doboj,  Donji Vakuf,  Drvar,  Dubrovnik,  Fo?a,  Fojnica,  Glamo?,  Gora\u017ede,  Gornji Milanovac,  Gornji Vakuf,  gostivar,  Gra?anica,  Grada?ac,  Gradiska,  Grahovo,  Had\u017ei?i,  Ilid\u017ea,  In?ija,  Jablanica,  Jagodina,  Jajce,  Kakanj,  Kalu?erica,  Kikinda,  Klju?,  Konjic,  Kotor Varo\u0161,  Kragujevac,  Kraljevo,  Kru\u0161evac,  Kula,  Kupres,  Lakta\u0161i,  Lazarevac,  Leskovac,  Livno,  Ljubinje,  ljublana,  Ljubu\u0161ki,  Loznica,  Lukavac,  Maglaj,  Mladenovac,  Modri?a,  montenegro erlajnz,  mostar,  Mrkonji? Grad,  Neum,  Ni\u0161,  Novi Pazar,  Novi Sad,  Novi Travnik,  Obrenovac,  Od\u017eak,  ohrid,  Ora\u0161je,  Pale,  Pan?evo,  Para?in,  Pirot,  Po\u017earevac,  Podgorica,  Priboj,  Prijedor,  Prokuplje,  Prozor,  pula,  rijeka,  Ruma,  Sanski Most,  Sarajevo,  Senta,  serbija,  sibenik,  skopje,  Smederevo,  Smederevska Palanka,  Sokolac,  Sombor,  split,  Srebrenica,  Srebrenik,  Sremska Mitrovica,  Stolac,  Struga,  Subotica,  Temerin,  Tesli?,  tetovo,  Travnik,  Trebinje,  tuzla,  U\u017eice,  ulcinj,  Valjevo,  Velika Kladu\u0161a,  Vi\u0161egrad,  Visoko,  Vitez,  Vogo\u0161?a,  vojvodina,  Vranje,  Vr\u0161ac,  Vrbas,  zadar,  Zagreb,  Zaje?ar,  Zavidovi?i,  Zenica,  Zrenjanin,  Zvornik,copacabana ulcinj,  h\u00f4tels,  hotel ulqin,  Kosova,  Mali i Zi,  Maqedonija,  Montenegro,  montenegro tourisme plage,  montenegro ulcinj,  Shpallje Falas,  Shpallje Falas per shitjen e shtepis se juaj,  Shpallje Falas per villat e juaj,  Shpallje Falas Real Estate,  Shpallje Falas turistike,  shqiperija,  tourisme,  Ulci?,  ulcinj,  ulqin,  ulqin hotel,  ulqini,  ulqini 2007,Ada Bojana,  Alba?czyk,  Cita di Dolcino,  Copacabana,  Czarnog\u00f3ra,  Czarnog\u00f3rzec,  Don Kichota,  Ma?a Pla?a,  Mandra,  MIGUEL DE SERVANTES,  p\u00f3?wyspy Marjan,  Pla?a Valdanos,  Rzeka Bojana,  Shas \/ \u0160as \/ Sva?,  Ulci?,  Ulcinjsk? Riwier?,  Wielka Pla?a,  Wyspa Bojana,GORA,??????????,???????,??????????, ?ern\u00e1 Hora,TO ULCINJ \/ ULQIN,MONTENEGRO, Czarnog\u00f3ra, Muntenegru, ????? ????, Montenegr\u00f3,Adelina Isamajli,  Albaniku,  Artana,  Bujanoci,  Burimi,  Dardana,  Dardan\u00eb,  De\u00e7an,  Dibra,  Drenas,  Drenasi,  Ferizaj,  Ferizaji,  Fush\u00eb Kosova,  Fush\u00eb Kosov\u00eb,  Gjakova,  Gjakov\u00eb,  Gjilan,  Gjilani,  Gostivari,  Istog,  Istog\u00b7,  Ka\u00e7anik,  Ka\u00e7aniku,  Kastrioti,  K\u00ebr\u00e7ova,  Klina,  Klin\u00eb,  Kumanova,  Leposaviq,  Leskovci,  Likova,  Lipjan,  Lipjani,  Malisheva,  Malishev\u00eb,  Manastiri,  Medvegja,  Mitrovica,  Mitrovic\u00eb,  Novob\u00ebrd\u00eb,  Obiliq\u00b7 Rahovec,  Ohri,  Peja,  Pej\u00eb,  Podujeva,  Podujev\u00eb,  Presheva,  Prishtina,  Prishtin\u00eb,  Prizren,  Prizreni,  Rahoveci,  Sharri,  Sharri (Kosov\u00eb),  Shkupi,  Sht\u00ebrpca,  Sht\u00ebrpc\u00eb,  Shtime,  Sk\u00ebnderaj,  Struga,  Tetova,  Theranda,  Therand\u00eb,  Triumf Riza,  Veleshta,  Viti,  Vitia,  Vushtrri,  Vushtrria,  Zubin Potok,  Zubin Potoku,  Zve\u00e7an,  Zve\u00e7ani,villa \u00e0 louer \u00e0 ulcinj, location de vacance, location saisonni\u00e8res, louer villa,location de vacance, Locations vacance, h\u00e9bergements vacances, locations villa, logements de vacances, location maison avec piscine, Location vacance, locations de vacance, h\u00e9bergements de vacances, location villa, locations entre particulier, logements vacance, vacances \u00e0 Mont\u00e9n\u00e9gro - location \u00e0 Ulcinj ,location  de bigorre.\" width=\"510\" height=\"145\" \/><\/a><\/p>\n","protected":false},"excerpt":{"rendered":"<p><img loading=\"lazy\" class=\"alignleft\" style=\"float: left;\" src=\"http:\/\/www.gom.cg.yu\/img\/1162400133.jpg\" alt=\"Milo djukanovic_solana\" width=\"140\" height=\"140\" \/><\/p>\n","protected":false},"author":1,"featured_media":0,"comment_status":"open","ping_status":"closed","sticky":false,"template":"","format":"standard","meta":{"spay_email":"","jetpack_publicize_message":"","jetpack_is_tweetstorm":false,"jetpack_publicize_feature_enabled":true},"categories":[6,12],"tags":[49,95,3885,3886],"jetpack_publicize_connections":[],"yoast_head":"<!-- This site is optimized with the Yoast SEO plugin v19.1 - https:\/\/yoast.com\/wordpress\/plugins\/seo\/ -->\n<title>Gjermania i sugjeron Malit t\u00eb Zi njohjen e Kosov\u00ebs - Lajme nga Ulqini<\/title>\n<meta name=\"robots\" content=\"index, follow, max-snippet:-1, max-image-preview:large, max-video-preview:-1\" \/>\n<link rel=\"canonical\" href=\"https:\/\/www.visit-ulcinj.com\/blog\/2008\/06\/10\/gjermania-i-sugjeron-malit-te-zi-njohjen-e-kosoves\/\" \/>\n<meta property=\"og:locale\" content=\"en_US\" \/>\n<meta property=\"og:type\" content=\"article\" \/>\n<meta property=\"og:title\" content=\"Gjermania i sugjeron Malit t\u00eb Zi njohjen e Kosov\u00ebs - Lajme nga Ulqini\" \/>\n<meta property=\"og:url\" content=\"https:\/\/www.visit-ulcinj.com\/blog\/2008\/06\/10\/gjermania-i-sugjeron-malit-te-zi-njohjen-e-kosoves\/\" \/>\n<meta property=\"og:site_name\" content=\"Lajme nga Ulqini\" \/>\n<meta property=\"article:published_time\" content=\"2008-06-10T19:05:10+00:00\" \/>\n<meta property=\"og:image\" content=\"http:\/\/www.gom.cg.yu\/img\/1162400133.jpg\" \/>\n<meta name=\"twitter:label1\" content=\"Written by\" \/>\n\t<meta name=\"twitter:data1\" content=\"ulqini\" \/>\n\t<meta name=\"twitter:label2\" content=\"Est. reading time\" \/>\n\t<meta name=\"twitter:data2\" content=\"1 minute\" \/>\n<script type=\"application\/ld+json\" class=\"yoast-schema-graph\">{\"@context\":\"https:\/\/schema.org\",\"@graph\":[{\"@type\":\"WebSite\",\"@id\":\"https:\/\/www.visit-ulcinj.com\/blog\/#website\",\"url\":\"https:\/\/www.visit-ulcinj.com\/blog\/\",\"name\":\"Lajme nga Ulqini\",\"description\":\"Lajme,Vijesti,Ulqini,Ulqin,Crna Gora,Mali i Zi\",\"potentialAction\":[{\"@type\":\"SearchAction\",\"target\":{\"@type\":\"EntryPoint\",\"urlTemplate\":\"https:\/\/www.visit-ulcinj.com\/blog\/?s={search_term_string}\"},\"query-input\":\"required name=search_term_string\"}],\"inLanguage\":\"en-US\"},{\"@type\":\"ImageObject\",\"inLanguage\":\"en-US\",\"@id\":\"https:\/\/www.visit-ulcinj.com\/blog\/2008\/06\/10\/gjermania-i-sugjeron-malit-te-zi-njohjen-e-kosoves\/#primaryimage\",\"url\":\"http:\/\/www.gom.cg.yu\/img\/1162400133.jpg\",\"contentUrl\":\"http:\/\/www.gom.cg.yu\/img\/1162400133.jpg\"},{\"@type\":\"WebPage\",\"@id\":\"https:\/\/www.visit-ulcinj.com\/blog\/2008\/06\/10\/gjermania-i-sugjeron-malit-te-zi-njohjen-e-kosoves\/#webpage\",\"url\":\"https:\/\/www.visit-ulcinj.com\/blog\/2008\/06\/10\/gjermania-i-sugjeron-malit-te-zi-njohjen-e-kosoves\/\",\"name\":\"Gjermania i sugjeron Malit t\u00eb Zi njohjen e Kosov\u00ebs - Lajme nga Ulqini\",\"isPartOf\":{\"@id\":\"https:\/\/www.visit-ulcinj.com\/blog\/#website\"},\"primaryImageOfPage\":{\"@id\":\"https:\/\/www.visit-ulcinj.com\/blog\/2008\/06\/10\/gjermania-i-sugjeron-malit-te-zi-njohjen-e-kosoves\/#primaryimage\"},\"datePublished\":\"2008-06-10T19:05:10+00:00\",\"dateModified\":\"2008-06-10T19:05:10+00:00\",\"author\":{\"@id\":\"https:\/\/www.visit-ulcinj.com\/blog\/#\/schema\/person\/dcab619c614d3038751c63bc2aadc06d\"},\"breadcrumb\":{\"@id\":\"https:\/\/www.visit-ulcinj.com\/blog\/2008\/06\/10\/gjermania-i-sugjeron-malit-te-zi-njohjen-e-kosoves\/#breadcrumb\"},\"inLanguage\":\"en-US\",\"potentialAction\":[{\"@type\":\"ReadAction\",\"target\":[\"https:\/\/www.visit-ulcinj.com\/blog\/2008\/06\/10\/gjermania-i-sugjeron-malit-te-zi-njohjen-e-kosoves\/\"]}]},{\"@type\":\"BreadcrumbList\",\"@id\":\"https:\/\/www.visit-ulcinj.com\/blog\/2008\/06\/10\/gjermania-i-sugjeron-malit-te-zi-njohjen-e-kosoves\/#breadcrumb\",\"itemListElement\":[{\"@type\":\"ListItem\",\"position\":1,\"name\":\"Gjermania i sugjeron Malit t\u00eb Zi njohjen e Kosov\u00ebs\"}]},{\"@type\":\"Person\",\"@id\":\"https:\/\/www.visit-ulcinj.com\/blog\/#\/schema\/person\/dcab619c614d3038751c63bc2aadc06d\",\"name\":\"ulqini\",\"sameAs\":[\"http:\/\/www.visit-ulcinj.com\"],\"url\":\"https:\/\/www.visit-ulcinj.com\/blog\/author\/admin\/\"}]}<\/script>\n<!-- \/ Yoast SEO plugin. -->","yoast_head_json":{"title":"Gjermania i sugjeron Malit t\u00eb Zi njohjen e Kosov\u00ebs - Lajme nga Ulqini","robots":{"index":"index","follow":"follow","max-snippet":"max-snippet:-1","max-image-preview":"max-image-preview:large","max-video-preview":"max-video-preview:-1"},"canonical":"https:\/\/www.visit-ulcinj.com\/blog\/2008\/06\/10\/gjermania-i-sugjeron-malit-te-zi-njohjen-e-kosoves\/","og_locale":"en_US","og_type":"article","og_title":"Gjermania i sugjeron Malit t\u00eb Zi njohjen e Kosov\u00ebs - Lajme nga Ulqini","og_url":"https:\/\/www.visit-ulcinj.com\/blog\/2008\/06\/10\/gjermania-i-sugjeron-malit-te-zi-njohjen-e-kosoves\/","og_site_name":"Lajme nga Ulqini","article_published_time":"2008-06-10T19:05:10+00:00","og_image":[{"url":"http:\/\/www.gom.cg.yu\/img\/1162400133.jpg"}],"twitter_misc":{"Written by":"ulqini","Est. reading time":"1 minute"},"schema":{"@context":"https:\/\/schema.org","@graph":[{"@type":"WebSite","@id":"https:\/\/www.visit-ulcinj.com\/blog\/#website","url":"https:\/\/www.visit-ulcinj.com\/blog\/","name":"Lajme nga Ulqini","description":"Lajme,Vijesti,Ulqini,Ulqin,Crna Gora,Mali i Zi","potentialAction":[{"@type":"SearchAction","target":{"@type":"EntryPoint","urlTemplate":"https:\/\/www.visit-ulcinj.com\/blog\/?s={search_term_string}"},"query-input":"required name=search_term_string"}],"inLanguage":"en-US"},{"@type":"ImageObject","inLanguage":"en-US","@id":"https:\/\/www.visit-ulcinj.com\/blog\/2008\/06\/10\/gjermania-i-sugjeron-malit-te-zi-njohjen-e-kosoves\/#primaryimage","url":"http:\/\/www.gom.cg.yu\/img\/1162400133.jpg","contentUrl":"http:\/\/www.gom.cg.yu\/img\/1162400133.jpg"},{"@type":"WebPage","@id":"https:\/\/www.visit-ulcinj.com\/blog\/2008\/06\/10\/gjermania-i-sugjeron-malit-te-zi-njohjen-e-kosoves\/#webpage","url":"https:\/\/www.visit-ulcinj.com\/blog\/2008\/06\/10\/gjermania-i-sugjeron-malit-te-zi-njohjen-e-kosoves\/","name":"Gjermania i sugjeron Malit t\u00eb Zi njohjen e Kosov\u00ebs - Lajme nga Ulqini","isPartOf":{"@id":"https:\/\/www.visit-ulcinj.com\/blog\/#website"},"primaryImageOfPage":{"@id":"https:\/\/www.visit-ulcinj.com\/blog\/2008\/06\/10\/gjermania-i-sugjeron-malit-te-zi-njohjen-e-kosoves\/#primaryimage"},"datePublished":"2008-06-10T19:05:10+00:00","dateModified":"2008-06-10T19:05:10+00:00","author":{"@id":"https:\/\/www.visit-ulcinj.com\/blog\/#\/schema\/person\/dcab619c614d3038751c63bc2aadc06d"},"breadcrumb":{"@id":"https:\/\/www.visit-ulcinj.com\/blog\/2008\/06\/10\/gjermania-i-sugjeron-malit-te-zi-njohjen-e-kosoves\/#breadcrumb"},"inLanguage":"en-US","potentialAction":[{"@type":"ReadAction","target":["https:\/\/www.visit-ulcinj.com\/blog\/2008\/06\/10\/gjermania-i-sugjeron-malit-te-zi-njohjen-e-kosoves\/"]}]},{"@type":"BreadcrumbList","@id":"https:\/\/www.visit-ulcinj.com\/blog\/2008\/06\/10\/gjermania-i-sugjeron-malit-te-zi-njohjen-e-kosoves\/#breadcrumb","itemListElement":[{"@type":"ListItem","position":1,"name":"Gjermania i sugjeron Malit t\u00eb Zi njohjen e Kosov\u00ebs"}]},{"@type":"Person","@id":"https:\/\/www.visit-ulcinj.com\/blog\/#\/schema\/person\/dcab619c614d3038751c63bc2aadc06d","name":"ulqini","sameAs":["http:\/\/www.visit-ulcinj.com"],"url":"https:\/\/www.visit-ulcinj.com\/blog\/author\/admin\/"}]}},"jetpack_featured_media_url":"","jetpack_sharing_enabled":true,"jetpack_shortlink":"https:\/\/wp.me\/pe6lTn-vL","_links":{"self":[{"href":"https:\/\/www.visit-ulcinj.com\/blog\/wp-json\/wp\/v2\/posts\/1969"}],"collection":[{"href":"https:\/\/www.visit-ulcinj.com\/blog\/wp-json\/wp\/v2\/posts"}],"about":[{"href":"https:\/\/www.visit-ulcinj.com\/blog\/wp-json\/wp\/v2\/types\/post"}],"author":[{"embeddable":true,"href":"https:\/\/www.visit-ulcinj.com\/blog\/wp-json\/wp\/v2\/users\/1"}],"replies":[{"embeddable":true,"href":"https:\/\/www.visit-ulcinj.com\/blog\/wp-json\/wp\/v2\/comments?post=1969"}],"version-history":[{"count":0,"href":"https:\/\/www.visit-ulcinj.com\/blog\/wp-json\/wp\/v2\/posts\/1969\/revisions"}],"wp:attachment":[{"href":"https:\/\/www.visit-ulcinj.com\/blog\/wp-json\/wp\/v2\/media?parent=1969"}],"wp:term":[{"taxonomy":"category","embeddable":true,"href":"https:\/\/www.visit-ulcinj.com\/blog\/wp-json\/wp\/v2\/categories?post=1969"},{"taxonomy":"post_tag","embeddable":true,"href":"https:\/\/www.visit-ulcinj.com\/blog\/wp-json\/wp\/v2\/tags?post=1969"}],"curies":[{"name":"wp","href":"https:\/\/api.w.org\/{rel}","templated":true}]}}