{"id":19690,"date":"2009-04-30T13:00:42","date_gmt":"2009-04-30T11:00:42","guid":{"rendered":"http:\/\/www.visit-ulcinj.com\/blog\/?p=19690"},"modified":"2009-04-29T23:09:28","modified_gmt":"2009-04-29T21:09:28","slug":"e-shperdorojme-ushqimin","status":"publish","type":"post","link":"https:\/\/www.visit-ulcinj.com\/blog\/2009\/04\/30\/e-shperdorojme-ushqimin\/","title":{"rendered":"E shp\u00ebrdorojm\u00eb ushqimin"},"content":{"rendered":"<p><em><span class=\"newsdate\"><a href=\"http:\/\/www.visit-ulcinj.com\/blog\/wp-content\/uploads\/2009\/04\/per-shperdorimin.jpg\"><img loading=\"lazy\" class=\"alignleft size-full wp-image-19691\" title=\"per-shperdorimin-big-brother-albania-2\" src=\"http:\/\/www.visit-ulcinj.com\/blog\/wp-content\/uploads\/2009\/04\/per-shperdorimin.jpg\" alt=\"per-shperdorimin-big-brother-albania-2\" width=\"300\" height=\"205\" \/><\/a>29\/04\/09 13:00<\/span><\/em><\/p>\n<p>Moza l\u00eb m\u00ebngjesin q\u00eb ka p\u00ebrgatitur p\u00ebr t\u00eb ngr\u00ebn\u00eb p\u00ebrgjysm\u00eb. Adi i thot\u00eb me shaka q\u00eb ta haj\u00eb t\u00eb t\u00ebrin q\u00eb t\u00eb rritet, nd\u00ebrsa Juna mendon se nuk \u00ebsht\u00eb veprim i mir\u00eb ky i Moz\u00ebs. Ajo e trajton k\u00ebt\u00eb bised\u00eb n\u00eb aspektin e shp\u00ebrdorimit t\u00eb ushqimit prej tyre. Juna thot\u00eb se ata shpesh e shp\u00ebrdorojn\u00eb ushqimin q\u00eb m\u00eb pas e h\u00ebdhin tek vendi i mbeturinave, pa e p\u00ebrfunduar at\u00eb. Ajo k\u00ebshillon Moz\u00ebn q\u00eb her\u00eb tjet\u00ebr t\u00eb marr\u00eb vet\u00ebm gjysm\u00ebn e racionit, n\u00ebse e di q\u00eb nuk do haj\u00eb shum\u00eb. Edhe Anjeza dhe Adi jan\u00eb dakord me mendimin e Jun\u00ebs. Ajo shton se duhet ta administrojn\u00eb m\u00eb mir\u00eb buxhetin e tyre sidomos tek ushqimet. \u201cT\u00eb diel\u00ebn vrasim mendjen se cfar\u00eb do b\u00ebjm\u00eb, gjat\u00eb jav\u00ebs i hedhim posht\u00eb\u201d- thot\u00eb Juna.<\/p>\n","protected":false},"excerpt":{"rendered":"<p>29\/04\/09 13:00 Moza l\u00eb m\u00ebngjesin q\u00eb ka p\u00ebrgatitur p\u00ebr t\u00eb ngr\u00ebn\u00eb p\u00ebrgjysm\u00eb. Adi i thot\u00eb me shaka q\u00eb ta haj\u00eb t\u00eb t\u00ebrin q\u00eb t\u00eb rritet, nd\u00ebrsa Juna mendon se nuk \u00ebsht\u00eb veprim i mir\u00eb ky i Moz\u00ebs. Ajo e trajton k\u00ebt\u00eb bised\u00eb n\u00eb aspektin e shp\u00ebrdorimit t\u00eb ushqimit prej tyre. Juna thot\u00eb se ata shpesh [&hellip;]<\/p>\n","protected":false},"author":1,"featured_media":0,"comment_status":"open","ping_status":"closed","sticky":false,"template":"","format":"standard","meta":{"spay_email":"","jetpack_publicize_message":"","jetpack_is_tweetstorm":false,"jetpack_publicize_feature_enabled":true},"categories":[6502],"tags":[1414,8289,6520,9738,9121,1442,8938,6544,6693],"jetpack_publicize_connections":[],"yoast_head":"<!-- This site is optimized with the Yoast SEO plugin v19.1 - https:\/\/yoast.com\/wordpress\/plugins\/seo\/ -->\n<title>E shp\u00c3\u00abrdorojm\u00c3\u00ab ushqimin | Big Brother Albania 2<\/title>\n<meta name=\"description\" content=\"Big Brother Albania 2 - Moza l\u00c3\u00ab m\u00c3\u00abngjesin q\u00c3\u00ab ka p\u00c3\u00abrgatitur p\u00c3\u00abr t\u00c3\u00ab ngr\u00c3\u00abn\u00c3\u00ab p\u00c3\u00abrgjysm\u00c3\u00ab. Adi i thot\u00c3\u00ab me shaka q\u00c3\u00ab ta haj\u00c3\u00ab t\u00c3\u00ab t\u00c3\u00abrin q\u00c3\u00ab t\u00c3\u00ab rritet, nd\u00c3\u00abrsa Juna mendon se nuk \u00c3\u00absht\u00c3\u00ab veprim i mir\u00c3\u00ab ky i Moz\u00c3\u00abs.\" \/>\n<meta name=\"robots\" content=\"index, follow, max-snippet:-1, max-image-preview:large, max-video-preview:-1\" \/>\n<link rel=\"canonical\" href=\"https:\/\/www.visit-ulcinj.com\/blog\/2009\/04\/30\/e-shperdorojme-ushqimin\/\" \/>\n<meta property=\"og:locale\" content=\"en_US\" \/>\n<meta property=\"og:type\" content=\"article\" \/>\n<meta property=\"og:title\" content=\"E shp\u00c3\u00abrdorojm\u00c3\u00ab ushqimin | Big Brother Albania 2\" \/>\n<meta property=\"og:description\" content=\"Big Brother Albania 2 - Moza l\u00c3\u00ab m\u00c3\u00abngjesin q\u00c3\u00ab ka p\u00c3\u00abrgatitur p\u00c3\u00abr t\u00c3\u00ab ngr\u00c3\u00abn\u00c3\u00ab p\u00c3\u00abrgjysm\u00c3\u00ab. Adi i thot\u00c3\u00ab me shaka q\u00c3\u00ab ta haj\u00c3\u00ab t\u00c3\u00ab t\u00c3\u00abrin q\u00c3\u00ab t\u00c3\u00ab rritet, nd\u00c3\u00abrsa Juna mendon se nuk \u00c3\u00absht\u00c3\u00ab veprim i mir\u00c3\u00ab ky i Moz\u00c3\u00abs.\" \/>\n<meta property=\"og:url\" content=\"https:\/\/www.visit-ulcinj.com\/blog\/2009\/04\/30\/e-shperdorojme-ushqimin\/\" \/>\n<meta property=\"og:site_name\" content=\"Lajme nga Ulqini\" \/>\n<meta property=\"article:published_time\" content=\"2009-04-30T11:00:42+00:00\" \/>\n<meta property=\"article:modified_time\" content=\"2009-04-29T21:09:28+00:00\" \/>\n<meta property=\"og:image\" content=\"http:\/\/www.visit-ulcinj.com\/blog\/wp-content\/uploads\/2009\/04\/per-shperdorimin.jpg\" \/>\n<meta name=\"twitter:label1\" content=\"Written by\" \/>\n\t<meta name=\"twitter:data1\" content=\"ulqini\" \/>\n\t<meta name=\"twitter:label2\" content=\"Est. reading time\" \/>\n\t<meta name=\"twitter:data2\" content=\"1 minute\" \/>\n<script type=\"application\/ld+json\" class=\"yoast-schema-graph\">{\"@context\":\"https:\/\/schema.org\",\"@graph\":[{\"@type\":\"WebSite\",\"@id\":\"https:\/\/www.visit-ulcinj.com\/blog\/#website\",\"url\":\"https:\/\/www.visit-ulcinj.com\/blog\/\",\"name\":\"Lajme nga Ulqini\",\"description\":\"Lajme,Vijesti,Ulqini,Ulqin,Crna Gora,Mali i Zi\",\"potentialAction\":[{\"@type\":\"SearchAction\",\"target\":{\"@type\":\"EntryPoint\",\"urlTemplate\":\"https:\/\/www.visit-ulcinj.com\/blog\/?s={search_term_string}\"},\"query-input\":\"required name=search_term_string\"}],\"inLanguage\":\"en-US\"},{\"@type\":\"ImageObject\",\"inLanguage\":\"en-US\",\"@id\":\"https:\/\/www.visit-ulcinj.com\/blog\/2009\/04\/30\/e-shperdorojme-ushqimin\/#primaryimage\",\"url\":\"http:\/\/www.visit-ulcinj.com\/blog\/wp-content\/uploads\/2009\/04\/per-shperdorimin.jpg\",\"contentUrl\":\"http:\/\/www.visit-ulcinj.com\/blog\/wp-content\/uploads\/2009\/04\/per-shperdorimin.jpg\"},{\"@type\":\"WebPage\",\"@id\":\"https:\/\/www.visit-ulcinj.com\/blog\/2009\/04\/30\/e-shperdorojme-ushqimin\/#webpage\",\"url\":\"https:\/\/www.visit-ulcinj.com\/blog\/2009\/04\/30\/e-shperdorojme-ushqimin\/\",\"name\":\"E shp\u00c3\u00abrdorojm\u00c3\u00ab ushqimin | Big Brother Albania 2\",\"isPartOf\":{\"@id\":\"https:\/\/www.visit-ulcinj.com\/blog\/#website\"},\"primaryImageOfPage\":{\"@id\":\"https:\/\/www.visit-ulcinj.com\/blog\/2009\/04\/30\/e-shperdorojme-ushqimin\/#primaryimage\"},\"datePublished\":\"2009-04-30T11:00:42+00:00\",\"dateModified\":\"2009-04-29T21:09:28+00:00\",\"author\":{\"@id\":\"https:\/\/www.visit-ulcinj.com\/blog\/#\/schema\/person\/dcab619c614d3038751c63bc2aadc06d\"},\"description\":\"Big Brother Albania 2 - Moza l\u00c3\u00ab m\u00c3\u00abngjesin q\u00c3\u00ab ka p\u00c3\u00abrgatitur p\u00c3\u00abr t\u00c3\u00ab ngr\u00c3\u00abn\u00c3\u00ab p\u00c3\u00abrgjysm\u00c3\u00ab. Adi i thot\u00c3\u00ab me shaka q\u00c3\u00ab ta haj\u00c3\u00ab t\u00c3\u00ab t\u00c3\u00abrin q\u00c3\u00ab t\u00c3\u00ab rritet, nd\u00c3\u00abrsa Juna mendon se nuk \u00c3\u00absht\u00c3\u00ab veprim i mir\u00c3\u00ab ky i Moz\u00c3\u00abs.\",\"breadcrumb\":{\"@id\":\"https:\/\/www.visit-ulcinj.com\/blog\/2009\/04\/30\/e-shperdorojme-ushqimin\/#breadcrumb\"},\"inLanguage\":\"en-US\",\"potentialAction\":[{\"@type\":\"ReadAction\",\"target\":[\"https:\/\/www.visit-ulcinj.com\/blog\/2009\/04\/30\/e-shperdorojme-ushqimin\/\"]}]},{\"@type\":\"BreadcrumbList\",\"@id\":\"https:\/\/www.visit-ulcinj.com\/blog\/2009\/04\/30\/e-shperdorojme-ushqimin\/#breadcrumb\",\"itemListElement\":[{\"@type\":\"ListItem\",\"position\":1,\"name\":\"E shp\u00ebrdorojm\u00eb ushqimin\"}]},{\"@type\":\"Person\",\"@id\":\"https:\/\/www.visit-ulcinj.com\/blog\/#\/schema\/person\/dcab619c614d3038751c63bc2aadc06d\",\"name\":\"ulqini\",\"sameAs\":[\"http:\/\/www.visit-ulcinj.com\"],\"url\":\"https:\/\/www.visit-ulcinj.com\/blog\/author\/admin\/\"}]}<\/script>\n<!-- \/ Yoast SEO plugin. -->","yoast_head_json":{"title":"E shp\u00c3\u00abrdorojm\u00c3\u00ab ushqimin | Big Brother Albania 2","description":"Big Brother Albania 2 - Moza l\u00c3\u00ab m\u00c3\u00abngjesin q\u00c3\u00ab ka p\u00c3\u00abrgatitur p\u00c3\u00abr t\u00c3\u00ab ngr\u00c3\u00abn\u00c3\u00ab p\u00c3\u00abrgjysm\u00c3\u00ab. Adi i thot\u00c3\u00ab me shaka q\u00c3\u00ab ta haj\u00c3\u00ab t\u00c3\u00ab t\u00c3\u00abrin q\u00c3\u00ab t\u00c3\u00ab rritet, nd\u00c3\u00abrsa Juna mendon se nuk \u00c3\u00absht\u00c3\u00ab veprim i mir\u00c3\u00ab ky i Moz\u00c3\u00abs.","robots":{"index":"index","follow":"follow","max-snippet":"max-snippet:-1","max-image-preview":"max-image-preview:large","max-video-preview":"max-video-preview:-1"},"canonical":"https:\/\/www.visit-ulcinj.com\/blog\/2009\/04\/30\/e-shperdorojme-ushqimin\/","og_locale":"en_US","og_type":"article","og_title":"E shp\u00c3\u00abrdorojm\u00c3\u00ab ushqimin | Big Brother Albania 2","og_description":"Big Brother Albania 2 - Moza l\u00c3\u00ab m\u00c3\u00abngjesin q\u00c3\u00ab ka p\u00c3\u00abrgatitur p\u00c3\u00abr t\u00c3\u00ab ngr\u00c3\u00abn\u00c3\u00ab p\u00c3\u00abrgjysm\u00c3\u00ab. Adi i thot\u00c3\u00ab me shaka q\u00c3\u00ab ta haj\u00c3\u00ab t\u00c3\u00ab t\u00c3\u00abrin q\u00c3\u00ab t\u00c3\u00ab rritet, nd\u00c3\u00abrsa Juna mendon se nuk \u00c3\u00absht\u00c3\u00ab veprim i mir\u00c3\u00ab ky i Moz\u00c3\u00abs.","og_url":"https:\/\/www.visit-ulcinj.com\/blog\/2009\/04\/30\/e-shperdorojme-ushqimin\/","og_site_name":"Lajme nga Ulqini","article_published_time":"2009-04-30T11:00:42+00:00","article_modified_time":"2009-04-29T21:09:28+00:00","og_image":[{"url":"http:\/\/www.visit-ulcinj.com\/blog\/wp-content\/uploads\/2009\/04\/per-shperdorimin.jpg"}],"twitter_misc":{"Written by":"ulqini","Est. reading time":"1 minute"},"schema":{"@context":"https:\/\/schema.org","@graph":[{"@type":"WebSite","@id":"https:\/\/www.visit-ulcinj.com\/blog\/#website","url":"https:\/\/www.visit-ulcinj.com\/blog\/","name":"Lajme nga Ulqini","description":"Lajme,Vijesti,Ulqini,Ulqin,Crna Gora,Mali i Zi","potentialAction":[{"@type":"SearchAction","target":{"@type":"EntryPoint","urlTemplate":"https:\/\/www.visit-ulcinj.com\/blog\/?s={search_term_string}"},"query-input":"required name=search_term_string"}],"inLanguage":"en-US"},{"@type":"ImageObject","inLanguage":"en-US","@id":"https:\/\/www.visit-ulcinj.com\/blog\/2009\/04\/30\/e-shperdorojme-ushqimin\/#primaryimage","url":"http:\/\/www.visit-ulcinj.com\/blog\/wp-content\/uploads\/2009\/04\/per-shperdorimin.jpg","contentUrl":"http:\/\/www.visit-ulcinj.com\/blog\/wp-content\/uploads\/2009\/04\/per-shperdorimin.jpg"},{"@type":"WebPage","@id":"https:\/\/www.visit-ulcinj.com\/blog\/2009\/04\/30\/e-shperdorojme-ushqimin\/#webpage","url":"https:\/\/www.visit-ulcinj.com\/blog\/2009\/04\/30\/e-shperdorojme-ushqimin\/","name":"E shp\u00c3\u00abrdorojm\u00c3\u00ab ushqimin | Big Brother Albania 2","isPartOf":{"@id":"https:\/\/www.visit-ulcinj.com\/blog\/#website"},"primaryImageOfPage":{"@id":"https:\/\/www.visit-ulcinj.com\/blog\/2009\/04\/30\/e-shperdorojme-ushqimin\/#primaryimage"},"datePublished":"2009-04-30T11:00:42+00:00","dateModified":"2009-04-29T21:09:28+00:00","author":{"@id":"https:\/\/www.visit-ulcinj.com\/blog\/#\/schema\/person\/dcab619c614d3038751c63bc2aadc06d"},"description":"Big Brother Albania 2 - Moza l\u00c3\u00ab m\u00c3\u00abngjesin q\u00c3\u00ab ka p\u00c3\u00abrgatitur p\u00c3\u00abr t\u00c3\u00ab ngr\u00c3\u00abn\u00c3\u00ab p\u00c3\u00abrgjysm\u00c3\u00ab. Adi i thot\u00c3\u00ab me shaka q\u00c3\u00ab ta haj\u00c3\u00ab t\u00c3\u00ab t\u00c3\u00abrin q\u00c3\u00ab t\u00c3\u00ab rritet, nd\u00c3\u00abrsa Juna mendon se nuk \u00c3\u00absht\u00c3\u00ab veprim i mir\u00c3\u00ab ky i Moz\u00c3\u00abs.","breadcrumb":{"@id":"https:\/\/www.visit-ulcinj.com\/blog\/2009\/04\/30\/e-shperdorojme-ushqimin\/#breadcrumb"},"inLanguage":"en-US","potentialAction":[{"@type":"ReadAction","target":["https:\/\/www.visit-ulcinj.com\/blog\/2009\/04\/30\/e-shperdorojme-ushqimin\/"]}]},{"@type":"BreadcrumbList","@id":"https:\/\/www.visit-ulcinj.com\/blog\/2009\/04\/30\/e-shperdorojme-ushqimin\/#breadcrumb","itemListElement":[{"@type":"ListItem","position":1,"name":"E shp\u00ebrdorojm\u00eb ushqimin"}]},{"@type":"Person","@id":"https:\/\/www.visit-ulcinj.com\/blog\/#\/schema\/person\/dcab619c614d3038751c63bc2aadc06d","name":"ulqini","sameAs":["http:\/\/www.visit-ulcinj.com"],"url":"https:\/\/www.visit-ulcinj.com\/blog\/author\/admin\/"}]}},"jetpack_featured_media_url":"","jetpack_sharing_enabled":true,"jetpack_shortlink":"https:\/\/wp.me\/pe6lTn-57A","_links":{"self":[{"href":"https:\/\/www.visit-ulcinj.com\/blog\/wp-json\/wp\/v2\/posts\/19690"}],"collection":[{"href":"https:\/\/www.visit-ulcinj.com\/blog\/wp-json\/wp\/v2\/posts"}],"about":[{"href":"https:\/\/www.visit-ulcinj.com\/blog\/wp-json\/wp\/v2\/types\/post"}],"author":[{"embeddable":true,"href":"https:\/\/www.visit-ulcinj.com\/blog\/wp-json\/wp\/v2\/users\/1"}],"replies":[{"embeddable":true,"href":"https:\/\/www.visit-ulcinj.com\/blog\/wp-json\/wp\/v2\/comments?post=19690"}],"version-history":[{"count":0,"href":"https:\/\/www.visit-ulcinj.com\/blog\/wp-json\/wp\/v2\/posts\/19690\/revisions"}],"wp:attachment":[{"href":"https:\/\/www.visit-ulcinj.com\/blog\/wp-json\/wp\/v2\/media?parent=19690"}],"wp:term":[{"taxonomy":"category","embeddable":true,"href":"https:\/\/www.visit-ulcinj.com\/blog\/wp-json\/wp\/v2\/categories?post=19690"},{"taxonomy":"post_tag","embeddable":true,"href":"https:\/\/www.visit-ulcinj.com\/blog\/wp-json\/wp\/v2\/tags?post=19690"}],"curies":[{"name":"wp","href":"https:\/\/api.w.org\/{rel}","templated":true}]}}