{"id":19697,"date":"2009-04-30T13:00:15","date_gmt":"2009-04-30T11:00:15","guid":{"rendered":"http:\/\/www.visit-ulcinj.com\/blog\/?p=19697"},"modified":"2009-04-30T16:40:56","modified_gmt":"2009-04-30T14:40:56","slug":"femrat-dhe-meshkujt-2","status":"publish","type":"post","link":"https:\/\/www.visit-ulcinj.com\/blog\/2009\/04\/30\/femrat-dhe-meshkujt-2\/","title":{"rendered":"Femrat dhe meshkujt"},"content":{"rendered":"<p><em><span class=\"newsdate\"><a href=\"http:\/\/www.visit-ulcinj.com\/blog\/wp-content\/uploads\/2009\/04\/femrat-dhe-meshkujt.jpg\"><img loading=\"lazy\" class=\"alignleft size-full wp-image-19698\" title=\"femrat-dhe-meshkujt-big-brother-albania-2\" src=\"http:\/\/www.visit-ulcinj.com\/blog\/wp-content\/uploads\/2009\/04\/femrat-dhe-meshkujt.jpg\" alt=\"femrat-dhe-meshkujt-big-brother-albania-2\" width=\"300\" height=\"205\" \/><\/a>29\/04\/09 17:58<\/span><\/em><\/p>\n<p>Arjani duke diskutuar me Qetsorin i kthen kurrizin Anjez\u00ebs, e cila ia v\u00eb n\u00eb dukje k\u00ebt\u00eb gj\u00eb. Ai i thot\u00eb q\u00eb po diksutonte p\u00ebr dicka serioze, dhe Adi nd\u00ebrhyn duke p\u00ebrmendur fjal\u00ebt e tij:-\u201cP\u00ebr bot\u00ebn fem\u00ebrore kam respekt!\u201d Nga replika midis Anjez\u00ebs dhe Arjanit rreth diskutimit p\u00ebr konceptin e tij p\u00ebr femr\u00ebn, merr shkas debati femrat dhe meshkujt. Adi shprehet se e respekton shum\u00eb femr\u00ebn, nga kjo Junida merr shkas duke e pyetur p\u00ebr disa situata hipotetike n\u00eb rastin q\u00eb nj\u00eb fem\u00ebr nuk e respekton, dhe e ofendon. Ai pyet:-\u201cTi do e respektoje k\u00ebt\u00eb fem\u00ebr p\u00ebr hir t\u00eb xhentiles\u00ebs?\u201d Adi ia kthen:-\u201cUn\u00eb do e urrej me xhentiles\u00eb!\u201d Anjeza e ngacmon Arjanin duke e pyetur n\u00ebse do i afrohej femrave jo t\u00eb bukura. Ai i thot\u00eb q\u00eb ka nj\u00eb tendec\u00eb drejt femrave t\u00eb bukura, pasi i trasmetojn\u00eb nj\u00eb lloj simpatie, dhe shton:-\u201cNjer\u00ebzit e sh\u00ebmtuar kan\u00eb shum\u00eb komplekse!\u201d Anjeza mendon q\u00eb njer\u00ebzit t\u00ebrhiqen nga gj\u00ebrat e bukura. Adi shprehet q\u00eb k\u00ebrkon t\u00eb ket\u00eb m\u00eb af\u00ebr bot\u00ebn fem\u00ebrore, pasi t\u00eb fal shum\u00eb k\u00ebnaq\u00ebsi. Adelajda e pyet Arjanin n\u00ebse ka shoqe. Ai i thot\u00eb q\u00eb ka shum\u00eb shoqe, dhe shton:-\u201cShoqja m\u00eb e mir\u00eb \u00ebsht\u00eb ajo q\u00eb e ke hequr kuriozitetin seksual!\u201d Nga kjo shprehje e tij ndizet debati dhe diskutojn\u00eb situatat q\u00eb nj\u00eb person flirton me t\u00eb dashur\u00ebn e shokut. Adi thot\u00eb:-\u201cTradh\u00ebtia vjen nga mungesa e liris\u00eb!\u201d Ato vazhdojn\u00eb duke diskutuar p\u00ebr tradh\u00ebtin\u00eb.<\/p>\n","protected":false},"excerpt":{"rendered":"<p>29\/04\/09 17:58 Arjani duke diskutuar me Qetsorin i kthen kurrizin Anjez\u00ebs, e cila ia v\u00eb n\u00eb dukje k\u00ebt\u00eb gj\u00eb. Ai i thot\u00eb q\u00eb po diksutonte p\u00ebr dicka serioze, dhe Adi nd\u00ebrhyn duke p\u00ebrmendur fjal\u00ebt e tij:-\u201cP\u00ebr bot\u00ebn fem\u00ebrore kam respekt!\u201d Nga replika midis Anjez\u00ebs dhe Arjanit rreth diskutimit p\u00ebr konceptin e tij p\u00ebr femr\u00ebn, merr [&hellip;]<\/p>\n","protected":false},"author":1,"featured_media":0,"comment_status":"open","ping_status":"closed","sticky":false,"template":"","format":"standard","meta":{"spay_email":"","jetpack_publicize_message":"","jetpack_is_tweetstorm":false,"jetpack_publicize_feature_enabled":true},"categories":[6502],"tags":[6529,8289,8934,6516,6522,8699,9793,6544,6693],"jetpack_publicize_connections":[],"yoast_head":"<!-- This site is optimized with the Yoast SEO plugin v19.1 - https:\/\/yoast.com\/wordpress\/plugins\/seo\/ -->\n<title>Femrat dhe meshkujt | Big Brother Albania 2<\/title>\n<meta name=\"description\" content=\"Big Brother Albania 2 - Arjani duke diskutuar me Qetsorin i kthen kurrizin Anjez\u00c3\u00abs, e cila ia v\u00c3\u00ab n\u00c3\u00ab dukje k\u00c3\u00abt\u00c3\u00ab gj\u00c3\u00ab. Ai i thot\u00c3\u00ab q\u00c3\u00ab po diksutonte p\u00c3\u00abr dicka serioze\" \/>\n<meta name=\"robots\" content=\"index, follow, max-snippet:-1, max-image-preview:large, max-video-preview:-1\" \/>\n<link rel=\"canonical\" href=\"https:\/\/www.visit-ulcinj.com\/blog\/2009\/04\/30\/femrat-dhe-meshkujt-2\/\" \/>\n<meta property=\"og:locale\" content=\"en_US\" \/>\n<meta property=\"og:type\" content=\"article\" \/>\n<meta property=\"og:title\" content=\"Femrat dhe meshkujt | Big Brother Albania 2\" \/>\n<meta property=\"og:description\" content=\"Big Brother Albania 2 - Arjani duke diskutuar me Qetsorin i kthen kurrizin Anjez\u00c3\u00abs, e cila ia v\u00c3\u00ab n\u00c3\u00ab dukje k\u00c3\u00abt\u00c3\u00ab gj\u00c3\u00ab. Ai i thot\u00c3\u00ab q\u00c3\u00ab po diksutonte p\u00c3\u00abr dicka serioze\" \/>\n<meta property=\"og:url\" content=\"https:\/\/www.visit-ulcinj.com\/blog\/2009\/04\/30\/femrat-dhe-meshkujt-2\/\" \/>\n<meta property=\"og:site_name\" content=\"Lajme nga Ulqini\" \/>\n<meta property=\"article:published_time\" content=\"2009-04-30T11:00:15+00:00\" \/>\n<meta property=\"article:modified_time\" content=\"2009-04-30T14:40:56+00:00\" \/>\n<meta property=\"og:image\" content=\"http:\/\/www.visit-ulcinj.com\/blog\/wp-content\/uploads\/2009\/04\/femrat-dhe-meshkujt.jpg\" \/>\n<meta name=\"twitter:label1\" content=\"Written by\" \/>\n\t<meta name=\"twitter:data1\" content=\"ulqini\" \/>\n\t<meta name=\"twitter:label2\" content=\"Est. reading time\" \/>\n\t<meta name=\"twitter:data2\" content=\"1 minute\" \/>\n<script type=\"application\/ld+json\" class=\"yoast-schema-graph\">{\"@context\":\"https:\/\/schema.org\",\"@graph\":[{\"@type\":\"WebSite\",\"@id\":\"https:\/\/www.visit-ulcinj.com\/blog\/#website\",\"url\":\"https:\/\/www.visit-ulcinj.com\/blog\/\",\"name\":\"Lajme nga Ulqini\",\"description\":\"Lajme,Vijesti,Ulqini,Ulqin,Crna Gora,Mali i Zi\",\"potentialAction\":[{\"@type\":\"SearchAction\",\"target\":{\"@type\":\"EntryPoint\",\"urlTemplate\":\"https:\/\/www.visit-ulcinj.com\/blog\/?s={search_term_string}\"},\"query-input\":\"required name=search_term_string\"}],\"inLanguage\":\"en-US\"},{\"@type\":\"ImageObject\",\"inLanguage\":\"en-US\",\"@id\":\"https:\/\/www.visit-ulcinj.com\/blog\/2009\/04\/30\/femrat-dhe-meshkujt-2\/#primaryimage\",\"url\":\"http:\/\/www.visit-ulcinj.com\/blog\/wp-content\/uploads\/2009\/04\/femrat-dhe-meshkujt.jpg\",\"contentUrl\":\"http:\/\/www.visit-ulcinj.com\/blog\/wp-content\/uploads\/2009\/04\/femrat-dhe-meshkujt.jpg\"},{\"@type\":\"WebPage\",\"@id\":\"https:\/\/www.visit-ulcinj.com\/blog\/2009\/04\/30\/femrat-dhe-meshkujt-2\/#webpage\",\"url\":\"https:\/\/www.visit-ulcinj.com\/blog\/2009\/04\/30\/femrat-dhe-meshkujt-2\/\",\"name\":\"Femrat dhe meshkujt | Big Brother Albania 2\",\"isPartOf\":{\"@id\":\"https:\/\/www.visit-ulcinj.com\/blog\/#website\"},\"primaryImageOfPage\":{\"@id\":\"https:\/\/www.visit-ulcinj.com\/blog\/2009\/04\/30\/femrat-dhe-meshkujt-2\/#primaryimage\"},\"datePublished\":\"2009-04-30T11:00:15+00:00\",\"dateModified\":\"2009-04-30T14:40:56+00:00\",\"author\":{\"@id\":\"https:\/\/www.visit-ulcinj.com\/blog\/#\/schema\/person\/dcab619c614d3038751c63bc2aadc06d\"},\"description\":\"Big Brother Albania 2 - Arjani duke diskutuar me Qetsorin i kthen kurrizin Anjez\u00c3\u00abs, e cila ia v\u00c3\u00ab n\u00c3\u00ab dukje k\u00c3\u00abt\u00c3\u00ab gj\u00c3\u00ab. Ai i thot\u00c3\u00ab q\u00c3\u00ab po diksutonte p\u00c3\u00abr dicka serioze\",\"breadcrumb\":{\"@id\":\"https:\/\/www.visit-ulcinj.com\/blog\/2009\/04\/30\/femrat-dhe-meshkujt-2\/#breadcrumb\"},\"inLanguage\":\"en-US\",\"potentialAction\":[{\"@type\":\"ReadAction\",\"target\":[\"https:\/\/www.visit-ulcinj.com\/blog\/2009\/04\/30\/femrat-dhe-meshkujt-2\/\"]}]},{\"@type\":\"BreadcrumbList\",\"@id\":\"https:\/\/www.visit-ulcinj.com\/blog\/2009\/04\/30\/femrat-dhe-meshkujt-2\/#breadcrumb\",\"itemListElement\":[{\"@type\":\"ListItem\",\"position\":1,\"name\":\"Femrat dhe meshkujt\"}]},{\"@type\":\"Person\",\"@id\":\"https:\/\/www.visit-ulcinj.com\/blog\/#\/schema\/person\/dcab619c614d3038751c63bc2aadc06d\",\"name\":\"ulqini\",\"sameAs\":[\"http:\/\/www.visit-ulcinj.com\"],\"url\":\"https:\/\/www.visit-ulcinj.com\/blog\/author\/admin\/\"}]}<\/script>\n<!-- \/ Yoast SEO plugin. -->","yoast_head_json":{"title":"Femrat dhe meshkujt | Big Brother Albania 2","description":"Big Brother Albania 2 - Arjani duke diskutuar me Qetsorin i kthen kurrizin Anjez\u00c3\u00abs, e cila ia v\u00c3\u00ab n\u00c3\u00ab dukje k\u00c3\u00abt\u00c3\u00ab gj\u00c3\u00ab. Ai i thot\u00c3\u00ab q\u00c3\u00ab po diksutonte p\u00c3\u00abr dicka serioze","robots":{"index":"index","follow":"follow","max-snippet":"max-snippet:-1","max-image-preview":"max-image-preview:large","max-video-preview":"max-video-preview:-1"},"canonical":"https:\/\/www.visit-ulcinj.com\/blog\/2009\/04\/30\/femrat-dhe-meshkujt-2\/","og_locale":"en_US","og_type":"article","og_title":"Femrat dhe meshkujt | Big Brother Albania 2","og_description":"Big Brother Albania 2 - Arjani duke diskutuar me Qetsorin i kthen kurrizin Anjez\u00c3\u00abs, e cila ia v\u00c3\u00ab n\u00c3\u00ab dukje k\u00c3\u00abt\u00c3\u00ab gj\u00c3\u00ab. Ai i thot\u00c3\u00ab q\u00c3\u00ab po diksutonte p\u00c3\u00abr dicka serioze","og_url":"https:\/\/www.visit-ulcinj.com\/blog\/2009\/04\/30\/femrat-dhe-meshkujt-2\/","og_site_name":"Lajme nga Ulqini","article_published_time":"2009-04-30T11:00:15+00:00","article_modified_time":"2009-04-30T14:40:56+00:00","og_image":[{"url":"http:\/\/www.visit-ulcinj.com\/blog\/wp-content\/uploads\/2009\/04\/femrat-dhe-meshkujt.jpg"}],"twitter_misc":{"Written by":"ulqini","Est. reading time":"1 minute"},"schema":{"@context":"https:\/\/schema.org","@graph":[{"@type":"WebSite","@id":"https:\/\/www.visit-ulcinj.com\/blog\/#website","url":"https:\/\/www.visit-ulcinj.com\/blog\/","name":"Lajme nga Ulqini","description":"Lajme,Vijesti,Ulqini,Ulqin,Crna Gora,Mali i Zi","potentialAction":[{"@type":"SearchAction","target":{"@type":"EntryPoint","urlTemplate":"https:\/\/www.visit-ulcinj.com\/blog\/?s={search_term_string}"},"query-input":"required name=search_term_string"}],"inLanguage":"en-US"},{"@type":"ImageObject","inLanguage":"en-US","@id":"https:\/\/www.visit-ulcinj.com\/blog\/2009\/04\/30\/femrat-dhe-meshkujt-2\/#primaryimage","url":"http:\/\/www.visit-ulcinj.com\/blog\/wp-content\/uploads\/2009\/04\/femrat-dhe-meshkujt.jpg","contentUrl":"http:\/\/www.visit-ulcinj.com\/blog\/wp-content\/uploads\/2009\/04\/femrat-dhe-meshkujt.jpg"},{"@type":"WebPage","@id":"https:\/\/www.visit-ulcinj.com\/blog\/2009\/04\/30\/femrat-dhe-meshkujt-2\/#webpage","url":"https:\/\/www.visit-ulcinj.com\/blog\/2009\/04\/30\/femrat-dhe-meshkujt-2\/","name":"Femrat dhe meshkujt | Big Brother Albania 2","isPartOf":{"@id":"https:\/\/www.visit-ulcinj.com\/blog\/#website"},"primaryImageOfPage":{"@id":"https:\/\/www.visit-ulcinj.com\/blog\/2009\/04\/30\/femrat-dhe-meshkujt-2\/#primaryimage"},"datePublished":"2009-04-30T11:00:15+00:00","dateModified":"2009-04-30T14:40:56+00:00","author":{"@id":"https:\/\/www.visit-ulcinj.com\/blog\/#\/schema\/person\/dcab619c614d3038751c63bc2aadc06d"},"description":"Big Brother Albania 2 - Arjani duke diskutuar me Qetsorin i kthen kurrizin Anjez\u00c3\u00abs, e cila ia v\u00c3\u00ab n\u00c3\u00ab dukje k\u00c3\u00abt\u00c3\u00ab gj\u00c3\u00ab. Ai i thot\u00c3\u00ab q\u00c3\u00ab po diksutonte p\u00c3\u00abr dicka serioze","breadcrumb":{"@id":"https:\/\/www.visit-ulcinj.com\/blog\/2009\/04\/30\/femrat-dhe-meshkujt-2\/#breadcrumb"},"inLanguage":"en-US","potentialAction":[{"@type":"ReadAction","target":["https:\/\/www.visit-ulcinj.com\/blog\/2009\/04\/30\/femrat-dhe-meshkujt-2\/"]}]},{"@type":"BreadcrumbList","@id":"https:\/\/www.visit-ulcinj.com\/blog\/2009\/04\/30\/femrat-dhe-meshkujt-2\/#breadcrumb","itemListElement":[{"@type":"ListItem","position":1,"name":"Femrat dhe meshkujt"}]},{"@type":"Person","@id":"https:\/\/www.visit-ulcinj.com\/blog\/#\/schema\/person\/dcab619c614d3038751c63bc2aadc06d","name":"ulqini","sameAs":["http:\/\/www.visit-ulcinj.com"],"url":"https:\/\/www.visit-ulcinj.com\/blog\/author\/admin\/"}]}},"jetpack_featured_media_url":"","jetpack_sharing_enabled":true,"jetpack_shortlink":"https:\/\/wp.me\/pe6lTn-57H","_links":{"self":[{"href":"https:\/\/www.visit-ulcinj.com\/blog\/wp-json\/wp\/v2\/posts\/19697"}],"collection":[{"href":"https:\/\/www.visit-ulcinj.com\/blog\/wp-json\/wp\/v2\/posts"}],"about":[{"href":"https:\/\/www.visit-ulcinj.com\/blog\/wp-json\/wp\/v2\/types\/post"}],"author":[{"embeddable":true,"href":"https:\/\/www.visit-ulcinj.com\/blog\/wp-json\/wp\/v2\/users\/1"}],"replies":[{"embeddable":true,"href":"https:\/\/www.visit-ulcinj.com\/blog\/wp-json\/wp\/v2\/comments?post=19697"}],"version-history":[{"count":0,"href":"https:\/\/www.visit-ulcinj.com\/blog\/wp-json\/wp\/v2\/posts\/19697\/revisions"}],"wp:attachment":[{"href":"https:\/\/www.visit-ulcinj.com\/blog\/wp-json\/wp\/v2\/media?parent=19697"}],"wp:term":[{"taxonomy":"category","embeddable":true,"href":"https:\/\/www.visit-ulcinj.com\/blog\/wp-json\/wp\/v2\/categories?post=19697"},{"taxonomy":"post_tag","embeddable":true,"href":"https:\/\/www.visit-ulcinj.com\/blog\/wp-json\/wp\/v2\/tags?post=19697"}],"curies":[{"name":"wp","href":"https:\/\/api.w.org\/{rel}","templated":true}]}}