{"id":1970,"date":"2008-06-11T12:13:31","date_gmt":"2008-06-11T17:13:31","guid":{"rendered":"http:\/\/www.visit-ulcinj.com\/blog\/?p=1970"},"modified":"2008-06-11T12:13:31","modified_gmt":"2008-06-11T17:13:31","slug":"velika-ocekivanja-od-sjednice-skupstinske-radne-grupe-koja-radi-na-izradi-izbornog-zakonodavstva","status":"publish","type":"post","link":"https:\/\/www.visit-ulcinj.com\/blog\/2008\/06\/11\/velika-ocekivanja-od-sjednice-skupstinske-radne-grupe-koja-radi-na-izradi-izbornog-zakonodavstva\/","title":{"rendered":"Velika o?ekivanja od sjednice skup\u0161tinske radne grupe koja radi na izradi izbornog zakonodavstva"},"content":{"rendered":"<p><a href=\"http:\/\/www.visit-ulcinj.com\/blog\/wp-content\/uploads\/2008\/06\/bardhi.jpg\"><img loading=\"lazy\" class=\"alignleft attachment wp-att-1971\" style=\"float: left;\" src=\"http:\/\/www.visit-ulcinj.com\/blog\/wp-content\/uploads\/2008\/06\/bardhi.thumbnail.jpg\" alt=\"Mehmet Bardhi_Vaselj Sinishtaj\" width=\"222\" height=\"131\" \/><\/a><strong>Otvoreno mnogo pitanja<\/strong><br \/>\nPODGORICA \u2013  ?e se zalagati da se u novom izbornom zakonodavstvu ispo\u0161tuju dosad ste?ena prava, a kada su u pitanju garantovani mandati predlo\u017ei?e da se uvede princip &#8221;proporcionalne autenti?ne zastupljenosti&#8221;.<br \/>\nTo je ju?e za Republiku izjavio Mehmet Bardhi, poslanik Demokratskog saveza u Crnoj Gori i ?lan radne grupe koja radi ovaj odgovoran posao.<br \/>\n&#8211; Mi, autenti?ni predstavnici Albanaca u Crnoj Gori smatramo da izborno zakonodavstvo ne mo\u017ee biti ispod onoga \u0161to smo imali dosad kada su u pitanju ste?ena prava \u2013 smatra Bardhi, dodaju?i da ?e se zalagati da se i dalje &#8221;stoji na ranijim stanovi\u0161tima&#8221;, odnosno da Albance u Skup\u0161tini Crne Gore zastupa pet poslanika.<a href=\"http:\/\/www.visit-ulcinj.com\/blog\/wp-content\/uploads\/2008\/06\/mehmet-bardhi.jpg\"><img loading=\"lazy\" class=\"alignright attachment wp-att-1972\" style=\"float: right;\" src=\"http:\/\/www.visit-ulcinj.com\/blog\/wp-content\/uploads\/2008\/06\/mehmet-bardhi.jpg\" alt=\"MEHMET BARDHI_2\" width=\"135\" height=\"150\" \/><\/a><br \/>\nOn, me?utim, smatra da je rad na izradi izbornog zakonodavstva idealna prilika da se unaprijedi izborni sistem. Tokom rada oko ostalih pitanja, kako smatra, treba analizirati \u0161ta je funcionisalo, a \u0161ta ne.<br \/>\n&#8211; Osim principa proporcionalne autenti?ne zastupljenosti, zahtijeva?emo da u Skup\u0161tini Crne Gore i skup\u0161tinama lokalne samouprave gdje su Albanci autohtoni (Ulcinj, Bar, Tuzi, Plav i Ro\u017eaje) imamo najmanje jednog predstavnika u parlamentu \u2013 kazao je Bardhi.<br \/>\nOn smatra da provo?enje principa &#8221;proporcionalne autenti?ne zastupljenosti&#8221;, automatski elimini\u0161e zloupotrebe da se &#8221;garantovani mandati&#8221; koriste za dobijanje izbora.<br \/>\nBardhi smatra da treba ure?ivati &#8221;transport mandata&#8221;, odnosno prelaska sa jedne u drugu poslani?ku grupu.<br \/>\n<img loading=\"lazy\" class=\"alignleft\" style=\"float: left;\" src=\"http:\/\/www.visit-ulcinj.com\/blog\/wp-content\/uploads\/2008\/03\/bardhi_dinosha.thumbnail.jpg\" alt=\"\" width=\"200\" height=\"140\" \/>&#8211; De\u0161ava se da kandidat koji dobije mandat za poslanika, odnosno odbornika, nakon izbora koji je dobio u jednoj izbornoj jedinici, &#8221;odmetne&#8221; i mandat stavi na uslugu drugoj listi i koaliciji radi profitabilnosti, a uvijek u materijalnom smislu ili dobijanja rukovode?ih mjesta \u2013 kazao je Bardhi.<br \/>\nTako?e, on misli da se treba povesti ra?una i o redosljedu kandidata na listi.<br \/>\n&#8211; Na izbornoj listi za poslanike i odbornike nalazili su se najzna?ajnije li?nosti partije na vlasti. U stvari oni su, ?im su dobili mandate, te mandate prepu\u0161tali nekom drugom. To zna?i da gra?ane ne zastupa kandidat kome su dali povjerenje, jer postoji samo lista \u2013 smatra Bardhi.<a title=\"Ulcinj-ulqini-ulqin,montenegro\" href=\"http:\/\/www.visit-ulcinj.com\/blog\/wp-content\/uploads\/2008\/04\/atedheu-na-bashkon1.jpg\" target=\"_blank\"><img loading=\"lazy\" class=\"alignright\" style=\"float: right;\" src=\"http:\/\/www.visit-ulcinj.com\/blog\/wp-content\/uploads\/2008\/04\/atedheu-na-bashkon1.jpg\" alt=\"\" width=\"250\" height=\"208\" \/><\/a><br \/>\nOn se zala\u017ee za princip da Crna Gora i dalje ostane jedna izborna jedinica, sa svim specifi?nostima koje smo imali dosad, makar kada su u pitanju Albanci.<br \/>\nPredsjednik Kluba poslanika Socijalisti?ke narodne partije Velizar Kalu?erovi? smatra da ovo pitanje posebno dobija na te\u017eini kada se ima na umu ?injenica da je Ustavom i Ustavnim zakonu za provo?enje Ustava, dono\u0161enje novog zakona o izboru odbornika i poslanika, bilo stavljeno kao jedan od prioriteta i rok za njegovo dono\u0161enje probijen po drugi put.<br \/>\n&#8211; Ipak, mnogo zna?ajnije od toga da ovom poslu pristupimo sa najve?im stepenom ozbilnostii odgovornosti, da poka\u017eemo dovoljno spremnosti da se kroz novo izborno zakonodavstvo implementiraju demokratska dostignu?a evropskih zemalja i odre?ena ustavna rje\u0161enja koja predstavljaju novinu u odnosu na dosada\u0161nju ustavno-pravni poredak \u2013 kazao je Kalu?erovi? i dodao da bi trebalo iskoristiti priliku da se u promjeni izbornog zakonodavstva izmijeni ono \u0161to se pokazalo da nije dobro, da ono \u0161to je Misija OEBS-a, odnosno ODHIR-a, ukazala da nije dobro.<br \/>\n<img loading=\"lazy\" class=\"alignleft\" style=\"float: left;\" src=\"http:\/\/tandis.odihr.pl\/g\/odihr-logo.png\" alt=\"ODHIR montenegro\" width=\"179\" height=\"100\" \/>&#8211; Ovo idelana prilika i da tragamo za formulom koja raspodjeljuje mandate poslanika nakon izbornog rezultata, koja je pravednija i primjerenija od postoje?e. Naravno, jedno od pitanja oko kojeg ?emo tragati, ?uvaju?i princip jedan gra?anin jedan glas, da se razradi i primijeni ustavno opredjeljenje o odgovaraju?oj zastupljenosti pripadnika manjinskih zajednica u parlamentu \u2013 kazao je Kalu?erovi? i izrazio nadu da ?e se tom poslu pristupiti bez pretjeranog politizovanja kako se ne bi dovelo u pitanje da se eventualno obesmisle izbori.<br \/>\nSvi ti elementi, kako smatra on, se moraju uzeti u obzir u traganju za rje\u0161enjima koja su u najboljem interesu gra?ana Crne Gore i izgradnje Crne Gore kao demokratskog dru\u0161tva, a temelji za to se udaraju na demokratskim izborima.<br \/>\n<strong>D.\u0160.<br \/>\nIzvor \/ Republika <\/strong><\/p>\n","protected":false},"excerpt":{"rendered":"<p><img loading=\"lazy\" class=\"alignleft attachment wp-att-1971\" style=\"float: left;\" src=\"http:\/\/www.visit-ulcinj.com\/blog\/wp-content\/uploads\/2008\/06\/bardhi.thumbnail.jpg\" alt=\"Mehmet Bardhi_Vaselj Sinishtaj\" width=\"140\" height=\"140\" \/><\/p>\n","protected":false},"author":1,"featured_media":0,"comment_status":"open","ping_status":"closed","sticky":false,"template":"","format":"standard","meta":{"spay_email":"","jetpack_publicize_message":"","jetpack_is_tweetstorm":false,"jetpack_publicize_feature_enabled":true},"categories":[6],"tags":[3888,347,3887,3889,3890,2474],"jetpack_publicize_connections":[],"yoast_head":"<!-- This site is optimized with the Yoast SEO plugin v19.1 - https:\/\/yoast.com\/wordpress\/plugins\/seo\/ -->\n<title>Velika o?ekivanja od sjednice skup\u0161tinske radne grupe koja radi na izradi izbornog zakonodavstva - Lajme nga Ulqini<\/title>\n<meta name=\"robots\" content=\"index, follow, max-snippet:-1, max-image-preview:large, max-video-preview:-1\" \/>\n<link rel=\"canonical\" href=\"https:\/\/www.visit-ulcinj.com\/blog\/2008\/06\/11\/velika-ocekivanja-od-sjednice-skupstinske-radne-grupe-koja-radi-na-izradi-izbornog-zakonodavstva\/\" \/>\n<meta property=\"og:locale\" content=\"en_US\" \/>\n<meta property=\"og:type\" content=\"article\" \/>\n<meta property=\"og:title\" content=\"Velika o?ekivanja od sjednice skup\u0161tinske radne grupe koja radi na izradi izbornog zakonodavstva - Lajme nga Ulqini\" \/>\n<meta property=\"og:url\" content=\"https:\/\/www.visit-ulcinj.com\/blog\/2008\/06\/11\/velika-ocekivanja-od-sjednice-skupstinske-radne-grupe-koja-radi-na-izradi-izbornog-zakonodavstva\/\" \/>\n<meta property=\"og:site_name\" content=\"Lajme nga Ulqini\" \/>\n<meta property=\"article:published_time\" content=\"2008-06-11T17:13:31+00:00\" \/>\n<meta property=\"og:image\" content=\"http:\/\/www.visit-ulcinj.com\/blog\/wp-content\/uploads\/2008\/06\/bardhi.thumbnail.jpg\" \/>\n<meta name=\"twitter:label1\" content=\"Written by\" \/>\n\t<meta name=\"twitter:data1\" content=\"ulqini\" \/>\n\t<meta name=\"twitter:label2\" content=\"Est. reading time\" \/>\n\t<meta name=\"twitter:data2\" content=\"3 minutes\" \/>\n<script type=\"application\/ld+json\" class=\"yoast-schema-graph\">{\"@context\":\"https:\/\/schema.org\",\"@graph\":[{\"@type\":\"WebSite\",\"@id\":\"https:\/\/www.visit-ulcinj.com\/blog\/#website\",\"url\":\"https:\/\/www.visit-ulcinj.com\/blog\/\",\"name\":\"Lajme nga Ulqini\",\"description\":\"Lajme,Vijesti,Ulqini,Ulqin,Crna Gora,Mali i Zi\",\"potentialAction\":[{\"@type\":\"SearchAction\",\"target\":{\"@type\":\"EntryPoint\",\"urlTemplate\":\"https:\/\/www.visit-ulcinj.com\/blog\/?s={search_term_string}\"},\"query-input\":\"required name=search_term_string\"}],\"inLanguage\":\"en-US\"},{\"@type\":\"ImageObject\",\"inLanguage\":\"en-US\",\"@id\":\"https:\/\/www.visit-ulcinj.com\/blog\/2008\/06\/11\/velika-ocekivanja-od-sjednice-skupstinske-radne-grupe-koja-radi-na-izradi-izbornog-zakonodavstva\/#primaryimage\",\"url\":\"http:\/\/www.visit-ulcinj.com\/blog\/wp-content\/uploads\/2008\/06\/bardhi.thumbnail.jpg\",\"contentUrl\":\"http:\/\/www.visit-ulcinj.com\/blog\/wp-content\/uploads\/2008\/06\/bardhi.thumbnail.jpg\"},{\"@type\":\"WebPage\",\"@id\":\"https:\/\/www.visit-ulcinj.com\/blog\/2008\/06\/11\/velika-ocekivanja-od-sjednice-skupstinske-radne-grupe-koja-radi-na-izradi-izbornog-zakonodavstva\/#webpage\",\"url\":\"https:\/\/www.visit-ulcinj.com\/blog\/2008\/06\/11\/velika-ocekivanja-od-sjednice-skupstinske-radne-grupe-koja-radi-na-izradi-izbornog-zakonodavstva\/\",\"name\":\"Velika o?ekivanja od sjednice skup\u0161tinske radne grupe koja radi na izradi izbornog zakonodavstva - Lajme nga Ulqini\",\"isPartOf\":{\"@id\":\"https:\/\/www.visit-ulcinj.com\/blog\/#website\"},\"primaryImageOfPage\":{\"@id\":\"https:\/\/www.visit-ulcinj.com\/blog\/2008\/06\/11\/velika-ocekivanja-od-sjednice-skupstinske-radne-grupe-koja-radi-na-izradi-izbornog-zakonodavstva\/#primaryimage\"},\"datePublished\":\"2008-06-11T17:13:31+00:00\",\"dateModified\":\"2008-06-11T17:13:31+00:00\",\"author\":{\"@id\":\"https:\/\/www.visit-ulcinj.com\/blog\/#\/schema\/person\/dcab619c614d3038751c63bc2aadc06d\"},\"breadcrumb\":{\"@id\":\"https:\/\/www.visit-ulcinj.com\/blog\/2008\/06\/11\/velika-ocekivanja-od-sjednice-skupstinske-radne-grupe-koja-radi-na-izradi-izbornog-zakonodavstva\/#breadcrumb\"},\"inLanguage\":\"en-US\",\"potentialAction\":[{\"@type\":\"ReadAction\",\"target\":[\"https:\/\/www.visit-ulcinj.com\/blog\/2008\/06\/11\/velika-ocekivanja-od-sjednice-skupstinske-radne-grupe-koja-radi-na-izradi-izbornog-zakonodavstva\/\"]}]},{\"@type\":\"BreadcrumbList\",\"@id\":\"https:\/\/www.visit-ulcinj.com\/blog\/2008\/06\/11\/velika-ocekivanja-od-sjednice-skupstinske-radne-grupe-koja-radi-na-izradi-izbornog-zakonodavstva\/#breadcrumb\",\"itemListElement\":[{\"@type\":\"ListItem\",\"position\":1,\"name\":\"Velika o?ekivanja od sjednice skup\u0161tinske radne grupe koja radi na izradi izbornog zakonodavstva\"}]},{\"@type\":\"Person\",\"@id\":\"https:\/\/www.visit-ulcinj.com\/blog\/#\/schema\/person\/dcab619c614d3038751c63bc2aadc06d\",\"name\":\"ulqini\",\"sameAs\":[\"http:\/\/www.visit-ulcinj.com\"],\"url\":\"https:\/\/www.visit-ulcinj.com\/blog\/author\/admin\/\"}]}<\/script>\n<!-- \/ Yoast SEO plugin. -->","yoast_head_json":{"title":"Velika o?ekivanja od sjednice skup\u0161tinske radne grupe koja radi na izradi izbornog zakonodavstva - Lajme nga Ulqini","robots":{"index":"index","follow":"follow","max-snippet":"max-snippet:-1","max-image-preview":"max-image-preview:large","max-video-preview":"max-video-preview:-1"},"canonical":"https:\/\/www.visit-ulcinj.com\/blog\/2008\/06\/11\/velika-ocekivanja-od-sjednice-skupstinske-radne-grupe-koja-radi-na-izradi-izbornog-zakonodavstva\/","og_locale":"en_US","og_type":"article","og_title":"Velika o?ekivanja od sjednice skup\u0161tinske radne grupe koja radi na izradi izbornog zakonodavstva - Lajme nga Ulqini","og_url":"https:\/\/www.visit-ulcinj.com\/blog\/2008\/06\/11\/velika-ocekivanja-od-sjednice-skupstinske-radne-grupe-koja-radi-na-izradi-izbornog-zakonodavstva\/","og_site_name":"Lajme nga Ulqini","article_published_time":"2008-06-11T17:13:31+00:00","og_image":[{"url":"http:\/\/www.visit-ulcinj.com\/blog\/wp-content\/uploads\/2008\/06\/bardhi.thumbnail.jpg"}],"twitter_misc":{"Written by":"ulqini","Est. reading time":"3 minutes"},"schema":{"@context":"https:\/\/schema.org","@graph":[{"@type":"WebSite","@id":"https:\/\/www.visit-ulcinj.com\/blog\/#website","url":"https:\/\/www.visit-ulcinj.com\/blog\/","name":"Lajme nga Ulqini","description":"Lajme,Vijesti,Ulqini,Ulqin,Crna Gora,Mali i Zi","potentialAction":[{"@type":"SearchAction","target":{"@type":"EntryPoint","urlTemplate":"https:\/\/www.visit-ulcinj.com\/blog\/?s={search_term_string}"},"query-input":"required name=search_term_string"}],"inLanguage":"en-US"},{"@type":"ImageObject","inLanguage":"en-US","@id":"https:\/\/www.visit-ulcinj.com\/blog\/2008\/06\/11\/velika-ocekivanja-od-sjednice-skupstinske-radne-grupe-koja-radi-na-izradi-izbornog-zakonodavstva\/#primaryimage","url":"http:\/\/www.visit-ulcinj.com\/blog\/wp-content\/uploads\/2008\/06\/bardhi.thumbnail.jpg","contentUrl":"http:\/\/www.visit-ulcinj.com\/blog\/wp-content\/uploads\/2008\/06\/bardhi.thumbnail.jpg"},{"@type":"WebPage","@id":"https:\/\/www.visit-ulcinj.com\/blog\/2008\/06\/11\/velika-ocekivanja-od-sjednice-skupstinske-radne-grupe-koja-radi-na-izradi-izbornog-zakonodavstva\/#webpage","url":"https:\/\/www.visit-ulcinj.com\/blog\/2008\/06\/11\/velika-ocekivanja-od-sjednice-skupstinske-radne-grupe-koja-radi-na-izradi-izbornog-zakonodavstva\/","name":"Velika o?ekivanja od sjednice skup\u0161tinske radne grupe koja radi na izradi izbornog zakonodavstva - Lajme nga Ulqini","isPartOf":{"@id":"https:\/\/www.visit-ulcinj.com\/blog\/#website"},"primaryImageOfPage":{"@id":"https:\/\/www.visit-ulcinj.com\/blog\/2008\/06\/11\/velika-ocekivanja-od-sjednice-skupstinske-radne-grupe-koja-radi-na-izradi-izbornog-zakonodavstva\/#primaryimage"},"datePublished":"2008-06-11T17:13:31+00:00","dateModified":"2008-06-11T17:13:31+00:00","author":{"@id":"https:\/\/www.visit-ulcinj.com\/blog\/#\/schema\/person\/dcab619c614d3038751c63bc2aadc06d"},"breadcrumb":{"@id":"https:\/\/www.visit-ulcinj.com\/blog\/2008\/06\/11\/velika-ocekivanja-od-sjednice-skupstinske-radne-grupe-koja-radi-na-izradi-izbornog-zakonodavstva\/#breadcrumb"},"inLanguage":"en-US","potentialAction":[{"@type":"ReadAction","target":["https:\/\/www.visit-ulcinj.com\/blog\/2008\/06\/11\/velika-ocekivanja-od-sjednice-skupstinske-radne-grupe-koja-radi-na-izradi-izbornog-zakonodavstva\/"]}]},{"@type":"BreadcrumbList","@id":"https:\/\/www.visit-ulcinj.com\/blog\/2008\/06\/11\/velika-ocekivanja-od-sjednice-skupstinske-radne-grupe-koja-radi-na-izradi-izbornog-zakonodavstva\/#breadcrumb","itemListElement":[{"@type":"ListItem","position":1,"name":"Velika o?ekivanja od sjednice skup\u0161tinske radne grupe koja radi na izradi izbornog zakonodavstva"}]},{"@type":"Person","@id":"https:\/\/www.visit-ulcinj.com\/blog\/#\/schema\/person\/dcab619c614d3038751c63bc2aadc06d","name":"ulqini","sameAs":["http:\/\/www.visit-ulcinj.com"],"url":"https:\/\/www.visit-ulcinj.com\/blog\/author\/admin\/"}]}},"jetpack_featured_media_url":"","jetpack_sharing_enabled":true,"jetpack_shortlink":"https:\/\/wp.me\/pe6lTn-vM","_links":{"self":[{"href":"https:\/\/www.visit-ulcinj.com\/blog\/wp-json\/wp\/v2\/posts\/1970"}],"collection":[{"href":"https:\/\/www.visit-ulcinj.com\/blog\/wp-json\/wp\/v2\/posts"}],"about":[{"href":"https:\/\/www.visit-ulcinj.com\/blog\/wp-json\/wp\/v2\/types\/post"}],"author":[{"embeddable":true,"href":"https:\/\/www.visit-ulcinj.com\/blog\/wp-json\/wp\/v2\/users\/1"}],"replies":[{"embeddable":true,"href":"https:\/\/www.visit-ulcinj.com\/blog\/wp-json\/wp\/v2\/comments?post=1970"}],"version-history":[{"count":0,"href":"https:\/\/www.visit-ulcinj.com\/blog\/wp-json\/wp\/v2\/posts\/1970\/revisions"}],"wp:attachment":[{"href":"https:\/\/www.visit-ulcinj.com\/blog\/wp-json\/wp\/v2\/media?parent=1970"}],"wp:term":[{"taxonomy":"category","embeddable":true,"href":"https:\/\/www.visit-ulcinj.com\/blog\/wp-json\/wp\/v2\/categories?post=1970"},{"taxonomy":"post_tag","embeddable":true,"href":"https:\/\/www.visit-ulcinj.com\/blog\/wp-json\/wp\/v2\/tags?post=1970"}],"curies":[{"name":"wp","href":"https:\/\/api.w.org\/{rel}","templated":true}]}}