{"id":19700,"date":"2009-04-30T13:00:52","date_gmt":"2009-04-30T11:00:52","guid":{"rendered":"http:\/\/www.visit-ulcinj.com\/blog\/?p=19700"},"modified":"2009-04-30T16:41:01","modified_gmt":"2009-04-30T14:41:01","slug":"qetsori-familja-me-ndihmoi","status":"publish","type":"post","link":"https:\/\/www.visit-ulcinj.com\/blog\/2009\/04\/30\/qetsori-familja-me-ndihmoi\/","title":{"rendered":"Qetsori : Familja m\u00eb ndihmoi"},"content":{"rendered":"<p><em><span class=\"newsdate\"><a href=\"http:\/\/www.visit-ulcinj.com\/blog\/wp-content\/uploads\/2009\/04\/sori-per-veten-29.jpg\"><img loading=\"lazy\" class=\"alignleft size-full wp-image-19701\" title=\"sori-per-veten-29-big-brother-albania-2\" src=\"http:\/\/www.visit-ulcinj.com\/blog\/wp-content\/uploads\/2009\/04\/sori-per-veten-29.jpg\" alt=\"sori-per-veten-29-big-brother-albania-2\" width=\"300\" height=\"205\" \/><\/a>29\/04\/09 14:23<\/span><\/em><\/p>\n<p>Adi, duke u nisur nga nj\u00eb bised\u00eb shum\u00eb e shkurt\u00ebr ku Sori tregon dicka nga jeta e tij, e pyet m\u00eb shum\u00eb mbi k\u00ebt\u00eb tem\u00eb. Ai e pyet drejt\u00ebp\u00ebrdrejt\u00eb Sorin n\u00ebse ka patur dhe ai eksperienca si t\u00eb tijat. Sori e pranon k\u00ebt\u00eb gj\u00eb dhe tregon n\u00eb m\u00ebnyr\u00eb shum\u00eb t\u00eb shkurt\u00ebr se ka patur nj\u00eb eksperienc\u00eb t\u00eb till\u00eb nj\u00ebsoj si ai, lidhur me drog\u00ebn. Dhe Ari dhe Adi, q\u00eb ndodhen me t\u00eb n\u00eb momentin kur ai tregon, habiten p\u00ebr k\u00ebt\u00eb eksperienc\u00eb q\u00eb Sori e tregoi vet\u00ebm nj\u00eb dit\u00eb m\u00eb par\u00eb. Ata e pyesin se si ia doli mban\u00eb dhe Sori thot\u00eb se e ka ndihmuar familja e tij. Ai shton se p\u00ebrvec k\u00ebsaj, ka patur edhe probleme me alkoolin m\u00eb von\u00eb.<\/p>\n","protected":false},"excerpt":{"rendered":"<p>29\/04\/09 14:23 Adi, duke u nisur nga nj\u00eb bised\u00eb shum\u00eb e shkurt\u00ebr ku Sori tregon dicka nga jeta e tij, e pyet m\u00eb shum\u00eb mbi k\u00ebt\u00eb tem\u00eb. Ai e pyet drejt\u00ebp\u00ebrdrejt\u00eb Sorin n\u00ebse ka patur dhe ai eksperienca si t\u00eb tijat. Sori e pranon k\u00ebt\u00eb gj\u00eb dhe tregon n\u00eb m\u00ebnyr\u00eb shum\u00eb t\u00eb shkurt\u00ebr se ka [&hellip;]<\/p>\n","protected":false},"author":1,"featured_media":0,"comment_status":"open","ping_status":"closed","sticky":false,"template":"","format":"standard","meta":{"spay_email":"","jetpack_publicize_message":"","jetpack_is_tweetstorm":false,"jetpack_publicize_feature_enabled":true},"categories":[6502],"tags":[8934,9738,9121,8338,8276,9751],"jetpack_publicize_connections":[],"yoast_head":"<!-- This site is optimized with the Yoast SEO plugin v19.1 - https:\/\/yoast.com\/wordpress\/plugins\/seo\/ -->\n<title>Qetsori : Familja m\u00c3\u00ab ndihmoi | Big Brother Albania 2<\/title>\n<meta name=\"description\" content=\"Big Brother Albania 2 - Adi, duke u nisur nga nj\u00c3\u00ab bised\u00c3\u00ab shum\u00c3\u00ab e shkurt\u00c3\u00abr ku Sori tregon dicka nga jeta e tij, e pyet m\u00c3\u00ab shum\u00c3\u00ab mbi k\u00c3\u00abt\u00c3\u00ab tem\u00c3\u00ab.\" \/>\n<meta name=\"robots\" content=\"index, follow, max-snippet:-1, max-image-preview:large, max-video-preview:-1\" \/>\n<link rel=\"canonical\" href=\"https:\/\/www.visit-ulcinj.com\/blog\/2009\/04\/30\/qetsori-familja-me-ndihmoi\/\" \/>\n<meta property=\"og:locale\" content=\"en_US\" \/>\n<meta property=\"og:type\" content=\"article\" \/>\n<meta property=\"og:title\" content=\"Qetsori : Familja m\u00c3\u00ab ndihmoi | Big Brother Albania 2\" \/>\n<meta property=\"og:description\" content=\"Big Brother Albania 2 - Adi, duke u nisur nga nj\u00c3\u00ab bised\u00c3\u00ab shum\u00c3\u00ab e shkurt\u00c3\u00abr ku Sori tregon dicka nga jeta e tij, e pyet m\u00c3\u00ab shum\u00c3\u00ab mbi k\u00c3\u00abt\u00c3\u00ab tem\u00c3\u00ab.\" \/>\n<meta property=\"og:url\" content=\"https:\/\/www.visit-ulcinj.com\/blog\/2009\/04\/30\/qetsori-familja-me-ndihmoi\/\" \/>\n<meta property=\"og:site_name\" content=\"Lajme nga Ulqini\" \/>\n<meta property=\"article:published_time\" content=\"2009-04-30T11:00:52+00:00\" \/>\n<meta property=\"article:modified_time\" content=\"2009-04-30T14:41:01+00:00\" \/>\n<meta property=\"og:image\" content=\"http:\/\/www.visit-ulcinj.com\/blog\/wp-content\/uploads\/2009\/04\/sori-per-veten-29.jpg\" \/>\n<meta name=\"twitter:label1\" content=\"Written by\" \/>\n\t<meta name=\"twitter:data1\" content=\"ulqini\" \/>\n\t<meta name=\"twitter:label2\" content=\"Est. reading time\" \/>\n\t<meta name=\"twitter:data2\" content=\"1 minute\" \/>\n<script type=\"application\/ld+json\" class=\"yoast-schema-graph\">{\"@context\":\"https:\/\/schema.org\",\"@graph\":[{\"@type\":\"WebSite\",\"@id\":\"https:\/\/www.visit-ulcinj.com\/blog\/#website\",\"url\":\"https:\/\/www.visit-ulcinj.com\/blog\/\",\"name\":\"Lajme nga Ulqini\",\"description\":\"Lajme,Vijesti,Ulqini,Ulqin,Crna Gora,Mali i Zi\",\"potentialAction\":[{\"@type\":\"SearchAction\",\"target\":{\"@type\":\"EntryPoint\",\"urlTemplate\":\"https:\/\/www.visit-ulcinj.com\/blog\/?s={search_term_string}\"},\"query-input\":\"required name=search_term_string\"}],\"inLanguage\":\"en-US\"},{\"@type\":\"ImageObject\",\"inLanguage\":\"en-US\",\"@id\":\"https:\/\/www.visit-ulcinj.com\/blog\/2009\/04\/30\/qetsori-familja-me-ndihmoi\/#primaryimage\",\"url\":\"http:\/\/www.visit-ulcinj.com\/blog\/wp-content\/uploads\/2009\/04\/sori-per-veten-29.jpg\",\"contentUrl\":\"http:\/\/www.visit-ulcinj.com\/blog\/wp-content\/uploads\/2009\/04\/sori-per-veten-29.jpg\"},{\"@type\":\"WebPage\",\"@id\":\"https:\/\/www.visit-ulcinj.com\/blog\/2009\/04\/30\/qetsori-familja-me-ndihmoi\/#webpage\",\"url\":\"https:\/\/www.visit-ulcinj.com\/blog\/2009\/04\/30\/qetsori-familja-me-ndihmoi\/\",\"name\":\"Qetsori : Familja m\u00c3\u00ab ndihmoi | Big Brother Albania 2\",\"isPartOf\":{\"@id\":\"https:\/\/www.visit-ulcinj.com\/blog\/#website\"},\"primaryImageOfPage\":{\"@id\":\"https:\/\/www.visit-ulcinj.com\/blog\/2009\/04\/30\/qetsori-familja-me-ndihmoi\/#primaryimage\"},\"datePublished\":\"2009-04-30T11:00:52+00:00\",\"dateModified\":\"2009-04-30T14:41:01+00:00\",\"author\":{\"@id\":\"https:\/\/www.visit-ulcinj.com\/blog\/#\/schema\/person\/dcab619c614d3038751c63bc2aadc06d\"},\"description\":\"Big Brother Albania 2 - Adi, duke u nisur nga nj\u00c3\u00ab bised\u00c3\u00ab shum\u00c3\u00ab e shkurt\u00c3\u00abr ku Sori tregon dicka nga jeta e tij, e pyet m\u00c3\u00ab shum\u00c3\u00ab mbi k\u00c3\u00abt\u00c3\u00ab tem\u00c3\u00ab.\",\"breadcrumb\":{\"@id\":\"https:\/\/www.visit-ulcinj.com\/blog\/2009\/04\/30\/qetsori-familja-me-ndihmoi\/#breadcrumb\"},\"inLanguage\":\"en-US\",\"potentialAction\":[{\"@type\":\"ReadAction\",\"target\":[\"https:\/\/www.visit-ulcinj.com\/blog\/2009\/04\/30\/qetsori-familja-me-ndihmoi\/\"]}]},{\"@type\":\"BreadcrumbList\",\"@id\":\"https:\/\/www.visit-ulcinj.com\/blog\/2009\/04\/30\/qetsori-familja-me-ndihmoi\/#breadcrumb\",\"itemListElement\":[{\"@type\":\"ListItem\",\"position\":1,\"name\":\"Qetsori : Familja m\u00eb ndihmoi\"}]},{\"@type\":\"Person\",\"@id\":\"https:\/\/www.visit-ulcinj.com\/blog\/#\/schema\/person\/dcab619c614d3038751c63bc2aadc06d\",\"name\":\"ulqini\",\"sameAs\":[\"http:\/\/www.visit-ulcinj.com\"],\"url\":\"https:\/\/www.visit-ulcinj.com\/blog\/author\/admin\/\"}]}<\/script>\n<!-- \/ Yoast SEO plugin. -->","yoast_head_json":{"title":"Qetsori : Familja m\u00c3\u00ab ndihmoi | Big Brother Albania 2","description":"Big Brother Albania 2 - Adi, duke u nisur nga nj\u00c3\u00ab bised\u00c3\u00ab shum\u00c3\u00ab e shkurt\u00c3\u00abr ku Sori tregon dicka nga jeta e tij, e pyet m\u00c3\u00ab shum\u00c3\u00ab mbi k\u00c3\u00abt\u00c3\u00ab tem\u00c3\u00ab.","robots":{"index":"index","follow":"follow","max-snippet":"max-snippet:-1","max-image-preview":"max-image-preview:large","max-video-preview":"max-video-preview:-1"},"canonical":"https:\/\/www.visit-ulcinj.com\/blog\/2009\/04\/30\/qetsori-familja-me-ndihmoi\/","og_locale":"en_US","og_type":"article","og_title":"Qetsori : Familja m\u00c3\u00ab ndihmoi | Big Brother Albania 2","og_description":"Big Brother Albania 2 - Adi, duke u nisur nga nj\u00c3\u00ab bised\u00c3\u00ab shum\u00c3\u00ab e shkurt\u00c3\u00abr ku Sori tregon dicka nga jeta e tij, e pyet m\u00c3\u00ab shum\u00c3\u00ab mbi k\u00c3\u00abt\u00c3\u00ab tem\u00c3\u00ab.","og_url":"https:\/\/www.visit-ulcinj.com\/blog\/2009\/04\/30\/qetsori-familja-me-ndihmoi\/","og_site_name":"Lajme nga Ulqini","article_published_time":"2009-04-30T11:00:52+00:00","article_modified_time":"2009-04-30T14:41:01+00:00","og_image":[{"url":"http:\/\/www.visit-ulcinj.com\/blog\/wp-content\/uploads\/2009\/04\/sori-per-veten-29.jpg"}],"twitter_misc":{"Written by":"ulqini","Est. reading time":"1 minute"},"schema":{"@context":"https:\/\/schema.org","@graph":[{"@type":"WebSite","@id":"https:\/\/www.visit-ulcinj.com\/blog\/#website","url":"https:\/\/www.visit-ulcinj.com\/blog\/","name":"Lajme nga Ulqini","description":"Lajme,Vijesti,Ulqini,Ulqin,Crna Gora,Mali i Zi","potentialAction":[{"@type":"SearchAction","target":{"@type":"EntryPoint","urlTemplate":"https:\/\/www.visit-ulcinj.com\/blog\/?s={search_term_string}"},"query-input":"required name=search_term_string"}],"inLanguage":"en-US"},{"@type":"ImageObject","inLanguage":"en-US","@id":"https:\/\/www.visit-ulcinj.com\/blog\/2009\/04\/30\/qetsori-familja-me-ndihmoi\/#primaryimage","url":"http:\/\/www.visit-ulcinj.com\/blog\/wp-content\/uploads\/2009\/04\/sori-per-veten-29.jpg","contentUrl":"http:\/\/www.visit-ulcinj.com\/blog\/wp-content\/uploads\/2009\/04\/sori-per-veten-29.jpg"},{"@type":"WebPage","@id":"https:\/\/www.visit-ulcinj.com\/blog\/2009\/04\/30\/qetsori-familja-me-ndihmoi\/#webpage","url":"https:\/\/www.visit-ulcinj.com\/blog\/2009\/04\/30\/qetsori-familja-me-ndihmoi\/","name":"Qetsori : Familja m\u00c3\u00ab ndihmoi | Big Brother Albania 2","isPartOf":{"@id":"https:\/\/www.visit-ulcinj.com\/blog\/#website"},"primaryImageOfPage":{"@id":"https:\/\/www.visit-ulcinj.com\/blog\/2009\/04\/30\/qetsori-familja-me-ndihmoi\/#primaryimage"},"datePublished":"2009-04-30T11:00:52+00:00","dateModified":"2009-04-30T14:41:01+00:00","author":{"@id":"https:\/\/www.visit-ulcinj.com\/blog\/#\/schema\/person\/dcab619c614d3038751c63bc2aadc06d"},"description":"Big Brother Albania 2 - Adi, duke u nisur nga nj\u00c3\u00ab bised\u00c3\u00ab shum\u00c3\u00ab e shkurt\u00c3\u00abr ku Sori tregon dicka nga jeta e tij, e pyet m\u00c3\u00ab shum\u00c3\u00ab mbi k\u00c3\u00abt\u00c3\u00ab tem\u00c3\u00ab.","breadcrumb":{"@id":"https:\/\/www.visit-ulcinj.com\/blog\/2009\/04\/30\/qetsori-familja-me-ndihmoi\/#breadcrumb"},"inLanguage":"en-US","potentialAction":[{"@type":"ReadAction","target":["https:\/\/www.visit-ulcinj.com\/blog\/2009\/04\/30\/qetsori-familja-me-ndihmoi\/"]}]},{"@type":"BreadcrumbList","@id":"https:\/\/www.visit-ulcinj.com\/blog\/2009\/04\/30\/qetsori-familja-me-ndihmoi\/#breadcrumb","itemListElement":[{"@type":"ListItem","position":1,"name":"Qetsori : Familja m\u00eb ndihmoi"}]},{"@type":"Person","@id":"https:\/\/www.visit-ulcinj.com\/blog\/#\/schema\/person\/dcab619c614d3038751c63bc2aadc06d","name":"ulqini","sameAs":["http:\/\/www.visit-ulcinj.com"],"url":"https:\/\/www.visit-ulcinj.com\/blog\/author\/admin\/"}]}},"jetpack_featured_media_url":"","jetpack_sharing_enabled":true,"jetpack_shortlink":"https:\/\/wp.me\/pe6lTn-57K","_links":{"self":[{"href":"https:\/\/www.visit-ulcinj.com\/blog\/wp-json\/wp\/v2\/posts\/19700"}],"collection":[{"href":"https:\/\/www.visit-ulcinj.com\/blog\/wp-json\/wp\/v2\/posts"}],"about":[{"href":"https:\/\/www.visit-ulcinj.com\/blog\/wp-json\/wp\/v2\/types\/post"}],"author":[{"embeddable":true,"href":"https:\/\/www.visit-ulcinj.com\/blog\/wp-json\/wp\/v2\/users\/1"}],"replies":[{"embeddable":true,"href":"https:\/\/www.visit-ulcinj.com\/blog\/wp-json\/wp\/v2\/comments?post=19700"}],"version-history":[{"count":0,"href":"https:\/\/www.visit-ulcinj.com\/blog\/wp-json\/wp\/v2\/posts\/19700\/revisions"}],"wp:attachment":[{"href":"https:\/\/www.visit-ulcinj.com\/blog\/wp-json\/wp\/v2\/media?parent=19700"}],"wp:term":[{"taxonomy":"category","embeddable":true,"href":"https:\/\/www.visit-ulcinj.com\/blog\/wp-json\/wp\/v2\/categories?post=19700"},{"taxonomy":"post_tag","embeddable":true,"href":"https:\/\/www.visit-ulcinj.com\/blog\/wp-json\/wp\/v2\/tags?post=19700"}],"curies":[{"name":"wp","href":"https:\/\/api.w.org\/{rel}","templated":true}]}}