{"id":19703,"date":"2009-04-30T13:00:05","date_gmt":"2009-04-30T11:00:05","guid":{"rendered":"http:\/\/www.visit-ulcinj.com\/blog\/?p=19703"},"modified":"2009-04-29T23:18:06","modified_gmt":"2009-04-29T21:18:06","slug":"do-kapemi-se-jemi-afer-finales","status":"publish","type":"post","link":"https:\/\/www.visit-ulcinj.com\/blog\/2009\/04\/30\/do-kapemi-se-jemi-afer-finales\/","title":{"rendered":"Do kapemi se jemi af\u00ebr finales"},"content":{"rendered":"<p><em><span class=\"newsdate\"><a href=\"http:\/\/www.visit-ulcinj.com\/blog\/wp-content\/uploads\/2009\/04\/debate-ne-tavolin29.jpg\"><img loading=\"lazy\" class=\"alignleft size-full wp-image-19704\" title=\"debate-ne-tavolin29-big-brother-albania-2\" src=\"http:\/\/www.visit-ulcinj.com\/blog\/wp-content\/uploads\/2009\/04\/debate-ne-tavolin29.jpg\" alt=\"debate-ne-tavolin29-big-brother-albania-2\" width=\"300\" height=\"205\" \/><\/a>29\/04\/09 20:45<\/span><\/em><\/p>\n<p>Gjat\u00eb koh\u00ebs q\u00eb banor\u00ebt ishin duke ngr\u00ebn\u00eb, Junida kapet me Mimoz\u00ebn, duke i v\u00ebn\u00eb n\u00eb dukje sjelljen e saj n\u00eb kuzhin\u00eb duke b\u00ebr\u00eb sallat\u00ebn. Mimoza i thot\u00eb q\u00eb nuk kishte pse t\u00eb kapet me t\u00eb tilla gj\u00ebra, pasi ato jetojn\u00eb bashk\u00eb. Anjeza shikon Bjordin dhe Adelajd\u00ebn duke u puthur dhe merr shkas nga kjo p\u00ebr t\u00eb diskutuar sjelljen n\u00eb tavolin\u00eb. Ajo mendon q\u00eb \u00ebsht\u00eb munges\u00eb respekti t\u00eb puthesh n\u00eb momentin q\u00eb personat e tjer\u00eb jan\u00eb duke ngr\u00ebn\u00eb. Adelajda i k\u00ebrkon falje , por Anjeza vazhdon te replikoj\u00eb me Bjordin. Adelajda e d\u00ebgjon dhe i kthehet:-\u201cPse vazhdon me k\u00ebt\u00eb bised\u00eb, kur un\u00eb t\u00eb k\u00ebrkova ndjes\u00eb!\u201d Anjeza i kthehet duke th\u00ebn\u00eb q\u00eb n\u00ebse nuk i p\u00eblqen, \u00ebsht\u00eb e lir\u00eb t\u00eb mos ta d\u00ebgjoj. Adelajda i diskuton debatet me Qetsorin dhe Mimoz\u00ebn. Ajo i thot\u00eb:-\u201cJemi af\u00ebr finales, prandaj \u00ebsht\u00eb e pranueshme p\u00ebr t`u kapur!\u201d Mimoza shprehet q\u00eb i p\u00eblqen fakti q\u00eb Junida kapet n\u00eb debat me t\u00eb. Adeladja i thot\u00eb q\u00eb debatet nuk jan\u00eb personale.<\/p>\n","protected":false},"excerpt":{"rendered":"<p>29\/04\/09 20:45 Gjat\u00eb koh\u00ebs q\u00eb banor\u00ebt ishin duke ngr\u00ebn\u00eb, Junida kapet me Mimoz\u00ebn, duke i v\u00ebn\u00eb n\u00eb dukje sjelljen e saj n\u00eb kuzhin\u00eb duke b\u00ebr\u00eb sallat\u00ebn. Mimoza i thot\u00eb q\u00eb nuk kishte pse t\u00eb kapet me t\u00eb tilla gj\u00ebra, pasi ato jetojn\u00eb bashk\u00eb. Anjeza shikon Bjordin dhe Adelajd\u00ebn duke u puthur dhe merr shkas nga [&hellip;]<\/p>\n","protected":false},"author":1,"featured_media":0,"comment_status":"open","ping_status":"closed","sticky":false,"template":"","format":"standard","meta":{"spay_email":"","jetpack_publicize_message":"","jetpack_is_tweetstorm":false,"jetpack_publicize_feature_enabled":true},"categories":[6502],"tags":[6529,8289,9738,9121,6522,9794,9790,1442,8938,6544,9795],"jetpack_publicize_connections":[],"yoast_head":"<!-- This site is optimized with the Yoast SEO plugin v19.1 - https:\/\/yoast.com\/wordpress\/plugins\/seo\/ -->\n<title>Do kapemi se jemi af\u00c3\u00abr finales | Big Brother Albania 2<\/title>\n<meta name=\"description\" content=\"Big Brother Albania 2 - Gjat\u00c3\u00ab koh\u00c3\u00abs q\u00c3\u00ab banor\u00c3\u00abt ishin duke ngr\u00c3\u00abn\u00c3\u00ab, Junida kapet me Mimoz\u00c3\u00abn, duke i v\u00c3\u00abn\u00c3\u00ab n\u00c3\u00ab dukje sjelljen e saj n\u00c3\u00ab kuzhin\u00c3\u00ab duke b\u00c3\u00abr\u00c3\u00ab sallat\u00c3\u00abn.\" \/>\n<meta name=\"robots\" content=\"index, follow, max-snippet:-1, max-image-preview:large, max-video-preview:-1\" \/>\n<link rel=\"canonical\" href=\"https:\/\/www.visit-ulcinj.com\/blog\/2009\/04\/30\/do-kapemi-se-jemi-afer-finales\/\" \/>\n<meta property=\"og:locale\" content=\"en_US\" \/>\n<meta property=\"og:type\" content=\"article\" \/>\n<meta property=\"og:title\" content=\"Do kapemi se jemi af\u00c3\u00abr finales | Big Brother Albania 2\" \/>\n<meta property=\"og:description\" content=\"Big Brother Albania 2 - Gjat\u00c3\u00ab koh\u00c3\u00abs q\u00c3\u00ab banor\u00c3\u00abt ishin duke ngr\u00c3\u00abn\u00c3\u00ab, Junida kapet me Mimoz\u00c3\u00abn, duke i v\u00c3\u00abn\u00c3\u00ab n\u00c3\u00ab dukje sjelljen e saj n\u00c3\u00ab kuzhin\u00c3\u00ab duke b\u00c3\u00abr\u00c3\u00ab sallat\u00c3\u00abn.\" \/>\n<meta property=\"og:url\" content=\"https:\/\/www.visit-ulcinj.com\/blog\/2009\/04\/30\/do-kapemi-se-jemi-afer-finales\/\" \/>\n<meta property=\"og:site_name\" content=\"Lajme nga Ulqini\" \/>\n<meta property=\"article:published_time\" content=\"2009-04-30T11:00:05+00:00\" \/>\n<meta property=\"article:modified_time\" content=\"2009-04-29T21:18:06+00:00\" \/>\n<meta property=\"og:image\" content=\"http:\/\/www.visit-ulcinj.com\/blog\/wp-content\/uploads\/2009\/04\/debate-ne-tavolin29.jpg\" \/>\n<meta name=\"twitter:label1\" content=\"Written by\" \/>\n\t<meta name=\"twitter:data1\" content=\"ulqini\" \/>\n\t<meta name=\"twitter:label2\" content=\"Est. reading time\" \/>\n\t<meta name=\"twitter:data2\" content=\"1 minute\" \/>\n<script type=\"application\/ld+json\" class=\"yoast-schema-graph\">{\"@context\":\"https:\/\/schema.org\",\"@graph\":[{\"@type\":\"WebSite\",\"@id\":\"https:\/\/www.visit-ulcinj.com\/blog\/#website\",\"url\":\"https:\/\/www.visit-ulcinj.com\/blog\/\",\"name\":\"Lajme nga Ulqini\",\"description\":\"Lajme,Vijesti,Ulqini,Ulqin,Crna Gora,Mali i Zi\",\"potentialAction\":[{\"@type\":\"SearchAction\",\"target\":{\"@type\":\"EntryPoint\",\"urlTemplate\":\"https:\/\/www.visit-ulcinj.com\/blog\/?s={search_term_string}\"},\"query-input\":\"required name=search_term_string\"}],\"inLanguage\":\"en-US\"},{\"@type\":\"ImageObject\",\"inLanguage\":\"en-US\",\"@id\":\"https:\/\/www.visit-ulcinj.com\/blog\/2009\/04\/30\/do-kapemi-se-jemi-afer-finales\/#primaryimage\",\"url\":\"http:\/\/www.visit-ulcinj.com\/blog\/wp-content\/uploads\/2009\/04\/debate-ne-tavolin29.jpg\",\"contentUrl\":\"http:\/\/www.visit-ulcinj.com\/blog\/wp-content\/uploads\/2009\/04\/debate-ne-tavolin29.jpg\"},{\"@type\":\"WebPage\",\"@id\":\"https:\/\/www.visit-ulcinj.com\/blog\/2009\/04\/30\/do-kapemi-se-jemi-afer-finales\/#webpage\",\"url\":\"https:\/\/www.visit-ulcinj.com\/blog\/2009\/04\/30\/do-kapemi-se-jemi-afer-finales\/\",\"name\":\"Do kapemi se jemi af\u00c3\u00abr finales | Big Brother Albania 2\",\"isPartOf\":{\"@id\":\"https:\/\/www.visit-ulcinj.com\/blog\/#website\"},\"primaryImageOfPage\":{\"@id\":\"https:\/\/www.visit-ulcinj.com\/blog\/2009\/04\/30\/do-kapemi-se-jemi-afer-finales\/#primaryimage\"},\"datePublished\":\"2009-04-30T11:00:05+00:00\",\"dateModified\":\"2009-04-29T21:18:06+00:00\",\"author\":{\"@id\":\"https:\/\/www.visit-ulcinj.com\/blog\/#\/schema\/person\/dcab619c614d3038751c63bc2aadc06d\"},\"description\":\"Big Brother Albania 2 - Gjat\u00c3\u00ab koh\u00c3\u00abs q\u00c3\u00ab banor\u00c3\u00abt ishin duke ngr\u00c3\u00abn\u00c3\u00ab, Junida kapet me Mimoz\u00c3\u00abn, duke i v\u00c3\u00abn\u00c3\u00ab n\u00c3\u00ab dukje sjelljen e saj n\u00c3\u00ab kuzhin\u00c3\u00ab duke b\u00c3\u00abr\u00c3\u00ab sallat\u00c3\u00abn.\",\"breadcrumb\":{\"@id\":\"https:\/\/www.visit-ulcinj.com\/blog\/2009\/04\/30\/do-kapemi-se-jemi-afer-finales\/#breadcrumb\"},\"inLanguage\":\"en-US\",\"potentialAction\":[{\"@type\":\"ReadAction\",\"target\":[\"https:\/\/www.visit-ulcinj.com\/blog\/2009\/04\/30\/do-kapemi-se-jemi-afer-finales\/\"]}]},{\"@type\":\"BreadcrumbList\",\"@id\":\"https:\/\/www.visit-ulcinj.com\/blog\/2009\/04\/30\/do-kapemi-se-jemi-afer-finales\/#breadcrumb\",\"itemListElement\":[{\"@type\":\"ListItem\",\"position\":1,\"name\":\"Do kapemi se jemi af\u00ebr finales\"}]},{\"@type\":\"Person\",\"@id\":\"https:\/\/www.visit-ulcinj.com\/blog\/#\/schema\/person\/dcab619c614d3038751c63bc2aadc06d\",\"name\":\"ulqini\",\"sameAs\":[\"http:\/\/www.visit-ulcinj.com\"],\"url\":\"https:\/\/www.visit-ulcinj.com\/blog\/author\/admin\/\"}]}<\/script>\n<!-- \/ Yoast SEO plugin. -->","yoast_head_json":{"title":"Do kapemi se jemi af\u00c3\u00abr finales | Big Brother Albania 2","description":"Big Brother Albania 2 - Gjat\u00c3\u00ab koh\u00c3\u00abs q\u00c3\u00ab banor\u00c3\u00abt ishin duke ngr\u00c3\u00abn\u00c3\u00ab, Junida kapet me Mimoz\u00c3\u00abn, duke i v\u00c3\u00abn\u00c3\u00ab n\u00c3\u00ab dukje sjelljen e saj n\u00c3\u00ab kuzhin\u00c3\u00ab duke b\u00c3\u00abr\u00c3\u00ab sallat\u00c3\u00abn.","robots":{"index":"index","follow":"follow","max-snippet":"max-snippet:-1","max-image-preview":"max-image-preview:large","max-video-preview":"max-video-preview:-1"},"canonical":"https:\/\/www.visit-ulcinj.com\/blog\/2009\/04\/30\/do-kapemi-se-jemi-afer-finales\/","og_locale":"en_US","og_type":"article","og_title":"Do kapemi se jemi af\u00c3\u00abr finales | Big Brother Albania 2","og_description":"Big Brother Albania 2 - Gjat\u00c3\u00ab koh\u00c3\u00abs q\u00c3\u00ab banor\u00c3\u00abt ishin duke ngr\u00c3\u00abn\u00c3\u00ab, Junida kapet me Mimoz\u00c3\u00abn, duke i v\u00c3\u00abn\u00c3\u00ab n\u00c3\u00ab dukje sjelljen e saj n\u00c3\u00ab kuzhin\u00c3\u00ab duke b\u00c3\u00abr\u00c3\u00ab sallat\u00c3\u00abn.","og_url":"https:\/\/www.visit-ulcinj.com\/blog\/2009\/04\/30\/do-kapemi-se-jemi-afer-finales\/","og_site_name":"Lajme nga Ulqini","article_published_time":"2009-04-30T11:00:05+00:00","article_modified_time":"2009-04-29T21:18:06+00:00","og_image":[{"url":"http:\/\/www.visit-ulcinj.com\/blog\/wp-content\/uploads\/2009\/04\/debate-ne-tavolin29.jpg"}],"twitter_misc":{"Written by":"ulqini","Est. reading time":"1 minute"},"schema":{"@context":"https:\/\/schema.org","@graph":[{"@type":"WebSite","@id":"https:\/\/www.visit-ulcinj.com\/blog\/#website","url":"https:\/\/www.visit-ulcinj.com\/blog\/","name":"Lajme nga Ulqini","description":"Lajme,Vijesti,Ulqini,Ulqin,Crna Gora,Mali i Zi","potentialAction":[{"@type":"SearchAction","target":{"@type":"EntryPoint","urlTemplate":"https:\/\/www.visit-ulcinj.com\/blog\/?s={search_term_string}"},"query-input":"required name=search_term_string"}],"inLanguage":"en-US"},{"@type":"ImageObject","inLanguage":"en-US","@id":"https:\/\/www.visit-ulcinj.com\/blog\/2009\/04\/30\/do-kapemi-se-jemi-afer-finales\/#primaryimage","url":"http:\/\/www.visit-ulcinj.com\/blog\/wp-content\/uploads\/2009\/04\/debate-ne-tavolin29.jpg","contentUrl":"http:\/\/www.visit-ulcinj.com\/blog\/wp-content\/uploads\/2009\/04\/debate-ne-tavolin29.jpg"},{"@type":"WebPage","@id":"https:\/\/www.visit-ulcinj.com\/blog\/2009\/04\/30\/do-kapemi-se-jemi-afer-finales\/#webpage","url":"https:\/\/www.visit-ulcinj.com\/blog\/2009\/04\/30\/do-kapemi-se-jemi-afer-finales\/","name":"Do kapemi se jemi af\u00c3\u00abr finales | Big Brother Albania 2","isPartOf":{"@id":"https:\/\/www.visit-ulcinj.com\/blog\/#website"},"primaryImageOfPage":{"@id":"https:\/\/www.visit-ulcinj.com\/blog\/2009\/04\/30\/do-kapemi-se-jemi-afer-finales\/#primaryimage"},"datePublished":"2009-04-30T11:00:05+00:00","dateModified":"2009-04-29T21:18:06+00:00","author":{"@id":"https:\/\/www.visit-ulcinj.com\/blog\/#\/schema\/person\/dcab619c614d3038751c63bc2aadc06d"},"description":"Big Brother Albania 2 - Gjat\u00c3\u00ab koh\u00c3\u00abs q\u00c3\u00ab banor\u00c3\u00abt ishin duke ngr\u00c3\u00abn\u00c3\u00ab, Junida kapet me Mimoz\u00c3\u00abn, duke i v\u00c3\u00abn\u00c3\u00ab n\u00c3\u00ab dukje sjelljen e saj n\u00c3\u00ab kuzhin\u00c3\u00ab duke b\u00c3\u00abr\u00c3\u00ab sallat\u00c3\u00abn.","breadcrumb":{"@id":"https:\/\/www.visit-ulcinj.com\/blog\/2009\/04\/30\/do-kapemi-se-jemi-afer-finales\/#breadcrumb"},"inLanguage":"en-US","potentialAction":[{"@type":"ReadAction","target":["https:\/\/www.visit-ulcinj.com\/blog\/2009\/04\/30\/do-kapemi-se-jemi-afer-finales\/"]}]},{"@type":"BreadcrumbList","@id":"https:\/\/www.visit-ulcinj.com\/blog\/2009\/04\/30\/do-kapemi-se-jemi-afer-finales\/#breadcrumb","itemListElement":[{"@type":"ListItem","position":1,"name":"Do kapemi se jemi af\u00ebr finales"}]},{"@type":"Person","@id":"https:\/\/www.visit-ulcinj.com\/blog\/#\/schema\/person\/dcab619c614d3038751c63bc2aadc06d","name":"ulqini","sameAs":["http:\/\/www.visit-ulcinj.com"],"url":"https:\/\/www.visit-ulcinj.com\/blog\/author\/admin\/"}]}},"jetpack_featured_media_url":"","jetpack_sharing_enabled":true,"jetpack_shortlink":"https:\/\/wp.me\/pe6lTn-57N","_links":{"self":[{"href":"https:\/\/www.visit-ulcinj.com\/blog\/wp-json\/wp\/v2\/posts\/19703"}],"collection":[{"href":"https:\/\/www.visit-ulcinj.com\/blog\/wp-json\/wp\/v2\/posts"}],"about":[{"href":"https:\/\/www.visit-ulcinj.com\/blog\/wp-json\/wp\/v2\/types\/post"}],"author":[{"embeddable":true,"href":"https:\/\/www.visit-ulcinj.com\/blog\/wp-json\/wp\/v2\/users\/1"}],"replies":[{"embeddable":true,"href":"https:\/\/www.visit-ulcinj.com\/blog\/wp-json\/wp\/v2\/comments?post=19703"}],"version-history":[{"count":0,"href":"https:\/\/www.visit-ulcinj.com\/blog\/wp-json\/wp\/v2\/posts\/19703\/revisions"}],"wp:attachment":[{"href":"https:\/\/www.visit-ulcinj.com\/blog\/wp-json\/wp\/v2\/media?parent=19703"}],"wp:term":[{"taxonomy":"category","embeddable":true,"href":"https:\/\/www.visit-ulcinj.com\/blog\/wp-json\/wp\/v2\/categories?post=19703"},{"taxonomy":"post_tag","embeddable":true,"href":"https:\/\/www.visit-ulcinj.com\/blog\/wp-json\/wp\/v2\/tags?post=19703"}],"curies":[{"name":"wp","href":"https:\/\/api.w.org\/{rel}","templated":true}]}}