{"id":19717,"date":"2009-04-30T16:49:49","date_gmt":"2009-04-30T14:49:49","guid":{"rendered":"http:\/\/www.visit-ulcinj.com\/blog\/?p=19717"},"modified":"2009-04-30T16:49:49","modified_gmt":"2009-04-30T14:49:49","slug":"camaj-ja-sinistaja-hljebom-on-mene-kamenjem","status":"publish","type":"post","link":"https:\/\/www.visit-ulcinj.com\/blog\/2009\/04\/30\/camaj-ja-sinistaja-hljebom-on-mene-kamenjem\/","title":{"rendered":"Camaj: Ja Sini\u0161taja hljebom, on mene kamenjem"},"content":{"rendered":"<p><a href=\"http:\/\/www.visit-ulcinj.com\/blog\/wp-content\/uploads\/2009\/04\/nikolle-camaj1.jpg\"><img loading=\"lazy\" class=\"alignleft size-full wp-image-19718\" title=\"nikolle-camaj1\" src=\"http:\/\/www.visit-ulcinj.com\/blog\/wp-content\/uploads\/2009\/04\/nikolle-camaj1.jpg\" alt=\"nikolle-camaj1\" width=\"570\" height=\"320\" \/><\/a>Predsjednik Skup\u0161tine GO Tuzi i funkcioner Demokratskog saveza (DS) Nikola Camaj odgovorio je ju?e odborniku i biv\u0161em ?lanu Albanske alternative (AA) Vaselju Sini\u0161taju optu\u017euju?i ga da nastavlja predizbornu kampanju protiv DS-a i spo?itava mu stvari koje nije rekao.<br \/>\n&#8211; Moja izjava od prije par dana, nije ostavila prostora za Sini\u0161tajevo obru\u0161avanje na mene, ali navikao je on &#8211; ja njega hljebom, on mene kamenjem. Nema ?ovjek pametnija posla, pa nastavlja da kudi i druge optu\u017euje za sve \u0161to mu ne ide od ruke. Zato se bavi i procjenama u vezi DS-a i mojim kreativnim mogu?nostima, koje ipak, da ne budem skroman, znaveni primje?uju. Jo\u0161 manje ima razloga da se bavi mojom podr\u0161kom u Malesiji, jer u ovom raskolu u AA, kojem je, kako se vidi, umnogome, radi li?nog interesa, on kumovao, na \u017ealost, ni on nema ?ime da se hvali &#8211; naveo je Camaj.<br \/>\nOn je dodao da mu, ukoliko zbog raskola u AA trpe gra?ani Malesije, kao ozbiljnom politi?aru, funkcija nala\u017ee da bude zabrinut zbog toga.<br \/>\n&#8211; Ko su sada\u0161nji, a ko biv\u0161i ?lanovi AA, zna ?itava javnost, ne samo u Malesiji, nego i \u0161ire, bez neke analize. Posebno znaju oni kojima ste tra\u017eili glasove na proteklim parlamentarnim izborima, ne bi li vam produ\u017eili poslani?ki mandat u Skup\u0161tini CG. Ali, kao \u0161to biva ?esto u \u017eivotu, planovi su jedno, a \u017eelje i mogu?nosti ne\u0161to drugo, pa stoga u situaciji takve frustriranosti ciljate i ?eprkate po tu?im dvori\u0161tima, vjerovatno da bi skrenuli pa\u017enju va\u0161im glasa?ima na neke druge teme. Jedino \u0161to DS-u mo\u017eete zamjeriti jeste ?injenica da ste glasovima tog istog DS-a, svakako i mojim li?nim zalaganjem, 2006. godine postali poslanik u Skup\u0161tini CG \u2013 naveo je Camaj.<br \/>\nPredsjednik Skup\u0161tine GO Tuzi poru?io je Sini\u0161taju da nije kao on da zbog nezadovoljstva nekom odlukom organa stranke, zarad fotelje, napusti partiju i napravi joj ?itavu zbrku.<br \/>\n&#8211; Bilo bi korektno da malo pomislite da Malesija ne bude taoc va\u0161e zaljubljenosti u funkciju i mandat, i \u017eelje za \u201enacionalnom penzijom&#8221;, koju ?esto pominjete &#8211; poru?io je Camaj.<br \/>\nKada ?e se raspisati izbori zavisi prvenstveno od sposobnosti da se odr\u017ee na okupu jedanaest odbornika na okupu, ka\u017ee Camaj, pitaju?i se da li Sini\u0161taj svojom politikom i izmi\u0161ljotinama daje doprinos tome.<br \/>\n&#8211; Kako i sami tvrdite, primam platu u okviru nadle\u017enosti propisanih zakonom i podzakonskim aktima, i na osnovu dogovora sa partnerima, kojeg i dalje poku\u0161avam ispo\u0161tovati, ali se glasa?i mo\u017eda sada mogu pitati, kome dado\u0161e glas i u okviru ?ega pojedini primaju platu &#8211; rekao je Camaj.<br \/>\nOn je poru?io Sini\u0161taju da je parolu \u201eNe br\u017ee od \u017eivota, izmislio neko drugi &#8220;u cilju spa\u0161avanja mladih \u017eivota na na\u0161im drumovima&#8221;, te da &#8220;nije korektno poslu\u017eiti se takvim upozorenjima&#8221;.<br \/>\n<strong><br \/>\nS.P.<br \/>\n<a href=\"http:\/\/www.dan.cg.yu\/index.php?nivo=3&amp;rubrika=Podgoricom&amp;datum=2009-04-28&amp;clanak=185203\" target=\"_blank\">DAN <\/a><\/strong><\/p>\n","protected":false},"excerpt":{"rendered":"<p>Predsjednik Skup\u0161tine GO Tuzi i funkcioner Demokratskog saveza (DS) Nikola Camaj odgovorio je ju?e odborniku i biv\u0161em ?lanu Albanske alternative (AA) Vaselju Sini\u0161taju optu\u017euju?i ga da nastavlja predizbornu kampanju protiv DS-a i spo?itava mu stvari koje nije rekao. &#8211; Moja izjava od prije par dana, nije ostavila prostora za Sini\u0161tajevo obru\u0161avanje na mene, ali navikao [&hellip;]<\/p>\n","protected":false},"author":1,"featured_media":0,"comment_status":"open","ping_status":"closed","sticky":false,"template":"","format":"standard","meta":{"spay_email":"","jetpack_publicize_message":"","jetpack_is_tweetstorm":false,"jetpack_publicize_feature_enabled":true},"categories":[8337],"tags":[9797,9798,9799,1605,9800,9796,2591],"jetpack_publicize_connections":[],"yoast_head":"<!-- This site is optimized with the Yoast SEO plugin v19.1 - https:\/\/yoast.com\/wordpress\/plugins\/seo\/ -->\n<title>Camaj: Ja Sini\u0161taja hljebom, on mene kamenjem - Lajme nga Ulqini<\/title>\n<meta name=\"description\" content=\"Predsjednik Skup\u0161tine GO Tuzi i funkcioner Demokratskog saveza (DS) Nikola Camaj odgovorio je ju?e odborniku i biv\u0161em ?lanu Albanske alternative (AA)\" \/>\n<meta name=\"robots\" content=\"index, follow, max-snippet:-1, max-image-preview:large, max-video-preview:-1\" \/>\n<link rel=\"canonical\" href=\"https:\/\/www.visit-ulcinj.com\/blog\/2009\/04\/30\/camaj-ja-sinistaja-hljebom-on-mene-kamenjem\/\" \/>\n<meta property=\"og:locale\" content=\"en_US\" \/>\n<meta property=\"og:type\" content=\"article\" \/>\n<meta property=\"og:title\" content=\"Camaj: Ja Sini\u0161taja hljebom, on mene kamenjem - Lajme nga Ulqini\" \/>\n<meta property=\"og:description\" content=\"Predsjednik Skup\u0161tine GO Tuzi i funkcioner Demokratskog saveza (DS) Nikola Camaj odgovorio je ju?e odborniku i biv\u0161em ?lanu Albanske alternative (AA)\" \/>\n<meta property=\"og:url\" content=\"https:\/\/www.visit-ulcinj.com\/blog\/2009\/04\/30\/camaj-ja-sinistaja-hljebom-on-mene-kamenjem\/\" \/>\n<meta property=\"og:site_name\" content=\"Lajme nga Ulqini\" \/>\n<meta property=\"article:published_time\" content=\"2009-04-30T14:49:49+00:00\" \/>\n<meta property=\"og:image\" content=\"http:\/\/www.visit-ulcinj.com\/blog\/wp-content\/uploads\/2009\/04\/nikolle-camaj1.jpg\" \/>\n<meta name=\"twitter:label1\" content=\"Written by\" \/>\n\t<meta name=\"twitter:data1\" content=\"ulqini\" \/>\n\t<meta name=\"twitter:label2\" content=\"Est. reading time\" \/>\n\t<meta name=\"twitter:data2\" content=\"3 minutes\" \/>\n<script type=\"application\/ld+json\" class=\"yoast-schema-graph\">{\"@context\":\"https:\/\/schema.org\",\"@graph\":[{\"@type\":\"WebSite\",\"@id\":\"https:\/\/www.visit-ulcinj.com\/blog\/#website\",\"url\":\"https:\/\/www.visit-ulcinj.com\/blog\/\",\"name\":\"Lajme nga Ulqini\",\"description\":\"Lajme,Vijesti,Ulqini,Ulqin,Crna Gora,Mali i Zi\",\"potentialAction\":[{\"@type\":\"SearchAction\",\"target\":{\"@type\":\"EntryPoint\",\"urlTemplate\":\"https:\/\/www.visit-ulcinj.com\/blog\/?s={search_term_string}\"},\"query-input\":\"required name=search_term_string\"}],\"inLanguage\":\"en-US\"},{\"@type\":\"ImageObject\",\"inLanguage\":\"en-US\",\"@id\":\"https:\/\/www.visit-ulcinj.com\/blog\/2009\/04\/30\/camaj-ja-sinistaja-hljebom-on-mene-kamenjem\/#primaryimage\",\"url\":\"https:\/\/www.visit-ulcinj.com\/blog\/wp-content\/uploads\/2009\/04\/nikolle-camaj1.jpg\",\"contentUrl\":\"https:\/\/www.visit-ulcinj.com\/blog\/wp-content\/uploads\/2009\/04\/nikolle-camaj1.jpg\",\"width\":\"318\",\"height\":\"238\"},{\"@type\":\"WebPage\",\"@id\":\"https:\/\/www.visit-ulcinj.com\/blog\/2009\/04\/30\/camaj-ja-sinistaja-hljebom-on-mene-kamenjem\/#webpage\",\"url\":\"https:\/\/www.visit-ulcinj.com\/blog\/2009\/04\/30\/camaj-ja-sinistaja-hljebom-on-mene-kamenjem\/\",\"name\":\"Camaj: Ja Sini\u0161taja hljebom, on mene kamenjem - Lajme nga Ulqini\",\"isPartOf\":{\"@id\":\"https:\/\/www.visit-ulcinj.com\/blog\/#website\"},\"primaryImageOfPage\":{\"@id\":\"https:\/\/www.visit-ulcinj.com\/blog\/2009\/04\/30\/camaj-ja-sinistaja-hljebom-on-mene-kamenjem\/#primaryimage\"},\"datePublished\":\"2009-04-30T14:49:49+00:00\",\"dateModified\":\"2009-04-30T14:49:49+00:00\",\"author\":{\"@id\":\"https:\/\/www.visit-ulcinj.com\/blog\/#\/schema\/person\/dcab619c614d3038751c63bc2aadc06d\"},\"description\":\"Predsjednik Skup\u0161tine GO Tuzi i funkcioner Demokratskog saveza (DS) Nikola Camaj odgovorio je ju?e odborniku i biv\u0161em ?lanu Albanske alternative (AA)\",\"breadcrumb\":{\"@id\":\"https:\/\/www.visit-ulcinj.com\/blog\/2009\/04\/30\/camaj-ja-sinistaja-hljebom-on-mene-kamenjem\/#breadcrumb\"},\"inLanguage\":\"en-US\",\"potentialAction\":[{\"@type\":\"ReadAction\",\"target\":[\"https:\/\/www.visit-ulcinj.com\/blog\/2009\/04\/30\/camaj-ja-sinistaja-hljebom-on-mene-kamenjem\/\"]}]},{\"@type\":\"BreadcrumbList\",\"@id\":\"https:\/\/www.visit-ulcinj.com\/blog\/2009\/04\/30\/camaj-ja-sinistaja-hljebom-on-mene-kamenjem\/#breadcrumb\",\"itemListElement\":[{\"@type\":\"ListItem\",\"position\":1,\"name\":\"Camaj: Ja Sini\u0161taja hljebom, on mene kamenjem\"}]},{\"@type\":\"Person\",\"@id\":\"https:\/\/www.visit-ulcinj.com\/blog\/#\/schema\/person\/dcab619c614d3038751c63bc2aadc06d\",\"name\":\"ulqini\",\"sameAs\":[\"http:\/\/www.visit-ulcinj.com\"],\"url\":\"https:\/\/www.visit-ulcinj.com\/blog\/author\/admin\/\"}]}<\/script>\n<!-- \/ Yoast SEO plugin. -->","yoast_head_json":{"title":"Camaj: Ja Sini\u0161taja hljebom, on mene kamenjem - Lajme nga Ulqini","description":"Predsjednik Skup\u0161tine GO Tuzi i funkcioner Demokratskog saveza (DS) Nikola Camaj odgovorio je ju?e odborniku i biv\u0161em ?lanu Albanske alternative (AA)","robots":{"index":"index","follow":"follow","max-snippet":"max-snippet:-1","max-image-preview":"max-image-preview:large","max-video-preview":"max-video-preview:-1"},"canonical":"https:\/\/www.visit-ulcinj.com\/blog\/2009\/04\/30\/camaj-ja-sinistaja-hljebom-on-mene-kamenjem\/","og_locale":"en_US","og_type":"article","og_title":"Camaj: Ja Sini\u0161taja hljebom, on mene kamenjem - Lajme nga Ulqini","og_description":"Predsjednik Skup\u0161tine GO Tuzi i funkcioner Demokratskog saveza (DS) Nikola Camaj odgovorio je ju?e odborniku i biv\u0161em ?lanu Albanske alternative (AA)","og_url":"https:\/\/www.visit-ulcinj.com\/blog\/2009\/04\/30\/camaj-ja-sinistaja-hljebom-on-mene-kamenjem\/","og_site_name":"Lajme nga Ulqini","article_published_time":"2009-04-30T14:49:49+00:00","og_image":[{"url":"http:\/\/www.visit-ulcinj.com\/blog\/wp-content\/uploads\/2009\/04\/nikolle-camaj1.jpg"}],"twitter_misc":{"Written by":"ulqini","Est. reading time":"3 minutes"},"schema":{"@context":"https:\/\/schema.org","@graph":[{"@type":"WebSite","@id":"https:\/\/www.visit-ulcinj.com\/blog\/#website","url":"https:\/\/www.visit-ulcinj.com\/blog\/","name":"Lajme nga Ulqini","description":"Lajme,Vijesti,Ulqini,Ulqin,Crna Gora,Mali i Zi","potentialAction":[{"@type":"SearchAction","target":{"@type":"EntryPoint","urlTemplate":"https:\/\/www.visit-ulcinj.com\/blog\/?s={search_term_string}"},"query-input":"required name=search_term_string"}],"inLanguage":"en-US"},{"@type":"ImageObject","inLanguage":"en-US","@id":"https:\/\/www.visit-ulcinj.com\/blog\/2009\/04\/30\/camaj-ja-sinistaja-hljebom-on-mene-kamenjem\/#primaryimage","url":"https:\/\/www.visit-ulcinj.com\/blog\/wp-content\/uploads\/2009\/04\/nikolle-camaj1.jpg","contentUrl":"https:\/\/www.visit-ulcinj.com\/blog\/wp-content\/uploads\/2009\/04\/nikolle-camaj1.jpg","width":"318","height":"238"},{"@type":"WebPage","@id":"https:\/\/www.visit-ulcinj.com\/blog\/2009\/04\/30\/camaj-ja-sinistaja-hljebom-on-mene-kamenjem\/#webpage","url":"https:\/\/www.visit-ulcinj.com\/blog\/2009\/04\/30\/camaj-ja-sinistaja-hljebom-on-mene-kamenjem\/","name":"Camaj: Ja Sini\u0161taja hljebom, on mene kamenjem - Lajme nga Ulqini","isPartOf":{"@id":"https:\/\/www.visit-ulcinj.com\/blog\/#website"},"primaryImageOfPage":{"@id":"https:\/\/www.visit-ulcinj.com\/blog\/2009\/04\/30\/camaj-ja-sinistaja-hljebom-on-mene-kamenjem\/#primaryimage"},"datePublished":"2009-04-30T14:49:49+00:00","dateModified":"2009-04-30T14:49:49+00:00","author":{"@id":"https:\/\/www.visit-ulcinj.com\/blog\/#\/schema\/person\/dcab619c614d3038751c63bc2aadc06d"},"description":"Predsjednik Skup\u0161tine GO Tuzi i funkcioner Demokratskog saveza (DS) Nikola Camaj odgovorio je ju?e odborniku i biv\u0161em ?lanu Albanske alternative (AA)","breadcrumb":{"@id":"https:\/\/www.visit-ulcinj.com\/blog\/2009\/04\/30\/camaj-ja-sinistaja-hljebom-on-mene-kamenjem\/#breadcrumb"},"inLanguage":"en-US","potentialAction":[{"@type":"ReadAction","target":["https:\/\/www.visit-ulcinj.com\/blog\/2009\/04\/30\/camaj-ja-sinistaja-hljebom-on-mene-kamenjem\/"]}]},{"@type":"BreadcrumbList","@id":"https:\/\/www.visit-ulcinj.com\/blog\/2009\/04\/30\/camaj-ja-sinistaja-hljebom-on-mene-kamenjem\/#breadcrumb","itemListElement":[{"@type":"ListItem","position":1,"name":"Camaj: Ja Sini\u0161taja hljebom, on mene kamenjem"}]},{"@type":"Person","@id":"https:\/\/www.visit-ulcinj.com\/blog\/#\/schema\/person\/dcab619c614d3038751c63bc2aadc06d","name":"ulqini","sameAs":["http:\/\/www.visit-ulcinj.com"],"url":"https:\/\/www.visit-ulcinj.com\/blog\/author\/admin\/"}]}},"jetpack_featured_media_url":"","jetpack_sharing_enabled":true,"jetpack_shortlink":"https:\/\/wp.me\/pe6lTn-581","_links":{"self":[{"href":"https:\/\/www.visit-ulcinj.com\/blog\/wp-json\/wp\/v2\/posts\/19717"}],"collection":[{"href":"https:\/\/www.visit-ulcinj.com\/blog\/wp-json\/wp\/v2\/posts"}],"about":[{"href":"https:\/\/www.visit-ulcinj.com\/blog\/wp-json\/wp\/v2\/types\/post"}],"author":[{"embeddable":true,"href":"https:\/\/www.visit-ulcinj.com\/blog\/wp-json\/wp\/v2\/users\/1"}],"replies":[{"embeddable":true,"href":"https:\/\/www.visit-ulcinj.com\/blog\/wp-json\/wp\/v2\/comments?post=19717"}],"version-history":[{"count":0,"href":"https:\/\/www.visit-ulcinj.com\/blog\/wp-json\/wp\/v2\/posts\/19717\/revisions"}],"wp:attachment":[{"href":"https:\/\/www.visit-ulcinj.com\/blog\/wp-json\/wp\/v2\/media?parent=19717"}],"wp:term":[{"taxonomy":"category","embeddable":true,"href":"https:\/\/www.visit-ulcinj.com\/blog\/wp-json\/wp\/v2\/categories?post=19717"},{"taxonomy":"post_tag","embeddable":true,"href":"https:\/\/www.visit-ulcinj.com\/blog\/wp-json\/wp\/v2\/tags?post=19717"}],"curies":[{"name":"wp","href":"https:\/\/api.w.org\/{rel}","templated":true}]}}