{"id":19767,"date":"2009-05-01T15:15:44","date_gmt":"2009-05-01T13:15:44","guid":{"rendered":"http:\/\/www.visit-ulcinj.com\/blog\/?p=19767"},"modified":"2009-05-01T15:15:44","modified_gmt":"2009-05-01T13:15:44","slug":"skupstina-ulcinj-nize-takse-zbog-krize","status":"publish","type":"post","link":"https:\/\/www.visit-ulcinj.com\/blog\/2009\/05\/01\/skupstina-ulcinj-nize-takse-zbog-krize\/","title":{"rendered":"Skup\u0161tina Ulcinj: Ni\u017ee takse zbog krize"},"content":{"rendered":"<p><strong><a href=\"http:\/\/www.visit-ulcinj.com\/blog\/wp-content\/uploads\/2009\/05\/sekretar-za-finansije-i-budzet-ulcinja_fatmir-deka.jpg\"><img loading=\"lazy\" class=\"alignleft size-full wp-image-19768\" title=\"sekretar-za-finansije-i-budzet-ulcinja_fatmir-deka\" src=\"http:\/\/www.visit-ulcinj.com\/blog\/wp-content\/uploads\/2009\/05\/sekretar-za-finansije-i-budzet-ulcinja_fatmir-deka.jpg\" alt=\"sekretar-za-finansije-i-budzet-ulcinja_fatmir-deka\" width=\"372\" height=\"351\" srcset=\"https:\/\/www.visit-ulcinj.com\/blog\/wp-content\/uploads\/2009\/05\/sekretar-za-finansije-i-budzet-ulcinja_fatmir-deka.jpg 372w, https:\/\/www.visit-ulcinj.com\/blog\/wp-content\/uploads\/2009\/05\/sekretar-za-finansije-i-budzet-ulcinja_fatmir-deka-300x283.jpg 300w\" sizes=\"(max-width: 372px) 100vw, 372px\" \/><\/a>Zasjedala\u00a0 Ulcinjska\u00a0 skup\u0161tina<\/strong><br \/>\nUlcinj &#8211; Odbornici ulcinjske Skup\u0161tine po?eli su ju?e raspravu o lokalnim komunalnim taksama, koje su, predlogom odluke, i po nekoliko puta manje od va\u017ee?ih.<br \/>\nObrazla\u017eu?i predlog, sekretar za finansije i bud\u017eet Fatmir ?eka kazao je da je, zbog ekonomske krize, Op\u0161tina odlu?ila da iza?e u susret privrednicima i da ih znatno ni\u017eim komunalnim taksama relaksira u susret nastupaju?oj sezoni.<br \/>\nOn je rekao da je prihvatio sve predloge i sugestije skup\u0161tinskog Odbora za finansije.<br \/>\nOdbornik Force Nazif Cungu podsjetio je odbornike vladaju?e koalicije da je njegova partija sve vrijeme tokom protekle dvije godine ukazivala na enormno visoke komunalne takse \u201ekoje su i po nekoliko puta bile vi\u0161e nego u ostalim primorskim gradovima\u201c.<br \/>\n\u201cPostavlja se pitanje \u0161ta sada sa gra?anima koji su pla?ali i po 15 do 16 puta vi\u0161e takse nego, recimo, Barani. Ko ?e preuzeti odgovornost za to i mogu li oni bilo kojim na?inom da budu obe\u0161te?eni\u201d, pitao je Cungu.<br \/>\nOdbornik DS-a Tahiri Tahiri tra\u017eio je da se rasprava o odluci odlo\u017ei, jer, kako je kazao, nema uporedne parametre iz prethodne odluke.<br \/>\nLjui? \u0160krelja (DPS) rekao je da ga ?udi stav opozicije.<br \/>\n\u201cZna?i li to da bi trebalo da povu?emo odluku sa dnevnog reda i ostavimo gra?ane da u sezonu u?u sa starim i po nekoliko puta ve?im taksama. Mislim da bi, ipak, bilo bolje da je usvojimo\u201d, kazao je \u0160krelja.<br \/>\nOdbor za finansije nije prihvatio nijedan od ?etiri amandmana Force.<br \/>\n<strong>S.A.<br \/>\n<a href=\"http:\/\/www.vijesti.cg.yu\/index.php?id_pre=303305&amp;godina=2009\" target=\"_blank\">Vijesti<\/a><\/strong><\/p>\n","protected":false},"excerpt":{"rendered":"<p>Zasjedala\u00a0 Ulcinjska\u00a0 skup\u0161tina Ulcinj &#8211; Odbornici ulcinjske Skup\u0161tine po?eli su ju?e raspravu o lokalnim komunalnim taksama, koje su, predlogom odluke, i po nekoliko puta manje od va\u017ee?ih. Obrazla\u017eu?i predlog, sekretar za finansije i bud\u017eet Fatmir ?eka kazao je da je, zbog ekonomske krize, Op\u0161tina odlu?ila da iza?e u susret privrednicima i da ih znatno ni\u017eim [&hellip;]<\/p>\n","protected":false},"author":1,"featured_media":0,"comment_status":"open","ping_status":"closed","sticky":false,"template":"","format":"standard","meta":{"spay_email":"","jetpack_publicize_message":"","jetpack_is_tweetstorm":false,"jetpack_publicize_feature_enabled":true},"categories":[8337],"tags":[4608,941,118,9837,698],"jetpack_publicize_connections":[],"yoast_head":"<!-- This site is optimized with the Yoast SEO plugin v19.1 - https:\/\/yoast.com\/wordpress\/plugins\/seo\/ -->\n<title>Skup\u0161tina Ulcinj: Ni\u017ee takse zbog krize - Lajme nga Ulqini<\/title>\n<meta name=\"description\" content=\"Zasjedala\u00a0 Ulcinjska\u00a0 skup\u0161tina Ulcinj - Odbornici ulcinjske Skup\u0161tine po?eli su ju?e raspravu o lokalnim komunalnim taksama, koje su, predlogom odluke, i\" \/>\n<meta name=\"robots\" content=\"index, follow, max-snippet:-1, max-image-preview:large, max-video-preview:-1\" \/>\n<link rel=\"canonical\" href=\"https:\/\/www.visit-ulcinj.com\/blog\/2009\/05\/01\/skupstina-ulcinj-nize-takse-zbog-krize\/\" \/>\n<meta property=\"og:locale\" content=\"en_US\" \/>\n<meta property=\"og:type\" content=\"article\" \/>\n<meta property=\"og:title\" content=\"Skup\u0161tina Ulcinj: Ni\u017ee takse zbog krize - Lajme nga Ulqini\" \/>\n<meta property=\"og:description\" content=\"Zasjedala\u00a0 Ulcinjska\u00a0 skup\u0161tina Ulcinj - Odbornici ulcinjske Skup\u0161tine po?eli su ju?e raspravu o lokalnim komunalnim taksama, koje su, predlogom odluke, i\" \/>\n<meta property=\"og:url\" content=\"https:\/\/www.visit-ulcinj.com\/blog\/2009\/05\/01\/skupstina-ulcinj-nize-takse-zbog-krize\/\" \/>\n<meta property=\"og:site_name\" content=\"Lajme nga Ulqini\" \/>\n<meta property=\"article:published_time\" content=\"2009-05-01T13:15:44+00:00\" \/>\n<meta property=\"og:image\" content=\"http:\/\/www.visit-ulcinj.com\/blog\/wp-content\/uploads\/2009\/05\/sekretar-za-finansije-i-budzet-ulcinja_fatmir-deka.jpg\" \/>\n<meta name=\"twitter:label1\" content=\"Written by\" \/>\n\t<meta name=\"twitter:data1\" content=\"ulqini\" \/>\n\t<meta name=\"twitter:label2\" content=\"Est. reading time\" \/>\n\t<meta name=\"twitter:data2\" content=\"1 minute\" \/>\n<script type=\"application\/ld+json\" class=\"yoast-schema-graph\">{\"@context\":\"https:\/\/schema.org\",\"@graph\":[{\"@type\":\"WebSite\",\"@id\":\"https:\/\/www.visit-ulcinj.com\/blog\/#website\",\"url\":\"https:\/\/www.visit-ulcinj.com\/blog\/\",\"name\":\"Lajme nga Ulqini\",\"description\":\"Lajme,Vijesti,Ulqini,Ulqin,Crna Gora,Mali i Zi\",\"potentialAction\":[{\"@type\":\"SearchAction\",\"target\":{\"@type\":\"EntryPoint\",\"urlTemplate\":\"https:\/\/www.visit-ulcinj.com\/blog\/?s={search_term_string}\"},\"query-input\":\"required name=search_term_string\"}],\"inLanguage\":\"en-US\"},{\"@type\":\"ImageObject\",\"inLanguage\":\"en-US\",\"@id\":\"https:\/\/www.visit-ulcinj.com\/blog\/2009\/05\/01\/skupstina-ulcinj-nize-takse-zbog-krize\/#primaryimage\",\"url\":\"https:\/\/www.visit-ulcinj.com\/blog\/wp-content\/uploads\/2009\/05\/sekretar-za-finansije-i-budzet-ulcinja_fatmir-deka.jpg\",\"contentUrl\":\"https:\/\/www.visit-ulcinj.com\/blog\/wp-content\/uploads\/2009\/05\/sekretar-za-finansije-i-budzet-ulcinja_fatmir-deka.jpg\",\"width\":\"372\",\"height\":\"351\"},{\"@type\":\"WebPage\",\"@id\":\"https:\/\/www.visit-ulcinj.com\/blog\/2009\/05\/01\/skupstina-ulcinj-nize-takse-zbog-krize\/#webpage\",\"url\":\"https:\/\/www.visit-ulcinj.com\/blog\/2009\/05\/01\/skupstina-ulcinj-nize-takse-zbog-krize\/\",\"name\":\"Skup\u0161tina Ulcinj: Ni\u017ee takse zbog krize - Lajme nga Ulqini\",\"isPartOf\":{\"@id\":\"https:\/\/www.visit-ulcinj.com\/blog\/#website\"},\"primaryImageOfPage\":{\"@id\":\"https:\/\/www.visit-ulcinj.com\/blog\/2009\/05\/01\/skupstina-ulcinj-nize-takse-zbog-krize\/#primaryimage\"},\"datePublished\":\"2009-05-01T13:15:44+00:00\",\"dateModified\":\"2009-05-01T13:15:44+00:00\",\"author\":{\"@id\":\"https:\/\/www.visit-ulcinj.com\/blog\/#\/schema\/person\/dcab619c614d3038751c63bc2aadc06d\"},\"description\":\"Zasjedala\u00a0 Ulcinjska\u00a0 skup\u0161tina Ulcinj - Odbornici ulcinjske Skup\u0161tine po?eli su ju?e raspravu o lokalnim komunalnim taksama, koje su, predlogom odluke, i\",\"breadcrumb\":{\"@id\":\"https:\/\/www.visit-ulcinj.com\/blog\/2009\/05\/01\/skupstina-ulcinj-nize-takse-zbog-krize\/#breadcrumb\"},\"inLanguage\":\"en-US\",\"potentialAction\":[{\"@type\":\"ReadAction\",\"target\":[\"https:\/\/www.visit-ulcinj.com\/blog\/2009\/05\/01\/skupstina-ulcinj-nize-takse-zbog-krize\/\"]}]},{\"@type\":\"BreadcrumbList\",\"@id\":\"https:\/\/www.visit-ulcinj.com\/blog\/2009\/05\/01\/skupstina-ulcinj-nize-takse-zbog-krize\/#breadcrumb\",\"itemListElement\":[{\"@type\":\"ListItem\",\"position\":1,\"name\":\"Skup\u0161tina Ulcinj: Ni\u017ee takse zbog krize\"}]},{\"@type\":\"Person\",\"@id\":\"https:\/\/www.visit-ulcinj.com\/blog\/#\/schema\/person\/dcab619c614d3038751c63bc2aadc06d\",\"name\":\"ulqini\",\"sameAs\":[\"http:\/\/www.visit-ulcinj.com\"],\"url\":\"https:\/\/www.visit-ulcinj.com\/blog\/author\/admin\/\"}]}<\/script>\n<!-- \/ Yoast SEO plugin. -->","yoast_head_json":{"title":"Skup\u0161tina Ulcinj: Ni\u017ee takse zbog krize - Lajme nga Ulqini","description":"Zasjedala\u00a0 Ulcinjska\u00a0 skup\u0161tina Ulcinj - Odbornici ulcinjske Skup\u0161tine po?eli su ju?e raspravu o lokalnim komunalnim taksama, koje su, predlogom odluke, i","robots":{"index":"index","follow":"follow","max-snippet":"max-snippet:-1","max-image-preview":"max-image-preview:large","max-video-preview":"max-video-preview:-1"},"canonical":"https:\/\/www.visit-ulcinj.com\/blog\/2009\/05\/01\/skupstina-ulcinj-nize-takse-zbog-krize\/","og_locale":"en_US","og_type":"article","og_title":"Skup\u0161tina Ulcinj: Ni\u017ee takse zbog krize - Lajme nga Ulqini","og_description":"Zasjedala\u00a0 Ulcinjska\u00a0 skup\u0161tina Ulcinj - Odbornici ulcinjske Skup\u0161tine po?eli su ju?e raspravu o lokalnim komunalnim taksama, koje su, predlogom odluke, i","og_url":"https:\/\/www.visit-ulcinj.com\/blog\/2009\/05\/01\/skupstina-ulcinj-nize-takse-zbog-krize\/","og_site_name":"Lajme nga Ulqini","article_published_time":"2009-05-01T13:15:44+00:00","og_image":[{"url":"http:\/\/www.visit-ulcinj.com\/blog\/wp-content\/uploads\/2009\/05\/sekretar-za-finansije-i-budzet-ulcinja_fatmir-deka.jpg"}],"twitter_misc":{"Written by":"ulqini","Est. reading time":"1 minute"},"schema":{"@context":"https:\/\/schema.org","@graph":[{"@type":"WebSite","@id":"https:\/\/www.visit-ulcinj.com\/blog\/#website","url":"https:\/\/www.visit-ulcinj.com\/blog\/","name":"Lajme nga Ulqini","description":"Lajme,Vijesti,Ulqini,Ulqin,Crna Gora,Mali i Zi","potentialAction":[{"@type":"SearchAction","target":{"@type":"EntryPoint","urlTemplate":"https:\/\/www.visit-ulcinj.com\/blog\/?s={search_term_string}"},"query-input":"required name=search_term_string"}],"inLanguage":"en-US"},{"@type":"ImageObject","inLanguage":"en-US","@id":"https:\/\/www.visit-ulcinj.com\/blog\/2009\/05\/01\/skupstina-ulcinj-nize-takse-zbog-krize\/#primaryimage","url":"https:\/\/www.visit-ulcinj.com\/blog\/wp-content\/uploads\/2009\/05\/sekretar-za-finansije-i-budzet-ulcinja_fatmir-deka.jpg","contentUrl":"https:\/\/www.visit-ulcinj.com\/blog\/wp-content\/uploads\/2009\/05\/sekretar-za-finansije-i-budzet-ulcinja_fatmir-deka.jpg","width":"372","height":"351"},{"@type":"WebPage","@id":"https:\/\/www.visit-ulcinj.com\/blog\/2009\/05\/01\/skupstina-ulcinj-nize-takse-zbog-krize\/#webpage","url":"https:\/\/www.visit-ulcinj.com\/blog\/2009\/05\/01\/skupstina-ulcinj-nize-takse-zbog-krize\/","name":"Skup\u0161tina Ulcinj: Ni\u017ee takse zbog krize - Lajme nga Ulqini","isPartOf":{"@id":"https:\/\/www.visit-ulcinj.com\/blog\/#website"},"primaryImageOfPage":{"@id":"https:\/\/www.visit-ulcinj.com\/blog\/2009\/05\/01\/skupstina-ulcinj-nize-takse-zbog-krize\/#primaryimage"},"datePublished":"2009-05-01T13:15:44+00:00","dateModified":"2009-05-01T13:15:44+00:00","author":{"@id":"https:\/\/www.visit-ulcinj.com\/blog\/#\/schema\/person\/dcab619c614d3038751c63bc2aadc06d"},"description":"Zasjedala\u00a0 Ulcinjska\u00a0 skup\u0161tina Ulcinj - Odbornici ulcinjske Skup\u0161tine po?eli su ju?e raspravu o lokalnim komunalnim taksama, koje su, predlogom odluke, i","breadcrumb":{"@id":"https:\/\/www.visit-ulcinj.com\/blog\/2009\/05\/01\/skupstina-ulcinj-nize-takse-zbog-krize\/#breadcrumb"},"inLanguage":"en-US","potentialAction":[{"@type":"ReadAction","target":["https:\/\/www.visit-ulcinj.com\/blog\/2009\/05\/01\/skupstina-ulcinj-nize-takse-zbog-krize\/"]}]},{"@type":"BreadcrumbList","@id":"https:\/\/www.visit-ulcinj.com\/blog\/2009\/05\/01\/skupstina-ulcinj-nize-takse-zbog-krize\/#breadcrumb","itemListElement":[{"@type":"ListItem","position":1,"name":"Skup\u0161tina Ulcinj: Ni\u017ee takse zbog krize"}]},{"@type":"Person","@id":"https:\/\/www.visit-ulcinj.com\/blog\/#\/schema\/person\/dcab619c614d3038751c63bc2aadc06d","name":"ulqini","sameAs":["http:\/\/www.visit-ulcinj.com"],"url":"https:\/\/www.visit-ulcinj.com\/blog\/author\/admin\/"}]}},"jetpack_featured_media_url":"","jetpack_sharing_enabled":true,"jetpack_shortlink":"https:\/\/wp.me\/pe6lTn-58P","_links":{"self":[{"href":"https:\/\/www.visit-ulcinj.com\/blog\/wp-json\/wp\/v2\/posts\/19767"}],"collection":[{"href":"https:\/\/www.visit-ulcinj.com\/blog\/wp-json\/wp\/v2\/posts"}],"about":[{"href":"https:\/\/www.visit-ulcinj.com\/blog\/wp-json\/wp\/v2\/types\/post"}],"author":[{"embeddable":true,"href":"https:\/\/www.visit-ulcinj.com\/blog\/wp-json\/wp\/v2\/users\/1"}],"replies":[{"embeddable":true,"href":"https:\/\/www.visit-ulcinj.com\/blog\/wp-json\/wp\/v2\/comments?post=19767"}],"version-history":[{"count":0,"href":"https:\/\/www.visit-ulcinj.com\/blog\/wp-json\/wp\/v2\/posts\/19767\/revisions"}],"wp:attachment":[{"href":"https:\/\/www.visit-ulcinj.com\/blog\/wp-json\/wp\/v2\/media?parent=19767"}],"wp:term":[{"taxonomy":"category","embeddable":true,"href":"https:\/\/www.visit-ulcinj.com\/blog\/wp-json\/wp\/v2\/categories?post=19767"},{"taxonomy":"post_tag","embeddable":true,"href":"https:\/\/www.visit-ulcinj.com\/blog\/wp-json\/wp\/v2\/tags?post=19767"}],"curies":[{"name":"wp","href":"https:\/\/api.w.org\/{rel}","templated":true}]}}