{"id":19770,"date":"2009-05-01T15:39:03","date_gmt":"2009-05-01T13:39:03","guid":{"rendered":"http:\/\/www.visit-ulcinj.com\/blog\/?p=19770"},"modified":"2009-05-13T13:57:51","modified_gmt":"2009-05-13T11:57:51","slug":"canka-cijeli-ulcinj-na-tenderu","status":"publish","type":"post","link":"https:\/\/www.visit-ulcinj.com\/blog\/2009\/05\/01\/canka-cijeli-ulcinj-na-tenderu\/","title":{"rendered":"Canka: Cijeli Ulcinj na tenderu"},"content":{"rendered":"<p><strong><a href=\"http:\/\/www.visit-ulcinj.com\/blog\/wp-content\/uploads\/2009\/05\/ulcinj-na-tenderu.jpg\"><img loading=\"lazy\" class=\"alignleft size-full wp-image-19771\" title=\"ulcinj-na-tenderu\" src=\"http:\/\/www.visit-ulcinj.com\/blog\/wp-content\/uploads\/2009\/05\/ulcinj-na-tenderu.jpg\" alt=\"ulcinj-na-tenderu\" width=\"570\" height=\"375\" \/><\/a>Stav<\/strong><\/p>\n<p>Ne pro?e nijedan dan da u crnogorskim medijima nema vijesti o Ulcinju. Kako i ne bi: cijeli je Ulcinj na tenderu. Vi\u0161e niko ne spominje Ostvro cvije?a, Mamulu, Jaz ili Buljaricu. Sve o?i su uprte u Ulcinj.<\/p>\n<p>Glavno tek dolazi: na devedeset godina bi?e izdati Velika pla\u017ea i Ada. Uz Valdanos, to zna?i da ?e dvije tre?ine na\u0161e obale biti zakupljeno. Nevjerovatno, ali istinito: najljep\u0161e pla\u017ee na Mediteranu mogu?e je na 90 godina zakupiti za dva i po miliona eura godi\u0161nje?! Samo dva i po miliona eura i imate u rukama cijeli Ulcinj! Zbog zna?aja Velike pla\u017ee, moglo bi se re?i da presudno uti?ete i na budu?nost pola Crne Gore i sjeverne Albanije. Ne\u0161to manje, dva miliona i sto hiljada eura, pla?a za zakup tri hotela na Budvanskoj rivijeri singapurska kompanija \u201cAman Rizorts\u201d. Koja se, uzgred budi re?eno, ne pridr\u017eava ugovora o zakupu. Ni ove, tre?u godinu zaredom, ne?e biti otvoren grad-hotel Sveti Stefan.<\/p>\n<p>Dakle, ako se zna da su Velika pla\u017ea, Valdanos i Ada najbolji i najkvalitetniji dio teritorije ove op\u0161tine, postavlja se klju?no pitanje: da li ?emo mi ubudu?e mo?i da upravljamo razvojem grada. Ta?nije, \u0161to ide Ulcinjanima od svih ovih silnih tendera. Koliko ?e se novca sliti u op\u0161tinski bud\u017eet od ovih tzv. strate\u0161kih investitora, ko ?e tamo raditi, da li ?emo imati mogu?nost pristupa na\u0161im pla\u017eama, gdje ?e se ubudu?e kupati na\u0161i gosti, ko ?e graditi novu infrastrukturu. Pitanje je i da li ?e op\u0161tinska vlast imati ubudu?e ?ime da upravlja. I \u0161to ?e nam tada trebati izbori!<\/p>\n<p>Ono \u0161to je ve? sada sigurno jeste da niko od ovih investitora ne zakupljuje ove predivne prostore zbog na\u0161e koristi. Na primjeru Tivta vidimo da op\u0161tina od svega toga nema gotovo nikakvog hajra. \u201cNi centa nam jo\u0161 ne pla?aju\u201d, ka\u017eu ?elnici ovog bokeljskog grada, iako je \u201cArsenal\u201d kupio milijarder Piter Mank.<\/p>\n<p>I da me pogre\u0161no ne razumiju: nama su potrebne investicije i razvoj, ali nam prije svega treba odr\u017eivi razvoj. To zna?i da je Ulcinju neophodno sedam ili osam dobrih hotela u kojima ?e menad\u017ement voditi poznate svjetske kompanije, a ve?inu zaposlenih mora da ?ini domicilno stanovni\u0161tvo. Niko nema pravo da na ovaj na?in i ad hoc, \u0161to su i odredbe Evropske povelje o lokalnoj samoupravi, mijenja demografsku strukturu stanovni\u0161tva.<\/p>\n<p>Uostalom, i crnogorska Vlada je, uz podr\u0161ku Svjetske banke, sa?inila predlog o formiranju Parka prirode Delta Bojane, koji bi prakti?no trebalo da obuhvata cijeli Ulcinj. Jer, prirodne ljepote ovoga grada ne treba sa?uvati samo za njegove trenutne stanovnike i turiste, ve? i za budu?e generacije. To je izuzetna prirodna ba\u0161tina, dobro Evrope i ?itavog svijeta, stani\u0161te rijetkih \u017eivotinja i biljaka.<\/p>\n<p>Na nama je sada te\u017eak zadatak da u svom interesu i u interesu jo\u0161 nero?ene ?ece, pametno upravljamo razvojem i u \u0161to ve?oj mjeri sa?uvamo ovaj predivni prostor.<\/p>\n<p>Naro?ito se to odnosi na op\u0161tinski parlament. Za\u0161tita imovine teritorije op\u0161tine je u njegovoj isklju?ivoj nadle\u017enosti. On se o svemu ovome mora izjasniti. Istorija nikome ne?e oprostiti. Ni poziciji ni opoziciji.<\/p>\n<p>Zato je potrebna mobilizacija svih onih koji razmi\u0161ljaju, imaju pamet, o?i, u\u0161i i, prije svega, du\u0161u. Samo iskrenim namjerama, zajedni?kim snagama i pritiskom mogu?e je zaustaviti ovaj rat protiv prirode.<\/p>\n<p>I veliki pjesnik ka\u017ee da je odbrana sa \u017eivotom skop?ana.<\/p>\n<p><strong>Autor je slobodni novinar<\/p>\n<p>Pi\u0161e: Mustafa Canka<\/p>\n<p><a href=\"http:\/\/www.vijesti.cg.yu\/index.php?id_pre=303294&amp;godina=2009\" target=\"_blank\">Vijesti<\/a><\/strong><\/p>\n<!--YouTube Error: bad URL entered-->\n","protected":false},"excerpt":{"rendered":"<p>Stav Ne pro?e nijedan dan da u crnogorskim medijima nema vijesti o Ulcinju. Kako i ne bi: cijeli je Ulcinj na tenderu. Vi\u0161e niko ne spominje Ostvro cvije?a, Mamulu, Jaz ili Buljaricu. Sve o?i su uprte u Ulcinj. Glavno tek dolazi: na devedeset godina bi?e izdati Velika pla\u017ea i Ada. Uz Valdanos, to zna?i da [&hellip;]<\/p>\n","protected":false},"author":1,"featured_media":0,"comment_status":"open","ping_status":"closed","sticky":false,"template":"","format":"standard","meta":{"spay_email":"","jetpack_publicize_message":"","jetpack_is_tweetstorm":false,"jetpack_publicize_feature_enabled":true},"categories":[8337],"tags":[138,9844,20,9842,9839,5276,9838,5325,19,9841,136,265,9843,9840],"jetpack_publicize_connections":[],"yoast_head":"<!-- This site is optimized with the Yoast SEO plugin v19.1 - https:\/\/yoast.com\/wordpress\/plugins\/seo\/ -->\n<title>Canka: Cijeli Ulcinj na tenderu - Lajme nga Ulqini<\/title>\n<meta name=\"description\" content=\"Stav Ne pro?e nijedan dan da u crnogorskim medijima nema vijesti o Ulcinju. Kako i ne bi: cijeli je Ulcinj na tenderu. Vi\u0161e niko ne spominje Ostvro\" \/>\n<meta name=\"robots\" content=\"index, follow, max-snippet:-1, max-image-preview:large, max-video-preview:-1\" \/>\n<link rel=\"canonical\" href=\"https:\/\/www.visit-ulcinj.com\/blog\/2009\/05\/01\/canka-cijeli-ulcinj-na-tenderu\/\" \/>\n<meta property=\"og:locale\" content=\"en_US\" \/>\n<meta property=\"og:type\" content=\"article\" \/>\n<meta property=\"og:title\" content=\"Canka: Cijeli Ulcinj na tenderu - Lajme nga Ulqini\" \/>\n<meta property=\"og:description\" content=\"Stav Ne pro?e nijedan dan da u crnogorskim medijima nema vijesti o Ulcinju. Kako i ne bi: cijeli je Ulcinj na tenderu. Vi\u0161e niko ne spominje Ostvro\" \/>\n<meta property=\"og:url\" content=\"https:\/\/www.visit-ulcinj.com\/blog\/2009\/05\/01\/canka-cijeli-ulcinj-na-tenderu\/\" \/>\n<meta property=\"og:site_name\" content=\"Lajme nga Ulqini\" \/>\n<meta property=\"article:published_time\" content=\"2009-05-01T13:39:03+00:00\" \/>\n<meta property=\"article:modified_time\" content=\"2009-05-13T11:57:51+00:00\" \/>\n<meta property=\"og:image\" content=\"http:\/\/www.visit-ulcinj.com\/blog\/wp-content\/uploads\/2009\/05\/ulcinj-na-tenderu.jpg\" \/>\n<meta name=\"twitter:label1\" content=\"Written by\" \/>\n\t<meta name=\"twitter:data1\" content=\"ulqini\" \/>\n\t<meta name=\"twitter:label2\" content=\"Est. reading time\" \/>\n\t<meta name=\"twitter:data2\" content=\"3 minutes\" \/>\n<script type=\"application\/ld+json\" class=\"yoast-schema-graph\">{\"@context\":\"https:\/\/schema.org\",\"@graph\":[{\"@type\":\"WebSite\",\"@id\":\"https:\/\/www.visit-ulcinj.com\/blog\/#website\",\"url\":\"https:\/\/www.visit-ulcinj.com\/blog\/\",\"name\":\"Lajme nga Ulqini\",\"description\":\"Lajme,Vijesti,Ulqini,Ulqin,Crna Gora,Mali i Zi\",\"potentialAction\":[{\"@type\":\"SearchAction\",\"target\":{\"@type\":\"EntryPoint\",\"urlTemplate\":\"https:\/\/www.visit-ulcinj.com\/blog\/?s={search_term_string}\"},\"query-input\":\"required name=search_term_string\"}],\"inLanguage\":\"en-US\"},{\"@type\":\"ImageObject\",\"inLanguage\":\"en-US\",\"@id\":\"https:\/\/www.visit-ulcinj.com\/blog\/2009\/05\/01\/canka-cijeli-ulcinj-na-tenderu\/#primaryimage\",\"url\":\"http:\/\/www.visit-ulcinj.com\/blog\/wp-content\/uploads\/2009\/05\/ulcinj-na-tenderu.jpg\",\"contentUrl\":\"http:\/\/www.visit-ulcinj.com\/blog\/wp-content\/uploads\/2009\/05\/ulcinj-na-tenderu.jpg\"},{\"@type\":\"WebPage\",\"@id\":\"https:\/\/www.visit-ulcinj.com\/blog\/2009\/05\/01\/canka-cijeli-ulcinj-na-tenderu\/#webpage\",\"url\":\"https:\/\/www.visit-ulcinj.com\/blog\/2009\/05\/01\/canka-cijeli-ulcinj-na-tenderu\/\",\"name\":\"Canka: Cijeli Ulcinj na tenderu - Lajme nga Ulqini\",\"isPartOf\":{\"@id\":\"https:\/\/www.visit-ulcinj.com\/blog\/#website\"},\"primaryImageOfPage\":{\"@id\":\"https:\/\/www.visit-ulcinj.com\/blog\/2009\/05\/01\/canka-cijeli-ulcinj-na-tenderu\/#primaryimage\"},\"datePublished\":\"2009-05-01T13:39:03+00:00\",\"dateModified\":\"2009-05-13T11:57:51+00:00\",\"author\":{\"@id\":\"https:\/\/www.visit-ulcinj.com\/blog\/#\/schema\/person\/dcab619c614d3038751c63bc2aadc06d\"},\"description\":\"Stav Ne pro?e nijedan dan da u crnogorskim medijima nema vijesti o Ulcinju. Kako i ne bi: cijeli je Ulcinj na tenderu. Vi\u0161e niko ne spominje Ostvro\",\"breadcrumb\":{\"@id\":\"https:\/\/www.visit-ulcinj.com\/blog\/2009\/05\/01\/canka-cijeli-ulcinj-na-tenderu\/#breadcrumb\"},\"inLanguage\":\"en-US\",\"potentialAction\":[{\"@type\":\"ReadAction\",\"target\":[\"https:\/\/www.visit-ulcinj.com\/blog\/2009\/05\/01\/canka-cijeli-ulcinj-na-tenderu\/\"]}]},{\"@type\":\"BreadcrumbList\",\"@id\":\"https:\/\/www.visit-ulcinj.com\/blog\/2009\/05\/01\/canka-cijeli-ulcinj-na-tenderu\/#breadcrumb\",\"itemListElement\":[{\"@type\":\"ListItem\",\"position\":1,\"name\":\"Canka: Cijeli Ulcinj na tenderu\"}]},{\"@type\":\"Person\",\"@id\":\"https:\/\/www.visit-ulcinj.com\/blog\/#\/schema\/person\/dcab619c614d3038751c63bc2aadc06d\",\"name\":\"ulqini\",\"sameAs\":[\"http:\/\/www.visit-ulcinj.com\"],\"url\":\"https:\/\/www.visit-ulcinj.com\/blog\/author\/admin\/\"}]}<\/script>\n<!-- \/ Yoast SEO plugin. -->","yoast_head_json":{"title":"Canka: Cijeli Ulcinj na tenderu - Lajme nga Ulqini","description":"Stav Ne pro?e nijedan dan da u crnogorskim medijima nema vijesti o Ulcinju. Kako i ne bi: cijeli je Ulcinj na tenderu. Vi\u0161e niko ne spominje Ostvro","robots":{"index":"index","follow":"follow","max-snippet":"max-snippet:-1","max-image-preview":"max-image-preview:large","max-video-preview":"max-video-preview:-1"},"canonical":"https:\/\/www.visit-ulcinj.com\/blog\/2009\/05\/01\/canka-cijeli-ulcinj-na-tenderu\/","og_locale":"en_US","og_type":"article","og_title":"Canka: Cijeli Ulcinj na tenderu - Lajme nga Ulqini","og_description":"Stav Ne pro?e nijedan dan da u crnogorskim medijima nema vijesti o Ulcinju. Kako i ne bi: cijeli je Ulcinj na tenderu. Vi\u0161e niko ne spominje Ostvro","og_url":"https:\/\/www.visit-ulcinj.com\/blog\/2009\/05\/01\/canka-cijeli-ulcinj-na-tenderu\/","og_site_name":"Lajme nga Ulqini","article_published_time":"2009-05-01T13:39:03+00:00","article_modified_time":"2009-05-13T11:57:51+00:00","og_image":[{"url":"http:\/\/www.visit-ulcinj.com\/blog\/wp-content\/uploads\/2009\/05\/ulcinj-na-tenderu.jpg"}],"twitter_misc":{"Written by":"ulqini","Est. reading time":"3 minutes"},"schema":{"@context":"https:\/\/schema.org","@graph":[{"@type":"WebSite","@id":"https:\/\/www.visit-ulcinj.com\/blog\/#website","url":"https:\/\/www.visit-ulcinj.com\/blog\/","name":"Lajme nga Ulqini","description":"Lajme,Vijesti,Ulqini,Ulqin,Crna Gora,Mali i Zi","potentialAction":[{"@type":"SearchAction","target":{"@type":"EntryPoint","urlTemplate":"https:\/\/www.visit-ulcinj.com\/blog\/?s={search_term_string}"},"query-input":"required name=search_term_string"}],"inLanguage":"en-US"},{"@type":"ImageObject","inLanguage":"en-US","@id":"https:\/\/www.visit-ulcinj.com\/blog\/2009\/05\/01\/canka-cijeli-ulcinj-na-tenderu\/#primaryimage","url":"http:\/\/www.visit-ulcinj.com\/blog\/wp-content\/uploads\/2009\/05\/ulcinj-na-tenderu.jpg","contentUrl":"http:\/\/www.visit-ulcinj.com\/blog\/wp-content\/uploads\/2009\/05\/ulcinj-na-tenderu.jpg"},{"@type":"WebPage","@id":"https:\/\/www.visit-ulcinj.com\/blog\/2009\/05\/01\/canka-cijeli-ulcinj-na-tenderu\/#webpage","url":"https:\/\/www.visit-ulcinj.com\/blog\/2009\/05\/01\/canka-cijeli-ulcinj-na-tenderu\/","name":"Canka: Cijeli Ulcinj na tenderu - Lajme nga Ulqini","isPartOf":{"@id":"https:\/\/www.visit-ulcinj.com\/blog\/#website"},"primaryImageOfPage":{"@id":"https:\/\/www.visit-ulcinj.com\/blog\/2009\/05\/01\/canka-cijeli-ulcinj-na-tenderu\/#primaryimage"},"datePublished":"2009-05-01T13:39:03+00:00","dateModified":"2009-05-13T11:57:51+00:00","author":{"@id":"https:\/\/www.visit-ulcinj.com\/blog\/#\/schema\/person\/dcab619c614d3038751c63bc2aadc06d"},"description":"Stav Ne pro?e nijedan dan da u crnogorskim medijima nema vijesti o Ulcinju. Kako i ne bi: cijeli je Ulcinj na tenderu. Vi\u0161e niko ne spominje Ostvro","breadcrumb":{"@id":"https:\/\/www.visit-ulcinj.com\/blog\/2009\/05\/01\/canka-cijeli-ulcinj-na-tenderu\/#breadcrumb"},"inLanguage":"en-US","potentialAction":[{"@type":"ReadAction","target":["https:\/\/www.visit-ulcinj.com\/blog\/2009\/05\/01\/canka-cijeli-ulcinj-na-tenderu\/"]}]},{"@type":"BreadcrumbList","@id":"https:\/\/www.visit-ulcinj.com\/blog\/2009\/05\/01\/canka-cijeli-ulcinj-na-tenderu\/#breadcrumb","itemListElement":[{"@type":"ListItem","position":1,"name":"Canka: Cijeli Ulcinj na tenderu"}]},{"@type":"Person","@id":"https:\/\/www.visit-ulcinj.com\/blog\/#\/schema\/person\/dcab619c614d3038751c63bc2aadc06d","name":"ulqini","sameAs":["http:\/\/www.visit-ulcinj.com"],"url":"https:\/\/www.visit-ulcinj.com\/blog\/author\/admin\/"}]}},"jetpack_featured_media_url":"","jetpack_sharing_enabled":true,"jetpack_shortlink":"https:\/\/wp.me\/pe6lTn-58S","_links":{"self":[{"href":"https:\/\/www.visit-ulcinj.com\/blog\/wp-json\/wp\/v2\/posts\/19770"}],"collection":[{"href":"https:\/\/www.visit-ulcinj.com\/blog\/wp-json\/wp\/v2\/posts"}],"about":[{"href":"https:\/\/www.visit-ulcinj.com\/blog\/wp-json\/wp\/v2\/types\/post"}],"author":[{"embeddable":true,"href":"https:\/\/www.visit-ulcinj.com\/blog\/wp-json\/wp\/v2\/users\/1"}],"replies":[{"embeddable":true,"href":"https:\/\/www.visit-ulcinj.com\/blog\/wp-json\/wp\/v2\/comments?post=19770"}],"version-history":[{"count":0,"href":"https:\/\/www.visit-ulcinj.com\/blog\/wp-json\/wp\/v2\/posts\/19770\/revisions"}],"wp:attachment":[{"href":"https:\/\/www.visit-ulcinj.com\/blog\/wp-json\/wp\/v2\/media?parent=19770"}],"wp:term":[{"taxonomy":"category","embeddable":true,"href":"https:\/\/www.visit-ulcinj.com\/blog\/wp-json\/wp\/v2\/categories?post=19770"},{"taxonomy":"post_tag","embeddable":true,"href":"https:\/\/www.visit-ulcinj.com\/blog\/wp-json\/wp\/v2\/tags?post=19770"}],"curies":[{"name":"wp","href":"https:\/\/api.w.org\/{rel}","templated":true}]}}