{"id":19773,"date":"2009-05-01T19:55:31","date_gmt":"2009-05-01T17:55:31","guid":{"rendered":"http:\/\/www.visit-ulcinj.com\/blog\/?p=19773"},"modified":"2009-05-05T18:37:35","modified_gmt":"2009-05-05T16:37:35","slug":"ne-ulqin-u-promovua-libri-i-alfred-moisiut","status":"publish","type":"post","link":"https:\/\/www.visit-ulcinj.com\/blog\/2009\/05\/01\/ne-ulqin-u-promovua-libri-i-alfred-moisiut\/","title":{"rendered":"Video &#8211; N\u00eb Ulqin u promovua libri i Alfred Moisiut"},"content":{"rendered":"<p><strong><a href=\"http:\/\/www.visit-ulcinj.com\/blog\/wp-content\/uploads\/2009\/05\/ne-ulqin-u-promovua-libri-i-alfred-moisiut.jpg\"><img loading=\"lazy\" class=\"alignleft size-full wp-image-19775\" title=\"ne-ulqin-u-promovua-libri-i-alfred-moisiut\" src=\"http:\/\/www.visit-ulcinj.com\/blog\/wp-content\/uploads\/2009\/05\/ne-ulqin-u-promovua-libri-i-alfred-moisiut.jpg\" alt=\"ne-ulqin-u-promovua-libri-i-alfred-moisiut\" width=\"570\" height=\"400\" \/><\/a>Moisiu publikon \u201cKujtimet e nj\u00eb presidenti\u201d<\/strong><br \/>\n<strong><br \/>\n\u201cKujtimet\u201d e ish-presidentit Alfred Moisiut<\/strong><br \/>\n\u201cAutori n\u00eb k\u00ebt\u00eb lib\u00ebr ka trajtuar gjenez\u00ebn, prejardhjen, jet\u00ebn dhe t\u00eb fshehtat e nj\u00eb prej familjeve m\u00eb t\u00eb njohura shqiptare, asaj t\u00eb Moisive, t\u00eb rr\u00ebfyera nga nj\u00eb prej pinjoll\u00ebve m\u00eb t\u00eb njohur t\u00eb saj, ka treguar marr\u00ebdh\u00ebniet e tij me t\u00eb atin, Spiro Moisiun, majorin e Ahmet Zogut dhe komandatin e par\u00eb t\u00eb Ushtris\u00eb Nacional\u00e7lirimtare, kujtimet e tij f\u00ebmij\u00ebrore p\u00ebr marr\u00ebdh\u00ebniet e t\u00eb atit me Enver Hoxh\u00ebn, Mehmet Shehun dhe drejtuesit e tjer\u00eb komunist\u00eb, si dhe ka rr\u00ebfyer me korrekt\u00ebsi dhe mbi baz\u00ebn e dokumentave ngjarje dhe fakte t\u00eb r\u00ebnd\u00ebsishme q\u00eb nuk jan\u00eb p\u00ebrmendur e nuk jan\u00eb njohur kurr\u00eb n\u00eb historin\u00eb e Shqip\u00ebris\u00eb, tha drejtori i SHB \u201c Toena\u201d, Fatmir To\u00e7i<br \/>\nN\u00eb organizim t\u00eb Komun\u00ebs s\u00eb Ulqinit dhe Institutit t\u00eb librit dhe promocionit \u201cToena\u201d nga Tirana, t\u00eb diel\u00ebn n\u00eb Galerin\u00eb e Arteve n\u00eb Pallatin e Kultur\u00ebs n\u00eb Ulqin u promovua v\u00ebllimi i par\u00eb i librit \u201c N\u00eb gjurm\u00eb t\u00eb kujtimeve, 1929-1958 \u201c i Alfred Moisiut, ish-president i Republik\u00ebs s\u00eb Shqip\u00ebris\u00eb. N\u00eb prani t\u00eb nj\u00eb numri t\u00eb konsideruesh\u00ebm t\u00eb adhuruesve t\u00eb fjal\u00ebs s\u00eb shkruar fillimisht foli kryetari i Komun\u00ebs s\u00eb Ulqnit, z. G\u00ebzim Hajdinaga, pastaj drejtori i Institutit t\u00eb librit dhe i Sht\u00ebpis\u00eb Botuese Toena, z. Fatmi To\u00e7i, dhe s\u00eb fundmi protaqonisti i k\u00ebsaj mbr\u00ebmjeje. Z. Moisiu. Numri nj\u00eb i Ulqinit, z. Hajdinaga, n\u00eb fjal\u00ebn e tij t\u00eb rastit u shpreh se Ulqini nuk \u00ebsht\u00eb zgjedhur rast\u00ebsisht p\u00ebr k\u00ebt\u00eb prezantim dhe shtoi se presidenti Mosiu n\u00eb k\u00ebt\u00eb qytet ka patur takime t\u00eb r\u00ebnd\u00ebsishme me kreun shtet\u00ebtor t\u00eb Malit t\u00eb Zi, ku bashk\u00ebrisht jemi angazhuar n\u00eb p\u00ebrmir\u00ebsimin e marr\u00ebdh\u00ebnieve n\u00eb mes t\u00eb Malit t\u00eb Zi dhe Shqip\u00ebris\u00eb, t\u00eb cilat aktualisht jan\u00eb shembull n\u00eb k\u00ebt\u00eb pjes\u00eb t\u00eb Ballkanit. Hajdinaga vler\u00ebsoi se botimi i k\u00ebtij libri \u00ebsht\u00eb nj\u00eb kontribut me vler\u00eb i nj\u00eb patrioti, intelektuali, burri t\u00eb shquar , ish-presidentit zot\u00ebri, Alfreed Mosisiu. Drejtori i Institutit t\u00eb librit dhe i Sht\u00ebpis\u00eb Botuese \u201c Toena\u201d , z. Fatmir To\u00e7i, n\u00eb rolin e botuesit theksoi se ky lib\u00ebr \u00ebsht\u00eb nj\u00eb korpus kujtimesh n\u00eb tre v\u00ebllime t\u00eb shtrira n\u00eb tre epoka t\u00eb ndryshme, si dhe gjat\u00eb luft\u00ebs s\u00eb Dyt\u00eb Bot\u00ebrore. \u201c Autori n\u00eb v\u00ebllimin e par\u00eb, q\u00eb p\u00ebrfshin periudh\u00ebn 1929-1958, p\u00ebr her\u00eb t\u00eb par\u00eb ka trajtuar gjenez\u00ebn, prejardhjen, jet\u00ebn dhe t\u00eb fshehtat e nj\u00eb prej familjeve m\u00eb t\u00eb njohura shqiptare, asaj t\u00eb Moisive, t\u00eb rr\u00ebfyera nga nj\u00eb prej pinjoll\u00ebve m\u00eb t\u00eb njohur t\u00eb saj, ka treguar marr\u00ebdh\u00ebniet e tij me t\u00eb atin, Spiro Moisiun, majorin e Ahmet Zogut dhe komandatin e par\u00eb t\u00eb Ushtris\u00eb Nacional\u00e7lirimtare, si dhe kujtimet e tij f\u00ebmij\u00ebnore p\u00ebr marr\u00ebdh\u00ebniet e t\u00eb atit me Enver Hoxh\u00ebn, Mehmet Shehun dhe drejtuesit e tjer\u00eb komunist\u00eb\u201d, tha To\u00e7i, duke shtuar se t\u00eb gjitha k\u00ebto shkrime e kujtime jan\u00eb trajtuar mbi baz\u00ebn e dokumentave . Z. Moisiu n\u00eb k\u00ebt\u00eb lib\u00ebr, shtoi To\u00e7i, me korrekt\u00ebsi na rr\u00ebfen ngjarje dhe fakte t\u00eb r\u00ebnd\u00ebshme q\u00eb nuk jan\u00eb p\u00ebrmendur e nuk jan\u00eb njohur kurr\u00eb n\u00eb historin\u00eb e Shqip\u00ebris\u00eb, q\u00eb kan\u00eb t\u00eb b\u00ebjn\u00eb me jet\u00ebn politke, kulturore dhe ushtarake n\u00eb koh\u00ebn e regjimit t\u00eb mbretit Zog, me periudh\u00ebn e zaptimit t\u00eb Shqip\u00ebris\u00eb nga ana e italian\u00ebve dhe gjerman\u00ebv\u00eb, me LN\u00c7 n\u00eb Shqip\u00ebri dhe ngjarje t\u00eb m\u00ebtejshme deri n\u00eb koh\u00ebn sa z. Moisiu ishte president i Shqip\u00ebris\u00eb. Sipas To\u00e7it v\u00ebllimi i dyt\u00eb i \u201c Kujtimeve\u201d t\u00eb z. Moisiu pritet t\u00eb dal\u00eb n\u00eb fund t\u00eb majit ose n\u00eb fillim t\u00eb prillit, kurse n\u00eb qershor parashihet t\u00eb botohet v\u00ebllimi i tret\u00eb i k\u00ebtij libri. Me shum\u00eb v\u00ebmendje e interesim t\u00eb madh nga t\u00eb pranishmit u p\u00ebrcoll edhe vet\u00eb autori ilibrit , Alfred Moisiu, i cili p\u00ebr t\u00eb pranishmit gati nj\u00eb or\u00eb shk\u00ebputi pjes\u00eb interesante nga libri i tij dhe iu p\u00ebrgjigj pyetjeve t\u00eb t\u00eb interesuarve.<br \/>\n\u201cNisur nga koha q\u00eb kam p\u00ebrjetuar, nga mosha q\u00eb kam, m\u00eb ka takuar jo vet\u00ebm t\u00eb jetoj por edhe t\u00eb mbaj mend disa periudha shum\u00eb intersante t\u00eb Shqip\u00ebris\u00eb, koh\u00ebn e mbretit Zog, koh\u00ebn e pushtimit fashist, koh\u00ebn e luftrave Nacional\u00e7lirimtare, koh\u00ebn e mbas\u00e7lirimit dhe koh\u00ebn kur un\u00eb kam qen\u00eb n\u00eb krye t\u00eb shtetit shqiptar, e cila ka qen\u00eb nj\u00eb periudh\u00eb shum\u00eb intensive, jo vet\u00ebm sa i p\u00ebrket volumit t\u00eb pun\u00ebs por edhe sa i p\u00ebrket evenimenteve t\u00eb r\u00ebnd\u00ebsishme q\u00eb ka kaluar jo vet\u00ebm Shqip\u00ebria , por kombi shqiptar n\u00eb p\u00ebrgjith\u00ebsi. Dhe mund t\u00eb them se shekulli XXI mund t\u00eb quhet pa frik\u00eb shekuli i shqiptar\u00ebve, pasi ata identifikohen si nj\u00eb komb jo thjesht q\u00eb ka nj\u00eb em\u00ebr, nj\u00eb gjuh\u00eb dhe nj\u00eb histori por p\u00ebr r\u00ebnd\u00ebsisn\u00eb e tyre q\u00eb kan\u00eb si faktor shum\u00eb i r\u00ebnd\u00ebsish\u00ebm n\u00eb jet\u00ebn dhe sigurin\u00eb e paqes n\u00eb rajonin e Ballkanit\u201d, tha Moisiu. Ai n\u00ebnvizoi se t\u00eb gjitha ngjarjet n\u00eb \u201c Kujtimet\u201d e tij i ka p\u00ebrshkruar ashtu si\u00e7 kan\u00eb qen\u00eb, si i ka njohur, si\u00e7 i ka d\u00ebgjuar, si\u00e7 i ka par\u00eb dhe u ka th\u00ebn\u00eb historian\u00ebve t\u00eb Shqip\u00ebris\u00eb se e kan\u00eb t\u00eb v\u00ebshtir\u00eb ta shkruajn\u00eb historin\u00eb e Shqip\u00ebris\u00eb, sepse v\u00ebrtet jan\u00eb t\u00eb politizuar n\u00eb kuptimin e keq t\u00eb fjal\u00ebs. \u201c Secili nga historian\u00ebt shqiptar\u00eb aktualisht p\u00ebrfaq\u00ebsojn\u00eb nj\u00eb forc\u00eb politike dhe p\u00ebrpiqet q\u00eb ta shkruaj\u00eb historin\u00eb sipas interesave t\u00eb forc\u00ebs politke q\u00eb ata p\u00ebrfaq\u00ebsojn\u00eb.Por ata q\u00eb t\u00eb vijn\u00eb pas k\u00ebtyre historian\u00ebve do t\u00eb jen\u00eb n\u00eb gjendje q\u00eb v\u00ebrtet\u00eb ta shkruajn\u00eb historin\u00eb e Shqip\u00ebris\u00eb\u201d, vler\u00ebsoi Moisiu.<\/p>\n<p><strong>Gjek\u00eb Gjonaj<br \/>\nKoha Javore<\/strong><\/p>\n<p><strong>Video Mozaiku TVCG<\/p>\n<p><\/strong><\/p>\n<!--YouTube Error: bad URL entered-->\n","protected":false},"excerpt":{"rendered":"<p>Moisiu publikon \u201cKujtimet e nj\u00eb presidenti\u201d \u201cKujtimet\u201d e ish-presidentit Alfred Moisiut \u201cAutori n\u00eb k\u00ebt\u00eb lib\u00ebr ka trajtuar gjenez\u00ebn, prejardhjen, jet\u00ebn dhe t\u00eb fshehtat e nj\u00eb prej familjeve m\u00eb t\u00eb njohura shqiptare, asaj t\u00eb Moisive, t\u00eb rr\u00ebfyera nga nj\u00eb prej pinjoll\u00ebve m\u00eb t\u00eb njohur t\u00eb saj, ka treguar marr\u00ebdh\u00ebniet e tij me t\u00eb atin, Spiro Moisiun, [&hellip;]<\/p>\n","protected":false},"author":1,"featured_media":0,"comment_status":"open","ping_status":"closed","sticky":false,"template":"","format":"standard","meta":{"spay_email":"","jetpack_publicize_message":"","jetpack_is_tweetstorm":false,"jetpack_publicize_feature_enabled":true},"categories":[4],"tags":[9845,9846,9848,9847],"jetpack_publicize_connections":[],"yoast_head":"<!-- This site is optimized with the Yoast SEO plugin v19.1 - https:\/\/yoast.com\/wordpress\/plugins\/seo\/ -->\n<title>Video - N\u00eb Ulqin u promovua libri i Alfred Moisiut - Lajme nga Ulqini<\/title>\n<meta name=\"description\" content=\"Moisiu publikon \u201cKujtimet e nj\u00eb presidenti\u201d \u201cKujtimet\u201d e ish-presidentit Alfred Moisiut \u201cAutori n\u00eb k\u00ebt\u00eb lib\u00ebr ka trajtuar gjenez\u00ebn, prejardhjen, jet\u00ebn dhe\" \/>\n<meta name=\"robots\" content=\"index, follow, max-snippet:-1, max-image-preview:large, max-video-preview:-1\" \/>\n<link rel=\"canonical\" href=\"https:\/\/www.visit-ulcinj.com\/blog\/2009\/05\/01\/ne-ulqin-u-promovua-libri-i-alfred-moisiut\/\" \/>\n<meta property=\"og:locale\" content=\"en_US\" \/>\n<meta property=\"og:type\" content=\"article\" \/>\n<meta property=\"og:title\" content=\"Video - N\u00eb Ulqin u promovua libri i Alfred Moisiut - Lajme nga Ulqini\" \/>\n<meta property=\"og:description\" content=\"Moisiu publikon \u201cKujtimet e nj\u00eb presidenti\u201d \u201cKujtimet\u201d e ish-presidentit Alfred Moisiut \u201cAutori n\u00eb k\u00ebt\u00eb lib\u00ebr ka trajtuar gjenez\u00ebn, prejardhjen, jet\u00ebn dhe\" \/>\n<meta property=\"og:url\" content=\"https:\/\/www.visit-ulcinj.com\/blog\/2009\/05\/01\/ne-ulqin-u-promovua-libri-i-alfred-moisiut\/\" \/>\n<meta property=\"og:site_name\" content=\"Lajme nga Ulqini\" \/>\n<meta property=\"article:published_time\" content=\"2009-05-01T17:55:31+00:00\" \/>\n<meta property=\"article:modified_time\" content=\"2009-05-05T16:37:35+00:00\" \/>\n<meta property=\"og:image\" content=\"http:\/\/www.visit-ulcinj.com\/blog\/wp-content\/uploads\/2009\/05\/ne-ulqin-u-promovua-libri-i-alfred-moisiut.jpg\" \/>\n<meta name=\"twitter:label1\" content=\"Written by\" \/>\n\t<meta name=\"twitter:data1\" content=\"ulqini\" \/>\n\t<meta name=\"twitter:label2\" content=\"Est. reading time\" \/>\n\t<meta name=\"twitter:data2\" content=\"5 minutes\" \/>\n<script type=\"application\/ld+json\" class=\"yoast-schema-graph\">{\"@context\":\"https:\/\/schema.org\",\"@graph\":[{\"@type\":\"WebSite\",\"@id\":\"https:\/\/www.visit-ulcinj.com\/blog\/#website\",\"url\":\"https:\/\/www.visit-ulcinj.com\/blog\/\",\"name\":\"Lajme nga Ulqini\",\"description\":\"Lajme,Vijesti,Ulqini,Ulqin,Crna Gora,Mali i Zi\",\"potentialAction\":[{\"@type\":\"SearchAction\",\"target\":{\"@type\":\"EntryPoint\",\"urlTemplate\":\"https:\/\/www.visit-ulcinj.com\/blog\/?s={search_term_string}\"},\"query-input\":\"required name=search_term_string\"}],\"inLanguage\":\"en-US\"},{\"@type\":\"ImageObject\",\"inLanguage\":\"en-US\",\"@id\":\"https:\/\/www.visit-ulcinj.com\/blog\/2009\/05\/01\/ne-ulqin-u-promovua-libri-i-alfred-moisiut\/#primaryimage\",\"url\":\"https:\/\/www.visit-ulcinj.com\/blog\/wp-content\/uploads\/2009\/05\/ne-ulqin-u-promovua-libri-i-alfred-moisiut.jpg\",\"contentUrl\":\"https:\/\/www.visit-ulcinj.com\/blog\/wp-content\/uploads\/2009\/05\/ne-ulqin-u-promovua-libri-i-alfred-moisiut.jpg\",\"width\":\"600\",\"height\":\"496\"},{\"@type\":\"WebPage\",\"@id\":\"https:\/\/www.visit-ulcinj.com\/blog\/2009\/05\/01\/ne-ulqin-u-promovua-libri-i-alfred-moisiut\/#webpage\",\"url\":\"https:\/\/www.visit-ulcinj.com\/blog\/2009\/05\/01\/ne-ulqin-u-promovua-libri-i-alfred-moisiut\/\",\"name\":\"Video - N\u00eb Ulqin u promovua libri i Alfred Moisiut - Lajme nga Ulqini\",\"isPartOf\":{\"@id\":\"https:\/\/www.visit-ulcinj.com\/blog\/#website\"},\"primaryImageOfPage\":{\"@id\":\"https:\/\/www.visit-ulcinj.com\/blog\/2009\/05\/01\/ne-ulqin-u-promovua-libri-i-alfred-moisiut\/#primaryimage\"},\"datePublished\":\"2009-05-01T17:55:31+00:00\",\"dateModified\":\"2009-05-05T16:37:35+00:00\",\"author\":{\"@id\":\"https:\/\/www.visit-ulcinj.com\/blog\/#\/schema\/person\/dcab619c614d3038751c63bc2aadc06d\"},\"description\":\"Moisiu publikon \u201cKujtimet e nj\u00eb presidenti\u201d \u201cKujtimet\u201d e ish-presidentit Alfred Moisiut \u201cAutori n\u00eb k\u00ebt\u00eb lib\u00ebr ka trajtuar gjenez\u00ebn, prejardhjen, jet\u00ebn dhe\",\"breadcrumb\":{\"@id\":\"https:\/\/www.visit-ulcinj.com\/blog\/2009\/05\/01\/ne-ulqin-u-promovua-libri-i-alfred-moisiut\/#breadcrumb\"},\"inLanguage\":\"en-US\",\"potentialAction\":[{\"@type\":\"ReadAction\",\"target\":[\"https:\/\/www.visit-ulcinj.com\/blog\/2009\/05\/01\/ne-ulqin-u-promovua-libri-i-alfred-moisiut\/\"]}]},{\"@type\":\"BreadcrumbList\",\"@id\":\"https:\/\/www.visit-ulcinj.com\/blog\/2009\/05\/01\/ne-ulqin-u-promovua-libri-i-alfred-moisiut\/#breadcrumb\",\"itemListElement\":[{\"@type\":\"ListItem\",\"position\":1,\"name\":\"Video &#8211; N\u00eb Ulqin u promovua libri i Alfred Moisiut\"}]},{\"@type\":\"Person\",\"@id\":\"https:\/\/www.visit-ulcinj.com\/blog\/#\/schema\/person\/dcab619c614d3038751c63bc2aadc06d\",\"name\":\"ulqini\",\"sameAs\":[\"http:\/\/www.visit-ulcinj.com\"],\"url\":\"https:\/\/www.visit-ulcinj.com\/blog\/author\/admin\/\"}]}<\/script>\n<!-- \/ Yoast SEO plugin. -->","yoast_head_json":{"title":"Video - N\u00eb Ulqin u promovua libri i Alfred Moisiut - Lajme nga Ulqini","description":"Moisiu publikon \u201cKujtimet e nj\u00eb presidenti\u201d \u201cKujtimet\u201d e ish-presidentit Alfred Moisiut \u201cAutori n\u00eb k\u00ebt\u00eb lib\u00ebr ka trajtuar gjenez\u00ebn, prejardhjen, jet\u00ebn dhe","robots":{"index":"index","follow":"follow","max-snippet":"max-snippet:-1","max-image-preview":"max-image-preview:large","max-video-preview":"max-video-preview:-1"},"canonical":"https:\/\/www.visit-ulcinj.com\/blog\/2009\/05\/01\/ne-ulqin-u-promovua-libri-i-alfred-moisiut\/","og_locale":"en_US","og_type":"article","og_title":"Video - N\u00eb Ulqin u promovua libri i Alfred Moisiut - Lajme nga Ulqini","og_description":"Moisiu publikon \u201cKujtimet e nj\u00eb presidenti\u201d \u201cKujtimet\u201d e ish-presidentit Alfred Moisiut \u201cAutori n\u00eb k\u00ebt\u00eb lib\u00ebr ka trajtuar gjenez\u00ebn, prejardhjen, jet\u00ebn dhe","og_url":"https:\/\/www.visit-ulcinj.com\/blog\/2009\/05\/01\/ne-ulqin-u-promovua-libri-i-alfred-moisiut\/","og_site_name":"Lajme nga Ulqini","article_published_time":"2009-05-01T17:55:31+00:00","article_modified_time":"2009-05-05T16:37:35+00:00","og_image":[{"url":"http:\/\/www.visit-ulcinj.com\/blog\/wp-content\/uploads\/2009\/05\/ne-ulqin-u-promovua-libri-i-alfred-moisiut.jpg"}],"twitter_misc":{"Written by":"ulqini","Est. reading time":"5 minutes"},"schema":{"@context":"https:\/\/schema.org","@graph":[{"@type":"WebSite","@id":"https:\/\/www.visit-ulcinj.com\/blog\/#website","url":"https:\/\/www.visit-ulcinj.com\/blog\/","name":"Lajme nga Ulqini","description":"Lajme,Vijesti,Ulqini,Ulqin,Crna Gora,Mali i Zi","potentialAction":[{"@type":"SearchAction","target":{"@type":"EntryPoint","urlTemplate":"https:\/\/www.visit-ulcinj.com\/blog\/?s={search_term_string}"},"query-input":"required name=search_term_string"}],"inLanguage":"en-US"},{"@type":"ImageObject","inLanguage":"en-US","@id":"https:\/\/www.visit-ulcinj.com\/blog\/2009\/05\/01\/ne-ulqin-u-promovua-libri-i-alfred-moisiut\/#primaryimage","url":"https:\/\/www.visit-ulcinj.com\/blog\/wp-content\/uploads\/2009\/05\/ne-ulqin-u-promovua-libri-i-alfred-moisiut.jpg","contentUrl":"https:\/\/www.visit-ulcinj.com\/blog\/wp-content\/uploads\/2009\/05\/ne-ulqin-u-promovua-libri-i-alfred-moisiut.jpg","width":"600","height":"496"},{"@type":"WebPage","@id":"https:\/\/www.visit-ulcinj.com\/blog\/2009\/05\/01\/ne-ulqin-u-promovua-libri-i-alfred-moisiut\/#webpage","url":"https:\/\/www.visit-ulcinj.com\/blog\/2009\/05\/01\/ne-ulqin-u-promovua-libri-i-alfred-moisiut\/","name":"Video - N\u00eb Ulqin u promovua libri i Alfred Moisiut - Lajme nga Ulqini","isPartOf":{"@id":"https:\/\/www.visit-ulcinj.com\/blog\/#website"},"primaryImageOfPage":{"@id":"https:\/\/www.visit-ulcinj.com\/blog\/2009\/05\/01\/ne-ulqin-u-promovua-libri-i-alfred-moisiut\/#primaryimage"},"datePublished":"2009-05-01T17:55:31+00:00","dateModified":"2009-05-05T16:37:35+00:00","author":{"@id":"https:\/\/www.visit-ulcinj.com\/blog\/#\/schema\/person\/dcab619c614d3038751c63bc2aadc06d"},"description":"Moisiu publikon \u201cKujtimet e nj\u00eb presidenti\u201d \u201cKujtimet\u201d e ish-presidentit Alfred Moisiut \u201cAutori n\u00eb k\u00ebt\u00eb lib\u00ebr ka trajtuar gjenez\u00ebn, prejardhjen, jet\u00ebn dhe","breadcrumb":{"@id":"https:\/\/www.visit-ulcinj.com\/blog\/2009\/05\/01\/ne-ulqin-u-promovua-libri-i-alfred-moisiut\/#breadcrumb"},"inLanguage":"en-US","potentialAction":[{"@type":"ReadAction","target":["https:\/\/www.visit-ulcinj.com\/blog\/2009\/05\/01\/ne-ulqin-u-promovua-libri-i-alfred-moisiut\/"]}]},{"@type":"BreadcrumbList","@id":"https:\/\/www.visit-ulcinj.com\/blog\/2009\/05\/01\/ne-ulqin-u-promovua-libri-i-alfred-moisiut\/#breadcrumb","itemListElement":[{"@type":"ListItem","position":1,"name":"Video &#8211; N\u00eb Ulqin u promovua libri i Alfred Moisiut"}]},{"@type":"Person","@id":"https:\/\/www.visit-ulcinj.com\/blog\/#\/schema\/person\/dcab619c614d3038751c63bc2aadc06d","name":"ulqini","sameAs":["http:\/\/www.visit-ulcinj.com"],"url":"https:\/\/www.visit-ulcinj.com\/blog\/author\/admin\/"}]}},"jetpack_featured_media_url":"","jetpack_sharing_enabled":true,"jetpack_shortlink":"https:\/\/wp.me\/pe6lTn-58V","_links":{"self":[{"href":"https:\/\/www.visit-ulcinj.com\/blog\/wp-json\/wp\/v2\/posts\/19773"}],"collection":[{"href":"https:\/\/www.visit-ulcinj.com\/blog\/wp-json\/wp\/v2\/posts"}],"about":[{"href":"https:\/\/www.visit-ulcinj.com\/blog\/wp-json\/wp\/v2\/types\/post"}],"author":[{"embeddable":true,"href":"https:\/\/www.visit-ulcinj.com\/blog\/wp-json\/wp\/v2\/users\/1"}],"replies":[{"embeddable":true,"href":"https:\/\/www.visit-ulcinj.com\/blog\/wp-json\/wp\/v2\/comments?post=19773"}],"version-history":[{"count":0,"href":"https:\/\/www.visit-ulcinj.com\/blog\/wp-json\/wp\/v2\/posts\/19773\/revisions"}],"wp:attachment":[{"href":"https:\/\/www.visit-ulcinj.com\/blog\/wp-json\/wp\/v2\/media?parent=19773"}],"wp:term":[{"taxonomy":"category","embeddable":true,"href":"https:\/\/www.visit-ulcinj.com\/blog\/wp-json\/wp\/v2\/categories?post=19773"},{"taxonomy":"post_tag","embeddable":true,"href":"https:\/\/www.visit-ulcinj.com\/blog\/wp-json\/wp\/v2\/tags?post=19773"}],"curies":[{"name":"wp","href":"https:\/\/api.w.org\/{rel}","templated":true}]}}