{"id":198,"date":"2008-01-19T08:11:40","date_gmt":"2008-01-19T13:11:40","guid":{"rendered":"http:\/\/www.visit-ulcinj.com\/blog\/2008\/01\/19\/odbornici-so-ulcinj-usvojili-izmjenu-tarifa-za-komunalne-takse\/"},"modified":"2008-02-26T14:26:18","modified_gmt":"2008-02-26T19:26:18","slug":"odbornici-so-ulcinj-usvojili-izmjenu-tarifa-za-komunalne-takse","status":"publish","type":"post","link":"https:\/\/www.visit-ulcinj.com\/blog\/2008\/01\/19\/odbornici-so-ulcinj-usvojili-izmjenu-tarifa-za-komunalne-takse\/","title":{"rendered":"Odbornici SO Ulcinj usvojili izmjenu tarifa za komunalne takse"},"content":{"rendered":"<p><a href=\"http:\/\/www.visit-ulcinj.com\/blog\/2008\/01\/19\/odbornici-so-ulcinj-usvojili-izmjenu-tarifa-za-komunalne-takse\/nazif-cungu-2\/\" rel=\"attachment wp-att-199\" title=\"Nazif Cungu\"><img loading=\"lazy\" src=\"http:\/\/www.visit-ulcinj.com\/blog\/wp-content\/uploads\/2008\/01\/nazif-cungu-2.jpg\" alt=\"Nazif Cungu\" align=\"left\" height=\"105\" hspace=\"2\" vspace=\"2\" width=\"112\" \/><\/a><strong>Plati pa obra?uj kamen<\/strong><br \/>\nUlcinj &#8211; Skup\u0161tina op\u0161tine Ulcinj, u nastavku sjednice po?ete krajem pro\u0161le godine, usvojila je ve?inom glasova odbornika Koalicije &#8220;Za evropski Ulcinj&#8221; predloge odluka o porezu na zabavne igre i igre na sre?u i izmjenu i dopunu tarife o lokalnim komunalnim taksmama<!--more-->, koja predvi?a lokalnu taksu za preduze?a koja eksploati\u0161u i obra?uju kamen.<br \/>\nUsvajanju predloga odluka prethodila je kra?a rasprava u kojoj je opozicija kritikovala ka\u0161njenje dono\u0161enja odluka, koje su, kako je istaknuto, trebalo da se donesu i po?nu sa implementacijom znatno ranije. Predlaga?u je zamjereno \u0161to nije prihvatio da se odluka o izmjenama i dopunama lokalnih taksi vrati na javnu raspravu. Predsjednik Nove demokratske snage Forca Nazif Cungu potencirao je da se i nedavno usvojena odluka o lokalnim taksama mora mijenjati, jer je \u201eve?ina tarifa koje obra?uje znatno ve?a ?ak i po nekoliko desetina puta?. On je svoje navode potkrijepio podacima i primjerima u kojima je jasno pokazano da lokalni privrednici ali i privrednici sa strane s pravom negoduju.<br \/>\nOdbornici su, ina?e, po?eli raspravu o zavr\u0161nim ra?unima za 2004, 2005. i 2006. godinu, me?utim o tim finansijskim izvje\u0161tajima i nalazu Dr\u017eavne revizorske institucije nije se mnogo diskutovalo. Odbornici Force su naveli da je u zavr\u0161nim ra?unima veliki broj propusta i kr\u0161enja zakona i podzakonskih akata, te da zbog toga ne?e glasati za njih. I odbornici PDP-a, stranke koja podr\u017eava vladaju?u koaliciju, istakli su da ne?e glasati za zavr\u0161ne ra?une, obrazla\u017eu?i to ?injenicom da su zbog nezakonitih radnji svojevremeno pokrenuli interpelaciju protiv biv\u0161eg predsjednika SO Ulcinj Fuada Nimanija.<a href=\"http:\/\/www.visit-ulcinj.com\/blog\/2008\/01\/19\/odbornici-so-ulcinj-usvojili-izmjenu-tarifa-za-komunalne-takse\/luigj-shkrela\/\" rel=\"attachment wp-att-200\" title=\"Luigj Shkrela\"><img loading=\"lazy\" src=\"http:\/\/www.visit-ulcinj.com\/blog\/wp-content\/uploads\/2008\/01\/luigj-shkreli-2.jpg\" alt=\"Luigj Shkrela\" align=\"right\" height=\"111\" hspace=\"2\" vspace=\"2\" width=\"123\" \/><\/a> Predsjednik OO DPS-a i odbornik Lui? \u0160krelja zalo\u017eio se da se usvoji zajedni?ki zaklju?ak po tom pitanju, ali se usprotivio tra\u017eenju krivca, isti?u?i kako jedan ?ovjek ne mo\u017ee biti odgovoran.<br \/>\n&#8211; Spremni smo da o tome diskutujemo, na?emo zajedni?ki stav i stavimo ta?ku na vrijeme koje je odavno iza nas &#8211; rekao je \u0160krelja.<br \/>\nLokalni parlament nastavalja rad u utorak, kada ?e se nastaviti rasprava o zavr\u0161nim ra?unima.<\/p>\n<p>M.K<\/p>\n","protected":false},"excerpt":{"rendered":"<p><img loading=\"lazy\" src=\"http:\/\/www.visit-ulcinj.com\/blog\/wp-content\/uploads\/2008\/01\/nazif-cungu-2.jpg\" alt=\"Nazif Cungu\" align=\"left\" height=\"140\" width=\"140\" \/><\/p>\n","protected":false},"author":1,"featured_media":0,"comment_status":"open","ping_status":"closed","sticky":false,"template":"","format":"standard","meta":{"spay_email":"","jetpack_publicize_message":"","jetpack_is_tweetstorm":false,"jetpack_publicize_feature_enabled":true},"categories":[1],"tags":[514,117,1434,1799,1558,19],"jetpack_publicize_connections":[],"yoast_head":"<!-- This site is optimized with the Yoast SEO plugin v19.1 - https:\/\/yoast.com\/wordpress\/plugins\/seo\/ -->\n<title>Odbornici SO Ulcinj usvojili izmjenu tarifa za komunalne takse - Lajme nga Ulqini<\/title>\n<meta name=\"robots\" content=\"index, follow, max-snippet:-1, max-image-preview:large, max-video-preview:-1\" \/>\n<link rel=\"canonical\" href=\"https:\/\/www.visit-ulcinj.com\/blog\/2008\/01\/19\/odbornici-so-ulcinj-usvojili-izmjenu-tarifa-za-komunalne-takse\/\" \/>\n<meta property=\"og:locale\" content=\"en_US\" \/>\n<meta property=\"og:type\" content=\"article\" \/>\n<meta property=\"og:title\" content=\"Odbornici SO Ulcinj usvojili izmjenu tarifa za komunalne takse - Lajme nga Ulqini\" \/>\n<meta property=\"og:url\" content=\"https:\/\/www.visit-ulcinj.com\/blog\/2008\/01\/19\/odbornici-so-ulcinj-usvojili-izmjenu-tarifa-za-komunalne-takse\/\" \/>\n<meta property=\"og:site_name\" content=\"Lajme nga Ulqini\" \/>\n<meta property=\"article:published_time\" content=\"2008-01-19T13:11:40+00:00\" \/>\n<meta property=\"article:modified_time\" content=\"2008-02-26T19:26:18+00:00\" \/>\n<meta property=\"og:image\" content=\"http:\/\/www.visit-ulcinj.com\/blog\/wp-content\/uploads\/2008\/01\/nazif-cungu-2.jpg\" \/>\n<meta name=\"twitter:label1\" content=\"Written by\" \/>\n\t<meta name=\"twitter:data1\" content=\"ulqini\" \/>\n\t<meta name=\"twitter:label2\" content=\"Est. reading time\" \/>\n\t<meta name=\"twitter:data2\" content=\"2 minutes\" \/>\n<script type=\"application\/ld+json\" class=\"yoast-schema-graph\">{\"@context\":\"https:\/\/schema.org\",\"@graph\":[{\"@type\":\"WebSite\",\"@id\":\"https:\/\/www.visit-ulcinj.com\/blog\/#website\",\"url\":\"https:\/\/www.visit-ulcinj.com\/blog\/\",\"name\":\"Lajme nga Ulqini\",\"description\":\"Lajme,Vijesti,Ulqini,Ulqin,Crna Gora,Mali i Zi\",\"potentialAction\":[{\"@type\":\"SearchAction\",\"target\":{\"@type\":\"EntryPoint\",\"urlTemplate\":\"https:\/\/www.visit-ulcinj.com\/blog\/?s={search_term_string}\"},\"query-input\":\"required name=search_term_string\"}],\"inLanguage\":\"en-US\"},{\"@type\":\"ImageObject\",\"inLanguage\":\"en-US\",\"@id\":\"https:\/\/www.visit-ulcinj.com\/blog\/2008\/01\/19\/odbornici-so-ulcinj-usvojili-izmjenu-tarifa-za-komunalne-takse\/#primaryimage\",\"url\":\"http:\/\/www.visit-ulcinj.com\/blog\/wp-content\/uploads\/2008\/01\/nazif-cungu-2.jpg\",\"contentUrl\":\"http:\/\/www.visit-ulcinj.com\/blog\/wp-content\/uploads\/2008\/01\/nazif-cungu-2.jpg\"},{\"@type\":\"WebPage\",\"@id\":\"https:\/\/www.visit-ulcinj.com\/blog\/2008\/01\/19\/odbornici-so-ulcinj-usvojili-izmjenu-tarifa-za-komunalne-takse\/#webpage\",\"url\":\"https:\/\/www.visit-ulcinj.com\/blog\/2008\/01\/19\/odbornici-so-ulcinj-usvojili-izmjenu-tarifa-za-komunalne-takse\/\",\"name\":\"Odbornici SO Ulcinj usvojili izmjenu tarifa za komunalne takse - Lajme nga Ulqini\",\"isPartOf\":{\"@id\":\"https:\/\/www.visit-ulcinj.com\/blog\/#website\"},\"primaryImageOfPage\":{\"@id\":\"https:\/\/www.visit-ulcinj.com\/blog\/2008\/01\/19\/odbornici-so-ulcinj-usvojili-izmjenu-tarifa-za-komunalne-takse\/#primaryimage\"},\"datePublished\":\"2008-01-19T13:11:40+00:00\",\"dateModified\":\"2008-02-26T19:26:18+00:00\",\"author\":{\"@id\":\"https:\/\/www.visit-ulcinj.com\/blog\/#\/schema\/person\/dcab619c614d3038751c63bc2aadc06d\"},\"breadcrumb\":{\"@id\":\"https:\/\/www.visit-ulcinj.com\/blog\/2008\/01\/19\/odbornici-so-ulcinj-usvojili-izmjenu-tarifa-za-komunalne-takse\/#breadcrumb\"},\"inLanguage\":\"en-US\",\"potentialAction\":[{\"@type\":\"ReadAction\",\"target\":[\"https:\/\/www.visit-ulcinj.com\/blog\/2008\/01\/19\/odbornici-so-ulcinj-usvojili-izmjenu-tarifa-za-komunalne-takse\/\"]}]},{\"@type\":\"BreadcrumbList\",\"@id\":\"https:\/\/www.visit-ulcinj.com\/blog\/2008\/01\/19\/odbornici-so-ulcinj-usvojili-izmjenu-tarifa-za-komunalne-takse\/#breadcrumb\",\"itemListElement\":[{\"@type\":\"ListItem\",\"position\":1,\"name\":\"Odbornici SO Ulcinj usvojili izmjenu tarifa za komunalne takse\"}]},{\"@type\":\"Person\",\"@id\":\"https:\/\/www.visit-ulcinj.com\/blog\/#\/schema\/person\/dcab619c614d3038751c63bc2aadc06d\",\"name\":\"ulqini\",\"sameAs\":[\"http:\/\/www.visit-ulcinj.com\"],\"url\":\"https:\/\/www.visit-ulcinj.com\/blog\/author\/admin\/\"}]}<\/script>\n<!-- \/ Yoast SEO plugin. -->","yoast_head_json":{"title":"Odbornici SO Ulcinj usvojili izmjenu tarifa za komunalne takse - Lajme nga Ulqini","robots":{"index":"index","follow":"follow","max-snippet":"max-snippet:-1","max-image-preview":"max-image-preview:large","max-video-preview":"max-video-preview:-1"},"canonical":"https:\/\/www.visit-ulcinj.com\/blog\/2008\/01\/19\/odbornici-so-ulcinj-usvojili-izmjenu-tarifa-za-komunalne-takse\/","og_locale":"en_US","og_type":"article","og_title":"Odbornici SO Ulcinj usvojili izmjenu tarifa za komunalne takse - Lajme nga Ulqini","og_url":"https:\/\/www.visit-ulcinj.com\/blog\/2008\/01\/19\/odbornici-so-ulcinj-usvojili-izmjenu-tarifa-za-komunalne-takse\/","og_site_name":"Lajme nga Ulqini","article_published_time":"2008-01-19T13:11:40+00:00","article_modified_time":"2008-02-26T19:26:18+00:00","og_image":[{"url":"http:\/\/www.visit-ulcinj.com\/blog\/wp-content\/uploads\/2008\/01\/nazif-cungu-2.jpg"}],"twitter_misc":{"Written by":"ulqini","Est. reading time":"2 minutes"},"schema":{"@context":"https:\/\/schema.org","@graph":[{"@type":"WebSite","@id":"https:\/\/www.visit-ulcinj.com\/blog\/#website","url":"https:\/\/www.visit-ulcinj.com\/blog\/","name":"Lajme nga Ulqini","description":"Lajme,Vijesti,Ulqini,Ulqin,Crna Gora,Mali i Zi","potentialAction":[{"@type":"SearchAction","target":{"@type":"EntryPoint","urlTemplate":"https:\/\/www.visit-ulcinj.com\/blog\/?s={search_term_string}"},"query-input":"required name=search_term_string"}],"inLanguage":"en-US"},{"@type":"ImageObject","inLanguage":"en-US","@id":"https:\/\/www.visit-ulcinj.com\/blog\/2008\/01\/19\/odbornici-so-ulcinj-usvojili-izmjenu-tarifa-za-komunalne-takse\/#primaryimage","url":"http:\/\/www.visit-ulcinj.com\/blog\/wp-content\/uploads\/2008\/01\/nazif-cungu-2.jpg","contentUrl":"http:\/\/www.visit-ulcinj.com\/blog\/wp-content\/uploads\/2008\/01\/nazif-cungu-2.jpg"},{"@type":"WebPage","@id":"https:\/\/www.visit-ulcinj.com\/blog\/2008\/01\/19\/odbornici-so-ulcinj-usvojili-izmjenu-tarifa-za-komunalne-takse\/#webpage","url":"https:\/\/www.visit-ulcinj.com\/blog\/2008\/01\/19\/odbornici-so-ulcinj-usvojili-izmjenu-tarifa-za-komunalne-takse\/","name":"Odbornici SO Ulcinj usvojili izmjenu tarifa za komunalne takse - Lajme nga Ulqini","isPartOf":{"@id":"https:\/\/www.visit-ulcinj.com\/blog\/#website"},"primaryImageOfPage":{"@id":"https:\/\/www.visit-ulcinj.com\/blog\/2008\/01\/19\/odbornici-so-ulcinj-usvojili-izmjenu-tarifa-za-komunalne-takse\/#primaryimage"},"datePublished":"2008-01-19T13:11:40+00:00","dateModified":"2008-02-26T19:26:18+00:00","author":{"@id":"https:\/\/www.visit-ulcinj.com\/blog\/#\/schema\/person\/dcab619c614d3038751c63bc2aadc06d"},"breadcrumb":{"@id":"https:\/\/www.visit-ulcinj.com\/blog\/2008\/01\/19\/odbornici-so-ulcinj-usvojili-izmjenu-tarifa-za-komunalne-takse\/#breadcrumb"},"inLanguage":"en-US","potentialAction":[{"@type":"ReadAction","target":["https:\/\/www.visit-ulcinj.com\/blog\/2008\/01\/19\/odbornici-so-ulcinj-usvojili-izmjenu-tarifa-za-komunalne-takse\/"]}]},{"@type":"BreadcrumbList","@id":"https:\/\/www.visit-ulcinj.com\/blog\/2008\/01\/19\/odbornici-so-ulcinj-usvojili-izmjenu-tarifa-za-komunalne-takse\/#breadcrumb","itemListElement":[{"@type":"ListItem","position":1,"name":"Odbornici SO Ulcinj usvojili izmjenu tarifa za komunalne takse"}]},{"@type":"Person","@id":"https:\/\/www.visit-ulcinj.com\/blog\/#\/schema\/person\/dcab619c614d3038751c63bc2aadc06d","name":"ulqini","sameAs":["http:\/\/www.visit-ulcinj.com"],"url":"https:\/\/www.visit-ulcinj.com\/blog\/author\/admin\/"}]}},"jetpack_featured_media_url":"","jetpack_sharing_enabled":true,"jetpack_shortlink":"https:\/\/wp.me\/pe6lTn-3c","_links":{"self":[{"href":"https:\/\/www.visit-ulcinj.com\/blog\/wp-json\/wp\/v2\/posts\/198"}],"collection":[{"href":"https:\/\/www.visit-ulcinj.com\/blog\/wp-json\/wp\/v2\/posts"}],"about":[{"href":"https:\/\/www.visit-ulcinj.com\/blog\/wp-json\/wp\/v2\/types\/post"}],"author":[{"embeddable":true,"href":"https:\/\/www.visit-ulcinj.com\/blog\/wp-json\/wp\/v2\/users\/1"}],"replies":[{"embeddable":true,"href":"https:\/\/www.visit-ulcinj.com\/blog\/wp-json\/wp\/v2\/comments?post=198"}],"version-history":[{"count":0,"href":"https:\/\/www.visit-ulcinj.com\/blog\/wp-json\/wp\/v2\/posts\/198\/revisions"}],"wp:attachment":[{"href":"https:\/\/www.visit-ulcinj.com\/blog\/wp-json\/wp\/v2\/media?parent=198"}],"wp:term":[{"taxonomy":"category","embeddable":true,"href":"https:\/\/www.visit-ulcinj.com\/blog\/wp-json\/wp\/v2\/categories?post=198"},{"taxonomy":"post_tag","embeddable":true,"href":"https:\/\/www.visit-ulcinj.com\/blog\/wp-json\/wp\/v2\/tags?post=198"}],"curies":[{"name":"wp","href":"https:\/\/api.w.org\/{rel}","templated":true}]}}