{"id":1980,"date":"2008-06-12T14:44:15","date_gmt":"2008-06-12T19:44:15","guid":{"rendered":"http:\/\/www.visit-ulcinj.com\/blog\/?p=1980"},"modified":"2008-06-12T14:45:31","modified_gmt":"2008-06-12T19:45:31","slug":"predsjednik-nvo-%e2%80%98%e2%80%99zeleni-korak%e2%80%9d-dzeljal-hodzic-upozorava","status":"publish","type":"post","link":"https:\/\/www.visit-ulcinj.com\/blog\/2008\/06\/12\/predsjednik-nvo-%e2%80%98%e2%80%99zeleni-korak%e2%80%9d-dzeljal-hodzic-upozorava\/","title":{"rendered":"Predsjednik NVO \u2018\u2019ZELENI KORAK\u201d, D\u017eeljal Hod\u017ei?, upozorava"},"content":{"rendered":"<p><a href=\"http:\/\/www.visit-ulcinj.com\/blog\/wp-content\/uploads\/2008\/06\/dzelal-hodzic_ulcinj.jpg\"><img loading=\"lazy\" class=\"alignleft attachment wp-att-1981\" style=\"float: left;\" src=\"http:\/\/www.visit-ulcinj.com\/blog\/wp-content\/uploads\/2008\/06\/dzelal-hodzic_ulcinj.thumbnail.jpg\" alt=\"D\u017eeljal Hod\u017ei?_ULCINJ\" width=\"204\" height=\"313\" \/><\/a><strong>Crne ekolo\u0161ke ta?ke miniraju turizam u Ulcinju<\/strong><br \/>\nNema napretka ako uni\u0161tavamo ono \u0161to smo naslijedili od na\u0161ih predaka, a pozajmili od potomaka, nagla\u0161ava Hod\u017ei?<br \/>\nUlcinj je poznat po prirodnim potencijalima koji ?e, ako se budu pravilno valorizovali, biti idelani za razvoj visokog, odnosno elitnog turizma. Postoje me?utim prostorni, ekolo\u0161ki problemi koji ozbiljno prijete da ugroze ?itav proces. Crne ekolo\u0161ke ta?ke najju\u017enije op\u0161tine kanal Port Milena, rje?ica Bratica i kanal Brdela opominju da goru?a pitanja jo\u0161 nijesu po?ela da se re\u0161avaju. Najaktivniji ekolog, jedan od osniva?a ekolo\u0161kog pokreta u Ulcinju i predsjedniik NVO \u201eZeleni korak\u201c D\u017eeljal Hod\u017ei? smatra da Ulcinj ne mo\u017ee da o?ekuje brz razvoj i investicije ako se nastavi ignorisanje postoje?ih problema u prostoru.<br \/>\n\u2013Elitni turizam ne ide sa otvorenim fekalnim vodama, deponijama opasnog otpada i naru\u0161enim prirodnim skladom u zonama koje su predvi?ene za turisti?ku valorizaciju. Ne mo\u017eemo se nadati Dubaiju na Velikoj pla\u017ei, ako u blizini imamo kanal Port Milenu, u stanju u kakvom je trenutno. Ta lokacija je od najve?eg mrestili\u0161ta ribe na Jadranu postala septi?ka jama i najve?a je crna ekolo\u0161ka ta?ka Ulcinja. \u0160ta mo\u017eemo o?ekivati kada je evidentno uni\u0161tavanje \u0161uma u zale?u Velike pla\u017ee i padinama brda Pinje\u0161, kada nestaju jedinstvene pje\u0161?ane dine, a rijeka Bojana od naj?istije postaje voda tre?e kategorije koja na obalu donosi tone sme?a i opasnog otpada. Ve? 15 godina ekolozi upozoravaju na te probleme, ali lokalne strukture vlasti i nadle\u017eni dr\u017eavni organi ni\u0161ta ne preduzimaju. Umjesto konkretnih projekata, imamo situaciju da se sve ?e\u0161?e javljaju<a href=\"http:\/\/www.visit-ulcinj.com\/blog\/wp-content\/uploads\/2008\/06\/velika-plaza_ulcinj_montenegro1.jpg\"><img loading=\"lazy\" class=\"alignright attachment wp-att-1914\" style=\"float: right;\" src=\"http:\/\/www.visit-ulcinj.com\/blog\/wp-content\/uploads\/2008\/06\/velika-plaza_ulcinj_montenegro1.thumbnail.jpg\" alt=\"velika plaza_ulcinj_montenegro\" width=\"200\" height=\"133\" \/><\/a> pomori ribe, su\u017eavaju se obale kanala, a u\u0161?e koje se nalazi na po?etku Velike pla\u017ee prakti?no je zatvorenmo deponovanjem velike koli?ine \u0161uta koji odla\u017eu gra?evinari. Preko kanala Brdela i rje?ice Bratice najve?i dio gradske kanalizacije dospijeva u Port Milenu. Podaci koje imamo govore da ima preko 70 direktnih ispusta otpadnih voda. Projektom koji je prije nekoliko godina izradila beogradska firma &#8221;Baning&#8221;, rijeka Bratica je ozna?ena kao najve?i zaga?iva? Port Milene. Ni\u0161ta manje kanal ne zaga?uju kanalizacioni ispusti HTP &#8221;Ulcinjska rivijera&#8221; preko kojih se, naro?ito tokom turisti?ke sezone, u tu nekad najve?u atrakciju najju\u017enijeg crnogorskog rada, ulivaju na tone fekalija. Jo\u0161 stra\u0161nije je \u0161to vodotocima u kanal sti\u017eu i tone motornog ulja iz desetak servisa koji se nalaze u blizini Bratice, ka\u017ee Hod\u017ei?.<br \/>\nPrema njegovim rije?ima, problema ima jo\u0161, a najvi\u0161e brinu uni\u0161tavanje \u0161ume u zale?u Velike pla\u017ee i na obali mora i nestanak pje\u0161?anih dina koje na crnogorskoj obali ima samo Ulcinj.<br \/>\n<a href=\"http:\/\/www.visit-ulcinj.com\/blog\/wp-content\/uploads\/2008\/06\/rijeka-bojana.jpg\"><img loading=\"lazy\" class=\"alignleft attachment wp-att-1982\" style=\"float: left;\" src=\"http:\/\/www.visit-ulcinj.com\/blog\/wp-content\/uploads\/2008\/06\/rijeka-bojana.thumbnail.jpg\" alt=\"OTPAD NA RIJEKU BOJANU\" width=\"200\" height=\"150\" \/><\/a>-Rijeka Bojana ugro\u017eena je otpadom, posebno medicinskim koji je u vi\u0161e navrata prona?en na obalama. Taj posebno opasan otpad sti\u017ee iz Albanije, jer se deponuje u blizini rijeke. Bojana je nekad bila toliko ?ista da se mogla piti voda iz nje, a danas je to voda druge i tre?e kategorije. Na dijelu obale od Starog grada ka Valdanosu gra?evinsla ekspanzija izazvala je odlaganje tona i tona materijala u more i ugro\u017eavanje ekosistema tog dijela obale, odnosno kvaliteta vode. ?itav prostor se mijenja veoma brzo pod uticajem neodgovrnih pojedinaca i nadle\u017enih organa koji sve to nijemo posmatraju. Zar treba o?ekivati da ?e neko ulo\u017eiti veliki novac u potro\u0161en i uni\u0161ten prostor?! Ako se tome ne stane na kraj, pla\u0161im se da ne mo\u017eemo o?ekivati ni\u0161ta dobro , upozorava Hod\u017ei?, isti?u?i da je prioritet revitalizacija Port Milene. Taj proces, smatra on, mora po?eti utvr?ivanjem nadle\u017enosti, a nadle\u017eni za re\u0161avanje tog pitanja trebalo bi da budu organi lokalne uprave.<br \/>\n-Pomo? moraju pru\u017eiti resorna ministarstva, konkretno Ministarstvo poljoprivrede, \u0161umarstava i vodoprivrede, kao i Ministarstvo za\u0161titne \u017eivotne sredine. Spas za Port Milenu je izgradnja kolektora na Velikoj pla\u017ei i priklju?enje svih objekata na kanalizacionu mre\u017eu. Za one objekte, za koje se utvrdi da ne mogu biti priklju?eni na kanalizaciju, moraju se izgraditi posebne nepropusne septi?ke jame. Nakon toga treba rije\u0161iti problem rijeke Bratice i kanala Brdela, te krenuti u projekat spajanja Port Milene s rijekom Bojanom, nagla\u0161ava Hod\u017ei?.<br \/>\nKako isti?e, Ulcinj u budu?nosti ne bi trebalo da privu?e nijedan cent investicija ukoliko nema razra?en plan re\u0161avanja postoje?ih i spre?avanja nastanka novih ekolo\u0161kih problema.<br \/>\n-Ako se bude gledao samo ekonomski momenat, a ekologija spominjala jedino na papiru ovaj prostor bi?e uni\u0161ten zauvijek. Takav razvoj te\u0161ko da odgovara bilo kome, jer nema napretka ako uni\u0161tavamo ono \u0161to smo naslijedili od na\u0161ih predaka, a pozajmili od potomaka, zaklju?uje Hod\u017ei?.<a href=\"http:\/\/www.visit-ulcinj.com\/blog\/wp-content\/uploads\/2008\/06\/kanal-bojana_port-milena_velika-plaza1.jpg\"><img loading=\"lazy\" class=\"alignright attachment wp-att-1983\" style=\"float: right;\" src=\"http:\/\/www.visit-ulcinj.com\/blog\/wp-content\/uploads\/2008\/06\/kanal-bojana_port-milena_velika-plaza1.thumbnail.jpg\" alt=\"Kanal Bojana_Port Milena_VELIKA PLAZA\" width=\"232\" height=\"154\" \/><\/a><br \/>\n<strong>Kanal Bojana-Port Milena<\/strong><br \/>\nOsnovna ideja izgradnje kanala Bojana -Port Milena je da se njihovim spajanjem dobije protok vode izme?u 2,5 i 15 kubika u sekundi. Time bi se stvorila izmjena i kanalom bi dnevno proticalo 750 hiljada metara kubnih vode. To je upravo koli?ina koju sada ima zajezerena voda u Port Mileni i okolnim kanalima. S obirom da se to odnosi na srednji proticaj, u toku ni\u017eeg vodostaja, naprimjer tokom ljeta, voda bi se mijenjala svakih dva dana. Tako?e, voda iz Bojane bi na u\u0161?u kanala u more, kod Rta ?erane, sama sebi otvorala put tako da se ne bi de\u0161avalo da se kanal usled plime ili juga za?epi. To zna?i da bi se u kanalu uvijek nalazila svje\u017ea voda i samim tim bi se vratio \u017eivot u taj akvatorij. Ulcinj bi opet imao bogato lovi\u0161te i, prije svega, veliku prirodnu atrakciju. Projekat je jo\u0161 2000. godine uradio in\u017eenjer iz Ulcinja Lazar Ban, ali do realizacije nije do\u0161lo, jer lokalna vlast nije mogla da obezbijedi zemlji\u0161te za pro\u0161irenje kanala.<br \/>\n<strong>M.Kne\u017eevi?<br \/>\nIzvor \/RevijaD<\/strong><\/p>\n<!-- vimeo error: not a vimeo video -->\n<p><a class=\"aligncenter\" title=\"Apatin,  Aran?elovac,  ?uprija,  ?a?ak,  ?apljina,  ?itluk,  \u0160abac,  \u0160ipovo,  \u0160iroki Brijeg,  \u017dep?e,  \u017divinice,  Ba?ka Palanka,  Banja Luka,  Banovi?i,  Be?ej,  beograd,  Biha?,  Bijeljina,  Bor,  Bor?a,  Bosanska Gradi\u0161ka,  Bosanska Krupa,  Bosanski \u0160amac,  Bosanski Brod,  Bosanski Novi,  Br?ko,  Bu\u017eim,  Bugojno,  Cazin,  Crna Gora,  Derventa,  Doboj,  Donji Vakuf,  Drvar,  Dubrovnik,  Fo?a,  Fojnica,  Glamo?,  Gora\u017ede,  Gornji Milanovac,  Gornji Vakuf,  gostivar,  Gra?anica,  Grada?ac,  Gradiska,  Grahovo,  Had\u017ei?i,  Ilid\u017ea,  In?ija,  Jablanica,  Jagodina,  Jajce,  Kakanj,  Kalu?erica,  Kikinda,  Klju?,  Konjic,Vacation Apartments Room in Ulcinj,Unterkunft in Ulcinj Montenegro,Vacations in Ulcinj,your holiday discount price ulcinj,Ulcinj Apartments Holiday,holiday vacation apartment ulcinj,Real Estate Property Vacation ulcinj,Holiday accommodation ulcinj,ulcinj Holiday Villas and Apartments ,Hotels and Resorts - Ulcinj, Kotor Varo\u0161,  Kragujevac,  Kraljevo,  Kru\u0161evac,  Kula,  Kupres,  Lakta\u0161i,  Lazarevac,  Leskovac,  Livno,  Ljubinje,  ljublana,  Ljubu\u0161ki,  Loznica,  Lukavac,  Maglaj,  Mladenovac,  Modri?a,  montenegro erlajnz,  mostar,  Mrkonji? Grad,  Neum,  Ni\u0161,  Novi Pazar,  Novi Sad,  Novi Travnik,  Obrenovac,  Od\u017eak,  ohrid,  Ora\u0161je,  Pale,  Pan?evo,  Para?in,  Pirot,  Po\u017earevac,  Podgorica,  Priboj,  Prijedor,  Prokuplje,  Prozor,  pula,  rijeka,  Ruma,  Sanski Most,  Sarajevo,  Senta,  serbija,  sibenik,  skopje,  Smederevo,  Smederevska Palanka,  Sokolac,  Sombor,  split,  Srebrenica,  Srebrenik,  Sremska Mitrovica,  Stolac,  Struga,  Subotica,  Temerin,  Tesli?,  tetovo,  Travnik,  Trebinje,  tuzla,  U\u017eice,  ulcinj,  Valjevo,  Velika Kladu\u0161a,  Vi\u0161egrad,  Visoko,  Vitez,  Vogo\u0161?a,  vojvodina,  Vranje,  Vr\u0161ac,  Vrbas,  zadar,  Zagreb,  Zaje?ar,  Zavidovi?i,  Zenica,  Zrenjanin,  Zvornik,copacabana ulcinj,  h\u00f4tels,  hotel ulqin,  Kosova,  Mali i Zi,  Maqedonija,  Montenegro,  montenegro tourisme plage,  montenegro ulcinj,  Shpallje Falas,  Shpallje Falas per shitjen e shtepis se juaj,  Shpallje Falas per villat e juaj,  Shpallje Falas Real Estate,  Shpallje Falas turistike,  shqiperija,  tourisme,  Ulci?,  ulcinj,  ulqin,  ulqin hotel,  ulqini,  ulqini 2007,Ada Bojana,  Alba?czyk,  Cita di Dolcino,  Copacabana,  Czarnog\u00f3ra,  Czarnog\u00f3rzec,  Don Kichota,  Ma?a Pla?a,  Mandra,  MIGUEL DE SERVANTES,  p\u00f3?wyspy Marjan,  Pla?a Valdanos,  Rzeka Bojana,  Shas \/ \u0160as \/ Sva?,  Ulci?,  Ulcinjsk? Riwier?,  Wielka Pla?a,  Wyspa Bojana,WELCOME ,BIENVENUE , WILLKOMMEN ,- BENVENUTO ,- MIR\u00cb SE VINI ,- DOBRO DO\u0160LI TO ULCINJ \/ ULQIN ,\u2013 MONTENEGRO ,????? ?????????? ,- VITAJTE, - BRUCHIM HABAYIM ,-V\u00cdTEJTE, - WITAJCIE, - KHOSH \u00c2MAD\u00ceD ,- BITAEMO ,- CHAIRE, - ZAPRASHAJEM ,- V\u00c4LKOMMEN,  - VELKOMMEN ,- DOBRE DOSHLE, - PARI YEGAK ,- SW\u00c2GATAM, - ISTEN HOZTA, - ZAYT VILKUM, - HO?GELDINIZ ,- BIENVENIDOS ,- SUSHRI AKAL, - HUSH KILDEGEZ, - BUN VENIT, - PE KHER RAGLE, - BEM-VINDO, - HUAN YIN ,- BIEN ATI VENI ,- \u00c2SANTU ,- SELAMAT DATANG, - W\u00cbLLKOMM ,- XUSH AMD\u00ceD, - SVEIKI, - HUN BI XER HATIN, - KIRINIZ ,- ENNA ,VISHAYAM ,- MERHABA ,- F\u00c1ILTE, - VELKOMINN ,- VAELKOMIN, - TERE TULEMAST ,- M\u00c4RSHA W\u00daGH\u00cdL ,- MISHTO AVILAN , WELKOM ,- TERVETULOA ,- ONGI ETORRI ,-, REKHIM ITEGEZ ,- XOSH G\u00c4LM\u00ceS\u00c4N, - WILICOM ,- CROESO ,- SHAGATOM, - IRASHAIMASU ,- KEBLAR, - AHUP YAN, - IRKHT ERGANAVIDN, - LUID, - SOHM SW\u00c2KOHM, - URAKAZA ,- KARIBU, - SELAM, - VIDZA ,KORAM -, YEYACHI -, KUSHE - ,BIENVENIDA -, ESIET SVEICINATI ,- FAILT ,- ,KRUPAY\u00c2 \u00c2TUY\u00c2, - MAIEM ,- BENVEGN\u00dcU ,- TAVTAI ,MORIL, - TAMA ,- BENVINUTU ,- SILAMO, - WILUJENG SUMPING ,- MABUHAY ,- GAZHACA \u00cbTISKOM, - DOBRO POZHALOVAT' ,- TISTIK ,- ISIBINGELELO, - BALLE, - INDE TORN LAP ,- SOO DHA WOOW ,- PILIGANIMU, - MALIU MAI, - PASAYKAMOY, - HAERE MAI, - BOYEI BOLAMU ,- BARKA D\u00c1 ZUW\u00c1 ,- W\u00c2CHIY\u00c2 , KOPIVOSIAN ,- SANSOF\u00c9 ,- KALOS ORISATE, - W\u00c4LJKIIMEN ,- ILO LA, - WILKEMEN, - A JARAAMA ,- TUAJ LOS ,- DUMANON CAYO, - ADANAVE ,\u2013 VITAMEVAS , MALI I ZI,CRNA GORA,??????????,???????,??????????, ?ern\u00e1 Hora,TO ULCINJ \/ ULQIN \u2013 MONTENEGRO, Czarnog\u00f3ra, Muntenegru, ????? ????, Montenegr\u00f3,,Holiday ,Beach,Vacation,WELCOME ,BIENVENUE , WILLKOMMEN ,- BENVENUTO ,- MIR\u00cb SE VINI ,- DOBRO DO\u0160LI TO ULCINJ \/ ULQIN ,\u2013 MONTENEGRO ,????? ?????????? ,- VITAJTE, - BRUCHIM HABAYIM ,-V\u00cdTEJTE, - WITAJCIE, - KHOSH \u00c2MAD\u00ceD ,- BITAEMO ,- CHAIRE, - ZAPRASHAJEM ,- V\u00c4LKOMMEN,  - VELKOMMEN ,- DOBRE DOSHLE, - PARI YEGAK ,- SW\u00c2GATAM, - ISTEN HOZTA, - ZAYT VILKUM, - HO?GELDINIZ ,- BIENVENIDOS ,- SUSHRI AKAL, - HUSH KILDEGEZ, - BUN VENIT, - PE KHER RAGLE, - BEM-VINDO, - HUAN YIN ,- BIEN ATI VENI ,- \u00c2SANTU ,- SELAMAT DATANG, - W\u00cbLLKOMM ,- XUSH AMD\u00ceD, - SVEIKI, - HUN BI XER HATIN, - KIRINIZ ,- ENNA ,VISHAYAM ,- MERHABA ,- F\u00c1ILTE, - VELKOMINN ,- VAELKOMIN, - TERE TULEMAST ,- M\u00c4RSHA W\u00daGH\u00cdL ,- MISHTO AVILAN , WELKOM ,- TERVETULOA ,- ONGI ETORRI ,-, REKHIM ITEGEZ ,- XOSH G\u00c4LM\u00ceS\u00c4N, - WILICOM ,- CROESO ,- SHAGATOM, - IRASHAIMASU ,- KEBLAR, - AHUP YAN, - IRKHT ERGANAVIDN, - LUID, - SOHM SW\u00c2KOHM, - URAKAZA ,- KARIBU, - SELAM, - VIDZA ,KORAM -, YEYACHI -, KUSHE - ,BIENVENIDA -, ESIET SVEICINATI ,- FAILT ,- ,KRUPAY\u00c2 \u00c2TUY\u00c2, - MAIEM ,- BENVEGN\u00dcU ,- TAVTAI ,MORIL, - TAMA ,- BENVINUTU ,- SILAMO, - WILUJENG SUMPING ,- MABUHAY ,- GAZHACA \u00cbTISKOM, - DOBRO POZHALOVAT ,- TISTIK ,- ISIBINGELELO, - BALLE, - INDE TORN LAP ,- SOO DHA WOOW ,- PILIGANIMU, - MALIU MAI, - PASAYKAMOY, - HAERE MAI, - BOYEI BOLAMU ,- BARKA D\u00c1 ZUW\u00c1 ,- W\u00c2CHIY\u00c2 , KOPIVOSIAN ,- SANSOF\u00c9 ,- KALOS ORISATE, - W\u00c4LJKIIMEN ,- ILO LA, - WILKEMEN, - A JARAAMA ,- TUAJ LOS ,- DUMANON CAYO, - ADANAVE ,\u2013 VITAMEVAS , MALI I ZI,CRNA GORA,??????????,???????,??????????, ?ern\u00e1 Hora,TO ULCINJ \/ ULQIN,MONTENEGRO, Czarnog\u00f3ra, Muntenegru, ????? ????, Montenegr\u00f3,Adelina Isamajli,  Albaniku,  Artana,  Bujanoci,  Burimi,  Dardana,  Dardan\u00eb,  De\u00e7an,  Dibra,  Drenas,  Drenasi,  Ferizaj,  Ferizaji,  Fush\u00eb Kosova,  Fush\u00eb Kosov\u00eb,  Gjakova,  Gjakov\u00eb,  Gjilan,  Gjilani,  Gostivari,  Istog,  Istog\u00b7,  Ka\u00e7anik,  Ka\u00e7aniku,  Kastrioti,  K\u00ebr\u00e7ova,  Klina,  Klin\u00eb,  Kumanova,  Leposaviq,  Leskovci,  Likova,  Lipjan,  Lipjani,  Malisheva,  Malishev\u00eb,  Manastiri,  Medvegja,  Mitrovica,  Mitrovic\u00eb,  Novob\u00ebrd\u00eb,  Obiliq\u00b7 Rahovec,  Ohri,  Peja,  Pej\u00eb,  Podujeva,  Podujev\u00eb,  Presheva,  Prishtina,  Prishtin\u00eb,  Prizren,  Prizreni,  Rahoveci,  Sharri,  Sharri (Kosov\u00eb),  Shkupi,  Sht\u00ebrpca,  Sht\u00ebrpc\u00eb,  Shtime,  Sk\u00ebnderaj,  Struga,  Tetova,  Theranda,  Therand\u00eb,  Triumf Riza,  Veleshta,  Viti,  Vitia,  Vushtrri,  Vushtrria,  Zubin Potok,  Zubin Potoku,  Zve\u00e7an,  Zve\u00e7ani,villa \u00e0 louer \u00e0 ulcinj, location de vacance, location saisonni\u00e8res, louer villa,location de vacance, Locations vacance, h\u00e9bergements vacances, locations villa, logements de vacances, location maison avec piscine, Location vacance, locations de vacance, h\u00e9bergements de vacances, location villa, locations entre particulier, logements vacance, vacances \u00e0 Mont\u00e9n\u00e9gro - location \u00e0 Ulcinj ,location  de bigorre.\" href=\"http:\/\/www.visit-ulcinj.com\/tourism\/\" target=\"_blank\"><img loading=\"lazy\" style=\"float: right;\" src=\"http:\/\/www.visit-ulcinj.com\/blog\/wp-content\/uploads\/2008\/06\/holiday-rental-ulcinj-ulqini_ulqin_logo.gif\" alt=\"Apatin,  Aran?elovac,  ?uprija,  ?a?ak,  ?apljina,  ?itluk,  \u0160abac,  \u0160ipovo,  \u0160iroki Brijeg,  \u017dep?e,  \u017divinice,  Ba?ka Palanka,  Banja Luka,  Banovi?i,  Be?ej,  beograd,  Biha?,  Bijeljina,  Bor,  Bor?a,  Bosanska Gradi\u0161ka,  Bosanska Krupa,  Bosanski \u0160amac,  Bosanski Brod,  Bosanski Novi,  Br?ko,  Bu\u017eim,  Bugojno,  Cazin,  Crna Gora,  Derventa,  Doboj,  Donji Vakuf,  Drvar,  Dubrovnik,  Fo?a,  Fojnica,  Glamo?,  Gora\u017ede,  Gornji Milanovac,  Gornji Vakuf,  gostivar,  Gra?anica,  Grada?ac,  Gradiska,  Grahovo,  Had\u017ei?i,  Ilid\u017ea,  In?ija,  Jablanica,  Jagodina,  Jajce,  Kakanj,  Kalu?erica,  Kikinda,  Klju?,  Konjic,  Kotor Varo\u0161,  Kragujevac,  Kraljevo,  Kru\u0161evac,  Kula,  Kupres,  Lakta\u0161i,  Lazarevac,  Leskovac,  Livno,  Ljubinje,  ljublana,  Ljubu\u0161ki,  Loznica,  Lukavac,  Maglaj,  Mladenovac,  Modri?a,  montenegro erlajnz,  mostar,  Mrkonji? Grad,  Neum,  Ni\u0161,  Novi Pazar,  Novi Sad,  Novi Travnik,  Obrenovac,  Od\u017eak,  ohrid,  Ora\u0161je,  Pale,  Pan?evo,  Para?in,  Pirot,  Po\u017earevac,  Podgorica,  Priboj,  Prijedor,  Prokuplje,  Prozor,  pula,  rijeka,  Ruma,  Sanski Most,  Sarajevo,  Senta,  serbija,  sibenik,  skopje,  Smederevo,  Smederevska Palanka,  Sokolac,  Sombor,  split,  Srebrenica,  Srebrenik,  Sremska Mitrovica,  Stolac,  Struga,  Subotica,  Temerin,  Tesli?,  tetovo,  Travnik,  Trebinje,  tuzla,  U\u017eice,  ulcinj,  Valjevo,  Velika Kladu\u0161a,  Vi\u0161egrad,  Visoko,  Vitez,  Vogo\u0161?a,  vojvodina,  Vranje,  Vr\u0161ac,  Vrbas,  zadar,  Zagreb,  Zaje?ar,  Zavidovi?i,  Zenica,  Zrenjanin,  Zvornik,copacabana ulcinj,  h\u00f4tels,  hotel ulqin,  Kosova,  Mali i Zi,  Maqedonija,  Montenegro,  montenegro tourisme plage,  montenegro ulcinj,  Shpallje Falas,  Shpallje Falas per shitjen e shtepis se juaj,  Shpallje Falas per villat e juaj,  Shpallje Falas Real Estate,  Shpallje Falas turistike,  shqiperija,  tourisme,  Ulci?,  ulcinj,  ulqin,  ulqin hotel,  ulqini,  ulqini 2007,Ada Bojana,  Alba?czyk,  Cita di Dolcino,  Copacabana,  Czarnog\u00f3ra,  Czarnog\u00f3rzec,  Don Kichota,  Ma?a Pla?a,  Mandra,  MIGUEL DE SERVANTES,  p\u00f3?wyspy Marjan,  Pla?a Valdanos,  Rzeka Bojana,  Shas \/ \u0160as \/ Sva?,  Ulci?,  Ulcinjsk? Riwier?,  Wielka Pla?a,  Wyspa Bojana,GORA,??????????,???????,??????????, ?ern\u00e1 Hora,TO ULCINJ \/ ULQIN,MONTENEGRO, Czarnog\u00f3ra, Muntenegru, ????? ????, Montenegr\u00f3,Adelina Isamajli,  Albaniku,  Artana,  Bujanoci,  Burimi,  Dardana,  Dardan\u00eb,  De\u00e7an,  Dibra,  Drenas,  Drenasi,  Ferizaj,  Ferizaji,  Fush\u00eb Kosova,  Fush\u00eb Kosov\u00eb,  Gjakova,  Gjakov\u00eb,  Gjilan,  Gjilani,  Gostivari,  Istog,  Istog\u00b7,  Ka\u00e7anik,  Ka\u00e7aniku,  Kastrioti,  K\u00ebr\u00e7ova,  Klina,  Klin\u00eb,  Kumanova,  Leposaviq,  Leskovci,  Likova,  Lipjan,  Lipjani,  Malisheva,  Malishev\u00eb,  Manastiri,  Medvegja,  Mitrovica,  Mitrovic\u00eb,  Novob\u00ebrd\u00eb,  Obiliq\u00b7 Rahovec,  Ohri,  Peja,  Pej\u00eb,  Podujeva,  Podujev\u00eb,  Presheva,  Prishtina,  Prishtin\u00eb,  Prizren,  Prizreni,  Rahoveci,  Sharri,  Sharri (Kosov\u00eb),  Shkupi,  Sht\u00ebrpca,  Sht\u00ebrpc\u00eb,  Shtime,  Sk\u00ebnderaj,  Struga,  Tetova,  Theranda,  Therand\u00eb,  Triumf Riza,  Veleshta,  Viti,  Vitia,  Vushtrri,  Vushtrria,  Zubin Potok,  Zubin Potoku,  Zve\u00e7an,  Zve\u00e7ani,villa \u00e0 louer \u00e0 ulcinj, location de vacance, location saisonni\u00e8res, louer villa,location de vacance, Locations vacance, h\u00e9bergements vacances, locations villa, logements de vacances, location maison avec piscine, Location vacance, locations de vacance, h\u00e9bergements de vacances, location villa, locations entre particulier, logements vacance, vacances \u00e0 Mont\u00e9n\u00e9gro - location \u00e0 Ulcinj ,location  de bigorre.\" width=\"510\" height=\"145\" \/><\/a><\/p>\n","protected":false},"excerpt":{"rendered":"<p><img loading=\"lazy\" class=\"attachment wp-att-1981 alignleft\" src=\"http:\/\/www.visit-ulcinj.com\/blog\/wp-content\/uploads\/2008\/06\/dzelal-hodzic_ulcinj.thumbnail.jpg\" alt=\"D\u017eeljal Hod\u017ei?_ULCINJ\" width=\"140\" height=\"140\" \/><\/p>\n","protected":false},"author":1,"featured_media":0,"comment_status":"open","ping_status":"closed","sticky":false,"template":"","format":"standard","meta":{"spay_email":"","jetpack_publicize_message":"","jetpack_is_tweetstorm":false,"jetpack_publicize_feature_enabled":true},"categories":[12,15],"tags":[3905,3903,295,3906,3904],"jetpack_publicize_connections":[],"yoast_head":"<!-- This site is optimized with the Yoast SEO plugin v19.1 - https:\/\/yoast.com\/wordpress\/plugins\/seo\/ -->\n<title>Predsjednik NVO \u2018\u2019ZELENI KORAK\u201d, D\u017eeljal Hod\u017ei?, upozorava - Lajme nga Ulqini<\/title>\n<meta name=\"robots\" content=\"index, follow, max-snippet:-1, max-image-preview:large, max-video-preview:-1\" \/>\n<link rel=\"canonical\" href=\"https:\/\/www.visit-ulcinj.com\/blog\/2008\/06\/12\/predsjednik-nvo-\u2018\u2019zeleni-korak\u201d-dzeljal-hodzic-upozorava\/\" \/>\n<meta property=\"og:locale\" content=\"en_US\" \/>\n<meta property=\"og:type\" content=\"article\" \/>\n<meta property=\"og:title\" content=\"Predsjednik NVO \u2018\u2019ZELENI KORAK\u201d, D\u017eeljal Hod\u017ei?, upozorava - Lajme nga Ulqini\" \/>\n<meta property=\"og:url\" content=\"https:\/\/www.visit-ulcinj.com\/blog\/2008\/06\/12\/predsjednik-nvo-\u2018\u2019zeleni-korak\u201d-dzeljal-hodzic-upozorava\/\" \/>\n<meta property=\"og:site_name\" content=\"Lajme nga Ulqini\" \/>\n<meta property=\"article:published_time\" content=\"2008-06-12T19:44:15+00:00\" \/>\n<meta property=\"article:modified_time\" content=\"2008-06-12T19:45:31+00:00\" \/>\n<meta property=\"og:image\" content=\"http:\/\/www.visit-ulcinj.com\/blog\/wp-content\/uploads\/2008\/06\/dzelal-hodzic_ulcinj.thumbnail.jpg\" \/>\n<meta name=\"twitter:label1\" content=\"Written by\" \/>\n\t<meta name=\"twitter:data1\" content=\"ulqini\" \/>\n\t<meta name=\"twitter:label2\" content=\"Est. reading time\" \/>\n\t<meta name=\"twitter:data2\" content=\"5 minutes\" \/>\n<script type=\"application\/ld+json\" class=\"yoast-schema-graph\">{\"@context\":\"https:\/\/schema.org\",\"@graph\":[{\"@type\":\"WebSite\",\"@id\":\"https:\/\/www.visit-ulcinj.com\/blog\/#website\",\"url\":\"https:\/\/www.visit-ulcinj.com\/blog\/\",\"name\":\"Lajme nga Ulqini\",\"description\":\"Lajme,Vijesti,Ulqini,Ulqin,Crna Gora,Mali i Zi\",\"potentialAction\":[{\"@type\":\"SearchAction\",\"target\":{\"@type\":\"EntryPoint\",\"urlTemplate\":\"https:\/\/www.visit-ulcinj.com\/blog\/?s={search_term_string}\"},\"query-input\":\"required name=search_term_string\"}],\"inLanguage\":\"en-US\"},{\"@type\":\"ImageObject\",\"inLanguage\":\"en-US\",\"@id\":\"https:\/\/www.visit-ulcinj.com\/blog\/2008\/06\/12\/predsjednik-nvo-%e2%80%98%e2%80%99zeleni-korak%e2%80%9d-dzeljal-hodzic-upozorava\/#primaryimage\",\"url\":\"http:\/\/www.visit-ulcinj.com\/blog\/wp-content\/uploads\/2008\/06\/dzelal-hodzic_ulcinj.thumbnail.jpg\",\"contentUrl\":\"http:\/\/www.visit-ulcinj.com\/blog\/wp-content\/uploads\/2008\/06\/dzelal-hodzic_ulcinj.thumbnail.jpg\"},{\"@type\":\"WebPage\",\"@id\":\"https:\/\/www.visit-ulcinj.com\/blog\/2008\/06\/12\/predsjednik-nvo-%e2%80%98%e2%80%99zeleni-korak%e2%80%9d-dzeljal-hodzic-upozorava\/#webpage\",\"url\":\"https:\/\/www.visit-ulcinj.com\/blog\/2008\/06\/12\/predsjednik-nvo-%e2%80%98%e2%80%99zeleni-korak%e2%80%9d-dzeljal-hodzic-upozorava\/\",\"name\":\"Predsjednik NVO \u2018\u2019ZELENI KORAK\u201d, D\u017eeljal Hod\u017ei?, upozorava - Lajme nga Ulqini\",\"isPartOf\":{\"@id\":\"https:\/\/www.visit-ulcinj.com\/blog\/#website\"},\"primaryImageOfPage\":{\"@id\":\"https:\/\/www.visit-ulcinj.com\/blog\/2008\/06\/12\/predsjednik-nvo-%e2%80%98%e2%80%99zeleni-korak%e2%80%9d-dzeljal-hodzic-upozorava\/#primaryimage\"},\"datePublished\":\"2008-06-12T19:44:15+00:00\",\"dateModified\":\"2008-06-12T19:45:31+00:00\",\"author\":{\"@id\":\"https:\/\/www.visit-ulcinj.com\/blog\/#\/schema\/person\/dcab619c614d3038751c63bc2aadc06d\"},\"breadcrumb\":{\"@id\":\"https:\/\/www.visit-ulcinj.com\/blog\/2008\/06\/12\/predsjednik-nvo-%e2%80%98%e2%80%99zeleni-korak%e2%80%9d-dzeljal-hodzic-upozorava\/#breadcrumb\"},\"inLanguage\":\"en-US\",\"potentialAction\":[{\"@type\":\"ReadAction\",\"target\":[\"https:\/\/www.visit-ulcinj.com\/blog\/2008\/06\/12\/predsjednik-nvo-%e2%80%98%e2%80%99zeleni-korak%e2%80%9d-dzeljal-hodzic-upozorava\/\"]}]},{\"@type\":\"BreadcrumbList\",\"@id\":\"https:\/\/www.visit-ulcinj.com\/blog\/2008\/06\/12\/predsjednik-nvo-%e2%80%98%e2%80%99zeleni-korak%e2%80%9d-dzeljal-hodzic-upozorava\/#breadcrumb\",\"itemListElement\":[{\"@type\":\"ListItem\",\"position\":1,\"name\":\"Predsjednik NVO \u2018\u2019ZELENI KORAK\u201d, D\u017eeljal Hod\u017ei?, upozorava\"}]},{\"@type\":\"Person\",\"@id\":\"https:\/\/www.visit-ulcinj.com\/blog\/#\/schema\/person\/dcab619c614d3038751c63bc2aadc06d\",\"name\":\"ulqini\",\"sameAs\":[\"http:\/\/www.visit-ulcinj.com\"],\"url\":\"https:\/\/www.visit-ulcinj.com\/blog\/author\/admin\/\"}]}<\/script>\n<!-- \/ Yoast SEO plugin. -->","yoast_head_json":{"title":"Predsjednik NVO \u2018\u2019ZELENI KORAK\u201d, D\u017eeljal Hod\u017ei?, upozorava - Lajme nga Ulqini","robots":{"index":"index","follow":"follow","max-snippet":"max-snippet:-1","max-image-preview":"max-image-preview:large","max-video-preview":"max-video-preview:-1"},"canonical":"https:\/\/www.visit-ulcinj.com\/blog\/2008\/06\/12\/predsjednik-nvo-\u2018\u2019zeleni-korak\u201d-dzeljal-hodzic-upozorava\/","og_locale":"en_US","og_type":"article","og_title":"Predsjednik NVO \u2018\u2019ZELENI KORAK\u201d, D\u017eeljal Hod\u017ei?, upozorava - Lajme nga Ulqini","og_url":"https:\/\/www.visit-ulcinj.com\/blog\/2008\/06\/12\/predsjednik-nvo-\u2018\u2019zeleni-korak\u201d-dzeljal-hodzic-upozorava\/","og_site_name":"Lajme nga Ulqini","article_published_time":"2008-06-12T19:44:15+00:00","article_modified_time":"2008-06-12T19:45:31+00:00","og_image":[{"url":"http:\/\/www.visit-ulcinj.com\/blog\/wp-content\/uploads\/2008\/06\/dzelal-hodzic_ulcinj.thumbnail.jpg"}],"twitter_misc":{"Written by":"ulqini","Est. reading time":"5 minutes"},"schema":{"@context":"https:\/\/schema.org","@graph":[{"@type":"WebSite","@id":"https:\/\/www.visit-ulcinj.com\/blog\/#website","url":"https:\/\/www.visit-ulcinj.com\/blog\/","name":"Lajme nga Ulqini","description":"Lajme,Vijesti,Ulqini,Ulqin,Crna Gora,Mali i Zi","potentialAction":[{"@type":"SearchAction","target":{"@type":"EntryPoint","urlTemplate":"https:\/\/www.visit-ulcinj.com\/blog\/?s={search_term_string}"},"query-input":"required name=search_term_string"}],"inLanguage":"en-US"},{"@type":"ImageObject","inLanguage":"en-US","@id":"https:\/\/www.visit-ulcinj.com\/blog\/2008\/06\/12\/predsjednik-nvo-%e2%80%98%e2%80%99zeleni-korak%e2%80%9d-dzeljal-hodzic-upozorava\/#primaryimage","url":"http:\/\/www.visit-ulcinj.com\/blog\/wp-content\/uploads\/2008\/06\/dzelal-hodzic_ulcinj.thumbnail.jpg","contentUrl":"http:\/\/www.visit-ulcinj.com\/blog\/wp-content\/uploads\/2008\/06\/dzelal-hodzic_ulcinj.thumbnail.jpg"},{"@type":"WebPage","@id":"https:\/\/www.visit-ulcinj.com\/blog\/2008\/06\/12\/predsjednik-nvo-%e2%80%98%e2%80%99zeleni-korak%e2%80%9d-dzeljal-hodzic-upozorava\/#webpage","url":"https:\/\/www.visit-ulcinj.com\/blog\/2008\/06\/12\/predsjednik-nvo-%e2%80%98%e2%80%99zeleni-korak%e2%80%9d-dzeljal-hodzic-upozorava\/","name":"Predsjednik NVO \u2018\u2019ZELENI KORAK\u201d, D\u017eeljal Hod\u017ei?, upozorava - Lajme nga Ulqini","isPartOf":{"@id":"https:\/\/www.visit-ulcinj.com\/blog\/#website"},"primaryImageOfPage":{"@id":"https:\/\/www.visit-ulcinj.com\/blog\/2008\/06\/12\/predsjednik-nvo-%e2%80%98%e2%80%99zeleni-korak%e2%80%9d-dzeljal-hodzic-upozorava\/#primaryimage"},"datePublished":"2008-06-12T19:44:15+00:00","dateModified":"2008-06-12T19:45:31+00:00","author":{"@id":"https:\/\/www.visit-ulcinj.com\/blog\/#\/schema\/person\/dcab619c614d3038751c63bc2aadc06d"},"breadcrumb":{"@id":"https:\/\/www.visit-ulcinj.com\/blog\/2008\/06\/12\/predsjednik-nvo-%e2%80%98%e2%80%99zeleni-korak%e2%80%9d-dzeljal-hodzic-upozorava\/#breadcrumb"},"inLanguage":"en-US","potentialAction":[{"@type":"ReadAction","target":["https:\/\/www.visit-ulcinj.com\/blog\/2008\/06\/12\/predsjednik-nvo-%e2%80%98%e2%80%99zeleni-korak%e2%80%9d-dzeljal-hodzic-upozorava\/"]}]},{"@type":"BreadcrumbList","@id":"https:\/\/www.visit-ulcinj.com\/blog\/2008\/06\/12\/predsjednik-nvo-%e2%80%98%e2%80%99zeleni-korak%e2%80%9d-dzeljal-hodzic-upozorava\/#breadcrumb","itemListElement":[{"@type":"ListItem","position":1,"name":"Predsjednik NVO \u2018\u2019ZELENI KORAK\u201d, D\u017eeljal Hod\u017ei?, upozorava"}]},{"@type":"Person","@id":"https:\/\/www.visit-ulcinj.com\/blog\/#\/schema\/person\/dcab619c614d3038751c63bc2aadc06d","name":"ulqini","sameAs":["http:\/\/www.visit-ulcinj.com"],"url":"https:\/\/www.visit-ulcinj.com\/blog\/author\/admin\/"}]}},"jetpack_featured_media_url":"","jetpack_sharing_enabled":true,"jetpack_shortlink":"https:\/\/wp.me\/pe6lTn-vW","_links":{"self":[{"href":"https:\/\/www.visit-ulcinj.com\/blog\/wp-json\/wp\/v2\/posts\/1980"}],"collection":[{"href":"https:\/\/www.visit-ulcinj.com\/blog\/wp-json\/wp\/v2\/posts"}],"about":[{"href":"https:\/\/www.visit-ulcinj.com\/blog\/wp-json\/wp\/v2\/types\/post"}],"author":[{"embeddable":true,"href":"https:\/\/www.visit-ulcinj.com\/blog\/wp-json\/wp\/v2\/users\/1"}],"replies":[{"embeddable":true,"href":"https:\/\/www.visit-ulcinj.com\/blog\/wp-json\/wp\/v2\/comments?post=1980"}],"version-history":[{"count":0,"href":"https:\/\/www.visit-ulcinj.com\/blog\/wp-json\/wp\/v2\/posts\/1980\/revisions"}],"wp:attachment":[{"href":"https:\/\/www.visit-ulcinj.com\/blog\/wp-json\/wp\/v2\/media?parent=1980"}],"wp:term":[{"taxonomy":"category","embeddable":true,"href":"https:\/\/www.visit-ulcinj.com\/blog\/wp-json\/wp\/v2\/categories?post=1980"},{"taxonomy":"post_tag","embeddable":true,"href":"https:\/\/www.visit-ulcinj.com\/blog\/wp-json\/wp\/v2\/tags?post=1980"}],"curies":[{"name":"wp","href":"https:\/\/api.w.org\/{rel}","templated":true}]}}