{"id":19809,"date":"2009-05-02T14:29:08","date_gmt":"2009-05-02T12:29:08","guid":{"rendered":"http:\/\/www.visit-ulcinj.com\/blog\/?p=19809"},"modified":"2009-05-02T14:33:07","modified_gmt":"2009-05-02T12:33:07","slug":"flet-virgjil-kule-babai-i-junes-intervista","status":"publish","type":"post","link":"https:\/\/www.visit-ulcinj.com\/blog\/2009\/05\/02\/flet-virgjil-kule-babai-i-junes-intervista\/","title":{"rendered":"Flet Virgjil Kule, babai i Jun\u00ebs &#8211; Intervista"},"content":{"rendered":"<p><em>Pika e dob\u00ebt e Jun\u00ebs? At\u00eb po k\u00ebrkojm\u00eb edhe ne<\/p>\n<p><\/em><\/p>\n<p><a href=\"http:\/\/www.visit-ulcinj.com\/blog\/big-brother-albania-2\/\"><img loading=\"lazy\" class=\"alignleft size-full wp-image-19810\" title=\"juna-dhe-baba-big-brother-albania-2\" src=\"http:\/\/www.visit-ulcinj.com\/blog\/wp-content\/uploads\/2009\/05\/juna-dhe-baba-big-brother-albania-2.jpg\" alt=\"juna-dhe-baba-big-brother-albania-2\" width=\"585\" height=\"450\" \/><\/a><\/p>\n<p><strong>Ub<\/strong><strong>\u00ebn\u00eb disa jav\u00eb q\u00eb vajza juaj \u00ebsht\u00eb b\u00ebr\u00eb banore e <\/strong><strong>&#8220;Big Brother&#8221;. Ajo zgjohet ndryshe, jeton me njer\u00ebz t\u00eb tjer\u00eb, etj. Po dita juaj si ka ndryshuar?<\/strong><\/p>\n<p>Ka ndryshuar shum\u00eb. N\u00eb fokus t\u00eb dit\u00ebs son\u00eb \u00ebsht\u00eb Juna. \u00c7do koh\u00eb t\u00eb lir\u00eb q\u00eb kam (dhe kam pak) e kaloj duke par\u00eb Jun\u00ebn, bashk\u00eb me time shoqe, e cila e ndjek disi m\u00eb shum\u00eb. Shyqyr q\u00eb &#8220;Big Brother&#8221; \u00ebsht\u00eb &#8220;non stop&#8221; dhe e gjejm\u00eb Jun\u00ebn aty vet\u00ebm duke shtypur nj\u00eb buton telekomande. Shpresoj shum\u00eb q\u00eb t\u00eb mos na b\u00ebhet domosdoshm\u00ebri absolute, sepse &#8220;Big Brother&#8221; do t\u00eb mbaroj\u00eb dhe Juna prap\u00eb do fluturoj\u00eb n\u00eb Gjermani.<\/p>\n<p><strong>Ju duket shum\u00eb e larg\u00ebt ajo dit\u00eb kur Juna ju mori n\u00eb telefon p\u00ebr t&#8217;ju dh\u00ebn\u00eb lajmin e futjes n\u00eb &#8220;Big Brother&#8221;? (Ajo mendonte t&#8217;ju befasonte, por ndoshta ju e befasuat m\u00eb shum\u00eb me q\u00ebndrimin q\u00eb mbajt\u00ebt. K\u00ebshtu \u00ebsht\u00eb, apo e kemi gabim?)<\/strong><\/p>\n<p>U b\u00eb muaji m\u00eb duket, por &#8220;Big Brother&#8221; \u00ebsht\u00eb aq intensiv si format televiziv sa duket sikur kan\u00eb kaluar vite. Befasia jon\u00eb ishte befasi e nj\u00eb surprize t\u00eb mrekullueshme q\u00eb na b\u00ebri Juna n\u00eb saj\u00eb t\u00eb &#8220;Big Brother&#8221;. Juna \u00ebsht\u00eb njeri i batutave. Ajo gjen gjithmon\u00eb nj\u00eb form\u00eb t\u00eb ve\u00e7ant\u00eb p\u00ebr t\u00eb lajm\u00ebruar surprizat. Ka pak dell gazetareje. Por ne ia dim\u00eb k\u00ebt\u00eb dhe nuk presim prej saj lajme t\u00eb hidhura me batuta. Juna nuk b\u00ebn batuta me gj\u00ebra serioze.<\/p>\n<p><strong>Sa mund t\u00eb kompensojn\u00eb disa jav\u00eb n\u00eb &#8220;Big Brother&#8221; 12 vite larg vajz\u00ebs suaj?<\/strong><\/p>\n<p>Kompensimi \u00ebsht\u00eb thjesht n\u00eb komunikim, n\u00eb \u00e7\u00ebshtje detajesh t\u00eb jet\u00ebs sociale t\u00eb Jun\u00ebs. Ne, tani kemi avantazhin q\u00eb ta shohim Jun\u00ebn n\u00eb bashk\u00ebveprim me njer\u00ebz t\u00eb tjer\u00eb, jasht\u00eb familjes. N\u00eb k\u00ebt\u00eb proces, prindi m\u00ebson ose riafirmon shum\u00eb gj\u00ebra n\u00eb lidhje me personalitetin e saj. Shum\u00eb her\u00eb, edhe po ta kesh n\u00eb sht\u00ebpi f\u00ebmij\u00ebn, nuk e ke informacionin e nevojsh\u00ebm p\u00ebr jet\u00ebn e tij sociale. Ma do mendja se edhe prind\u00ebrit apo t\u00eb af\u00ebrmit e banor\u00ebve t\u00eb tjer\u00eb provojn\u00eb t\u00eb nj\u00ebjt\u00ebn ndjesi. P\u00ebr sa i takon t\u00eb tjerave, ne komunikojm\u00eb me Jun\u00ebn thuajse \u00e7do dit\u00eb me telefon, me kamera dhe &#8220;chat&#8221; n\u00eb internet dhe me e-mail. Dim\u00eb ecurin\u00eb e jet\u00ebs s\u00eb saj t\u00eb p\u00ebrditshme n\u00eb shkoll\u00eb e n\u00eb pun\u00eb, dim\u00eb v\u00ebshtir\u00ebsit\u00eb q\u00eb p\u00ebrballon dhe sadisfaksionet q\u00eb merr. Edhe ajo di shum\u00eb nga jeta jon\u00eb e p\u00ebrditshme.<\/p>\n<p><strong>\u00c7far\u00eb vini re n\u00eb performanc\u00ebn e vajz\u00ebs suaj?<\/strong><\/p>\n<p>Harmonin\u00eb e veprimit me mendimin. Pastaj natyrshm\u00ebrin\u00eb e kalimit nga nj\u00eb situat\u00eb n\u00eb nj\u00eb tjet\u00ebr. E kam par\u00eb disa her\u00eb t\u00eb shkoj\u00eb nga piano drejt e tek larja e pjatave n\u00eb kuzhin\u00eb. Duket njeri aktiv. Me at\u00eb p\u00ebrkushtim q\u00eb i bie pianos, kryen edhe detyrat q\u00eb i ngarkon &#8220;Big Brother&#8221;, pun\u00ebt e zakonshme t\u00eb sht\u00ebpis\u00eb, pjes\u00ebmarrjen n\u00eb debate etj. Nuk e ka p\u00ebr zor t&#8217;i sh\u00ebrbej\u00eb me devotshm\u00ebri kujtdo q\u00eb ka nevoj\u00eb. Di t\u00eb sh\u00ebrbej\u00eb me dinjitet. E ka harruar se n\u00eb mjedisin ton\u00eb, shum\u00eb her\u00eb sh\u00ebrbimi merret si p\u00ebrulje apo edhe l\u00ebpirje. Fundja, m\u00eb mir\u00eb q\u00eb e ka harruar&#8230; se edhe k\u00ebtu po ndryshojn\u00eb konceptet dhe drejt asaj po shkojm\u00eb.<\/p>\n<p><strong>Si \u00ebsht\u00eb t\u00eb shikosh f\u00ebmij\u00ebn t\u00ebnd n\u00eb t\u00eb gjitha veprimet e jet\u00ebs s\u00eb p\u00ebrditshme?<\/strong><\/p>\n<p>Varet se me \u00e7far\u00eb syri e shikon. Po ta shikosh me syrin e nj\u00eb shoqeje (Juna p\u00ebr ne t\u00eb dy \u00ebsht\u00eb nj\u00eb shoqe me gjith\u00eb kuptimin e fjal\u00ebs), at\u00ebher\u00eb shkalla e toleranc\u00ebs dhe e respektit \u00ebsht\u00eb shum\u00eb e madhe. E shohim duke respektuar natyr\u00ebn e saj komplekse dhe duke u p\u00ebrpjekur t\u00eb mos p\u00ebrfshihemi psikologjikisht n\u00eb m\u00ebnyr\u00ebn e saj t\u00eb t\u00eb menduarit dhe t\u00eb vepruarit. Juna \u00ebsht\u00eb vajz\u00eb e pavarur. Ajo ka treguar se \u00ebsht\u00eb n\u00eb gjendje ta p\u00ebrballoj\u00eb vet\u00eb jet\u00ebn dhe t&#8217;i plot\u00ebsoj\u00eb vet\u00eb \u00ebndrrat e saj. Ne nuk gjejm\u00eb asnj\u00eb arsye q\u00eb ta gjykojm\u00eb. E duam Jun\u00ebn ta kemi shoqe, edhe pasi t\u00eb dal\u00eb nga kjo loj\u00eb. E respektojm\u00eb at\u00eb.<\/p>\n<p><strong>N\u00eb telefonat\u00ebn surpriz\u00eb q\u00eb pat\u00ebt me vajz\u00ebn, n\u00eb spektaklin e s\u00eb shtun\u00ebs s\u00eb kaluar, ju i premtuat se kur ajo t\u00eb dilte, do t\u00eb rrinit bashk\u00eb, por ndryshe nga her\u00ebt e tjera&#8230;<\/strong><\/p>\n<p>Ndryshe&#8230; n\u00eb kuptimin q\u00eb tashm\u00eb kemi nj\u00eb informacion shtes\u00eb mbi personalitetin e saj dhe kjo hap shum\u00eb tema t\u00eb reja diskutimi&#8230; Jam i sigurt q\u00eb do t\u00eb b\u00ebjm\u00eb gallat\u00eb&#8230;<\/p>\n<p><strong>Q\u00ebndrojm\u00eb te telefonata. Nj\u00eb baba, sado i fort\u00eb q\u00eb t\u00eb jet\u00eb, \u00ebsht\u00eb shum\u00eb i lidhur pas vajz\u00ebs dhe natyrisht q\u00eb emocionet nuk i mungojn\u00eb. <\/strong><strong>Si i p\u00ebrjetuat minutat para se t\u00eb b\u00ebnit telefonat\u00ebn me vajz\u00ebn?<\/strong><\/p>\n<p>N\u00eb t\u00eb nj\u00ebjt\u00ebn m\u00ebnyr\u00eb sikund\u00ebr u takuam p\u00ebr tre-kat\u00ebr or\u00eb para se ajo t\u00eb hynte n\u00eb sht\u00ebpin\u00eb e &#8220;Big Brother&#8221;, me emocione pozitive q\u00eb lindin natyrsh\u00ebm midis njer\u00ebzve t\u00eb dashur. I thash\u00eb q\u00eb e shijojm\u00eb shum\u00eb prezenc\u00ebn e saj n\u00eb ekran. I transmetova ngroht\u00ebsi dhe respekt. P\u00ebr t\u00eb tilla gj\u00ebra ka nevoj\u00eb ajo dhe ne.<\/p>\n<p><strong>I keni frik\u00eb nominimet?<\/strong><\/p>\n<p>Kjo \u00ebsht\u00eb nj\u00eb pyetje q\u00eb duhet t&#8217;i b\u00ebhet Jun\u00ebs. Por m\u00eb duket se ajo nuk i trembet nominimeve. E kam d\u00ebgjuar q\u00eb thot\u00eb se ka hyr\u00eb aty p\u00ebr t\u00eb nominuar dhe p\u00ebr t&#8217;u nominuar. Me sa po shoh, Juna e ka marr\u00eb loj\u00ebn ashtu si\u00e7 \u00ebsht\u00eb, si loj\u00eb dhe ka hyr\u00eb aty p\u00ebr ta shijuar at\u00eb. Nominimi \u00ebsht\u00eb pjes\u00eb e pandar\u00eb e k\u00ebsaj t\u00eb shijuare.<\/p>\n<p><strong>Sapo ka hyr\u00eb, Juna ka zbuluar menj\u00ebher\u00eb lidhjen e saj me pianon. Ajo \u00ebsht\u00eb shprehur se kur i bie pianos, harron n\u00ebn\u00eb e bab\u00eb&#8230;<\/strong><\/p>\n<p>Pianon Juna e gjeti aty dhe nuk do t\u00eb mund t&#8217;i rezistonte dot thirrjes hyjnore t\u00eb tastier\u00ebs. P\u00ebr arsye ekonomike, Juna nuk mundi t\u00eb studionte p\u00ebr piano, por ajo \u00ebsht\u00eb artiste n\u00eb shpirt dhe forma m\u00eb e mir\u00eb p\u00ebr t\u00eb shprehur potenc\u00ebn e saj shpirt\u00ebrore dhe intelektuale, \u00ebsht\u00eb muzika. E gjith\u00eb qenia e saj p\u00ebrfshihet n\u00eb k\u00ebt\u00eb proces q\u00eb \u00ebsht\u00eb hyjnor dhe ku, kuptohet, nuk ka vend p\u00ebr mami e babi e motra e v\u00ebllai e tezja e halla. N\u00ebn tingujt e muzik\u00ebs, Juna futet n\u00eb privat\u00ebsin\u00eb e saj absolute. Besoj se k\u00ebt\u00eb ka dashur t\u00eb shpreh\u00eb me fjal\u00ebt &#8220;harroj n\u00ebn\u00eb e bab\u00eb kur i bie pianos&#8230;&#8221;.<\/p>\n<p><strong>Finalja \u00ebsht\u00eb shum\u00eb pran\u00eb, jemi n\u00eb jav\u00ebt e fundit t\u00eb &#8220;Big Brother&#8221; dhe merret me mend leht\u00eb q\u00eb loja do t\u00eb b\u00ebhet m\u00eb e fort\u00eb. Si e shikoni vajz\u00ebn tuaj n\u00eb k\u00ebt\u00eb loj\u00eb? Cil\u00ebt jan\u00eb konkurrent\u00ebt e saj m\u00eb t\u00eb fort\u00eb?<\/strong><\/p>\n<p>Puna \u00ebsht\u00eb se ne, si shok\u00eb e prind\u00ebr t\u00eb saj, jemi shum\u00eb t\u00eb fokusuar tek Juna dhe kjo na b\u00ebn t\u00eb nj\u00ebansh\u00ebm. E kemi t\u00eb v\u00ebshtir\u00eb t\u00eb gjykojm\u00eb me objektivitet. Nj\u00eb gj\u00eb mund ta them me siguri. Juna aty luan vetveten dhe kjo e b\u00ebn at\u00eb q\u00eb t\u00eb mos ndjej\u00eb lodhje. Pjes\u00ebn tjet\u00ebr e gjykon vet\u00ebm publiku.<\/p>\n<p><strong>\u00c7do njeri e ka nj\u00eb pik\u00eb t\u00eb dob\u00ebt. Cila \u00ebsht\u00eb ajo p\u00ebr Jun\u00ebn?<\/strong><\/p>\n<p>At\u00eb po p\u00ebrpiqem t\u00eb zbuloj dhe un\u00eb.<\/p>\n<p><strong>Shum\u00eb njer\u00ebz, kur nuk jan\u00eb t\u00eb p\u00ebrfshir\u00eb n\u00eb &#8220;Big Brother&#8221;, e shikojn\u00eb vet\u00ebm si nj\u00eb format televiziv, n\u00eb fakt si e konceptoni ju &#8220;Big Brother&#8221; tani q\u00eb vajza juaj \u00ebsht\u00eb nj\u00ebra prej banor\u00ebve t\u00eb tij?<\/strong><\/p>\n<p>&#8220;Big Brother&#8221; \u00ebsht\u00eb nj\u00eb pasqyrim i disa aspekteve t\u00eb jet\u00ebs dhe evidentues i sjelljeve sociale t\u00eb individ\u00ebve. \u00cbsht\u00eb nj\u00eb metod\u00eb artistiko-shkencore hulumtimi mbi harmonin\u00eb dhe p\u00ebrplasjet midis segmenteve t\u00eb caktuara sociale. Individ\u00ebt q\u00eb hyjn\u00eb aty sakrifikojn\u00eb privat\u00ebsin\u00eb e tyre n\u00eb em\u00ebr t\u00eb k\u00ebtij hulumtimi. N\u00eb nj\u00eb far\u00eb m\u00ebnyre, ata jan\u00eb t\u00eb gjith\u00eb eksplorator\u00eb t\u00eb guximsh\u00ebm, prandaj meritojn\u00eb mir\u00ebnjohj<\/p>\n","protected":false},"excerpt":{"rendered":"<p>Pika e dob\u00ebt e Jun\u00ebs? At\u00eb po k\u00ebrkojm\u00eb edhe ne Ub\u00ebn\u00eb disa jav\u00eb q\u00eb vajza juaj \u00ebsht\u00eb b\u00ebr\u00eb banore e &#8220;Big Brother&#8221;. Ajo zgjohet ndryshe, jeton me njer\u00ebz t\u00eb tjer\u00eb, etj. Po dita juaj si ka ndryshuar? Ka ndryshuar shum\u00eb. N\u00eb fokus t\u00eb dit\u00ebs son\u00eb \u00ebsht\u00eb Juna. \u00c7do koh\u00eb t\u00eb lir\u00eb q\u00eb kam (dhe kam [&hellip;]<\/p>\n","protected":false},"author":1,"featured_media":0,"comment_status":"open","ping_status":"closed","sticky":false,"template":"","format":"standard","meta":{"spay_email":"","jetpack_publicize_message":"","jetpack_is_tweetstorm":false,"jetpack_publicize_feature_enabled":true},"categories":[6502],"tags":[9859,9738,9121,9860,8966,9861,1442,8938,6693,9751,9858],"jetpack_publicize_connections":[],"yoast_head":"<!-- This site is optimized with the Yoast SEO plugin v19.1 - https:\/\/yoast.com\/wordpress\/plugins\/seo\/ -->\n<title>Flet Virgjil Kule, babai i Jun\u00c3\u00abs | Big Brother Albania 2<\/title>\n<meta name=\"description\" content=\"Big Brother Albania 2 - Pika e dob\u00c3\u00abt e Jun\u00c3\u00abs? At\u00c3\u00ab po k\u00c3\u00abrkojm\u00c3\u00ab edhe ne - Intervista\" \/>\n<meta name=\"robots\" content=\"index, follow, max-snippet:-1, max-image-preview:large, max-video-preview:-1\" \/>\n<link rel=\"canonical\" href=\"https:\/\/www.visit-ulcinj.com\/blog\/2009\/05\/02\/flet-virgjil-kule-babai-i-junes-intervista\/\" \/>\n<meta property=\"og:locale\" content=\"en_US\" \/>\n<meta property=\"og:type\" content=\"article\" \/>\n<meta property=\"og:title\" content=\"Flet Virgjil Kule, babai i Jun\u00c3\u00abs | Big Brother Albania 2\" \/>\n<meta property=\"og:description\" content=\"Big Brother Albania 2 - Pika e dob\u00c3\u00abt e Jun\u00c3\u00abs? At\u00c3\u00ab po k\u00c3\u00abrkojm\u00c3\u00ab edhe ne - Intervista\" \/>\n<meta property=\"og:url\" content=\"https:\/\/www.visit-ulcinj.com\/blog\/2009\/05\/02\/flet-virgjil-kule-babai-i-junes-intervista\/\" \/>\n<meta property=\"og:site_name\" content=\"Lajme nga Ulqini\" \/>\n<meta property=\"article:published_time\" content=\"2009-05-02T12:29:08+00:00\" \/>\n<meta property=\"article:modified_time\" content=\"2009-05-02T12:33:07+00:00\" \/>\n<meta property=\"og:image\" content=\"http:\/\/www.visit-ulcinj.com\/blog\/wp-content\/uploads\/2009\/05\/juna-dhe-baba-big-brother-albania-2.jpg\" \/>\n<meta name=\"twitter:label1\" content=\"Written by\" \/>\n\t<meta name=\"twitter:data1\" content=\"ulqini\" \/>\n\t<meta name=\"twitter:label2\" content=\"Est. reading time\" \/>\n\t<meta name=\"twitter:data2\" content=\"7 minutes\" \/>\n<script type=\"application\/ld+json\" class=\"yoast-schema-graph\">{\"@context\":\"https:\/\/schema.org\",\"@graph\":[{\"@type\":\"WebSite\",\"@id\":\"https:\/\/www.visit-ulcinj.com\/blog\/#website\",\"url\":\"https:\/\/www.visit-ulcinj.com\/blog\/\",\"name\":\"Lajme nga Ulqini\",\"description\":\"Lajme,Vijesti,Ulqini,Ulqin,Crna Gora,Mali i Zi\",\"potentialAction\":[{\"@type\":\"SearchAction\",\"target\":{\"@type\":\"EntryPoint\",\"urlTemplate\":\"https:\/\/www.visit-ulcinj.com\/blog\/?s={search_term_string}\"},\"query-input\":\"required name=search_term_string\"}],\"inLanguage\":\"en-US\"},{\"@type\":\"ImageObject\",\"inLanguage\":\"en-US\",\"@id\":\"https:\/\/www.visit-ulcinj.com\/blog\/2009\/05\/02\/flet-virgjil-kule-babai-i-junes-intervista\/#primaryimage\",\"url\":\"http:\/\/www.visit-ulcinj.com\/blog\/wp-content\/uploads\/2009\/05\/juna-dhe-baba-big-brother-albania-2.jpg\",\"contentUrl\":\"http:\/\/www.visit-ulcinj.com\/blog\/wp-content\/uploads\/2009\/05\/juna-dhe-baba-big-brother-albania-2.jpg\"},{\"@type\":\"WebPage\",\"@id\":\"https:\/\/www.visit-ulcinj.com\/blog\/2009\/05\/02\/flet-virgjil-kule-babai-i-junes-intervista\/#webpage\",\"url\":\"https:\/\/www.visit-ulcinj.com\/blog\/2009\/05\/02\/flet-virgjil-kule-babai-i-junes-intervista\/\",\"name\":\"Flet Virgjil Kule, babai i Jun\u00c3\u00abs | Big Brother Albania 2\",\"isPartOf\":{\"@id\":\"https:\/\/www.visit-ulcinj.com\/blog\/#website\"},\"primaryImageOfPage\":{\"@id\":\"https:\/\/www.visit-ulcinj.com\/blog\/2009\/05\/02\/flet-virgjil-kule-babai-i-junes-intervista\/#primaryimage\"},\"datePublished\":\"2009-05-02T12:29:08+00:00\",\"dateModified\":\"2009-05-02T12:33:07+00:00\",\"author\":{\"@id\":\"https:\/\/www.visit-ulcinj.com\/blog\/#\/schema\/person\/dcab619c614d3038751c63bc2aadc06d\"},\"description\":\"Big Brother Albania 2 - Pika e dob\u00c3\u00abt e Jun\u00c3\u00abs? At\u00c3\u00ab po k\u00c3\u00abrkojm\u00c3\u00ab edhe ne - Intervista\",\"breadcrumb\":{\"@id\":\"https:\/\/www.visit-ulcinj.com\/blog\/2009\/05\/02\/flet-virgjil-kule-babai-i-junes-intervista\/#breadcrumb\"},\"inLanguage\":\"en-US\",\"potentialAction\":[{\"@type\":\"ReadAction\",\"target\":[\"https:\/\/www.visit-ulcinj.com\/blog\/2009\/05\/02\/flet-virgjil-kule-babai-i-junes-intervista\/\"]}]},{\"@type\":\"BreadcrumbList\",\"@id\":\"https:\/\/www.visit-ulcinj.com\/blog\/2009\/05\/02\/flet-virgjil-kule-babai-i-junes-intervista\/#breadcrumb\",\"itemListElement\":[{\"@type\":\"ListItem\",\"position\":1,\"name\":\"Flet Virgjil Kule, babai i Jun\u00ebs &#8211; Intervista\"}]},{\"@type\":\"Person\",\"@id\":\"https:\/\/www.visit-ulcinj.com\/blog\/#\/schema\/person\/dcab619c614d3038751c63bc2aadc06d\",\"name\":\"ulqini\",\"sameAs\":[\"http:\/\/www.visit-ulcinj.com\"],\"url\":\"https:\/\/www.visit-ulcinj.com\/blog\/author\/admin\/\"}]}<\/script>\n<!-- \/ Yoast SEO plugin. -->","yoast_head_json":{"title":"Flet Virgjil Kule, babai i Jun\u00c3\u00abs | Big Brother Albania 2","description":"Big Brother Albania 2 - Pika e dob\u00c3\u00abt e Jun\u00c3\u00abs? At\u00c3\u00ab po k\u00c3\u00abrkojm\u00c3\u00ab edhe ne - Intervista","robots":{"index":"index","follow":"follow","max-snippet":"max-snippet:-1","max-image-preview":"max-image-preview:large","max-video-preview":"max-video-preview:-1"},"canonical":"https:\/\/www.visit-ulcinj.com\/blog\/2009\/05\/02\/flet-virgjil-kule-babai-i-junes-intervista\/","og_locale":"en_US","og_type":"article","og_title":"Flet Virgjil Kule, babai i Jun\u00c3\u00abs | Big Brother Albania 2","og_description":"Big Brother Albania 2 - Pika e dob\u00c3\u00abt e Jun\u00c3\u00abs? At\u00c3\u00ab po k\u00c3\u00abrkojm\u00c3\u00ab edhe ne - Intervista","og_url":"https:\/\/www.visit-ulcinj.com\/blog\/2009\/05\/02\/flet-virgjil-kule-babai-i-junes-intervista\/","og_site_name":"Lajme nga Ulqini","article_published_time":"2009-05-02T12:29:08+00:00","article_modified_time":"2009-05-02T12:33:07+00:00","og_image":[{"url":"http:\/\/www.visit-ulcinj.com\/blog\/wp-content\/uploads\/2009\/05\/juna-dhe-baba-big-brother-albania-2.jpg"}],"twitter_misc":{"Written by":"ulqini","Est. reading time":"7 minutes"},"schema":{"@context":"https:\/\/schema.org","@graph":[{"@type":"WebSite","@id":"https:\/\/www.visit-ulcinj.com\/blog\/#website","url":"https:\/\/www.visit-ulcinj.com\/blog\/","name":"Lajme nga Ulqini","description":"Lajme,Vijesti,Ulqini,Ulqin,Crna Gora,Mali i Zi","potentialAction":[{"@type":"SearchAction","target":{"@type":"EntryPoint","urlTemplate":"https:\/\/www.visit-ulcinj.com\/blog\/?s={search_term_string}"},"query-input":"required name=search_term_string"}],"inLanguage":"en-US"},{"@type":"ImageObject","inLanguage":"en-US","@id":"https:\/\/www.visit-ulcinj.com\/blog\/2009\/05\/02\/flet-virgjil-kule-babai-i-junes-intervista\/#primaryimage","url":"http:\/\/www.visit-ulcinj.com\/blog\/wp-content\/uploads\/2009\/05\/juna-dhe-baba-big-brother-albania-2.jpg","contentUrl":"http:\/\/www.visit-ulcinj.com\/blog\/wp-content\/uploads\/2009\/05\/juna-dhe-baba-big-brother-albania-2.jpg"},{"@type":"WebPage","@id":"https:\/\/www.visit-ulcinj.com\/blog\/2009\/05\/02\/flet-virgjil-kule-babai-i-junes-intervista\/#webpage","url":"https:\/\/www.visit-ulcinj.com\/blog\/2009\/05\/02\/flet-virgjil-kule-babai-i-junes-intervista\/","name":"Flet Virgjil Kule, babai i Jun\u00c3\u00abs | Big Brother Albania 2","isPartOf":{"@id":"https:\/\/www.visit-ulcinj.com\/blog\/#website"},"primaryImageOfPage":{"@id":"https:\/\/www.visit-ulcinj.com\/blog\/2009\/05\/02\/flet-virgjil-kule-babai-i-junes-intervista\/#primaryimage"},"datePublished":"2009-05-02T12:29:08+00:00","dateModified":"2009-05-02T12:33:07+00:00","author":{"@id":"https:\/\/www.visit-ulcinj.com\/blog\/#\/schema\/person\/dcab619c614d3038751c63bc2aadc06d"},"description":"Big Brother Albania 2 - Pika e dob\u00c3\u00abt e Jun\u00c3\u00abs? At\u00c3\u00ab po k\u00c3\u00abrkojm\u00c3\u00ab edhe ne - Intervista","breadcrumb":{"@id":"https:\/\/www.visit-ulcinj.com\/blog\/2009\/05\/02\/flet-virgjil-kule-babai-i-junes-intervista\/#breadcrumb"},"inLanguage":"en-US","potentialAction":[{"@type":"ReadAction","target":["https:\/\/www.visit-ulcinj.com\/blog\/2009\/05\/02\/flet-virgjil-kule-babai-i-junes-intervista\/"]}]},{"@type":"BreadcrumbList","@id":"https:\/\/www.visit-ulcinj.com\/blog\/2009\/05\/02\/flet-virgjil-kule-babai-i-junes-intervista\/#breadcrumb","itemListElement":[{"@type":"ListItem","position":1,"name":"Flet Virgjil Kule, babai i Jun\u00ebs &#8211; Intervista"}]},{"@type":"Person","@id":"https:\/\/www.visit-ulcinj.com\/blog\/#\/schema\/person\/dcab619c614d3038751c63bc2aadc06d","name":"ulqini","sameAs":["http:\/\/www.visit-ulcinj.com"],"url":"https:\/\/www.visit-ulcinj.com\/blog\/author\/admin\/"}]}},"jetpack_featured_media_url":"","jetpack_sharing_enabled":true,"jetpack_shortlink":"https:\/\/wp.me\/pe6lTn-59v","_links":{"self":[{"href":"https:\/\/www.visit-ulcinj.com\/blog\/wp-json\/wp\/v2\/posts\/19809"}],"collection":[{"href":"https:\/\/www.visit-ulcinj.com\/blog\/wp-json\/wp\/v2\/posts"}],"about":[{"href":"https:\/\/www.visit-ulcinj.com\/blog\/wp-json\/wp\/v2\/types\/post"}],"author":[{"embeddable":true,"href":"https:\/\/www.visit-ulcinj.com\/blog\/wp-json\/wp\/v2\/users\/1"}],"replies":[{"embeddable":true,"href":"https:\/\/www.visit-ulcinj.com\/blog\/wp-json\/wp\/v2\/comments?post=19809"}],"version-history":[{"count":0,"href":"https:\/\/www.visit-ulcinj.com\/blog\/wp-json\/wp\/v2\/posts\/19809\/revisions"}],"wp:attachment":[{"href":"https:\/\/www.visit-ulcinj.com\/blog\/wp-json\/wp\/v2\/media?parent=19809"}],"wp:term":[{"taxonomy":"category","embeddable":true,"href":"https:\/\/www.visit-ulcinj.com\/blog\/wp-json\/wp\/v2\/categories?post=19809"},{"taxonomy":"post_tag","embeddable":true,"href":"https:\/\/www.visit-ulcinj.com\/blog\/wp-json\/wp\/v2\/tags?post=19809"}],"curies":[{"name":"wp","href":"https:\/\/api.w.org\/{rel}","templated":true}]}}