{"id":19818,"date":"2009-05-02T15:19:59","date_gmt":"2009-05-02T13:19:59","guid":{"rendered":"http:\/\/www.visit-ulcinj.com\/blog\/?p=19818"},"modified":"2009-05-02T15:19:59","modified_gmt":"2009-05-02T13:19:59","slug":"big-brother-albania-2-intervista-elton-tozaj","status":"publish","type":"post","link":"https:\/\/www.visit-ulcinj.com\/blog\/2009\/05\/02\/big-brother-albania-2-intervista-elton-tozaj\/","title":{"rendered":"Big Brother Albania 2, Intervista, Elton Tozaj"},"content":{"rendered":"<p><a href=\"http:\/\/www.visit-ulcinj.com\/blog\/wp-content\/uploads\/2009\/05\/toni-big-brother.jpg\"><img loading=\"lazy\" class=\"size-full wp-image-19821 alignleft\" title=\"toni-big-brother-albania-2-live\" src=\"http:\/\/www.visit-ulcinj.com\/blog\/wp-content\/uploads\/2009\/05\/toni-big-brother.jpg\" alt=\"toni-big-brother-albania-2-live\" width=\"585\" height=\"403\" \/><\/a><\/p>\n<p>\u00a0<\/p>\n<p>T<strong>oni, a mendon se ia vlente kjo p\u00ebrvoj\u00eb n\u00eb &#8220;Big Brother&#8221;?<\/strong><\/p>\n<p>Po, sinqerisht! P\u00ebr mua ishte jo vet\u00ebm interesante, por dhe nj\u00eb mund\u00ebsi p\u00ebr t\u00eb treguar vlerat e mia dhe besoj se ia kam arritur q\u00ebllimit!<\/p>\n<p><strong>A t\u00eb penalizoi fakti se nuk hyre q\u00eb n\u00eb fillim n\u00eb k\u00ebt\u00eb &#8220;reality&#8221;?<\/strong><\/p>\n<p>Mbase, por nuk e mendoj k\u00ebshtu. Kam p\u00ebrshtypjen se ne ishim m\u00eb t\u00eb favorizuar p\u00ebr t\u00eb vetmen arsye se kishim pasur t\u00eb gjith\u00eb koh\u00ebn e mundshme p\u00ebr t&#8217;i njohur konkurrent\u00ebt n\u00ebp\u00ebrmjet ekranit. E dinim loj\u00ebn e tyre, intrigat, t\u00eb fshehtat dhe aleancat q\u00eb kishin lindur n\u00eb sht\u00ebpi.<\/p>\n<p><strong>Kush ishte njeriu m\u00eb i af\u00ebrt p\u00ebr ty atje brenda?<\/strong><\/p>\n<p>Aida, Arjoni, Anjeza, Juna dhe Adi, por m\u00eb shum\u00eb isha i lidhur me Aid\u00ebn.<\/p>\n<p><strong>Po n\u00eb karakter apo tip, kush t\u00eb ngjante?<\/strong><\/p>\n<p>Nuk e besoj se kisha ndonj\u00eb tip t\u00eb p\u00ebrbashk\u00ebt me mua. P\u00ebr sa i p\u00ebrket karakterit tim, besoj se ngjaj shum\u00eb me Arjonin.<\/p>\n<p><strong>Cili \u00ebsht\u00eb lojtari m\u00eb i dob\u00ebt aty brenda?<\/strong><\/p>\n<p>Lojtar\u00eb t\u00eb dob\u00ebt nuk ka dhe nuk besoj se ka pasur.<\/p>\n<p><strong>Po lojtari apo lojtarja q\u00eb po shtiret m\u00eb shum\u00eb nga t\u00eb gjith\u00eb?<\/strong><\/p>\n<p>Adela. Do t\u00eb kisha dashur shum\u00eb ta njihja se kush \u00ebsht\u00eb n\u00eb t\u00eb v\u00ebrtet\u00eb por s&#8217;ma dha mund\u00ebsin\u00eb, pasi mendoj se \u00ebsht\u00eb shtirur gjat\u00eb gjith\u00eb koh\u00ebs.<\/p>\n<p><strong>A do t\u00eb ndryshoje sjellje po t\u00eb hyje p\u00ebrs\u00ebri n\u00eb &#8220;Big Brother&#8221;?<\/strong><\/p>\n<p>Jo, aspak. Un\u00eb jam Eltoni dhe jam k\u00ebshtu, me t\u00eb mirat e me t\u00eb k\u00ebqijat e mia. Nuk mund t\u00eb dal nga vetja.<\/p>\n<p><strong>A je penduar q\u00eb ndenje pak &#8220;urt\u00eb&#8221;?<\/strong><\/p>\n<p>Mbase kam ndenjur &#8220;urt\u00eb&#8221; jav\u00ebn e par\u00eb, si pasoj\u00eb e ndryshimit t\u00eb rrjedh\u00ebs s\u00eb jet\u00ebs sime dhe ambientimi k\u00ebrkonte pak koh\u00eb, por m\u00eb pas ndryshova dhe nuk besoj se kam qen\u00eb edhe aq i urt\u00eb.<\/p>\n<p><strong>Cilin do t\u00eb ngacmoje, po t\u00eb ishe p\u00ebrs\u00ebri brenda?<\/strong><\/p>\n<p>P\u00ebrs\u00ebri tek Adela do kisha ndaluar dhe do t\u00eb kisha vazhduar deri sa t\u00eb nxirrja n\u00eb pah vlerat e saj reale dhe jo ato q\u00eb i ka &#8220;vjedhur&#8221; nga Bjordi.<\/p>\n<p><strong>Cili nga banor\u00ebt t\u00eb ka zhg\u00ebnjyer?<\/strong><\/p>\n<p>Askush.<\/p>\n<p><strong>A beson se ka dashuri mes Adel\u00ebs dhe Bjordit?<\/strong><\/p>\n<p>Mendoj se nga ana e Bjordit ka dashuri, nd\u00ebrsa p\u00ebr Adel\u00ebn nuk e besoj.<\/p>\n<p><strong>Arit i thoshe &#8220;bionde&#8221;, pse?<\/strong><\/p>\n<p>Hahaha, t\u00eb mos keqkuptohemi, nuk \u00ebsht\u00eb ofendim, por nj\u00eb shaka q\u00eb ne e b\u00ebnim aty n\u00eb sht\u00ebpi. &#8220;Bionde&#8221; ishte me kuptimin q\u00eb flet shum\u00eb ndonj\u00ebher\u00eb dhe ajo fjal\u00eb ishte nj\u00eb shprehje me humor, por kurrsesi ofenduese ndaj Arit.<\/p>\n<p><strong>Cilin nga banor\u00ebt do ta nxirrje q\u00eb sot nga &#8220;Big Brother&#8221;, pasi \u00ebsht\u00eb duke ndenjur kot aty?<\/strong><\/p>\n<p>Mimoza. P\u00ebr mendimin tim, ajo po vegjeton dhe do ta kisha nxjerr\u00eb. Bukuria nuk \u00ebsht\u00eb gjith\u00e7ka.<\/p>\n<p><strong>Kush do t\u00eb fitoj\u00eb?<\/strong><\/p>\n<p>Besoj se Adi, pasi ka shum\u00eb cil\u00ebsi.<\/p>\n<p><strong>\u00c7far\u00eb do t\u00eb kujtosh nga kjo p\u00ebrvoj\u00eb?<\/strong><\/p>\n<p>Do t\u00eb kujtoj \u00e7do gj\u00eb, \u00e7do sekond\u00eb, \u00e7do minut\u00eb, \u00e7do dit\u00eb t\u00eb kaluar aty brenda. Nj\u00eb eksperienc\u00eb e paharrueshme dhe q\u00eb vet\u00ebm nj\u00eb her\u00eb t\u00eb jepet mund\u00ebsia p\u00ebr ta jetuar.<\/p>\n<p><strong>Me \u00e7far\u00eb do t\u00eb merresh tani?<\/strong><\/p>\n<p>Me \u00e7far\u00eb do t\u00eb merrem tani??? M\u00eb p\u00eblqen t\u00eb ndihem i vler\u00ebsuar dhe shpresoj q\u00eb fama e fituar fal\u00eb &#8220;V\u00ebllait t\u00eb madh&#8221; t\u00eb m\u00eb hap\u00eb dyer t\u00eb reja n\u00eb fush\u00ebn profesionale.<\/p>\n","protected":false},"excerpt":{"rendered":"<p>\u00a0 Toni, a mendon se ia vlente kjo p\u00ebrvoj\u00eb n\u00eb &#8220;Big Brother&#8221;? Po, sinqerisht! P\u00ebr mua ishte jo vet\u00ebm interesante, por dhe nj\u00eb mund\u00ebsi p\u00ebr t\u00eb treguar vlerat e mia dhe besoj se ia kam arritur q\u00ebllimit! A t\u00eb penalizoi fakti se nuk hyre q\u00eb n\u00eb fillim n\u00eb k\u00ebt\u00eb &#8220;reality&#8221;? Mbase, por nuk e mendoj [&hellip;]<\/p>\n","protected":false},"author":1,"featured_media":0,"comment_status":"open","ping_status":"closed","sticky":false,"template":"","format":"standard","meta":{"spay_email":"","jetpack_publicize_message":"","jetpack_is_tweetstorm":false,"jetpack_publicize_feature_enabled":true},"categories":[6502],"tags":[6883,6516,6712,9116,8966,6891,6693,9751],"jetpack_publicize_connections":[],"yoast_head":"<!-- This site is optimized with the Yoast SEO plugin v19.1 - https:\/\/yoast.com\/wordpress\/plugins\/seo\/ -->\n<title>Big Brother Albania 2, Intervista, Elton Tozaj<\/title>\n<meta name=\"description\" content=\"Big Brother Albania 2, Intervista, Elton Tozaj\" \/>\n<meta name=\"robots\" content=\"index, follow, max-snippet:-1, max-image-preview:large, max-video-preview:-1\" \/>\n<link rel=\"canonical\" href=\"https:\/\/www.visit-ulcinj.com\/blog\/2009\/05\/02\/big-brother-albania-2-intervista-elton-tozaj\/\" \/>\n<meta property=\"og:locale\" content=\"en_US\" \/>\n<meta property=\"og:type\" content=\"article\" \/>\n<meta property=\"og:title\" content=\"Big Brother Albania 2, Intervista, Elton Tozaj\" \/>\n<meta property=\"og:description\" content=\"Big Brother Albania 2, Intervista, Elton Tozaj\" \/>\n<meta property=\"og:url\" content=\"https:\/\/www.visit-ulcinj.com\/blog\/2009\/05\/02\/big-brother-albania-2-intervista-elton-tozaj\/\" \/>\n<meta property=\"og:site_name\" content=\"Lajme nga Ulqini\" \/>\n<meta property=\"article:published_time\" content=\"2009-05-02T13:19:59+00:00\" \/>\n<meta property=\"og:image\" content=\"http:\/\/www.visit-ulcinj.com\/blog\/wp-content\/uploads\/2009\/05\/toni-big-brother.jpg\" \/>\n<meta name=\"twitter:label1\" content=\"Written by\" \/>\n\t<meta name=\"twitter:data1\" content=\"ulqini\" \/>\n\t<meta name=\"twitter:label2\" content=\"Est. reading time\" \/>\n\t<meta name=\"twitter:data2\" content=\"3 minutes\" \/>\n<script type=\"application\/ld+json\" class=\"yoast-schema-graph\">{\"@context\":\"https:\/\/schema.org\",\"@graph\":[{\"@type\":\"WebSite\",\"@id\":\"https:\/\/www.visit-ulcinj.com\/blog\/#website\",\"url\":\"https:\/\/www.visit-ulcinj.com\/blog\/\",\"name\":\"Lajme nga Ulqini\",\"description\":\"Lajme,Vijesti,Ulqini,Ulqin,Crna Gora,Mali i Zi\",\"potentialAction\":[{\"@type\":\"SearchAction\",\"target\":{\"@type\":\"EntryPoint\",\"urlTemplate\":\"https:\/\/www.visit-ulcinj.com\/blog\/?s={search_term_string}\"},\"query-input\":\"required name=search_term_string\"}],\"inLanguage\":\"en-US\"},{\"@type\":\"ImageObject\",\"inLanguage\":\"en-US\",\"@id\":\"https:\/\/www.visit-ulcinj.com\/blog\/2009\/05\/02\/big-brother-albania-2-intervista-elton-tozaj\/#primaryimage\",\"url\":\"http:\/\/www.visit-ulcinj.com\/blog\/wp-content\/uploads\/2009\/05\/toni-big-brother.jpg\",\"contentUrl\":\"http:\/\/www.visit-ulcinj.com\/blog\/wp-content\/uploads\/2009\/05\/toni-big-brother.jpg\"},{\"@type\":\"WebPage\",\"@id\":\"https:\/\/www.visit-ulcinj.com\/blog\/2009\/05\/02\/big-brother-albania-2-intervista-elton-tozaj\/#webpage\",\"url\":\"https:\/\/www.visit-ulcinj.com\/blog\/2009\/05\/02\/big-brother-albania-2-intervista-elton-tozaj\/\",\"name\":\"Big Brother Albania 2, Intervista, Elton Tozaj\",\"isPartOf\":{\"@id\":\"https:\/\/www.visit-ulcinj.com\/blog\/#website\"},\"primaryImageOfPage\":{\"@id\":\"https:\/\/www.visit-ulcinj.com\/blog\/2009\/05\/02\/big-brother-albania-2-intervista-elton-tozaj\/#primaryimage\"},\"datePublished\":\"2009-05-02T13:19:59+00:00\",\"dateModified\":\"2009-05-02T13:19:59+00:00\",\"author\":{\"@id\":\"https:\/\/www.visit-ulcinj.com\/blog\/#\/schema\/person\/dcab619c614d3038751c63bc2aadc06d\"},\"description\":\"Big Brother Albania 2, Intervista, Elton Tozaj\",\"breadcrumb\":{\"@id\":\"https:\/\/www.visit-ulcinj.com\/blog\/2009\/05\/02\/big-brother-albania-2-intervista-elton-tozaj\/#breadcrumb\"},\"inLanguage\":\"en-US\",\"potentialAction\":[{\"@type\":\"ReadAction\",\"target\":[\"https:\/\/www.visit-ulcinj.com\/blog\/2009\/05\/02\/big-brother-albania-2-intervista-elton-tozaj\/\"]}]},{\"@type\":\"BreadcrumbList\",\"@id\":\"https:\/\/www.visit-ulcinj.com\/blog\/2009\/05\/02\/big-brother-albania-2-intervista-elton-tozaj\/#breadcrumb\",\"itemListElement\":[{\"@type\":\"ListItem\",\"position\":1,\"name\":\"Big Brother Albania 2, Intervista, Elton Tozaj\"}]},{\"@type\":\"Person\",\"@id\":\"https:\/\/www.visit-ulcinj.com\/blog\/#\/schema\/person\/dcab619c614d3038751c63bc2aadc06d\",\"name\":\"ulqini\",\"sameAs\":[\"http:\/\/www.visit-ulcinj.com\"],\"url\":\"https:\/\/www.visit-ulcinj.com\/blog\/author\/admin\/\"}]}<\/script>\n<!-- \/ Yoast SEO plugin. -->","yoast_head_json":{"title":"Big Brother Albania 2, Intervista, Elton Tozaj","description":"Big Brother Albania 2, Intervista, Elton Tozaj","robots":{"index":"index","follow":"follow","max-snippet":"max-snippet:-1","max-image-preview":"max-image-preview:large","max-video-preview":"max-video-preview:-1"},"canonical":"https:\/\/www.visit-ulcinj.com\/blog\/2009\/05\/02\/big-brother-albania-2-intervista-elton-tozaj\/","og_locale":"en_US","og_type":"article","og_title":"Big Brother Albania 2, Intervista, Elton Tozaj","og_description":"Big Brother Albania 2, Intervista, Elton Tozaj","og_url":"https:\/\/www.visit-ulcinj.com\/blog\/2009\/05\/02\/big-brother-albania-2-intervista-elton-tozaj\/","og_site_name":"Lajme nga Ulqini","article_published_time":"2009-05-02T13:19:59+00:00","og_image":[{"url":"http:\/\/www.visit-ulcinj.com\/blog\/wp-content\/uploads\/2009\/05\/toni-big-brother.jpg"}],"twitter_misc":{"Written by":"ulqini","Est. reading time":"3 minutes"},"schema":{"@context":"https:\/\/schema.org","@graph":[{"@type":"WebSite","@id":"https:\/\/www.visit-ulcinj.com\/blog\/#website","url":"https:\/\/www.visit-ulcinj.com\/blog\/","name":"Lajme nga Ulqini","description":"Lajme,Vijesti,Ulqini,Ulqin,Crna Gora,Mali i Zi","potentialAction":[{"@type":"SearchAction","target":{"@type":"EntryPoint","urlTemplate":"https:\/\/www.visit-ulcinj.com\/blog\/?s={search_term_string}"},"query-input":"required name=search_term_string"}],"inLanguage":"en-US"},{"@type":"ImageObject","inLanguage":"en-US","@id":"https:\/\/www.visit-ulcinj.com\/blog\/2009\/05\/02\/big-brother-albania-2-intervista-elton-tozaj\/#primaryimage","url":"http:\/\/www.visit-ulcinj.com\/blog\/wp-content\/uploads\/2009\/05\/toni-big-brother.jpg","contentUrl":"http:\/\/www.visit-ulcinj.com\/blog\/wp-content\/uploads\/2009\/05\/toni-big-brother.jpg"},{"@type":"WebPage","@id":"https:\/\/www.visit-ulcinj.com\/blog\/2009\/05\/02\/big-brother-albania-2-intervista-elton-tozaj\/#webpage","url":"https:\/\/www.visit-ulcinj.com\/blog\/2009\/05\/02\/big-brother-albania-2-intervista-elton-tozaj\/","name":"Big Brother Albania 2, Intervista, Elton Tozaj","isPartOf":{"@id":"https:\/\/www.visit-ulcinj.com\/blog\/#website"},"primaryImageOfPage":{"@id":"https:\/\/www.visit-ulcinj.com\/blog\/2009\/05\/02\/big-brother-albania-2-intervista-elton-tozaj\/#primaryimage"},"datePublished":"2009-05-02T13:19:59+00:00","dateModified":"2009-05-02T13:19:59+00:00","author":{"@id":"https:\/\/www.visit-ulcinj.com\/blog\/#\/schema\/person\/dcab619c614d3038751c63bc2aadc06d"},"description":"Big Brother Albania 2, Intervista, Elton Tozaj","breadcrumb":{"@id":"https:\/\/www.visit-ulcinj.com\/blog\/2009\/05\/02\/big-brother-albania-2-intervista-elton-tozaj\/#breadcrumb"},"inLanguage":"en-US","potentialAction":[{"@type":"ReadAction","target":["https:\/\/www.visit-ulcinj.com\/blog\/2009\/05\/02\/big-brother-albania-2-intervista-elton-tozaj\/"]}]},{"@type":"BreadcrumbList","@id":"https:\/\/www.visit-ulcinj.com\/blog\/2009\/05\/02\/big-brother-albania-2-intervista-elton-tozaj\/#breadcrumb","itemListElement":[{"@type":"ListItem","position":1,"name":"Big Brother Albania 2, Intervista, Elton Tozaj"}]},{"@type":"Person","@id":"https:\/\/www.visit-ulcinj.com\/blog\/#\/schema\/person\/dcab619c614d3038751c63bc2aadc06d","name":"ulqini","sameAs":["http:\/\/www.visit-ulcinj.com"],"url":"https:\/\/www.visit-ulcinj.com\/blog\/author\/admin\/"}]}},"jetpack_featured_media_url":"","jetpack_sharing_enabled":true,"jetpack_shortlink":"https:\/\/wp.me\/pe6lTn-59E","_links":{"self":[{"href":"https:\/\/www.visit-ulcinj.com\/blog\/wp-json\/wp\/v2\/posts\/19818"}],"collection":[{"href":"https:\/\/www.visit-ulcinj.com\/blog\/wp-json\/wp\/v2\/posts"}],"about":[{"href":"https:\/\/www.visit-ulcinj.com\/blog\/wp-json\/wp\/v2\/types\/post"}],"author":[{"embeddable":true,"href":"https:\/\/www.visit-ulcinj.com\/blog\/wp-json\/wp\/v2\/users\/1"}],"replies":[{"embeddable":true,"href":"https:\/\/www.visit-ulcinj.com\/blog\/wp-json\/wp\/v2\/comments?post=19818"}],"version-history":[{"count":0,"href":"https:\/\/www.visit-ulcinj.com\/blog\/wp-json\/wp\/v2\/posts\/19818\/revisions"}],"wp:attachment":[{"href":"https:\/\/www.visit-ulcinj.com\/blog\/wp-json\/wp\/v2\/media?parent=19818"}],"wp:term":[{"taxonomy":"category","embeddable":true,"href":"https:\/\/www.visit-ulcinj.com\/blog\/wp-json\/wp\/v2\/categories?post=19818"},{"taxonomy":"post_tag","embeddable":true,"href":"https:\/\/www.visit-ulcinj.com\/blog\/wp-json\/wp\/v2\/tags?post=19818"}],"curies":[{"name":"wp","href":"https:\/\/api.w.org\/{rel}","templated":true}]}}