{"id":19825,"date":"2009-05-02T16:00:03","date_gmt":"2009-05-02T14:00:03","guid":{"rendered":"http:\/\/www.visit-ulcinj.com\/blog\/?p=19825"},"modified":"2009-05-02T16:14:13","modified_gmt":"2009-05-02T14:14:13","slug":"arjon-muca-flet-per-banoret","status":"publish","type":"post","link":"https:\/\/www.visit-ulcinj.com\/blog\/2009\/05\/02\/arjon-muca-flet-per-banoret\/","title":{"rendered":"Arjon Muca flet p\u00ebr banoret"},"content":{"rendered":"<p><a href=\"http:\/\/www.visit-ulcinj.com\/blog\/\"><img loading=\"lazy\" class=\"alignleft size-full wp-image-19824\" title=\"arjon-muca-big-brother-albania-2-live\" src=\"http:\/\/www.visit-ulcinj.com\/blog\/wp-content\/uploads\/2009\/05\/arjon-muca-big-brother-albania-2-live.jpg\" alt=\"arjon-muca-big-brother-albania-2-live\" width=\"585\" height=\"546\" \/><\/a><\/p>\n<p><strong>ADI<\/strong><\/p>\n<p>Gj\u00ebrat pozitive &#8211; Humori<\/p>\n<p>Gj\u00ebrat negative &#8211; Manipulimi<\/p>\n<p><em>Po ta kishe p\u00ebrball\u00eb, \u00e7far\u00eb do t&#8217;i thoshe? &#8220;N\u00eb \u00e7do pik\u00eb t\u00eb territorit shqiptar, ndjehem si n\u00eb sht\u00ebpin\u00eb time&#8221;<\/em><\/p>\n<p><em>\u00a0<\/em><\/p>\n<p><strong>PAVLINI<\/strong><\/p>\n<p>Gj\u00ebrat pozitive &#8211; Kuraja<\/p>\n<p>Gj\u00ebrat negative &#8211; Jo i mirinformuar p\u00ebr Kanunin<\/p>\n<p><em>Po ta kishe p\u00ebrball\u00eb, \u00e7far\u00eb do t&#8217;i thoshe? &#8220;Shpresoj t\u00eb t\u00eb shikoj sa m\u00eb shpejt bashk\u00eb me f\u00ebmij\u00ebt e tu&#8221;<\/em><\/p>\n<p><em>\u00a0<\/em><\/p>\n<p><strong>DRITANI<\/strong><\/p>\n<p>Gj\u00ebrat pozitive &#8211; Djal\u00eb perfekt<\/p>\n<p>Gj\u00ebrat negative &#8211; Serioziteti i tep\u00ebrt<\/p>\n<p><em>Po ta kishe p\u00ebrball\u00eb, \u00e7far\u00eb do t&#8217;i thoshe? &#8220;Shpresoj t\u00eb m\u00eb kesh kuptuar m\u00eb tep\u00ebr tani q\u00eb ke dal\u00eb&#8221;<\/em><\/p>\n<p><em>\u00a0<\/em><\/p>\n<p><strong>AGONI<\/strong><\/p>\n<p>Gj\u00ebrat pozitive &#8211; Mik i mir\u00eb<\/p>\n<p>Gj\u00ebrat negative &#8211; Dashuron me shikim t\u00eb par\u00eb<\/p>\n<p><em>Po ta kishe p\u00ebrball\u00eb, \u00e7far\u00eb do t&#8217;i thoshe? &#8220;T\u00eb kam vler\u00ebsuar aty brenda dhe beso se ky vler\u00ebsim do t\u00eb mbetet edhe jasht\u00eb&#8221;<\/em><\/p>\n<p><em>\u00a0<\/em><\/p>\n<p><strong>BJORDI<\/strong><\/p>\n<p>Gj\u00ebrat pozitive &#8211; Ndjeshm\u00ebria<\/p>\n<p>Gj\u00ebrat negative &#8211; I \u00e7rregullt<\/p>\n<p><em>Po ta kishe p\u00ebrball\u00eb, \u00e7far\u00eb do t&#8217;i thoshe? &#8220;Mendo me kok\u00ebn t\u00ebnde&#8221;<\/em><\/p>\n<p><em>\u00a0<\/em><\/p>\n<p><strong>SORI<\/strong><\/p>\n<p>Gj\u00ebrat pozitive &#8211; Karakteri i fort\u00eb<\/p>\n<p>Gj\u00ebrat negative &#8211; Enigmatik<\/p>\n<p><em>Po ta kishe p\u00ebrball\u00eb, \u00e7far\u00eb do t&#8217;i thoshe? &#8220;Shpresoj q\u00eb p\u00ebrpjekjet e tua t\u00eb japin rezultatin q\u00eb shpreson&#8221;<\/em><\/p>\n<p><em>\u00a0<\/em><\/p>\n<p><strong>ANI<\/strong><\/p>\n<p>Gj\u00ebrat pozitive &#8211; Zem\u00ebrbardh\u00eb<\/p>\n<p>Gj\u00ebrat negative &#8211; Tep\u00ebr zem\u00ebrbardh\u00eb<\/p>\n<p>Po ta kishe p\u00ebrball\u00eb, \u00e7far\u00eb do t&#8217;i thoshe? &#8220;Rrethohu vet\u00ebm nga njer\u00ebz q\u00eb t\u00eb duan t\u00eb mir\u00ebn&#8221;<\/p>\n<p>\u00a0<\/p>\n<p><strong>ARJANI<\/strong><\/p>\n<p>Gj\u00ebrat pozitive &#8211; Bagazhi<\/p>\n<p>Gj\u00ebrat negative &#8211; Fjalori i shthurur<\/p>\n<p><em>Po ta kishe p\u00ebrball\u00eb, \u00e7far\u00eb do t&#8217;i thoshe? &#8220;Shpresoj t&#8217;i arrish objektivat e tua&#8221;<\/em><\/p>\n<p><em>\u00a0<\/em><\/p>\n<p><strong>ELTONI<\/strong><\/p>\n<p>Gj\u00ebrat pozitive &#8211; Njeri direkt, bagazhi<\/p>\n<p>Gj\u00ebrat negative &#8211; K\u00ebpuc\u00ebt e zeza me maj\u00eb<\/p>\n<p><em>Po ta kishe p\u00ebrball\u00eb, \u00e7far\u00eb do t&#8217;i thoshe? &#8220;M\u00eb vjen keq q\u00eb nuk ke hyr\u00eb q\u00eb dit\u00ebn e par\u00eb&#8221;<\/em><\/p>\n<p><em>\u00a0<\/em><\/p>\n<p><strong>BIKA<\/strong><\/p>\n<p>Gj\u00ebrat pozitive &#8211; Direkte<\/p>\n<p>Gj\u00ebrat negative &#8211; Mosbesimi te njer\u00ebzit<\/p>\n<p><em>Po ta kishe p\u00ebrball\u00eb, \u00e7far\u00eb do t&#8217;i thoshe? &#8220;Shpresoj ta takosh sa m\u00eb shpejt Alban Sk\u00ebnderajn&#8221;<\/em><\/p>\n<p><em>\u00a0<\/em><\/p>\n<p><strong>ADELA<\/strong><\/p>\n<p>Gj\u00ebrat pozitive &#8211; Oratoria<\/p>\n<p>Gj\u00ebrat negative &#8211; E pasinqert\u00eb<\/p>\n<p><em>Po ta kishe p\u00ebrball\u00eb, \u00e7far\u00eb do t&#8217;i thoshe? <\/em><em>&#8220;Beson se ka qen\u00eb kjo rruga e duhur p\u00eb t\u00eb arritur?&#8221;<\/em><\/p>\n<p><strong>ZHULJETA<\/strong><\/p>\n<p>Gj\u00ebrat pozitive &#8211; Inteligjenca<\/p>\n<p>Gj\u00ebrat negative &#8211; M\u00ebsova duhanin<\/p>\n<p><em>Po ta kishe p\u00ebrball\u00eb, \u00e7far\u00eb do t&#8217;i thoshe? &#8220;Gjith\u00eb t\u00eb mirat n\u00eb jet\u00eb&#8221; <\/em><\/p>\n<p><em>\u00a0<\/em><\/p>\n<p><strong>ERJOLA<\/strong><\/p>\n<p>Gj\u00ebrat pozitive &#8211; Inteligjenca<\/p>\n<p>Gj\u00ebrat negative &#8211; Nuk pata koh\u00eb t&#8217;ia zbuloja<\/p>\n<p><em>Po ta kishe p\u00ebrball\u00eb, \u00e7far\u00eb do t&#8217;i thoshe? &#8220;Do kisha shpresuar t\u00eb <\/em>t\u00eb kisha m\u00eb <em>tep\u00ebr brenda n\u00eb sht\u00ebpi&#8221;<\/em><\/p>\n<p>\u00a0<\/p>\n<p><strong>AIDA<\/strong><\/p>\n<p>Gj\u00ebrat pozitive &#8211; Arrinte t\u00eb komunikonte edhe pa fjal\u00eb, si dhe ishte nj\u00eb mike shum\u00eb e mir\u00eb<\/p>\n<p>Gj\u00ebrat negative &#8211; Gjaknxeht\u00ebsia<\/p>\n<p><em>Po ta kishe p\u00ebrball\u00eb, \u00e7far\u00eb do t&#8217;i thoshe? &#8220;Meriton \u00e7do t\u00eb mir\u00eb q\u00eb kjo bot\u00eb mund t\u00eb t\u00eb dhuroj\u00eb&#8221;<\/em><\/p>\n<p><em>\u00a0<\/em><\/p>\n<p><strong>LIRITA<\/strong><\/p>\n<p>Gj\u00ebrat pozitive &#8211; Vet\u00ebbesimi<\/p>\n<p>Gj\u00ebrat negative &#8211; Mospozicionimi<\/p>\n<p><em>Po ta kishe p\u00ebrball\u00eb, \u00e7far\u00eb do t&#8217;i thoshe? &#8220;M\u00eb erdhi keq q\u00eb nuk u kuptuam&#8221;<\/em><\/p>\n<p><em>\u00a0<\/em><\/p>\n<p><strong>MOZA<\/strong><\/p>\n<p>Gj\u00ebrat pozitive &#8211; Bukuria<\/p>\n<p><em>Gj\u00ebrat negative &#8211; Nuk m\u00eb &#8220;p\u00eblqen&#8221;<\/em><\/p>\n<p><em>Po ta kishe p\u00ebrball\u00eb, \u00e7far\u00eb do t&#8217;i thoshe? &#8220;M\u00eb thuaj arsyen e v\u00ebrtet\u00eb t\u00eb gjith\u00eb k\u00ebtyre nominimeve&#8221;<\/em><\/p>\n<p><em>\u00a0<\/em><\/p>\n<p><strong>MESIDA<\/strong><\/p>\n<p>Gj\u00ebrat pozitive &#8211; Njeri i drejtp\u00ebrdrejt\u00eb, pa lajka<\/p>\n<p>Gj\u00ebrat negative &#8211; Beson shum\u00eb te t\u00eb tjer\u00ebt<\/p>\n<p><em>Po ta kishe p\u00ebrball\u00eb, \u00e7far\u00eb do t&#8217;i thoshe? &#8220;Besoj se jeta s\u00eb shpejti do t\u00eb buz\u00ebqesh\u00eb&#8221;<\/em><\/p>\n<p><em>\u00a0<\/em><\/p>\n<p><strong>ANJEZA<\/strong><\/p>\n<p>Gj\u00ebrat pozitive &#8211; Personaliteti i formuar, sado q\u00eb \u00ebsht\u00eb n\u00eb mosh\u00eb t\u00eb re<\/p>\n<p>Gj\u00ebrat negative &#8211; Emotiviteti<\/p>\n<p><em>Po ta kishe p\u00ebrball\u00eb, \u00e7far\u00eb do t&#8217;i thoshe? &#8220;Besoj se mungesa ime do t\u00eb jap\u00eb m\u00eb shum\u00eb arsye p\u00ebr t\u00eb luftuar p\u00ebr fi nalen&#8221;<\/em><\/p>\n<p><em>\u00a0<\/em><\/p>\n<p><strong>JUNA<\/strong><\/p>\n<p>Gj\u00ebrat pozitive &#8211; Baza familjare<\/p>\n<p>Gj\u00ebrat negative &#8211; Nuk ka<\/p>\n<p><em>Po ta kishe p\u00ebrball\u00eb, \u00e7far\u00eb do t&#8217;i thoshe? &#8220;Me ty, or\u00ebt kalonin pa u kuptuar&#8221;<\/em><\/p>\n","protected":false},"excerpt":{"rendered":"<p>ADI Gj\u00ebrat pozitive &#8211; Humori Gj\u00ebrat negative &#8211; Manipulimi Po ta kishe p\u00ebrball\u00eb, \u00e7far\u00eb do t&#8217;i thoshe? &#8220;N\u00eb \u00e7do pik\u00eb t\u00eb territorit shqiptar, ndjehem si n\u00eb sht\u00ebpin\u00eb time&#8221; \u00a0 PAVLINI Gj\u00ebrat pozitive &#8211; Kuraja Gj\u00ebrat negative &#8211; Jo i mirinformuar p\u00ebr Kanunin Po ta kishe p\u00ebrball\u00eb, \u00e7far\u00eb do t&#8217;i thoshe? &#8220;Shpresoj t\u00eb t\u00eb shikoj sa [&hellip;]<\/p>\n","protected":false},"author":1,"featured_media":0,"comment_status":"open","ping_status":"closed","sticky":false,"template":"","format":"standard","meta":{"spay_email":"","jetpack_publicize_message":"","jetpack_is_tweetstorm":false,"jetpack_publicize_feature_enabled":true},"categories":[6502],"tags":[6529,8289,6520,6525,9864,9738,9121,6522,8938,6823,6984,6544,8276,6693,9751],"jetpack_publicize_connections":[],"yoast_head":"<!-- This site is optimized with the Yoast SEO plugin v19.1 - https:\/\/yoast.com\/wordpress\/plugins\/seo\/ -->\n<title>Arjon Muca flet p\u00c3\u00abr banoret | Big Brother Albania 2<\/title>\n<meta name=\"description\" content=\"Big Brother Albania 2 - Arjon Muca flet p\u00c3\u00abr banoret\" \/>\n<meta name=\"robots\" content=\"index, follow, max-snippet:-1, max-image-preview:large, max-video-preview:-1\" \/>\n<link rel=\"canonical\" href=\"https:\/\/www.visit-ulcinj.com\/blog\/2009\/05\/02\/arjon-muca-flet-per-banoret\/\" \/>\n<meta property=\"og:locale\" content=\"en_US\" \/>\n<meta property=\"og:type\" content=\"article\" \/>\n<meta property=\"og:title\" content=\"Arjon Muca flet p\u00c3\u00abr banoret | Big Brother Albania 2\" \/>\n<meta property=\"og:description\" content=\"Big Brother Albania 2 - Arjon Muca flet p\u00c3\u00abr banoret\" \/>\n<meta property=\"og:url\" content=\"https:\/\/www.visit-ulcinj.com\/blog\/2009\/05\/02\/arjon-muca-flet-per-banoret\/\" \/>\n<meta property=\"og:site_name\" content=\"Lajme nga Ulqini\" \/>\n<meta property=\"article:published_time\" content=\"2009-05-02T14:00:03+00:00\" \/>\n<meta property=\"article:modified_time\" content=\"2009-05-02T14:14:13+00:00\" \/>\n<meta property=\"og:image\" content=\"http:\/\/www.visit-ulcinj.com\/blog\/wp-content\/uploads\/2009\/05\/arjon-muca-big-brother-albania-2-live.jpg\" \/>\n<meta name=\"twitter:label1\" content=\"Written by\" \/>\n\t<meta name=\"twitter:data1\" content=\"ulqini\" \/>\n\t<meta name=\"twitter:label2\" content=\"Est. reading time\" \/>\n\t<meta name=\"twitter:data2\" content=\"3 minutes\" \/>\n<script type=\"application\/ld+json\" class=\"yoast-schema-graph\">{\"@context\":\"https:\/\/schema.org\",\"@graph\":[{\"@type\":\"WebSite\",\"@id\":\"https:\/\/www.visit-ulcinj.com\/blog\/#website\",\"url\":\"https:\/\/www.visit-ulcinj.com\/blog\/\",\"name\":\"Lajme nga Ulqini\",\"description\":\"Lajme,Vijesti,Ulqini,Ulqin,Crna Gora,Mali i Zi\",\"potentialAction\":[{\"@type\":\"SearchAction\",\"target\":{\"@type\":\"EntryPoint\",\"urlTemplate\":\"https:\/\/www.visit-ulcinj.com\/blog\/?s={search_term_string}\"},\"query-input\":\"required name=search_term_string\"}],\"inLanguage\":\"en-US\"},{\"@type\":\"ImageObject\",\"inLanguage\":\"en-US\",\"@id\":\"https:\/\/www.visit-ulcinj.com\/blog\/2009\/05\/02\/arjon-muca-flet-per-banoret\/#primaryimage\",\"url\":\"http:\/\/www.visit-ulcinj.com\/blog\/wp-content\/uploads\/2009\/05\/arjon-muca-big-brother-albania-2-live.jpg\",\"contentUrl\":\"http:\/\/www.visit-ulcinj.com\/blog\/wp-content\/uploads\/2009\/05\/arjon-muca-big-brother-albania-2-live.jpg\"},{\"@type\":\"WebPage\",\"@id\":\"https:\/\/www.visit-ulcinj.com\/blog\/2009\/05\/02\/arjon-muca-flet-per-banoret\/#webpage\",\"url\":\"https:\/\/www.visit-ulcinj.com\/blog\/2009\/05\/02\/arjon-muca-flet-per-banoret\/\",\"name\":\"Arjon Muca flet p\u00c3\u00abr banoret | Big Brother Albania 2\",\"isPartOf\":{\"@id\":\"https:\/\/www.visit-ulcinj.com\/blog\/#website\"},\"primaryImageOfPage\":{\"@id\":\"https:\/\/www.visit-ulcinj.com\/blog\/2009\/05\/02\/arjon-muca-flet-per-banoret\/#primaryimage\"},\"datePublished\":\"2009-05-02T14:00:03+00:00\",\"dateModified\":\"2009-05-02T14:14:13+00:00\",\"author\":{\"@id\":\"https:\/\/www.visit-ulcinj.com\/blog\/#\/schema\/person\/dcab619c614d3038751c63bc2aadc06d\"},\"description\":\"Big Brother Albania 2 - Arjon Muca flet p\u00c3\u00abr banoret\",\"breadcrumb\":{\"@id\":\"https:\/\/www.visit-ulcinj.com\/blog\/2009\/05\/02\/arjon-muca-flet-per-banoret\/#breadcrumb\"},\"inLanguage\":\"en-US\",\"potentialAction\":[{\"@type\":\"ReadAction\",\"target\":[\"https:\/\/www.visit-ulcinj.com\/blog\/2009\/05\/02\/arjon-muca-flet-per-banoret\/\"]}]},{\"@type\":\"BreadcrumbList\",\"@id\":\"https:\/\/www.visit-ulcinj.com\/blog\/2009\/05\/02\/arjon-muca-flet-per-banoret\/#breadcrumb\",\"itemListElement\":[{\"@type\":\"ListItem\",\"position\":1,\"name\":\"Arjon Muca flet p\u00ebr banoret\"}]},{\"@type\":\"Person\",\"@id\":\"https:\/\/www.visit-ulcinj.com\/blog\/#\/schema\/person\/dcab619c614d3038751c63bc2aadc06d\",\"name\":\"ulqini\",\"sameAs\":[\"http:\/\/www.visit-ulcinj.com\"],\"url\":\"https:\/\/www.visit-ulcinj.com\/blog\/author\/admin\/\"}]}<\/script>\n<!-- \/ Yoast SEO plugin. -->","yoast_head_json":{"title":"Arjon Muca flet p\u00c3\u00abr banoret | Big Brother Albania 2","description":"Big Brother Albania 2 - Arjon Muca flet p\u00c3\u00abr banoret","robots":{"index":"index","follow":"follow","max-snippet":"max-snippet:-1","max-image-preview":"max-image-preview:large","max-video-preview":"max-video-preview:-1"},"canonical":"https:\/\/www.visit-ulcinj.com\/blog\/2009\/05\/02\/arjon-muca-flet-per-banoret\/","og_locale":"en_US","og_type":"article","og_title":"Arjon Muca flet p\u00c3\u00abr banoret | Big Brother Albania 2","og_description":"Big Brother Albania 2 - Arjon Muca flet p\u00c3\u00abr banoret","og_url":"https:\/\/www.visit-ulcinj.com\/blog\/2009\/05\/02\/arjon-muca-flet-per-banoret\/","og_site_name":"Lajme nga Ulqini","article_published_time":"2009-05-02T14:00:03+00:00","article_modified_time":"2009-05-02T14:14:13+00:00","og_image":[{"url":"http:\/\/www.visit-ulcinj.com\/blog\/wp-content\/uploads\/2009\/05\/arjon-muca-big-brother-albania-2-live.jpg"}],"twitter_misc":{"Written by":"ulqini","Est. reading time":"3 minutes"},"schema":{"@context":"https:\/\/schema.org","@graph":[{"@type":"WebSite","@id":"https:\/\/www.visit-ulcinj.com\/blog\/#website","url":"https:\/\/www.visit-ulcinj.com\/blog\/","name":"Lajme nga Ulqini","description":"Lajme,Vijesti,Ulqini,Ulqin,Crna Gora,Mali i Zi","potentialAction":[{"@type":"SearchAction","target":{"@type":"EntryPoint","urlTemplate":"https:\/\/www.visit-ulcinj.com\/blog\/?s={search_term_string}"},"query-input":"required name=search_term_string"}],"inLanguage":"en-US"},{"@type":"ImageObject","inLanguage":"en-US","@id":"https:\/\/www.visit-ulcinj.com\/blog\/2009\/05\/02\/arjon-muca-flet-per-banoret\/#primaryimage","url":"http:\/\/www.visit-ulcinj.com\/blog\/wp-content\/uploads\/2009\/05\/arjon-muca-big-brother-albania-2-live.jpg","contentUrl":"http:\/\/www.visit-ulcinj.com\/blog\/wp-content\/uploads\/2009\/05\/arjon-muca-big-brother-albania-2-live.jpg"},{"@type":"WebPage","@id":"https:\/\/www.visit-ulcinj.com\/blog\/2009\/05\/02\/arjon-muca-flet-per-banoret\/#webpage","url":"https:\/\/www.visit-ulcinj.com\/blog\/2009\/05\/02\/arjon-muca-flet-per-banoret\/","name":"Arjon Muca flet p\u00c3\u00abr banoret | Big Brother Albania 2","isPartOf":{"@id":"https:\/\/www.visit-ulcinj.com\/blog\/#website"},"primaryImageOfPage":{"@id":"https:\/\/www.visit-ulcinj.com\/blog\/2009\/05\/02\/arjon-muca-flet-per-banoret\/#primaryimage"},"datePublished":"2009-05-02T14:00:03+00:00","dateModified":"2009-05-02T14:14:13+00:00","author":{"@id":"https:\/\/www.visit-ulcinj.com\/blog\/#\/schema\/person\/dcab619c614d3038751c63bc2aadc06d"},"description":"Big Brother Albania 2 - Arjon Muca flet p\u00c3\u00abr banoret","breadcrumb":{"@id":"https:\/\/www.visit-ulcinj.com\/blog\/2009\/05\/02\/arjon-muca-flet-per-banoret\/#breadcrumb"},"inLanguage":"en-US","potentialAction":[{"@type":"ReadAction","target":["https:\/\/www.visit-ulcinj.com\/blog\/2009\/05\/02\/arjon-muca-flet-per-banoret\/"]}]},{"@type":"BreadcrumbList","@id":"https:\/\/www.visit-ulcinj.com\/blog\/2009\/05\/02\/arjon-muca-flet-per-banoret\/#breadcrumb","itemListElement":[{"@type":"ListItem","position":1,"name":"Arjon Muca flet p\u00ebr banoret"}]},{"@type":"Person","@id":"https:\/\/www.visit-ulcinj.com\/blog\/#\/schema\/person\/dcab619c614d3038751c63bc2aadc06d","name":"ulqini","sameAs":["http:\/\/www.visit-ulcinj.com"],"url":"https:\/\/www.visit-ulcinj.com\/blog\/author\/admin\/"}]}},"jetpack_featured_media_url":"","jetpack_sharing_enabled":true,"jetpack_shortlink":"https:\/\/wp.me\/pe6lTn-59L","_links":{"self":[{"href":"https:\/\/www.visit-ulcinj.com\/blog\/wp-json\/wp\/v2\/posts\/19825"}],"collection":[{"href":"https:\/\/www.visit-ulcinj.com\/blog\/wp-json\/wp\/v2\/posts"}],"about":[{"href":"https:\/\/www.visit-ulcinj.com\/blog\/wp-json\/wp\/v2\/types\/post"}],"author":[{"embeddable":true,"href":"https:\/\/www.visit-ulcinj.com\/blog\/wp-json\/wp\/v2\/users\/1"}],"replies":[{"embeddable":true,"href":"https:\/\/www.visit-ulcinj.com\/blog\/wp-json\/wp\/v2\/comments?post=19825"}],"version-history":[{"count":0,"href":"https:\/\/www.visit-ulcinj.com\/blog\/wp-json\/wp\/v2\/posts\/19825\/revisions"}],"wp:attachment":[{"href":"https:\/\/www.visit-ulcinj.com\/blog\/wp-json\/wp\/v2\/media?parent=19825"}],"wp:term":[{"taxonomy":"category","embeddable":true,"href":"https:\/\/www.visit-ulcinj.com\/blog\/wp-json\/wp\/v2\/categories?post=19825"},{"taxonomy":"post_tag","embeddable":true,"href":"https:\/\/www.visit-ulcinj.com\/blog\/wp-json\/wp\/v2\/tags?post=19825"}],"curies":[{"name":"wp","href":"https:\/\/api.w.org\/{rel}","templated":true}]}}