{"id":19831,"date":"2009-05-02T16:00:24","date_gmt":"2009-05-02T14:00:24","guid":{"rendered":"http:\/\/www.visit-ulcinj.com\/blog\/?p=19831"},"modified":"2009-05-02T15:44:52","modified_gmt":"2009-05-02T13:44:52","slug":"big-brother-albania-2-arjon-muca-intervista","status":"publish","type":"post","link":"https:\/\/www.visit-ulcinj.com\/blog\/2009\/05\/02\/big-brother-albania-2-arjon-muca-intervista\/","title":{"rendered":"Big Brother Albania 2 , Arjon Muca, Intervista"},"content":{"rendered":"<p><a href=\"http:\/\/www.visit-ulcinj.com\/blog\/big-brother-albania-2\/\"><img loading=\"lazy\" class=\"alignleft size-full wp-image-19833\" title=\"arjon-muca-anjeza-mesida-lleshi-intervista-big-brother-albania-2-live\" src=\"http:\/\/www.visit-ulcinj.com\/blog\/wp-content\/uploads\/2009\/05\/arjon-muca-anjeza-mesida-lleshi-intervista-big-brother-albania-2-live.jpg\" alt=\"arjon-muca-anjeza-mesida-lleshi-intervista-big-brother-albania-2-live\" width=\"585\" height=\"300\" \/><\/a><\/p>\n<p><strong>Pse ishe n\u00eb &#8220;Big Brother&#8221; Arjon?<\/strong><\/p>\n<p>K\u00ebrkoja nj\u00eb trampolin\u00eb ideale p\u00ebr t&#8217;u hedhur n\u00eb synimet e mia. Ato lidhen me bot\u00ebn e televizionit ku d\u00ebshiroj t\u00eb b\u00ebhem prezantues, por nj\u00ebkoh\u00ebsisht do t\u00eb konkurroj edhe n\u00eb Akademin\u00eb e Arteve t\u00eb Bukura p\u00ebr aktor.<\/p>\n<p><strong>A mund t\u00eb jet\u00eb dialekti q\u00eb ke n\u00eb t\u00eb folur problem p\u00ebr k\u00ebt\u00eb gj\u00eb?<\/strong><\/p>\n<p>P\u00ebr k\u00ebt\u00eb arsye, do t\u00eb ndjek edhe nj\u00eb kurs gjuhe dhe diksioni.<\/p>\n<p><strong>A pam\u00eb nj\u00eb Arjon t\u00eb v\u00ebrtet\u00eb n\u00eb &#8220;Big Brother 2&#8221;?<\/strong><\/p>\n<p>Edhe un\u00eb nuk e kisha par\u00eb veten asnj\u00ebher\u00eb kaq t\u00eb v\u00ebrtet\u00eb.<\/p>\n<p><strong>Do ktheheshe p\u00ebrs\u00ebri atje brenda, pse?<\/strong><\/p>\n<p>Po, sepse do kisha d\u00ebshir\u00eb t\u00eb provoja p\u00ebrs\u00ebri ngroht\u00ebsin\u00eb q\u00eb m\u00eb dha publiku kur dola.<\/p>\n<p><strong>N\u00eb &#8220;Big Brother&#8221; fitojn\u00eb t\u00eb v\u00ebrtet\u00ebt, apo ata q\u00eb aktrojn\u00eb m\u00eb bukur?<\/strong><\/p>\n<p>N\u00eb &#8220;Big Brother&#8221; fitojn\u00eb ata q\u00eb vendos publiku.<\/p>\n<p><strong>Po ti \u00e7far\u00eb b\u00ebre?<\/strong><\/p>\n<p>Po t\u00eb m\u00eb pyesje brenda n\u00eb sht\u00ebpi p\u00ebr k\u00ebt\u00eb gj\u00eb nuk do t\u00eb dija t\u00eb p\u00ebrgjigjesha, por sot m\u00eb thon\u00eb dhe m\u00eb vler\u00ebsojn\u00eb si nj\u00eb djal\u00eb 360\u00b0.<\/p>\n<p><strong>A pate nj\u00eb strategji loje?<\/strong><\/p>\n<p>T\u00eb gjith\u00eb pat\u00ebn nj\u00eb strategji, por \u00e7do strategji kur je aty brenda bie brenda pak dit\u00ebsh.<\/p>\n<p><strong>T\u00eb jesh djal\u00eb i bukur, t\u00eb ndihmon apo t\u00eb nd\u00ebshkon n\u00eb nj\u00eb loj\u00eb si kjo?<\/strong><\/p>\n<p>Un\u00eb kam b\u00ebr\u00eb q\u00eb aspekti fizik t\u00eb anashkalohej p\u00ebr t\u00eb nxjerr\u00eb n\u00eb pah vetit\u00eb dhe virtytet q\u00eb m\u00eb karakterizojn\u00eb.<\/p>\n<p><strong>Ti dhe Moza ishit m\u00eb t\u00eb bukurit e k\u00ebtij edicioni, ku q\u00ebndron dallimi mes jush (p\u00ebrve\u00e7 seksit)?<\/strong><\/p>\n<p>Moza futet n\u00eb rekordin &#8220;Guinness&#8221;, si nj\u00eb person q\u00eb arriti t\u00eb rrinte n\u00eb nj\u00eb &#8220;reality&#8221; q\u00eb bazohet te dialogu, 80 dit\u00eb pa folur.<\/p>\n<p><strong>U afrove shum\u00eb me Zhuljet\u00ebn, ajo tha se ishte loj\u00eb, po p\u00ebr ty?<\/strong><\/p>\n<p>Ndava momente shoq\u00ebrore shum\u00eb t\u00eb bukura, por p\u00ebr t\u00eb ishte loj\u00eb, un\u00eb nuk e vler\u00ebsoj p\u00ebr keq, sepse m\u00eb dhuroi bashk\u00ebbisedime t\u00eb bukura.<\/p>\n<p><strong>\u00c7far\u00eb t\u00eb tha kur e takove jasht\u00eb?<\/strong><\/p>\n<p>O fodull.<\/p>\n<p><strong>Si po t\u00eb duket Anjeza, tani q\u00eb e shikon nga jasht\u00eb?<\/strong><\/p>\n<p>Pak e m\u00ebrzitur n\u00eb ato momente q\u00eb normalisht i kalonim bashk\u00eb.<\/p>\n<p><strong>Adela i tha Anjez\u00ebs se, po t\u00eb m\u00eb dilte Bjordi, un\u00eb vet\u00ebm do qaja, po ti si mendon p\u00ebr reagimin e Anjez\u00ebs?<\/strong><\/p>\n<p>\u00c7do njeri i p\u00ebrballon ndjenjat dhe situatat n\u00eb forma t\u00eb ndryshme.<\/p>\n<p><strong>Mendon se Adela e do Bjordin, m\u00eb shum\u00eb se t\u00eb do Anjeza ty?<\/strong><\/p>\n<p>Si mund ta mas ndjenj\u00ebn? Po t\u00eb ekzistonte nj\u00eb ndjenj\u00ebmat\u00ebs, do isha i pari q\u00eb do ta kisha bler\u00eb.<\/p>\n<p><strong>Qetsori ka th\u00ebne se ti e ke dashur m\u00eb shum\u00eb sesa t\u00eb ka dashur ai, je i zhg\u00ebnjyer nga k\u00ebto fjal\u00eb?<\/strong><\/p>\n<p>Personat nuk duan kurr\u00eb n\u00eb t\u00eb nj\u00ebjt\u00ebn sasi, ka gjithmon\u00eb nj\u00eb q\u00eb do m\u00eb shum\u00eb se tjetri.<\/p>\n<p><strong>Cilin kishe me t\u00eb v\u00ebrtet\u00eb konkurrent aty brenda?<\/strong><\/p>\n<p>Qetsorin.<\/p>\n<p><strong>A u stepe kur n\u00eb &#8220;Big Brother&#8221; hyri Ari, pse?<\/strong><\/p>\n<p>P\u00ebr mua, Ari ishte si gjith\u00eb t\u00eb tjer\u00ebt.<strong><\/strong><\/p>\n<p><strong>Kush do ta fitoj\u00eb &#8220;Big Brother&#8221;?<\/strong><\/p>\n<p>Qetsori. <strong>A do rikthehesh n\u00eb Itali? <\/strong>Varet nga ofertat e pun\u00ebs q\u00eb do t\u00eb kem, sepse jam m\u00ebsuar t\u00eb punoj.<\/p>\n<p><strong>Po me Rosel\u00ebn si shkon puna, do ta takosh?<\/strong><\/p>\n<p>Patjet\u00ebr q\u00eb do ta takoj, aty ku mbaron nj\u00eb dashuri, ka shum\u00eb vend p\u00ebr nj\u00eb miq\u00ebsi.<\/p>\n<p><strong>A do t\u00eb punosh k\u00ebt\u00eb vit n\u00eb sezonin turistik t\u00eb ver\u00ebs?<\/strong><\/p>\n<p>N\u00eb Itali kam b\u00ebr\u00eb bagninon (kujdestarin e plazhist\u00ebve), nd\u00ebrsa k\u00ebtu shpresoj t\u00eb punoj gjith\u00eb vitin.<\/p>\n<p><strong>\u00c7far\u00eb pret t\u00eb ndodh\u00eb me jet\u00ebn t\u00ebnde?<\/strong><\/p>\n<p>T\u00eb mos m\u00eb ndryshojn\u00eb gj\u00ebrat q\u00eb kam dhe pres t\u00eb realizoj \u00ebndrrat e mia.<\/p>\n<p><strong>Po p\u00ebr fansat?<\/strong><\/p>\n<p>Dua t&#8217;i shpreh fal\u00ebnderimin tim t\u00eb madh p\u00ebr \u00e7do dit\u00eb q\u00eb m\u00eb kan\u00eb mb\u00ebshtetur kur isha aty brenda dhe p\u00ebr ngroht\u00ebsin\u00eb q\u00eb m\u00eb falin tani q\u00eb jam jasht\u00eb.<\/p>\n","protected":false},"excerpt":{"rendered":"<p>Pse ishe n\u00eb &#8220;Big Brother&#8221; Arjon? K\u00ebrkoja nj\u00eb trampolin\u00eb ideale p\u00ebr t&#8217;u hedhur n\u00eb synimet e mia. Ato lidhen me bot\u00ebn e televizionit ku d\u00ebshiroj t\u00eb b\u00ebhem prezantues, por nj\u00ebkoh\u00ebsisht do t\u00eb konkurroj edhe n\u00eb Akademin\u00eb e Arteve t\u00eb Bukura p\u00ebr aktor. A mund t\u00eb jet\u00eb dialekti q\u00eb ke n\u00eb t\u00eb folur problem p\u00ebr k\u00ebt\u00eb [&hellip;]<\/p>\n","protected":false},"author":1,"featured_media":0,"comment_status":"open","ping_status":"closed","sticky":false,"template":"","format":"standard","meta":{"spay_email":"","jetpack_publicize_message":"","jetpack_is_tweetstorm":false,"jetpack_publicize_feature_enabled":true},"categories":[6502],"tags":[8289,6525,5057,6506,6516,6712,7129,8966,7364,6891,6693,6887,6536],"jetpack_publicize_connections":[],"yoast_head":"<!-- This site is optimized with the Yoast SEO plugin v19.1 - https:\/\/yoast.com\/wordpress\/plugins\/seo\/ -->\n<title>Big Brother Albania 2 , Arjon Muca, Intervista | Big Brother Albania 2<\/title>\n<meta name=\"description\" content=\"Big Brother Albania 2 - Big Brother Albania 2 , Arjon Muca, Intervista\" \/>\n<meta name=\"robots\" content=\"index, follow, max-snippet:-1, max-image-preview:large, max-video-preview:-1\" \/>\n<link rel=\"canonical\" href=\"https:\/\/www.visit-ulcinj.com\/blog\/2009\/05\/02\/big-brother-albania-2-arjon-muca-intervista\/\" \/>\n<meta property=\"og:locale\" content=\"en_US\" \/>\n<meta property=\"og:type\" content=\"article\" \/>\n<meta property=\"og:title\" content=\"Big Brother Albania 2 , Arjon Muca, Intervista | Big Brother Albania 2\" \/>\n<meta property=\"og:description\" content=\"Big Brother Albania 2 - Big Brother Albania 2 , Arjon Muca, Intervista\" \/>\n<meta property=\"og:url\" content=\"https:\/\/www.visit-ulcinj.com\/blog\/2009\/05\/02\/big-brother-albania-2-arjon-muca-intervista\/\" \/>\n<meta property=\"og:site_name\" content=\"Lajme nga Ulqini\" \/>\n<meta property=\"article:published_time\" content=\"2009-05-02T14:00:24+00:00\" \/>\n<meta property=\"article:modified_time\" content=\"2009-05-02T13:44:52+00:00\" \/>\n<meta property=\"og:image\" content=\"http:\/\/www.visit-ulcinj.com\/blog\/wp-content\/uploads\/2009\/05\/arjon-muca-anjeza-mesida-lleshi-intervista-big-brother-albania-2-live.jpg\" \/>\n<meta name=\"twitter:label1\" content=\"Written by\" \/>\n\t<meta name=\"twitter:data1\" content=\"ulqini\" \/>\n\t<meta name=\"twitter:label2\" content=\"Est. reading time\" \/>\n\t<meta name=\"twitter:data2\" content=\"3 minutes\" \/>\n<script type=\"application\/ld+json\" class=\"yoast-schema-graph\">{\"@context\":\"https:\/\/schema.org\",\"@graph\":[{\"@type\":\"WebSite\",\"@id\":\"https:\/\/www.visit-ulcinj.com\/blog\/#website\",\"url\":\"https:\/\/www.visit-ulcinj.com\/blog\/\",\"name\":\"Lajme nga Ulqini\",\"description\":\"Lajme,Vijesti,Ulqini,Ulqin,Crna Gora,Mali i Zi\",\"potentialAction\":[{\"@type\":\"SearchAction\",\"target\":{\"@type\":\"EntryPoint\",\"urlTemplate\":\"https:\/\/www.visit-ulcinj.com\/blog\/?s={search_term_string}\"},\"query-input\":\"required name=search_term_string\"}],\"inLanguage\":\"en-US\"},{\"@type\":\"ImageObject\",\"inLanguage\":\"en-US\",\"@id\":\"https:\/\/www.visit-ulcinj.com\/blog\/2009\/05\/02\/big-brother-albania-2-arjon-muca-intervista\/#primaryimage\",\"url\":\"http:\/\/www.visit-ulcinj.com\/blog\/wp-content\/uploads\/2009\/05\/arjon-muca-anjeza-mesida-lleshi-intervista-big-brother-albania-2-live.jpg\",\"contentUrl\":\"http:\/\/www.visit-ulcinj.com\/blog\/wp-content\/uploads\/2009\/05\/arjon-muca-anjeza-mesida-lleshi-intervista-big-brother-albania-2-live.jpg\"},{\"@type\":\"WebPage\",\"@id\":\"https:\/\/www.visit-ulcinj.com\/blog\/2009\/05\/02\/big-brother-albania-2-arjon-muca-intervista\/#webpage\",\"url\":\"https:\/\/www.visit-ulcinj.com\/blog\/2009\/05\/02\/big-brother-albania-2-arjon-muca-intervista\/\",\"name\":\"Big Brother Albania 2 , Arjon Muca, Intervista | Big Brother Albania 2\",\"isPartOf\":{\"@id\":\"https:\/\/www.visit-ulcinj.com\/blog\/#website\"},\"primaryImageOfPage\":{\"@id\":\"https:\/\/www.visit-ulcinj.com\/blog\/2009\/05\/02\/big-brother-albania-2-arjon-muca-intervista\/#primaryimage\"},\"datePublished\":\"2009-05-02T14:00:24+00:00\",\"dateModified\":\"2009-05-02T13:44:52+00:00\",\"author\":{\"@id\":\"https:\/\/www.visit-ulcinj.com\/blog\/#\/schema\/person\/dcab619c614d3038751c63bc2aadc06d\"},\"description\":\"Big Brother Albania 2 - Big Brother Albania 2 , Arjon Muca, Intervista\",\"breadcrumb\":{\"@id\":\"https:\/\/www.visit-ulcinj.com\/blog\/2009\/05\/02\/big-brother-albania-2-arjon-muca-intervista\/#breadcrumb\"},\"inLanguage\":\"en-US\",\"potentialAction\":[{\"@type\":\"ReadAction\",\"target\":[\"https:\/\/www.visit-ulcinj.com\/blog\/2009\/05\/02\/big-brother-albania-2-arjon-muca-intervista\/\"]}]},{\"@type\":\"BreadcrumbList\",\"@id\":\"https:\/\/www.visit-ulcinj.com\/blog\/2009\/05\/02\/big-brother-albania-2-arjon-muca-intervista\/#breadcrumb\",\"itemListElement\":[{\"@type\":\"ListItem\",\"position\":1,\"name\":\"Big Brother Albania 2 , Arjon Muca, Intervista\"}]},{\"@type\":\"Person\",\"@id\":\"https:\/\/www.visit-ulcinj.com\/blog\/#\/schema\/person\/dcab619c614d3038751c63bc2aadc06d\",\"name\":\"ulqini\",\"sameAs\":[\"http:\/\/www.visit-ulcinj.com\"],\"url\":\"https:\/\/www.visit-ulcinj.com\/blog\/author\/admin\/\"}]}<\/script>\n<!-- \/ Yoast SEO plugin. -->","yoast_head_json":{"title":"Big Brother Albania 2 , Arjon Muca, Intervista | Big Brother Albania 2","description":"Big Brother Albania 2 - Big Brother Albania 2 , Arjon Muca, Intervista","robots":{"index":"index","follow":"follow","max-snippet":"max-snippet:-1","max-image-preview":"max-image-preview:large","max-video-preview":"max-video-preview:-1"},"canonical":"https:\/\/www.visit-ulcinj.com\/blog\/2009\/05\/02\/big-brother-albania-2-arjon-muca-intervista\/","og_locale":"en_US","og_type":"article","og_title":"Big Brother Albania 2 , Arjon Muca, Intervista | Big Brother Albania 2","og_description":"Big Brother Albania 2 - Big Brother Albania 2 , Arjon Muca, Intervista","og_url":"https:\/\/www.visit-ulcinj.com\/blog\/2009\/05\/02\/big-brother-albania-2-arjon-muca-intervista\/","og_site_name":"Lajme nga Ulqini","article_published_time":"2009-05-02T14:00:24+00:00","article_modified_time":"2009-05-02T13:44:52+00:00","og_image":[{"url":"http:\/\/www.visit-ulcinj.com\/blog\/wp-content\/uploads\/2009\/05\/arjon-muca-anjeza-mesida-lleshi-intervista-big-brother-albania-2-live.jpg"}],"twitter_misc":{"Written by":"ulqini","Est. reading time":"3 minutes"},"schema":{"@context":"https:\/\/schema.org","@graph":[{"@type":"WebSite","@id":"https:\/\/www.visit-ulcinj.com\/blog\/#website","url":"https:\/\/www.visit-ulcinj.com\/blog\/","name":"Lajme nga Ulqini","description":"Lajme,Vijesti,Ulqini,Ulqin,Crna Gora,Mali i Zi","potentialAction":[{"@type":"SearchAction","target":{"@type":"EntryPoint","urlTemplate":"https:\/\/www.visit-ulcinj.com\/blog\/?s={search_term_string}"},"query-input":"required name=search_term_string"}],"inLanguage":"en-US"},{"@type":"ImageObject","inLanguage":"en-US","@id":"https:\/\/www.visit-ulcinj.com\/blog\/2009\/05\/02\/big-brother-albania-2-arjon-muca-intervista\/#primaryimage","url":"http:\/\/www.visit-ulcinj.com\/blog\/wp-content\/uploads\/2009\/05\/arjon-muca-anjeza-mesida-lleshi-intervista-big-brother-albania-2-live.jpg","contentUrl":"http:\/\/www.visit-ulcinj.com\/blog\/wp-content\/uploads\/2009\/05\/arjon-muca-anjeza-mesida-lleshi-intervista-big-brother-albania-2-live.jpg"},{"@type":"WebPage","@id":"https:\/\/www.visit-ulcinj.com\/blog\/2009\/05\/02\/big-brother-albania-2-arjon-muca-intervista\/#webpage","url":"https:\/\/www.visit-ulcinj.com\/blog\/2009\/05\/02\/big-brother-albania-2-arjon-muca-intervista\/","name":"Big Brother Albania 2 , Arjon Muca, Intervista | Big Brother Albania 2","isPartOf":{"@id":"https:\/\/www.visit-ulcinj.com\/blog\/#website"},"primaryImageOfPage":{"@id":"https:\/\/www.visit-ulcinj.com\/blog\/2009\/05\/02\/big-brother-albania-2-arjon-muca-intervista\/#primaryimage"},"datePublished":"2009-05-02T14:00:24+00:00","dateModified":"2009-05-02T13:44:52+00:00","author":{"@id":"https:\/\/www.visit-ulcinj.com\/blog\/#\/schema\/person\/dcab619c614d3038751c63bc2aadc06d"},"description":"Big Brother Albania 2 - Big Brother Albania 2 , Arjon Muca, Intervista","breadcrumb":{"@id":"https:\/\/www.visit-ulcinj.com\/blog\/2009\/05\/02\/big-brother-albania-2-arjon-muca-intervista\/#breadcrumb"},"inLanguage":"en-US","potentialAction":[{"@type":"ReadAction","target":["https:\/\/www.visit-ulcinj.com\/blog\/2009\/05\/02\/big-brother-albania-2-arjon-muca-intervista\/"]}]},{"@type":"BreadcrumbList","@id":"https:\/\/www.visit-ulcinj.com\/blog\/2009\/05\/02\/big-brother-albania-2-arjon-muca-intervista\/#breadcrumb","itemListElement":[{"@type":"ListItem","position":1,"name":"Big Brother Albania 2 , Arjon Muca, Intervista"}]},{"@type":"Person","@id":"https:\/\/www.visit-ulcinj.com\/blog\/#\/schema\/person\/dcab619c614d3038751c63bc2aadc06d","name":"ulqini","sameAs":["http:\/\/www.visit-ulcinj.com"],"url":"https:\/\/www.visit-ulcinj.com\/blog\/author\/admin\/"}]}},"jetpack_featured_media_url":"","jetpack_sharing_enabled":true,"jetpack_shortlink":"https:\/\/wp.me\/pe6lTn-59R","_links":{"self":[{"href":"https:\/\/www.visit-ulcinj.com\/blog\/wp-json\/wp\/v2\/posts\/19831"}],"collection":[{"href":"https:\/\/www.visit-ulcinj.com\/blog\/wp-json\/wp\/v2\/posts"}],"about":[{"href":"https:\/\/www.visit-ulcinj.com\/blog\/wp-json\/wp\/v2\/types\/post"}],"author":[{"embeddable":true,"href":"https:\/\/www.visit-ulcinj.com\/blog\/wp-json\/wp\/v2\/users\/1"}],"replies":[{"embeddable":true,"href":"https:\/\/www.visit-ulcinj.com\/blog\/wp-json\/wp\/v2\/comments?post=19831"}],"version-history":[{"count":0,"href":"https:\/\/www.visit-ulcinj.com\/blog\/wp-json\/wp\/v2\/posts\/19831\/revisions"}],"wp:attachment":[{"href":"https:\/\/www.visit-ulcinj.com\/blog\/wp-json\/wp\/v2\/media?parent=19831"}],"wp:term":[{"taxonomy":"category","embeddable":true,"href":"https:\/\/www.visit-ulcinj.com\/blog\/wp-json\/wp\/v2\/categories?post=19831"},{"taxonomy":"post_tag","embeddable":true,"href":"https:\/\/www.visit-ulcinj.com\/blog\/wp-json\/wp\/v2\/tags?post=19831"}],"curies":[{"name":"wp","href":"https:\/\/api.w.org\/{rel}","templated":true}]}}