{"id":19842,"date":"2009-05-02T15:53:54","date_gmt":"2009-05-02T13:53:54","guid":{"rendered":"http:\/\/www.visit-ulcinj.com\/blog\/?p=19842"},"modified":"2009-05-02T16:01:32","modified_gmt":"2009-05-02T14:01:32","slug":"anjeza-java-e-vetmise-se-madhe-prisja-te-dilte-ari-dhe-jo-arjoni","status":"publish","type":"post","link":"https:\/\/www.visit-ulcinj.com\/blog\/2009\/05\/02\/anjeza-java-e-vetmise-se-madhe-prisja-te-dilte-ari-dhe-jo-arjoni\/","title":{"rendered":"Anjeza, java e vetmis\u00eb s\u00eb madhe &#8211; Prisja t\u00eb dilte Ari dhe jo Arjoni"},"content":{"rendered":"<p><a href=\"http:\/\/www.visit-ulcinj.com\/blog\/big-brother-albania-2\/\"><img loading=\"lazy\" class=\"alignleft size-full wp-image-19844\" title=\"anjeza-dhe-arjon-muca-big-broter-albania-2-live\" src=\"http:\/\/www.visit-ulcinj.com\/blog\/wp-content\/uploads\/2009\/05\/anjeza-dhe-arjon-muca-big-broter-albania-2-live.jpg\" alt=\"anjeza-dhe-arjon-muca-big-broter-albania-2-live\" width=\"585\" height=\"290\" \/><\/a>N\u00eb bised\u00eb me Jun\u00ebn, Anjeza i ka rr\u00ebfyer asaj se gjat\u00eb gjith\u00eb jav\u00ebs, kishte p\u00ebrjetuar ndjesin\u00eb se k\u00ebsaj here, Arjoni do t\u00eb dilte. Anjeza ka th\u00ebn\u00eb se, n\u00ebse t\u00eb shtun\u00ebn e kaluar nuk e kishte pasur k\u00ebt\u00eb frik\u00eb, k\u00ebt\u00eb her\u00eb e kishte parandier. &#8220;Nuk doja t&#8217;ia thosha Arjonit, sepse nuk doja ta m\u00ebrzisja!&#8221;, ka shtuar ajo. Anjeza i ka treguar gjithashtu se, pavar\u00ebsisht k\u00ebsaj, n\u00eb momentin kur kat\u00ebr t\u00eb nominuarit kishin shkuar n\u00eb zon\u00ebn e kampingut, duke u ndar\u00eb prej tyre, ajo kishte shpresuar se personi q\u00eb do t\u00eb dilte do t\u00eb kishte qen\u00eb Ari dhe jo Arjoni.<\/p>\n<p><strong>Anjeza: &#8220;M\u00eb duket sikur jam un\u00eb shkaku q\u00eb doli Arjoni&#8221;<\/strong><\/p>\n<p>Junida i ka q\u00ebndruar gjat\u00eb gjith\u00eb koh\u00ebs pran\u00eb Anjez\u00ebs s\u00eb trishtuar nga dalja e Arjonit. Ajo i ka th\u00ebn\u00eb t\u00eb mos m\u00ebrzitej dhe t\u00eb mundohej t&#8217;i merrte gj\u00ebrat pozitivisht. Prania e polic\u00ebve t\u00eb &#8220;Portokallis\u00eb&#8221; brenda sht\u00ebpis\u00eb s\u00eb &#8220;Big Brother&#8221; sikur ia largoi fillimisht mendjen, por m\u00eb von\u00eb, pas largimit t\u00eb tyre, kur sht\u00ebpia ra n\u00eb qet\u00ebsin\u00eb dhe rutin\u00ebn e p\u00ebrditshme, ajo shp\u00ebrtheu n\u00eb lot. &#8220;Je e m\u00ebrzitur apo t\u00eb vjen inat?&#8221; &#8211; e ka pyetur Juna, nd\u00ebrsa bisedonin. &#8220;T\u00eb dyja!&#8221;, i ka th\u00ebn\u00eb Anjeza. &#8220;M\u00eb duket sikur e ndjeja q\u00eb do t\u00eb dilte!&#8221;, ka shtuar ajo. &#8220;Nuk m\u00eb besohet q\u00eb ka ikur Arjoni!&#8221;, ka th\u00ebn\u00eb Anjeza. &#8220;M\u00eb duket sikur jam un\u00eb shkaku!&#8221;.<\/p>\n<p><strong>Anjeza: &#8220;Qetsor, Arjoni t\u00eb ka dashur shum\u00eb!&#8221;<\/strong><\/p>\n<p>Anjeza i ka th\u00ebn\u00eb Qetsorit se Arjoni e &#8220;kishte pasur shum\u00eb xhan&#8221; at\u00eb dhe e shprehte gjithandej me t\u00eb gjith\u00eb. &#8220;Aq sa mua m\u00eb vinte shum\u00eb inat q\u00eb e shprehte dhe i thosha &#8220;mos thuaj q\u00eb e do aq shum\u00eb!&#8221;. Qetsori ka th\u00ebn\u00eb se ndoshta Arjoni e donte m\u00eb shum\u00eb nga \u00e7&#8217;e donte ai. Por, sipas Anjez\u00ebs, ata t\u00eb dy e donin nj\u00ebri-tjetrit, pavar\u00ebsisht se kush e shprehte m\u00eb shum\u00eb. Adela ka nd\u00ebrhyr\u00eb, duke th\u00ebn\u00eb se Qetsori kuptohej se cilin donte e cilin jo, pavar\u00ebsisht se mundohej ta fshihte. &#8220;Arjoni e ka kuptuar vet sa dhe kur&#8221;, ka th\u00ebn\u00eb Qetsori.<\/p>\n<p><strong>Anjeza, Moz\u00ebs &#8220;Ti duhej t\u00eb dilje nga &#8216;Big Brother&#8217; para disa banor\u00ebve q\u00eb meritonin t\u00eb ishin ende k\u00ebtu&#8221;.<\/strong><\/p>\n<p>Anjeza e pyet Moz\u00ebn se \u00e7far\u00eb mendon ajo n\u00eb lidhje me faktin se vazhdon t\u00eb q\u00ebndroj\u00eb ende n\u00eb sht\u00ebpi prej kaq shum\u00eb koh\u00ebsh. Anjeza thot\u00eb se tek ajo ka par\u00eb vet\u00ebm nj\u00eb vajz\u00eb t\u00eb thjesht\u00eb, q\u00eb nuk merret me debate, q\u00eb nuk ka shpirt luftarak, q\u00eb i p\u00eblqen t\u00eb merret vet\u00ebm me veten, por q\u00eb k\u00ebto gj\u00ebra i ka par\u00eb si jasht\u00eb dhe brenda sht\u00ebpis\u00eb. Moza ia kthen se t\u00eb nj\u00ebjtat gj\u00ebra q\u00eb po thot\u00eb ajo p\u00ebr t\u00eb, ka par\u00eb edhe ajo tek Anjeza. Anjeza insiston n\u00eb pyetjen e saj se \u00e7far\u00eb ka vler\u00ebsuar publiku tek ajo. Moza p\u00ebrgjigjet se ka vler\u00ebsuar thjesht\u00ebsin\u00eb, sinqeritetin dhe nj\u00eb vajz\u00eb q\u00eb p\u00ebrfaq\u00ebson veten dhe mosh\u00ebn e saj. Anjeza vazhdon t\u00eb thot\u00eb se e sheh Moz\u00ebn shum\u00eb pasive dhe se kan\u00eb dal\u00eb nga loja banor\u00eb q\u00eb kan\u00eb qen\u00eb m\u00eb aktiv\u00eb e q\u00eb kan\u00eb dh\u00ebn\u00eb m\u00eb shum\u00eb se ajo. Moza i kund\u00ebrp\u00ebrgjigjet se dhe ajo nuk ka qen\u00eb shum\u00eb aktive dhe se pik\u00eb i ka dh\u00ebn\u00eb vet\u00ebm lidhja me Arjonin.<\/p>\n<p><strong>Adela provokon Anjez\u00ebn: T\u00eb m\u00eb kishte dal\u00eb mua Bjordi, do isha duke qar\u00eb&#8221;<\/strong><\/p>\n<p>Z\u00ebnkat midis Anjez\u00ebs dhe Adel\u00ebs vazhdojn\u00eb edhe gjat\u00eb ngr\u00ebnies s\u00eb drek\u00ebs. Adela e komenton k\u00ebt\u00eb ndryshim tipi t\u00eb Anjez\u00ebs p\u00ebr faktin se ka dal\u00eb n\u00eb nominim, por Anjeza ia kthen se ajo e ka nga gj\u00ebra t\u00eb tjera, pasi n\u00eb nominim ka qen\u00eb dhe m\u00eb par\u00eb dhe shton se Adela, si vajz\u00eb e zgjuar q\u00eb \u00ebsht\u00eb, duhet t&#8217;i kuptoj\u00eb mir\u00eb. Adela shprehet gjithashtu se, n\u00ebse asaj do t&#8217;i kishte ikur Bjordi, do t\u00eb q\u00ebndronte vet\u00ebm n\u00eb ndonj\u00eb cep pa folur e duke qar\u00eb. &#8220;Se \u00e7far\u00eb kam un\u00eb brenda, nuk e sheh as ti e as asnj\u00eb&#8221;, ia kthen Anjeza, por Adela thot\u00eb se ashtu mendon dhe mund t\u00eb thot\u00eb \u00e7far\u00eb i do qejfi.<\/p>\n<p><strong>Anjeza: &#8220;Q\u00ebndrimi af\u00ebr Arjonit, nuk m\u00eb ka penguar&#8221;<\/strong><\/p>\n<p>Anjeza vazhdon t\u00eb shpreh\u00eb se gjendja e saj aktuale nuk ka lidhje as me nominimin e as me faktin se Arjoni e paska penguar q\u00eb ajo t\u00eb shpreh\u00eb veten m\u00eb par\u00eb, si\u00e7 doli n\u00eb konkluzion Ari me Sorin. Sori sqaron se fakti q\u00eb ajo ka ndenjur m\u00eb shum\u00eb me Arjonin, e ka penguar q\u00eb t\u00eb b\u00ebj\u00eb loj\u00eb individuale. &#8220;Un\u00eb kam jetuar at\u00eb q\u00eb m\u00eb p\u00eblqente dhe e lash\u00eb m\u00ebnjan\u00eb loj\u00ebn, edhe pse Arjoni m\u00eb k\u00ebshillonte t\u00eb kund\u00ebrt\u00ebn&#8221;, thot\u00eb Anjeza.<\/p>\n<p><strong>Anjeza: &#8220;Jam e lumtur me Arjonin&#8221;<\/strong><\/p>\n<p>Anjeza i tregon Jun\u00ebs p\u00ebr marr\u00ebdh\u00ebnien e saj me Arjonin. Ajo i tregon se kur e shihte nga jasht\u00eb, para se t\u00eb hynte n\u00eb sht\u00ebpi, kishte disa gj\u00ebra q\u00eb nuk i p\u00eblqenin tek ai, por kur e njohu nga af\u00ebr, e p\u00eblqeu shum\u00eb. Ajo thot\u00eb se nuk mund ta p\u00ebrshkruaj\u00eb, por at\u00eb q\u00eb ndjejn\u00eb, e ndjejn\u00eb me t\u00eb v\u00ebrtet\u00eb, por dikush i shpreh m\u00eb shum\u00eb e dikush m\u00eb pak ndjenjat. Anjeza shprehet se kur t\u00eb dal\u00eb jasht\u00eb, do ta shohin lidhjen e saj me Arjonin. Sipas saj, edhe sikur lidhja e saj t\u00eb mos funksionoj\u00eb, gj\u00eb q\u00eb nuk e mendon se do t\u00eb ndodh\u00eb, \u00e7astet q\u00eb ka kaluar e p\u00ebrjetuar me t\u00eb dhe emocionet kan\u00eb qen\u00eb si kurr\u00eb ndonj\u00ebher\u00eb. &#8220;Sido q\u00eb t\u00eb jet\u00eb situata jasht\u00eb, jam e lumtur p\u00ebr k\u00ebt\u00eb&#8221;, shprehet Anjeza p\u00ebr lidhjen me Arjonin.<\/p>\n","protected":false},"excerpt":{"rendered":"<p>N\u00eb bised\u00eb me Jun\u00ebn, Anjeza i ka rr\u00ebfyer asaj se gjat\u00eb gjith\u00eb jav\u00ebs, kishte p\u00ebrjetuar ndjesin\u00eb se k\u00ebsaj here, Arjoni do t\u00eb dilte. Anjeza ka th\u00ebn\u00eb se, n\u00ebse t\u00eb shtun\u00ebn e kaluar nuk e kishte pasur k\u00ebt\u00eb frik\u00eb, k\u00ebt\u00eb her\u00eb e kishte parandier. &#8220;Nuk doja t&#8217;ia thosha Arjonit, sepse nuk doja ta m\u00ebrzisja!&#8221;, ka shtuar [&hellip;]<\/p>\n","protected":false},"author":1,"featured_media":0,"comment_status":"open","ping_status":"closed","sticky":false,"template":"","format":"standard","meta":{"spay_email":"","jetpack_publicize_message":"","jetpack_is_tweetstorm":false,"jetpack_publicize_feature_enabled":true},"categories":[6502],"tags":[6529,8289,8934,6525,5057,6506,6516,6712,7129,6522,9870,9871,8276,6891,6693,6887],"jetpack_publicize_connections":[],"yoast_head":"<!-- This site is optimized with the Yoast SEO plugin v19.1 - https:\/\/yoast.com\/wordpress\/plugins\/seo\/ -->\n<title>Anjeza, java e vetmis\u00c3\u00ab s\u00c3\u00ab madhe | Big Brother Albania 2<\/title>\n<meta name=\"description\" content=\"Big Brother Albania 2 - Prisja t\u00c3\u00ab dilte Ari dhe jo Arjoni\" \/>\n<meta name=\"robots\" content=\"index, follow, max-snippet:-1, max-image-preview:large, max-video-preview:-1\" \/>\n<link rel=\"canonical\" href=\"https:\/\/www.visit-ulcinj.com\/blog\/2009\/05\/02\/anjeza-java-e-vetmise-se-madhe-prisja-te-dilte-ari-dhe-jo-arjoni\/\" \/>\n<meta property=\"og:locale\" content=\"en_US\" \/>\n<meta property=\"og:type\" content=\"article\" \/>\n<meta property=\"og:title\" content=\"Anjeza, java e vetmis\u00c3\u00ab s\u00c3\u00ab madhe | Big Brother Albania 2\" \/>\n<meta property=\"og:description\" content=\"Big Brother Albania 2 - Prisja t\u00c3\u00ab dilte Ari dhe jo Arjoni\" \/>\n<meta property=\"og:url\" content=\"https:\/\/www.visit-ulcinj.com\/blog\/2009\/05\/02\/anjeza-java-e-vetmise-se-madhe-prisja-te-dilte-ari-dhe-jo-arjoni\/\" \/>\n<meta property=\"og:site_name\" content=\"Lajme nga Ulqini\" \/>\n<meta property=\"article:published_time\" content=\"2009-05-02T13:53:54+00:00\" \/>\n<meta property=\"article:modified_time\" content=\"2009-05-02T14:01:32+00:00\" \/>\n<meta property=\"og:image\" content=\"http:\/\/www.visit-ulcinj.com\/blog\/wp-content\/uploads\/2009\/05\/anjeza-dhe-arjon-muca-big-broter-albania-2-live.jpg\" \/>\n<meta name=\"twitter:label1\" content=\"Written by\" \/>\n\t<meta name=\"twitter:data1\" content=\"ulqini\" \/>\n\t<meta name=\"twitter:label2\" content=\"Est. reading time\" \/>\n\t<meta name=\"twitter:data2\" content=\"5 minutes\" \/>\n<script type=\"application\/ld+json\" class=\"yoast-schema-graph\">{\"@context\":\"https:\/\/schema.org\",\"@graph\":[{\"@type\":\"WebSite\",\"@id\":\"https:\/\/www.visit-ulcinj.com\/blog\/#website\",\"url\":\"https:\/\/www.visit-ulcinj.com\/blog\/\",\"name\":\"Lajme nga Ulqini\",\"description\":\"Lajme,Vijesti,Ulqini,Ulqin,Crna Gora,Mali i Zi\",\"potentialAction\":[{\"@type\":\"SearchAction\",\"target\":{\"@type\":\"EntryPoint\",\"urlTemplate\":\"https:\/\/www.visit-ulcinj.com\/blog\/?s={search_term_string}\"},\"query-input\":\"required name=search_term_string\"}],\"inLanguage\":\"en-US\"},{\"@type\":\"ImageObject\",\"inLanguage\":\"en-US\",\"@id\":\"https:\/\/www.visit-ulcinj.com\/blog\/2009\/05\/02\/anjeza-java-e-vetmise-se-madhe-prisja-te-dilte-ari-dhe-jo-arjoni\/#primaryimage\",\"url\":\"http:\/\/www.visit-ulcinj.com\/blog\/wp-content\/uploads\/2009\/05\/anjeza-dhe-arjon-muca-big-broter-albania-2-live.jpg\",\"contentUrl\":\"http:\/\/www.visit-ulcinj.com\/blog\/wp-content\/uploads\/2009\/05\/anjeza-dhe-arjon-muca-big-broter-albania-2-live.jpg\"},{\"@type\":\"WebPage\",\"@id\":\"https:\/\/www.visit-ulcinj.com\/blog\/2009\/05\/02\/anjeza-java-e-vetmise-se-madhe-prisja-te-dilte-ari-dhe-jo-arjoni\/#webpage\",\"url\":\"https:\/\/www.visit-ulcinj.com\/blog\/2009\/05\/02\/anjeza-java-e-vetmise-se-madhe-prisja-te-dilte-ari-dhe-jo-arjoni\/\",\"name\":\"Anjeza, java e vetmis\u00c3\u00ab s\u00c3\u00ab madhe | Big Brother Albania 2\",\"isPartOf\":{\"@id\":\"https:\/\/www.visit-ulcinj.com\/blog\/#website\"},\"primaryImageOfPage\":{\"@id\":\"https:\/\/www.visit-ulcinj.com\/blog\/2009\/05\/02\/anjeza-java-e-vetmise-se-madhe-prisja-te-dilte-ari-dhe-jo-arjoni\/#primaryimage\"},\"datePublished\":\"2009-05-02T13:53:54+00:00\",\"dateModified\":\"2009-05-02T14:01:32+00:00\",\"author\":{\"@id\":\"https:\/\/www.visit-ulcinj.com\/blog\/#\/schema\/person\/dcab619c614d3038751c63bc2aadc06d\"},\"description\":\"Big Brother Albania 2 - Prisja t\u00c3\u00ab dilte Ari dhe jo Arjoni\",\"breadcrumb\":{\"@id\":\"https:\/\/www.visit-ulcinj.com\/blog\/2009\/05\/02\/anjeza-java-e-vetmise-se-madhe-prisja-te-dilte-ari-dhe-jo-arjoni\/#breadcrumb\"},\"inLanguage\":\"en-US\",\"potentialAction\":[{\"@type\":\"ReadAction\",\"target\":[\"https:\/\/www.visit-ulcinj.com\/blog\/2009\/05\/02\/anjeza-java-e-vetmise-se-madhe-prisja-te-dilte-ari-dhe-jo-arjoni\/\"]}]},{\"@type\":\"BreadcrumbList\",\"@id\":\"https:\/\/www.visit-ulcinj.com\/blog\/2009\/05\/02\/anjeza-java-e-vetmise-se-madhe-prisja-te-dilte-ari-dhe-jo-arjoni\/#breadcrumb\",\"itemListElement\":[{\"@type\":\"ListItem\",\"position\":1,\"name\":\"Anjeza, java e vetmis\u00eb s\u00eb madhe &#8211; Prisja t\u00eb dilte Ari dhe jo Arjoni\"}]},{\"@type\":\"Person\",\"@id\":\"https:\/\/www.visit-ulcinj.com\/blog\/#\/schema\/person\/dcab619c614d3038751c63bc2aadc06d\",\"name\":\"ulqini\",\"sameAs\":[\"http:\/\/www.visit-ulcinj.com\"],\"url\":\"https:\/\/www.visit-ulcinj.com\/blog\/author\/admin\/\"}]}<\/script>\n<!-- \/ Yoast SEO plugin. -->","yoast_head_json":{"title":"Anjeza, java e vetmis\u00c3\u00ab s\u00c3\u00ab madhe | Big Brother Albania 2","description":"Big Brother Albania 2 - Prisja t\u00c3\u00ab dilte Ari dhe jo Arjoni","robots":{"index":"index","follow":"follow","max-snippet":"max-snippet:-1","max-image-preview":"max-image-preview:large","max-video-preview":"max-video-preview:-1"},"canonical":"https:\/\/www.visit-ulcinj.com\/blog\/2009\/05\/02\/anjeza-java-e-vetmise-se-madhe-prisja-te-dilte-ari-dhe-jo-arjoni\/","og_locale":"en_US","og_type":"article","og_title":"Anjeza, java e vetmis\u00c3\u00ab s\u00c3\u00ab madhe | Big Brother Albania 2","og_description":"Big Brother Albania 2 - Prisja t\u00c3\u00ab dilte Ari dhe jo Arjoni","og_url":"https:\/\/www.visit-ulcinj.com\/blog\/2009\/05\/02\/anjeza-java-e-vetmise-se-madhe-prisja-te-dilte-ari-dhe-jo-arjoni\/","og_site_name":"Lajme nga Ulqini","article_published_time":"2009-05-02T13:53:54+00:00","article_modified_time":"2009-05-02T14:01:32+00:00","og_image":[{"url":"http:\/\/www.visit-ulcinj.com\/blog\/wp-content\/uploads\/2009\/05\/anjeza-dhe-arjon-muca-big-broter-albania-2-live.jpg"}],"twitter_misc":{"Written by":"ulqini","Est. reading time":"5 minutes"},"schema":{"@context":"https:\/\/schema.org","@graph":[{"@type":"WebSite","@id":"https:\/\/www.visit-ulcinj.com\/blog\/#website","url":"https:\/\/www.visit-ulcinj.com\/blog\/","name":"Lajme nga Ulqini","description":"Lajme,Vijesti,Ulqini,Ulqin,Crna Gora,Mali i Zi","potentialAction":[{"@type":"SearchAction","target":{"@type":"EntryPoint","urlTemplate":"https:\/\/www.visit-ulcinj.com\/blog\/?s={search_term_string}"},"query-input":"required name=search_term_string"}],"inLanguage":"en-US"},{"@type":"ImageObject","inLanguage":"en-US","@id":"https:\/\/www.visit-ulcinj.com\/blog\/2009\/05\/02\/anjeza-java-e-vetmise-se-madhe-prisja-te-dilte-ari-dhe-jo-arjoni\/#primaryimage","url":"http:\/\/www.visit-ulcinj.com\/blog\/wp-content\/uploads\/2009\/05\/anjeza-dhe-arjon-muca-big-broter-albania-2-live.jpg","contentUrl":"http:\/\/www.visit-ulcinj.com\/blog\/wp-content\/uploads\/2009\/05\/anjeza-dhe-arjon-muca-big-broter-albania-2-live.jpg"},{"@type":"WebPage","@id":"https:\/\/www.visit-ulcinj.com\/blog\/2009\/05\/02\/anjeza-java-e-vetmise-se-madhe-prisja-te-dilte-ari-dhe-jo-arjoni\/#webpage","url":"https:\/\/www.visit-ulcinj.com\/blog\/2009\/05\/02\/anjeza-java-e-vetmise-se-madhe-prisja-te-dilte-ari-dhe-jo-arjoni\/","name":"Anjeza, java e vetmis\u00c3\u00ab s\u00c3\u00ab madhe | Big Brother Albania 2","isPartOf":{"@id":"https:\/\/www.visit-ulcinj.com\/blog\/#website"},"primaryImageOfPage":{"@id":"https:\/\/www.visit-ulcinj.com\/blog\/2009\/05\/02\/anjeza-java-e-vetmise-se-madhe-prisja-te-dilte-ari-dhe-jo-arjoni\/#primaryimage"},"datePublished":"2009-05-02T13:53:54+00:00","dateModified":"2009-05-02T14:01:32+00:00","author":{"@id":"https:\/\/www.visit-ulcinj.com\/blog\/#\/schema\/person\/dcab619c614d3038751c63bc2aadc06d"},"description":"Big Brother Albania 2 - Prisja t\u00c3\u00ab dilte Ari dhe jo Arjoni","breadcrumb":{"@id":"https:\/\/www.visit-ulcinj.com\/blog\/2009\/05\/02\/anjeza-java-e-vetmise-se-madhe-prisja-te-dilte-ari-dhe-jo-arjoni\/#breadcrumb"},"inLanguage":"en-US","potentialAction":[{"@type":"ReadAction","target":["https:\/\/www.visit-ulcinj.com\/blog\/2009\/05\/02\/anjeza-java-e-vetmise-se-madhe-prisja-te-dilte-ari-dhe-jo-arjoni\/"]}]},{"@type":"BreadcrumbList","@id":"https:\/\/www.visit-ulcinj.com\/blog\/2009\/05\/02\/anjeza-java-e-vetmise-se-madhe-prisja-te-dilte-ari-dhe-jo-arjoni\/#breadcrumb","itemListElement":[{"@type":"ListItem","position":1,"name":"Anjeza, java e vetmis\u00eb s\u00eb madhe &#8211; Prisja t\u00eb dilte Ari dhe jo Arjoni"}]},{"@type":"Person","@id":"https:\/\/www.visit-ulcinj.com\/blog\/#\/schema\/person\/dcab619c614d3038751c63bc2aadc06d","name":"ulqini","sameAs":["http:\/\/www.visit-ulcinj.com"],"url":"https:\/\/www.visit-ulcinj.com\/blog\/author\/admin\/"}]}},"jetpack_featured_media_url":"","jetpack_sharing_enabled":true,"jetpack_shortlink":"https:\/\/wp.me\/pe6lTn-5a2","_links":{"self":[{"href":"https:\/\/www.visit-ulcinj.com\/blog\/wp-json\/wp\/v2\/posts\/19842"}],"collection":[{"href":"https:\/\/www.visit-ulcinj.com\/blog\/wp-json\/wp\/v2\/posts"}],"about":[{"href":"https:\/\/www.visit-ulcinj.com\/blog\/wp-json\/wp\/v2\/types\/post"}],"author":[{"embeddable":true,"href":"https:\/\/www.visit-ulcinj.com\/blog\/wp-json\/wp\/v2\/users\/1"}],"replies":[{"embeddable":true,"href":"https:\/\/www.visit-ulcinj.com\/blog\/wp-json\/wp\/v2\/comments?post=19842"}],"version-history":[{"count":0,"href":"https:\/\/www.visit-ulcinj.com\/blog\/wp-json\/wp\/v2\/posts\/19842\/revisions"}],"wp:attachment":[{"href":"https:\/\/www.visit-ulcinj.com\/blog\/wp-json\/wp\/v2\/media?parent=19842"}],"wp:term":[{"taxonomy":"category","embeddable":true,"href":"https:\/\/www.visit-ulcinj.com\/blog\/wp-json\/wp\/v2\/categories?post=19842"},{"taxonomy":"post_tag","embeddable":true,"href":"https:\/\/www.visit-ulcinj.com\/blog\/wp-json\/wp\/v2\/tags?post=19842"}],"curies":[{"name":"wp","href":"https:\/\/api.w.org\/{rel}","templated":true}]}}