{"id":1986,"date":"2008-06-13T09:22:54","date_gmt":"2008-06-13T14:22:54","guid":{"rendered":"http:\/\/www.visit-ulcinj.com\/blog\/?p=1986"},"modified":"2008-06-14T03:01:51","modified_gmt":"2008-06-14T08:01:51","slug":"roderick-moorenuk-ka-presion-ndaj-podgorices-per-ta-njohur-kosoven","status":"publish","type":"post","link":"https:\/\/www.visit-ulcinj.com\/blog\/2008\/06\/13\/roderick-moorenuk-ka-presion-ndaj-podgorices-per-ta-njohur-kosoven\/","title":{"rendered":"Roderick Moore:Nuk ka presion ndaj Podgoric\u00ebs p\u00ebr ta njohur Kosov\u00ebn"},"content":{"rendered":"<p><a href=\"http:\/\/www.visit-ulcinj.com\/blog\/wp-content\/uploads\/2008\/06\/politika12062008.jpg\"><img loading=\"lazy\" class=\"alignleft attachment wp-att-1987\" style=\"float: left;\" src=\"http:\/\/www.visit-ulcinj.com\/blog\/wp-content\/uploads\/2008\/06\/politika12062008.thumbnail.jpg\" alt=\"Roderick Moore\" width=\"200\" height=\"150\" \/><\/a>Ambasadori i SHBA-ve n\u00eb Mal t\u00eb Zi, Roderick Moore, mohoi pohimet sipas t\u00eb cilave shtetet per\u00ebndimore po b\u00ebjn\u00eb presion mbi autoritetet e Podgoric\u00ebs p\u00ebr ta njohur Kosov\u00ebn shtet t\u00eb pavarur dhe sovran.<br \/>\nAmbasadori Moore theksoi se politika e SHBA-ve ndaj Malit t\u00eb Zi lidhur me pavar\u00ebsin\u00eb e Kosov\u00ebs \u00ebsht\u00eb e qart\u00eb.<br \/>\n\u201cNuk b\u00ebjm\u00eb presion\u201d, tha ai, duke shtuar se \u201c&#8230;ne e respektojm\u00eb shum\u00eb Malin e Zi si shtet sovran, si partnerin ton\u00eb t\u00eb \u00e7muesh\u00ebm dhe \u00ebsht\u00eb \u00e7\u00ebshtje e tij p\u00ebr t\u00eb vendosur p\u00ebr Kosov\u00ebn.<br \/>\n<strong>Autor \/ RTK<\/strong><\/p>\n","protected":false},"excerpt":{"rendered":"<p><img loading=\"lazy\" class=\"attachment wp-att-1987 alignleft\" src=\"http:\/\/www.visit-ulcinj.com\/blog\/wp-content\/uploads\/2008\/06\/politika12062008.thumbnail.jpg\" alt=\"Roderick Moore\" width=\"140\" height=\"140\" \/><\/p>\n","protected":false},"author":1,"featured_media":0,"comment_status":"open","ping_status":"closed","sticky":false,"template":"","format":"standard","meta":{"spay_email":"","jetpack_publicize_message":"","jetpack_is_tweetstorm":false,"jetpack_publicize_feature_enabled":true},"categories":[6,14,12],"tags":[3909,95,239,3908],"jetpack_publicize_connections":[],"yoast_head":"<!-- This site is optimized with the Yoast SEO plugin v19.1 - https:\/\/yoast.com\/wordpress\/plugins\/seo\/ -->\n<title>Roderick Moore:Nuk ka presion ndaj Podgoric\u00ebs p\u00ebr ta njohur Kosov\u00ebn - Lajme nga Ulqini<\/title>\n<meta name=\"robots\" content=\"index, follow, max-snippet:-1, max-image-preview:large, max-video-preview:-1\" \/>\n<link rel=\"canonical\" href=\"https:\/\/www.visit-ulcinj.com\/blog\/2008\/06\/13\/roderick-moorenuk-ka-presion-ndaj-podgorices-per-ta-njohur-kosoven\/\" \/>\n<meta property=\"og:locale\" content=\"en_US\" \/>\n<meta property=\"og:type\" content=\"article\" \/>\n<meta property=\"og:title\" content=\"Roderick Moore:Nuk ka presion ndaj Podgoric\u00ebs p\u00ebr ta njohur Kosov\u00ebn - Lajme nga Ulqini\" \/>\n<meta property=\"og:url\" content=\"https:\/\/www.visit-ulcinj.com\/blog\/2008\/06\/13\/roderick-moorenuk-ka-presion-ndaj-podgorices-per-ta-njohur-kosoven\/\" \/>\n<meta property=\"og:site_name\" content=\"Lajme nga Ulqini\" \/>\n<meta property=\"article:published_time\" content=\"2008-06-13T14:22:54+00:00\" \/>\n<meta property=\"article:modified_time\" content=\"2008-06-14T08:01:51+00:00\" \/>\n<meta property=\"og:image\" content=\"http:\/\/www.visit-ulcinj.com\/blog\/wp-content\/uploads\/2008\/06\/politika12062008.thumbnail.jpg\" \/>\n<meta name=\"twitter:label1\" content=\"Written by\" \/>\n\t<meta name=\"twitter:data1\" content=\"ulqini\" \/>\n<script type=\"application\/ld+json\" class=\"yoast-schema-graph\">{\"@context\":\"https:\/\/schema.org\",\"@graph\":[{\"@type\":\"WebSite\",\"@id\":\"https:\/\/www.visit-ulcinj.com\/blog\/#website\",\"url\":\"https:\/\/www.visit-ulcinj.com\/blog\/\",\"name\":\"Lajme nga Ulqini\",\"description\":\"Lajme,Vijesti,Ulqini,Ulqin,Crna Gora,Mali i Zi\",\"potentialAction\":[{\"@type\":\"SearchAction\",\"target\":{\"@type\":\"EntryPoint\",\"urlTemplate\":\"https:\/\/www.visit-ulcinj.com\/blog\/?s={search_term_string}\"},\"query-input\":\"required name=search_term_string\"}],\"inLanguage\":\"en-US\"},{\"@type\":\"ImageObject\",\"inLanguage\":\"en-US\",\"@id\":\"https:\/\/www.visit-ulcinj.com\/blog\/2008\/06\/13\/roderick-moorenuk-ka-presion-ndaj-podgorices-per-ta-njohur-kosoven\/#primaryimage\",\"url\":\"http:\/\/www.visit-ulcinj.com\/blog\/wp-content\/uploads\/2008\/06\/politika12062008.thumbnail.jpg\",\"contentUrl\":\"http:\/\/www.visit-ulcinj.com\/blog\/wp-content\/uploads\/2008\/06\/politika12062008.thumbnail.jpg\"},{\"@type\":\"WebPage\",\"@id\":\"https:\/\/www.visit-ulcinj.com\/blog\/2008\/06\/13\/roderick-moorenuk-ka-presion-ndaj-podgorices-per-ta-njohur-kosoven\/#webpage\",\"url\":\"https:\/\/www.visit-ulcinj.com\/blog\/2008\/06\/13\/roderick-moorenuk-ka-presion-ndaj-podgorices-per-ta-njohur-kosoven\/\",\"name\":\"Roderick Moore:Nuk ka presion ndaj Podgoric\u00ebs p\u00ebr ta njohur Kosov\u00ebn - Lajme nga Ulqini\",\"isPartOf\":{\"@id\":\"https:\/\/www.visit-ulcinj.com\/blog\/#website\"},\"primaryImageOfPage\":{\"@id\":\"https:\/\/www.visit-ulcinj.com\/blog\/2008\/06\/13\/roderick-moorenuk-ka-presion-ndaj-podgorices-per-ta-njohur-kosoven\/#primaryimage\"},\"datePublished\":\"2008-06-13T14:22:54+00:00\",\"dateModified\":\"2008-06-14T08:01:51+00:00\",\"author\":{\"@id\":\"https:\/\/www.visit-ulcinj.com\/blog\/#\/schema\/person\/dcab619c614d3038751c63bc2aadc06d\"},\"breadcrumb\":{\"@id\":\"https:\/\/www.visit-ulcinj.com\/blog\/2008\/06\/13\/roderick-moorenuk-ka-presion-ndaj-podgorices-per-ta-njohur-kosoven\/#breadcrumb\"},\"inLanguage\":\"en-US\",\"potentialAction\":[{\"@type\":\"ReadAction\",\"target\":[\"https:\/\/www.visit-ulcinj.com\/blog\/2008\/06\/13\/roderick-moorenuk-ka-presion-ndaj-podgorices-per-ta-njohur-kosoven\/\"]}]},{\"@type\":\"BreadcrumbList\",\"@id\":\"https:\/\/www.visit-ulcinj.com\/blog\/2008\/06\/13\/roderick-moorenuk-ka-presion-ndaj-podgorices-per-ta-njohur-kosoven\/#breadcrumb\",\"itemListElement\":[{\"@type\":\"ListItem\",\"position\":1,\"name\":\"Roderick Moore:Nuk ka presion ndaj Podgoric\u00ebs p\u00ebr ta njohur Kosov\u00ebn\"}]},{\"@type\":\"Person\",\"@id\":\"https:\/\/www.visit-ulcinj.com\/blog\/#\/schema\/person\/dcab619c614d3038751c63bc2aadc06d\",\"name\":\"ulqini\",\"sameAs\":[\"http:\/\/www.visit-ulcinj.com\"],\"url\":\"https:\/\/www.visit-ulcinj.com\/blog\/author\/admin\/\"}]}<\/script>\n<!-- \/ Yoast SEO plugin. -->","yoast_head_json":{"title":"Roderick Moore:Nuk ka presion ndaj Podgoric\u00ebs p\u00ebr ta njohur Kosov\u00ebn - Lajme nga Ulqini","robots":{"index":"index","follow":"follow","max-snippet":"max-snippet:-1","max-image-preview":"max-image-preview:large","max-video-preview":"max-video-preview:-1"},"canonical":"https:\/\/www.visit-ulcinj.com\/blog\/2008\/06\/13\/roderick-moorenuk-ka-presion-ndaj-podgorices-per-ta-njohur-kosoven\/","og_locale":"en_US","og_type":"article","og_title":"Roderick Moore:Nuk ka presion ndaj Podgoric\u00ebs p\u00ebr ta njohur Kosov\u00ebn - Lajme nga Ulqini","og_url":"https:\/\/www.visit-ulcinj.com\/blog\/2008\/06\/13\/roderick-moorenuk-ka-presion-ndaj-podgorices-per-ta-njohur-kosoven\/","og_site_name":"Lajme nga Ulqini","article_published_time":"2008-06-13T14:22:54+00:00","article_modified_time":"2008-06-14T08:01:51+00:00","og_image":[{"url":"http:\/\/www.visit-ulcinj.com\/blog\/wp-content\/uploads\/2008\/06\/politika12062008.thumbnail.jpg"}],"twitter_misc":{"Written by":"ulqini"},"schema":{"@context":"https:\/\/schema.org","@graph":[{"@type":"WebSite","@id":"https:\/\/www.visit-ulcinj.com\/blog\/#website","url":"https:\/\/www.visit-ulcinj.com\/blog\/","name":"Lajme nga Ulqini","description":"Lajme,Vijesti,Ulqini,Ulqin,Crna Gora,Mali i Zi","potentialAction":[{"@type":"SearchAction","target":{"@type":"EntryPoint","urlTemplate":"https:\/\/www.visit-ulcinj.com\/blog\/?s={search_term_string}"},"query-input":"required name=search_term_string"}],"inLanguage":"en-US"},{"@type":"ImageObject","inLanguage":"en-US","@id":"https:\/\/www.visit-ulcinj.com\/blog\/2008\/06\/13\/roderick-moorenuk-ka-presion-ndaj-podgorices-per-ta-njohur-kosoven\/#primaryimage","url":"http:\/\/www.visit-ulcinj.com\/blog\/wp-content\/uploads\/2008\/06\/politika12062008.thumbnail.jpg","contentUrl":"http:\/\/www.visit-ulcinj.com\/blog\/wp-content\/uploads\/2008\/06\/politika12062008.thumbnail.jpg"},{"@type":"WebPage","@id":"https:\/\/www.visit-ulcinj.com\/blog\/2008\/06\/13\/roderick-moorenuk-ka-presion-ndaj-podgorices-per-ta-njohur-kosoven\/#webpage","url":"https:\/\/www.visit-ulcinj.com\/blog\/2008\/06\/13\/roderick-moorenuk-ka-presion-ndaj-podgorices-per-ta-njohur-kosoven\/","name":"Roderick Moore:Nuk ka presion ndaj Podgoric\u00ebs p\u00ebr ta njohur Kosov\u00ebn - Lajme nga Ulqini","isPartOf":{"@id":"https:\/\/www.visit-ulcinj.com\/blog\/#website"},"primaryImageOfPage":{"@id":"https:\/\/www.visit-ulcinj.com\/blog\/2008\/06\/13\/roderick-moorenuk-ka-presion-ndaj-podgorices-per-ta-njohur-kosoven\/#primaryimage"},"datePublished":"2008-06-13T14:22:54+00:00","dateModified":"2008-06-14T08:01:51+00:00","author":{"@id":"https:\/\/www.visit-ulcinj.com\/blog\/#\/schema\/person\/dcab619c614d3038751c63bc2aadc06d"},"breadcrumb":{"@id":"https:\/\/www.visit-ulcinj.com\/blog\/2008\/06\/13\/roderick-moorenuk-ka-presion-ndaj-podgorices-per-ta-njohur-kosoven\/#breadcrumb"},"inLanguage":"en-US","potentialAction":[{"@type":"ReadAction","target":["https:\/\/www.visit-ulcinj.com\/blog\/2008\/06\/13\/roderick-moorenuk-ka-presion-ndaj-podgorices-per-ta-njohur-kosoven\/"]}]},{"@type":"BreadcrumbList","@id":"https:\/\/www.visit-ulcinj.com\/blog\/2008\/06\/13\/roderick-moorenuk-ka-presion-ndaj-podgorices-per-ta-njohur-kosoven\/#breadcrumb","itemListElement":[{"@type":"ListItem","position":1,"name":"Roderick Moore:Nuk ka presion ndaj Podgoric\u00ebs p\u00ebr ta njohur Kosov\u00ebn"}]},{"@type":"Person","@id":"https:\/\/www.visit-ulcinj.com\/blog\/#\/schema\/person\/dcab619c614d3038751c63bc2aadc06d","name":"ulqini","sameAs":["http:\/\/www.visit-ulcinj.com"],"url":"https:\/\/www.visit-ulcinj.com\/blog\/author\/admin\/"}]}},"jetpack_featured_media_url":"","jetpack_sharing_enabled":true,"jetpack_shortlink":"https:\/\/wp.me\/pe6lTn-w2","_links":{"self":[{"href":"https:\/\/www.visit-ulcinj.com\/blog\/wp-json\/wp\/v2\/posts\/1986"}],"collection":[{"href":"https:\/\/www.visit-ulcinj.com\/blog\/wp-json\/wp\/v2\/posts"}],"about":[{"href":"https:\/\/www.visit-ulcinj.com\/blog\/wp-json\/wp\/v2\/types\/post"}],"author":[{"embeddable":true,"href":"https:\/\/www.visit-ulcinj.com\/blog\/wp-json\/wp\/v2\/users\/1"}],"replies":[{"embeddable":true,"href":"https:\/\/www.visit-ulcinj.com\/blog\/wp-json\/wp\/v2\/comments?post=1986"}],"version-history":[{"count":0,"href":"https:\/\/www.visit-ulcinj.com\/blog\/wp-json\/wp\/v2\/posts\/1986\/revisions"}],"wp:attachment":[{"href":"https:\/\/www.visit-ulcinj.com\/blog\/wp-json\/wp\/v2\/media?parent=1986"}],"wp:term":[{"taxonomy":"category","embeddable":true,"href":"https:\/\/www.visit-ulcinj.com\/blog\/wp-json\/wp\/v2\/categories?post=1986"},{"taxonomy":"post_tag","embeddable":true,"href":"https:\/\/www.visit-ulcinj.com\/blog\/wp-json\/wp\/v2\/tags?post=1986"}],"curies":[{"name":"wp","href":"https:\/\/api.w.org\/{rel}","templated":true}]}}