{"id":19861,"date":"2009-05-02T16:16:34","date_gmt":"2009-05-02T14:16:34","guid":{"rendered":"http:\/\/www.visit-ulcinj.com\/blog\/?p=19861"},"modified":"2009-05-02T16:17:15","modified_gmt":"2009-05-02T14:17:15","slug":"splavarenje-tarom-35-eura","status":"publish","type":"post","link":"https:\/\/www.visit-ulcinj.com\/blog\/2009\/05\/02\/splavarenje-tarom-35-eura\/","title":{"rendered":"Splavarenje Tarom 35 eura"},"content":{"rendered":"<p><a href=\"http:\/\/www.visit-ulcinj.com\/blog\/wp-content\/uploads\/2009\/05\/splavarenje-tarom_crna-gora.jpg\"><img loading=\"lazy\" class=\"alignleft size-full wp-image-19863\" title=\"splavarenje-tarom_crna-gora\" src=\"http:\/\/www.visit-ulcinj.com\/blog\/wp-content\/uploads\/2009\/05\/splavarenje-tarom_crna-gora.jpg\" alt=\"splavarenje-tarom_crna-gora\" width=\"387\" height=\"283\" \/><\/a>Turisti?ki radnici u Plu\u017einama o?ekuju da ?e predstoje?a ljetnja sezona biti na nivou pro\u0161logodi\u0161nje ili ?ak i bolja, uprkos globalnoj ekonomskoj krizi ?ija su naj?e\u0161?a \u017ertva upravo putovanja.<br \/>\nOp\u0161tina i ugostitelji optimizam baziraju na atraktivnoj ponudi, cijenama, osmi\u0161ljenoj propagandi i ?injenici da je turizam u Plu\u017einama u po?etnoj fazi razvoja.<br \/>\nNajja?i magnet za brojne ljubitelje netaknute prirode je rijeka Tara, jedinstven prirodni dragulj od koga zavisi po?etak i kraj sezone i turisti?ki u?inak.<br \/>\nNe?eljko Jovovi?, direktor Turisti?ke organizacije, koja postoji tek dvije godine, isti?e da je pro\u0161le godine samo na jednodnevnom raftingu Tarom bilo vi\u0161e od 27 hiljada gostiju, od ?ega ?ak 60 odsto stranaca, dok je u ostalim kapacitetima, hotelu i eko-selima boravilo oko 4.000 posjetilaca.<br \/>\n\u201cSezona startuje u maju, a zavisno od vremenskih prilika u prvoj ili drugoj polovini. Ove godine o?ekujemo po?etak ve? tokom prvomajskih praznika, za kada je odre?eni broj posjetilaca\u201d, najavio dolazak, ka\u017ee Jovovi?.<br \/>\nPrema njegovim rije?ima, pove?anje cijena nije najavljeno, tako da je realno o?ekivati da ?e biti na pro\u0161logodi\u0161njem nivou.<br \/>\n\u201cCijene su ina?e bile sasvim pristojne. Turisti?ki poslenici su vodili ra?una da ne budu previsoke, budu?i da je ta privredna grana u Plu\u017einama na razvojnom startu. U zavisnosti od agencije, cijena jednodnevnog aran\u017emana ko\u0161ta?e od 30 do 35 eura, u \u0161ta je ura?unato splavarenje Tarom od Br\u0161tanovice do \u0160?epan Polja u du\u017eini od 18 kilometara, sa doru?kom i ru?kom\u201d, ka\u017ee Jovovi?.<br \/>\nDio turisti?kog kola?a od ovogodi\u0161nje posjete pripa\u0161?e i Turisti?koj organizaciji. Za sada op\u0161tina, odnosno turisti?ka organizacija, napla?uje izletni?ku taksu na Tari od eura po posjetiocu. Ove godine ubira?e i boravi\u0161nu taksu za goste koji no?e, kao i doprinose od ?lanica Turisti?ke organizacije.<br \/>\nU?e\u0161?e na sajmovima je veoma zna?ajna propagandna aktivnost koju su u TO Plu\u017eina veoma ozbiljno shvatili.<br \/>\nOve godine imali su pult na \u0161tandu Nacionalne turisti?ke organizacije na Sajmu u Beogradu, u?estvovali su na berzi u organizaciji novosadskog ?asopisa Turisti?ka privreda, zatim u Banjaluci i krajem pro\u0161le godine na Novosadskom sajmu.<\/p>\n<p><strong>Autor\/izvor: Pobjeda<\/strong><\/p>\n<!--YouTube Error: bad URL entered-->\n","protected":false},"excerpt":{"rendered":"<p>Turisti?ki radnici u Plu\u017einama o?ekuju da ?e predstoje?a ljetnja sezona biti na nivou pro\u0161logodi\u0161nje ili ?ak i bolja, uprkos globalnoj ekonomskoj krizi ?ija su naj?e\u0161?a \u017ertva upravo putovanja. Op\u0161tina i ugostitelji optimizam baziraju na atraktivnoj ponudi, cijenama, osmi\u0161ljenoj propagandi i ?injenici da je turizam u Plu\u017einama u po?etnoj fazi razvoja. Najja?i magnet za brojne ljubitelje [&hellip;]<\/p>\n","protected":false},"author":1,"featured_media":0,"comment_status":"open","ping_status":"closed","sticky":false,"template":"","format":"standard","meta":{"spay_email":"","jetpack_publicize_message":"","jetpack_is_tweetstorm":false,"jetpack_publicize_feature_enabled":true},"categories":[8337],"tags":[20,9880,9879],"jetpack_publicize_connections":[],"yoast_head":"<!-- This site is optimized with the Yoast SEO plugin v19.1 - https:\/\/yoast.com\/wordpress\/plugins\/seo\/ -->\n<title>Splavarenje Tarom 35 eura - Lajme nga Ulqini<\/title>\n<meta name=\"description\" content=\"Turisti?ki radnici u Plu\u017einama o?ekuju da ?e predstoje?a ljetnja sezona biti na nivou pro\u0161logodi\u0161nje ili ?ak i bolja, uprkos globalnoj ekonomskoj krizi\" \/>\n<meta name=\"robots\" content=\"index, follow, max-snippet:-1, max-image-preview:large, max-video-preview:-1\" \/>\n<link rel=\"canonical\" href=\"https:\/\/www.visit-ulcinj.com\/blog\/2009\/05\/02\/splavarenje-tarom-35-eura\/\" \/>\n<meta property=\"og:locale\" content=\"en_US\" \/>\n<meta property=\"og:type\" content=\"article\" \/>\n<meta property=\"og:title\" content=\"Splavarenje Tarom 35 eura - Lajme nga Ulqini\" \/>\n<meta property=\"og:description\" content=\"Turisti?ki radnici u Plu\u017einama o?ekuju da ?e predstoje?a ljetnja sezona biti na nivou pro\u0161logodi\u0161nje ili ?ak i bolja, uprkos globalnoj ekonomskoj krizi\" \/>\n<meta property=\"og:url\" content=\"https:\/\/www.visit-ulcinj.com\/blog\/2009\/05\/02\/splavarenje-tarom-35-eura\/\" \/>\n<meta property=\"og:site_name\" content=\"Lajme nga Ulqini\" \/>\n<meta property=\"article:published_time\" content=\"2009-05-02T14:16:34+00:00\" \/>\n<meta property=\"article:modified_time\" content=\"2009-05-02T14:17:15+00:00\" \/>\n<meta property=\"og:image\" content=\"http:\/\/www.visit-ulcinj.com\/blog\/wp-content\/uploads\/2009\/05\/splavarenje-tarom_crna-gora.jpg\" \/>\n<meta name=\"twitter:label1\" content=\"Written by\" \/>\n\t<meta name=\"twitter:data1\" content=\"ulqini\" \/>\n\t<meta name=\"twitter:label2\" content=\"Est. reading time\" \/>\n\t<meta name=\"twitter:data2\" content=\"2 minutes\" \/>\n<script type=\"application\/ld+json\" class=\"yoast-schema-graph\">{\"@context\":\"https:\/\/schema.org\",\"@graph\":[{\"@type\":\"WebSite\",\"@id\":\"https:\/\/www.visit-ulcinj.com\/blog\/#website\",\"url\":\"https:\/\/www.visit-ulcinj.com\/blog\/\",\"name\":\"Lajme nga Ulqini\",\"description\":\"Lajme,Vijesti,Ulqini,Ulqin,Crna Gora,Mali i Zi\",\"potentialAction\":[{\"@type\":\"SearchAction\",\"target\":{\"@type\":\"EntryPoint\",\"urlTemplate\":\"https:\/\/www.visit-ulcinj.com\/blog\/?s={search_term_string}\"},\"query-input\":\"required name=search_term_string\"}],\"inLanguage\":\"en-US\"},{\"@type\":\"ImageObject\",\"inLanguage\":\"en-US\",\"@id\":\"https:\/\/www.visit-ulcinj.com\/blog\/2009\/05\/02\/splavarenje-tarom-35-eura\/#primaryimage\",\"url\":\"http:\/\/www.visit-ulcinj.com\/blog\/wp-content\/uploads\/2009\/05\/splavarenje-tarom_crna-gora.jpg\",\"contentUrl\":\"http:\/\/www.visit-ulcinj.com\/blog\/wp-content\/uploads\/2009\/05\/splavarenje-tarom_crna-gora.jpg\"},{\"@type\":\"WebPage\",\"@id\":\"https:\/\/www.visit-ulcinj.com\/blog\/2009\/05\/02\/splavarenje-tarom-35-eura\/#webpage\",\"url\":\"https:\/\/www.visit-ulcinj.com\/blog\/2009\/05\/02\/splavarenje-tarom-35-eura\/\",\"name\":\"Splavarenje Tarom 35 eura - Lajme nga Ulqini\",\"isPartOf\":{\"@id\":\"https:\/\/www.visit-ulcinj.com\/blog\/#website\"},\"primaryImageOfPage\":{\"@id\":\"https:\/\/www.visit-ulcinj.com\/blog\/2009\/05\/02\/splavarenje-tarom-35-eura\/#primaryimage\"},\"datePublished\":\"2009-05-02T14:16:34+00:00\",\"dateModified\":\"2009-05-02T14:17:15+00:00\",\"author\":{\"@id\":\"https:\/\/www.visit-ulcinj.com\/blog\/#\/schema\/person\/dcab619c614d3038751c63bc2aadc06d\"},\"description\":\"Turisti?ki radnici u Plu\u017einama o?ekuju da ?e predstoje?a ljetnja sezona biti na nivou pro\u0161logodi\u0161nje ili ?ak i bolja, uprkos globalnoj ekonomskoj krizi\",\"breadcrumb\":{\"@id\":\"https:\/\/www.visit-ulcinj.com\/blog\/2009\/05\/02\/splavarenje-tarom-35-eura\/#breadcrumb\"},\"inLanguage\":\"en-US\",\"potentialAction\":[{\"@type\":\"ReadAction\",\"target\":[\"https:\/\/www.visit-ulcinj.com\/blog\/2009\/05\/02\/splavarenje-tarom-35-eura\/\"]}]},{\"@type\":\"BreadcrumbList\",\"@id\":\"https:\/\/www.visit-ulcinj.com\/blog\/2009\/05\/02\/splavarenje-tarom-35-eura\/#breadcrumb\",\"itemListElement\":[{\"@type\":\"ListItem\",\"position\":1,\"name\":\"Splavarenje Tarom 35 eura\"}]},{\"@type\":\"Person\",\"@id\":\"https:\/\/www.visit-ulcinj.com\/blog\/#\/schema\/person\/dcab619c614d3038751c63bc2aadc06d\",\"name\":\"ulqini\",\"sameAs\":[\"http:\/\/www.visit-ulcinj.com\"],\"url\":\"https:\/\/www.visit-ulcinj.com\/blog\/author\/admin\/\"}]}<\/script>\n<!-- \/ Yoast SEO plugin. -->","yoast_head_json":{"title":"Splavarenje Tarom 35 eura - Lajme nga Ulqini","description":"Turisti?ki radnici u Plu\u017einama o?ekuju da ?e predstoje?a ljetnja sezona biti na nivou pro\u0161logodi\u0161nje ili ?ak i bolja, uprkos globalnoj ekonomskoj krizi","robots":{"index":"index","follow":"follow","max-snippet":"max-snippet:-1","max-image-preview":"max-image-preview:large","max-video-preview":"max-video-preview:-1"},"canonical":"https:\/\/www.visit-ulcinj.com\/blog\/2009\/05\/02\/splavarenje-tarom-35-eura\/","og_locale":"en_US","og_type":"article","og_title":"Splavarenje Tarom 35 eura - Lajme nga Ulqini","og_description":"Turisti?ki radnici u Plu\u017einama o?ekuju da ?e predstoje?a ljetnja sezona biti na nivou pro\u0161logodi\u0161nje ili ?ak i bolja, uprkos globalnoj ekonomskoj krizi","og_url":"https:\/\/www.visit-ulcinj.com\/blog\/2009\/05\/02\/splavarenje-tarom-35-eura\/","og_site_name":"Lajme nga Ulqini","article_published_time":"2009-05-02T14:16:34+00:00","article_modified_time":"2009-05-02T14:17:15+00:00","og_image":[{"url":"http:\/\/www.visit-ulcinj.com\/blog\/wp-content\/uploads\/2009\/05\/splavarenje-tarom_crna-gora.jpg"}],"twitter_misc":{"Written by":"ulqini","Est. reading time":"2 minutes"},"schema":{"@context":"https:\/\/schema.org","@graph":[{"@type":"WebSite","@id":"https:\/\/www.visit-ulcinj.com\/blog\/#website","url":"https:\/\/www.visit-ulcinj.com\/blog\/","name":"Lajme nga Ulqini","description":"Lajme,Vijesti,Ulqini,Ulqin,Crna Gora,Mali i Zi","potentialAction":[{"@type":"SearchAction","target":{"@type":"EntryPoint","urlTemplate":"https:\/\/www.visit-ulcinj.com\/blog\/?s={search_term_string}"},"query-input":"required name=search_term_string"}],"inLanguage":"en-US"},{"@type":"ImageObject","inLanguage":"en-US","@id":"https:\/\/www.visit-ulcinj.com\/blog\/2009\/05\/02\/splavarenje-tarom-35-eura\/#primaryimage","url":"http:\/\/www.visit-ulcinj.com\/blog\/wp-content\/uploads\/2009\/05\/splavarenje-tarom_crna-gora.jpg","contentUrl":"http:\/\/www.visit-ulcinj.com\/blog\/wp-content\/uploads\/2009\/05\/splavarenje-tarom_crna-gora.jpg"},{"@type":"WebPage","@id":"https:\/\/www.visit-ulcinj.com\/blog\/2009\/05\/02\/splavarenje-tarom-35-eura\/#webpage","url":"https:\/\/www.visit-ulcinj.com\/blog\/2009\/05\/02\/splavarenje-tarom-35-eura\/","name":"Splavarenje Tarom 35 eura - Lajme nga Ulqini","isPartOf":{"@id":"https:\/\/www.visit-ulcinj.com\/blog\/#website"},"primaryImageOfPage":{"@id":"https:\/\/www.visit-ulcinj.com\/blog\/2009\/05\/02\/splavarenje-tarom-35-eura\/#primaryimage"},"datePublished":"2009-05-02T14:16:34+00:00","dateModified":"2009-05-02T14:17:15+00:00","author":{"@id":"https:\/\/www.visit-ulcinj.com\/blog\/#\/schema\/person\/dcab619c614d3038751c63bc2aadc06d"},"description":"Turisti?ki radnici u Plu\u017einama o?ekuju da ?e predstoje?a ljetnja sezona biti na nivou pro\u0161logodi\u0161nje ili ?ak i bolja, uprkos globalnoj ekonomskoj krizi","breadcrumb":{"@id":"https:\/\/www.visit-ulcinj.com\/blog\/2009\/05\/02\/splavarenje-tarom-35-eura\/#breadcrumb"},"inLanguage":"en-US","potentialAction":[{"@type":"ReadAction","target":["https:\/\/www.visit-ulcinj.com\/blog\/2009\/05\/02\/splavarenje-tarom-35-eura\/"]}]},{"@type":"BreadcrumbList","@id":"https:\/\/www.visit-ulcinj.com\/blog\/2009\/05\/02\/splavarenje-tarom-35-eura\/#breadcrumb","itemListElement":[{"@type":"ListItem","position":1,"name":"Splavarenje Tarom 35 eura"}]},{"@type":"Person","@id":"https:\/\/www.visit-ulcinj.com\/blog\/#\/schema\/person\/dcab619c614d3038751c63bc2aadc06d","name":"ulqini","sameAs":["http:\/\/www.visit-ulcinj.com"],"url":"https:\/\/www.visit-ulcinj.com\/blog\/author\/admin\/"}]}},"jetpack_featured_media_url":"","jetpack_sharing_enabled":true,"jetpack_shortlink":"https:\/\/wp.me\/pe6lTn-5al","_links":{"self":[{"href":"https:\/\/www.visit-ulcinj.com\/blog\/wp-json\/wp\/v2\/posts\/19861"}],"collection":[{"href":"https:\/\/www.visit-ulcinj.com\/blog\/wp-json\/wp\/v2\/posts"}],"about":[{"href":"https:\/\/www.visit-ulcinj.com\/blog\/wp-json\/wp\/v2\/types\/post"}],"author":[{"embeddable":true,"href":"https:\/\/www.visit-ulcinj.com\/blog\/wp-json\/wp\/v2\/users\/1"}],"replies":[{"embeddable":true,"href":"https:\/\/www.visit-ulcinj.com\/blog\/wp-json\/wp\/v2\/comments?post=19861"}],"version-history":[{"count":0,"href":"https:\/\/www.visit-ulcinj.com\/blog\/wp-json\/wp\/v2\/posts\/19861\/revisions"}],"wp:attachment":[{"href":"https:\/\/www.visit-ulcinj.com\/blog\/wp-json\/wp\/v2\/media?parent=19861"}],"wp:term":[{"taxonomy":"category","embeddable":true,"href":"https:\/\/www.visit-ulcinj.com\/blog\/wp-json\/wp\/v2\/categories?post=19861"},{"taxonomy":"post_tag","embeddable":true,"href":"https:\/\/www.visit-ulcinj.com\/blog\/wp-json\/wp\/v2\/tags?post=19861"}],"curies":[{"name":"wp","href":"https:\/\/api.w.org\/{rel}","templated":true}]}}