{"id":19868,"date":"2009-05-02T16:34:45","date_gmt":"2009-05-02T14:34:45","guid":{"rendered":"http:\/\/www.visit-ulcinj.com\/blog\/?p=19868"},"modified":"2009-05-02T16:39:34","modified_gmt":"2009-05-02T14:39:34","slug":"kasni-predsezona-u-budvi","status":"publish","type":"post","link":"https:\/\/www.visit-ulcinj.com\/blog\/2009\/05\/02\/kasni-predsezona-u-budvi\/","title":{"rendered":"Kasni predsezona u Budvi"},"content":{"rendered":"<p><a href=\"http:\/\/www.visit-ulcinj.com\/blog\/wp-content\/uploads\/2009\/05\/plaza.jpg\"><img loading=\"lazy\" class=\"alignleft size-full wp-image-19869\" title=\"plaza\" src=\"http:\/\/www.visit-ulcinj.com\/blog\/wp-content\/uploads\/2009\/05\/plaza.jpg\" alt=\"plaza\" width=\"570\" height=\"350\" \/><\/a>Da predsezona u Budvi kasni, potvr?uje ?injenica da su ve?ina hotelijera svoje hotele otvorili kasnije nego \u0161to je to bio slu?aj lani, ali, uprkos globalnoj krizi turisti?ki poslenici zadovoljni su brojem gostiju koji dane prolje?a provode u crnogorskoj metropoli turizma.<br \/>\nOno \u0161to je sigurno da se Budva u\u017eurbano priprema za ovu glavnu turisti?ku sezonu, od koje se o?ekuje da \u201cporavna&#8221; rupe u predsezoni i eventualno postsezoni, uprkos javno deklarisanom stavu Ministarstva turizma da \u201c?e nastaviti strategiju rastere?enja glavne sezone&#8221;.<br \/>\nUpravo \u201crastere?ena&#8221; minula glavna sezona zadala je velike glavobolje izdavaocima privatnog smje\u0161taja i ostalim turisti?kim poslenicima, prije svega ugostiteljima, koji najve?u zaradu o?ekuju upravo od gostiju iz regiona, prije svega iz Srbije, a za koje je rezervisan \u0161pic ljeta.<br \/>\nI dok Nacionalna turisti?ka organizacija zajedno sa kolegama iz lokalnih TO, agresivno sprovodi kampanju u susjednoj Srbiji, gra?evinski radnici koriste jo\u0161 ovo malo vremena do sredine\u00a0 maja,\u00a0 eventualno po?etka juna, da izgrade ono \u0161to im je preostalo, jer poslije toga stupa na snagu zabrana izvo?enja radova.<br \/>\nIako, zvani?ni podaci lokalne turisti?ke organizacije govore da je u metropoli turizma gotovo za ?etvrtinu manje gostiju nego krajem aprila pro\u0161le godine, i ovakvi podaci su izuzetno optimisti?ki kada se zna da je lani, u aprilu i po?etkom maja u Budvi boravilo ukupno deset hiljada austrijskih penzionera, kojih ove godine nema.<br \/>\nPrema zvani?nim informacijama na podru?ju Budve, od Jaza do Buljarice, trenutno boravi 2. 598 turista, a kako navode u Turisti?koj organizaciji op\u0161tine Budva, to je manje za 23 odsto u odnosu na isti period pro\u0161le godine.<br \/>\nSvi gosti su smje\u0161teni u hotelima du\u017e budvanske rivijere, a od ukupnog broja 2.146 turista su stranci.<br \/>\nPrema rije?ima portparola budvanske TO Tanje Dra\u0161kovi?, podaci o broju turista ukazuju na smanjenje u odnosu na pro\u0161lu godinu.<br \/>\nPredsezona ju?e je zvani?no po?ela i u najve?em crnogorskom turisti?kom naselju \u201cSlovenska pla\u017ea&#8221; koja je primila prve goste, ?ime su svi kapaciteti sa kojima raspola\u017ee HTP \u201cBudvanska rivijera&#8221; u funkciji.<br \/>\nPrve grupe inostranih gostiju u Petrovcu nije do?ekala nimalo idili?na slika. Zahuktale gra?evinske ma\u0161ine, razrovano glavno \u0161etali\u0161te u Petrovcu pored mora i raskopana be?i?ka pla\u017ea, te radovi na Zavali, gdje radnici gotovo danono?no rade na izgradnji turisti?kog kompleksa, nimalo nijesu lijepa dobrodo\u0161lica za inostrane goste.<br \/>\nPo svemu sude?i, izvo?enje radova uo?i sezone postala je tradicija proteklih nekoliko godina, a koliko ?e to uticati na dolazak gostiju i njihovo nezadovoljstvo pokaza?e vrijeme.<\/p>\n<p><strong>Autor\/izvor: Vijesti<\/strong><\/p>\n<div><object classid=\"clsid:d27cdb6e-ae6d-11cf-96b8-444553540000\" codebase=\"http:\/\/fpdownload.macromedia.com\/pub\/shockwave\/cabs\/flash\/swflash.cab#version=8,0,0,0\" width=\"570\" height=\"370\"><param name=\"movie\" value=\"http:\/\/videooglasi.net\/embed-player-287\"><\/param><\/object><\/div>\n","protected":false},"excerpt":{"rendered":"<p>Da predsezona u Budvi kasni, potvr?uje ?injenica da su ve?ina hotelijera svoje hotele otvorili kasnije nego \u0161to je to bio slu?aj lani, ali, uprkos globalnoj krizi turisti?ki poslenici zadovoljni su brojem gostiju koji dane prolje?a provode u crnogorskoj metropoli turizma. Ono \u0161to je sigurno da se Budva u\u017eurbano priprema za ovu glavnu turisti?ku sezonu, od [&hellip;]<\/p>\n","protected":false},"author":1,"featured_media":0,"comment_status":"open","ping_status":"closed","sticky":false,"template":"","format":"standard","meta":{"spay_email":"","jetpack_publicize_message":"","jetpack_is_tweetstorm":false,"jetpack_publicize_feature_enabled":true},"categories":[8337],"tags":[9881],"jetpack_publicize_connections":[],"yoast_head":"<!-- This site is optimized with the Yoast SEO plugin v19.1 - https:\/\/yoast.com\/wordpress\/plugins\/seo\/ -->\n<title>Kasni predsezona u Budvi - Lajme nga Ulqini<\/title>\n<meta name=\"description\" content=\"Da predsezona u Budvi kasni, potvr?uje ?injenica da su ve?ina hotelijera svoje hotele otvorili kasnije nego \u0161to je to bio slu?aj lani, ali, uprkos\" \/>\n<meta name=\"robots\" content=\"index, follow, max-snippet:-1, max-image-preview:large, max-video-preview:-1\" \/>\n<link rel=\"canonical\" href=\"https:\/\/www.visit-ulcinj.com\/blog\/2009\/05\/02\/kasni-predsezona-u-budvi\/\" \/>\n<meta property=\"og:locale\" content=\"en_US\" \/>\n<meta property=\"og:type\" content=\"article\" \/>\n<meta property=\"og:title\" content=\"Kasni predsezona u Budvi - Lajme nga Ulqini\" \/>\n<meta property=\"og:description\" content=\"Da predsezona u Budvi kasni, potvr?uje ?injenica da su ve?ina hotelijera svoje hotele otvorili kasnije nego \u0161to je to bio slu?aj lani, ali, uprkos\" \/>\n<meta property=\"og:url\" content=\"https:\/\/www.visit-ulcinj.com\/blog\/2009\/05\/02\/kasni-predsezona-u-budvi\/\" \/>\n<meta property=\"og:site_name\" content=\"Lajme nga Ulqini\" \/>\n<meta property=\"article:published_time\" content=\"2009-05-02T14:34:45+00:00\" \/>\n<meta property=\"article:modified_time\" content=\"2009-05-02T14:39:34+00:00\" \/>\n<meta property=\"og:image\" content=\"http:\/\/www.visit-ulcinj.com\/blog\/wp-content\/uploads\/2009\/05\/plaza.jpg\" \/>\n<meta name=\"twitter:label1\" content=\"Written by\" \/>\n\t<meta name=\"twitter:data1\" content=\"ulqini\" \/>\n\t<meta name=\"twitter:label2\" content=\"Est. reading time\" \/>\n\t<meta name=\"twitter:data2\" content=\"2 minutes\" \/>\n<script type=\"application\/ld+json\" class=\"yoast-schema-graph\">{\"@context\":\"https:\/\/schema.org\",\"@graph\":[{\"@type\":\"WebSite\",\"@id\":\"https:\/\/www.visit-ulcinj.com\/blog\/#website\",\"url\":\"https:\/\/www.visit-ulcinj.com\/blog\/\",\"name\":\"Lajme nga Ulqini\",\"description\":\"Lajme,Vijesti,Ulqini,Ulqin,Crna Gora,Mali i Zi\",\"potentialAction\":[{\"@type\":\"SearchAction\",\"target\":{\"@type\":\"EntryPoint\",\"urlTemplate\":\"https:\/\/www.visit-ulcinj.com\/blog\/?s={search_term_string}\"},\"query-input\":\"required name=search_term_string\"}],\"inLanguage\":\"en-US\"},{\"@type\":\"ImageObject\",\"inLanguage\":\"en-US\",\"@id\":\"https:\/\/www.visit-ulcinj.com\/blog\/2009\/05\/02\/kasni-predsezona-u-budvi\/#primaryimage\",\"url\":\"https:\/\/www.visit-ulcinj.com\/blog\/wp-content\/uploads\/2009\/05\/plaza.jpg\",\"contentUrl\":\"https:\/\/www.visit-ulcinj.com\/blog\/wp-content\/uploads\/2009\/05\/plaza.jpg\",\"width\":\"800\",\"height\":\"537\"},{\"@type\":\"WebPage\",\"@id\":\"https:\/\/www.visit-ulcinj.com\/blog\/2009\/05\/02\/kasni-predsezona-u-budvi\/#webpage\",\"url\":\"https:\/\/www.visit-ulcinj.com\/blog\/2009\/05\/02\/kasni-predsezona-u-budvi\/\",\"name\":\"Kasni predsezona u Budvi - Lajme nga Ulqini\",\"isPartOf\":{\"@id\":\"https:\/\/www.visit-ulcinj.com\/blog\/#website\"},\"primaryImageOfPage\":{\"@id\":\"https:\/\/www.visit-ulcinj.com\/blog\/2009\/05\/02\/kasni-predsezona-u-budvi\/#primaryimage\"},\"datePublished\":\"2009-05-02T14:34:45+00:00\",\"dateModified\":\"2009-05-02T14:39:34+00:00\",\"author\":{\"@id\":\"https:\/\/www.visit-ulcinj.com\/blog\/#\/schema\/person\/dcab619c614d3038751c63bc2aadc06d\"},\"description\":\"Da predsezona u Budvi kasni, potvr?uje ?injenica da su ve?ina hotelijera svoje hotele otvorili kasnije nego \u0161to je to bio slu?aj lani, ali, uprkos\",\"breadcrumb\":{\"@id\":\"https:\/\/www.visit-ulcinj.com\/blog\/2009\/05\/02\/kasni-predsezona-u-budvi\/#breadcrumb\"},\"inLanguage\":\"en-US\",\"potentialAction\":[{\"@type\":\"ReadAction\",\"target\":[\"https:\/\/www.visit-ulcinj.com\/blog\/2009\/05\/02\/kasni-predsezona-u-budvi\/\"]}]},{\"@type\":\"BreadcrumbList\",\"@id\":\"https:\/\/www.visit-ulcinj.com\/blog\/2009\/05\/02\/kasni-predsezona-u-budvi\/#breadcrumb\",\"itemListElement\":[{\"@type\":\"ListItem\",\"position\":1,\"name\":\"Kasni predsezona u Budvi\"}]},{\"@type\":\"Person\",\"@id\":\"https:\/\/www.visit-ulcinj.com\/blog\/#\/schema\/person\/dcab619c614d3038751c63bc2aadc06d\",\"name\":\"ulqini\",\"sameAs\":[\"http:\/\/www.visit-ulcinj.com\"],\"url\":\"https:\/\/www.visit-ulcinj.com\/blog\/author\/admin\/\"}]}<\/script>\n<!-- \/ Yoast SEO plugin. -->","yoast_head_json":{"title":"Kasni predsezona u Budvi - Lajme nga Ulqini","description":"Da predsezona u Budvi kasni, potvr?uje ?injenica da su ve?ina hotelijera svoje hotele otvorili kasnije nego \u0161to je to bio slu?aj lani, ali, uprkos","robots":{"index":"index","follow":"follow","max-snippet":"max-snippet:-1","max-image-preview":"max-image-preview:large","max-video-preview":"max-video-preview:-1"},"canonical":"https:\/\/www.visit-ulcinj.com\/blog\/2009\/05\/02\/kasni-predsezona-u-budvi\/","og_locale":"en_US","og_type":"article","og_title":"Kasni predsezona u Budvi - Lajme nga Ulqini","og_description":"Da predsezona u Budvi kasni, potvr?uje ?injenica da su ve?ina hotelijera svoje hotele otvorili kasnije nego \u0161to je to bio slu?aj lani, ali, uprkos","og_url":"https:\/\/www.visit-ulcinj.com\/blog\/2009\/05\/02\/kasni-predsezona-u-budvi\/","og_site_name":"Lajme nga Ulqini","article_published_time":"2009-05-02T14:34:45+00:00","article_modified_time":"2009-05-02T14:39:34+00:00","og_image":[{"url":"http:\/\/www.visit-ulcinj.com\/blog\/wp-content\/uploads\/2009\/05\/plaza.jpg"}],"twitter_misc":{"Written by":"ulqini","Est. reading time":"2 minutes"},"schema":{"@context":"https:\/\/schema.org","@graph":[{"@type":"WebSite","@id":"https:\/\/www.visit-ulcinj.com\/blog\/#website","url":"https:\/\/www.visit-ulcinj.com\/blog\/","name":"Lajme nga Ulqini","description":"Lajme,Vijesti,Ulqini,Ulqin,Crna Gora,Mali i Zi","potentialAction":[{"@type":"SearchAction","target":{"@type":"EntryPoint","urlTemplate":"https:\/\/www.visit-ulcinj.com\/blog\/?s={search_term_string}"},"query-input":"required name=search_term_string"}],"inLanguage":"en-US"},{"@type":"ImageObject","inLanguage":"en-US","@id":"https:\/\/www.visit-ulcinj.com\/blog\/2009\/05\/02\/kasni-predsezona-u-budvi\/#primaryimage","url":"https:\/\/www.visit-ulcinj.com\/blog\/wp-content\/uploads\/2009\/05\/plaza.jpg","contentUrl":"https:\/\/www.visit-ulcinj.com\/blog\/wp-content\/uploads\/2009\/05\/plaza.jpg","width":"800","height":"537"},{"@type":"WebPage","@id":"https:\/\/www.visit-ulcinj.com\/blog\/2009\/05\/02\/kasni-predsezona-u-budvi\/#webpage","url":"https:\/\/www.visit-ulcinj.com\/blog\/2009\/05\/02\/kasni-predsezona-u-budvi\/","name":"Kasni predsezona u Budvi - Lajme nga Ulqini","isPartOf":{"@id":"https:\/\/www.visit-ulcinj.com\/blog\/#website"},"primaryImageOfPage":{"@id":"https:\/\/www.visit-ulcinj.com\/blog\/2009\/05\/02\/kasni-predsezona-u-budvi\/#primaryimage"},"datePublished":"2009-05-02T14:34:45+00:00","dateModified":"2009-05-02T14:39:34+00:00","author":{"@id":"https:\/\/www.visit-ulcinj.com\/blog\/#\/schema\/person\/dcab619c614d3038751c63bc2aadc06d"},"description":"Da predsezona u Budvi kasni, potvr?uje ?injenica da su ve?ina hotelijera svoje hotele otvorili kasnije nego \u0161to je to bio slu?aj lani, ali, uprkos","breadcrumb":{"@id":"https:\/\/www.visit-ulcinj.com\/blog\/2009\/05\/02\/kasni-predsezona-u-budvi\/#breadcrumb"},"inLanguage":"en-US","potentialAction":[{"@type":"ReadAction","target":["https:\/\/www.visit-ulcinj.com\/blog\/2009\/05\/02\/kasni-predsezona-u-budvi\/"]}]},{"@type":"BreadcrumbList","@id":"https:\/\/www.visit-ulcinj.com\/blog\/2009\/05\/02\/kasni-predsezona-u-budvi\/#breadcrumb","itemListElement":[{"@type":"ListItem","position":1,"name":"Kasni predsezona u Budvi"}]},{"@type":"Person","@id":"https:\/\/www.visit-ulcinj.com\/blog\/#\/schema\/person\/dcab619c614d3038751c63bc2aadc06d","name":"ulqini","sameAs":["http:\/\/www.visit-ulcinj.com"],"url":"https:\/\/www.visit-ulcinj.com\/blog\/author\/admin\/"}]}},"jetpack_featured_media_url":"","jetpack_sharing_enabled":true,"jetpack_shortlink":"https:\/\/wp.me\/pe6lTn-5as","_links":{"self":[{"href":"https:\/\/www.visit-ulcinj.com\/blog\/wp-json\/wp\/v2\/posts\/19868"}],"collection":[{"href":"https:\/\/www.visit-ulcinj.com\/blog\/wp-json\/wp\/v2\/posts"}],"about":[{"href":"https:\/\/www.visit-ulcinj.com\/blog\/wp-json\/wp\/v2\/types\/post"}],"author":[{"embeddable":true,"href":"https:\/\/www.visit-ulcinj.com\/blog\/wp-json\/wp\/v2\/users\/1"}],"replies":[{"embeddable":true,"href":"https:\/\/www.visit-ulcinj.com\/blog\/wp-json\/wp\/v2\/comments?post=19868"}],"version-history":[{"count":0,"href":"https:\/\/www.visit-ulcinj.com\/blog\/wp-json\/wp\/v2\/posts\/19868\/revisions"}],"wp:attachment":[{"href":"https:\/\/www.visit-ulcinj.com\/blog\/wp-json\/wp\/v2\/media?parent=19868"}],"wp:term":[{"taxonomy":"category","embeddable":true,"href":"https:\/\/www.visit-ulcinj.com\/blog\/wp-json\/wp\/v2\/categories?post=19868"},{"taxonomy":"post_tag","embeddable":true,"href":"https:\/\/www.visit-ulcinj.com\/blog\/wp-json\/wp\/v2\/tags?post=19868"}],"curies":[{"name":"wp","href":"https:\/\/api.w.org\/{rel}","templated":true}]}}