{"id":19885,"date":"2009-05-02T18:40:23","date_gmt":"2009-05-02T16:40:23","guid":{"rendered":"http:\/\/www.visit-ulcinj.com\/blog\/?p=19885"},"modified":"2009-05-13T20:53:18","modified_gmt":"2009-05-13T18:53:18","slug":"hajdinaga-investimet-deshmi-e-qarte-per-zhvillimin-e-vendit","status":"publish","type":"post","link":"https:\/\/www.visit-ulcinj.com\/blog\/2009\/05\/02\/hajdinaga-investimet-deshmi-e-qarte-per-zhvillimin-e-vendit\/","title":{"rendered":"Video &#8211; Inaugurimi i \u00e7arshis s\u00eb Ulqinit nga G\u00ebzim Hajdinaga"},"content":{"rendered":"<div id=\"attachment_19889\" style=\"width: 580px\" class=\"wp-caption alignleft\"><a href=\"http:\/\/www.visit-ulcinj.com\/blog\/wp-content\/uploads\/2009\/05\/inaugurimi-i-kalldremimit-te-qendres-se-qytetit-te-ulqini1.jpg\"><img aria-describedby=\"caption-attachment-19889\" loading=\"lazy\" class=\"size-full wp-image-19889\" title=\"inaugurimi-i-kalldremimit-te-qendres-se-qytetit-te-ulqini1\" src=\"http:\/\/www.visit-ulcinj.com\/blog\/wp-content\/uploads\/2009\/05\/inaugurimi-i-kalldremimit-te-qendres-se-qytetit-te-ulqini1.jpg\" alt=\"inaugurimi-i-kalldremimit-te-qendres-se-qytetit-te-ulqini1\" width=\"570\" height=\"400\" \/><\/a><p id=\"caption-attachment-19889\" class=\"wp-caption-text\">Inaugurimi i \u00e7arshis s\u00eb Ulqinit<\/p><\/div>\n<p><strong>Inaugurimi i \u00e7arshis s\u00eb Ulqinit<\/strong><\/p>\n<p><strong>Hajdinaga: Investimet, d\u00ebshmi e qart\u00eb p\u00ebr zhvillimin e vendit <\/strong><\/p>\n<p>Kryetari i Komun\u00ebs s\u00eb Ulqinit, G\u00ebzim Hajdinaga, b\u00ebri nj\u00eb p\u00ebrmbledhje t\u00eb nj\u00eb serie investimesh n\u00eb komunat e Ulqinit. Gjat\u00eb fjalimit t\u00eb tij\u00eb kryetari i komun\u00ebs s\u00eb Ulqinit,\u00a0 inauguroi p\u00ebrfundimin e rikonstruksionit\u00a0 t\u00eb kalldremimit t\u00eb qendr\u00ebs s\u00eb qytetit t\u00eb Ulqinit.<\/p>\n<p>Duke siguruar p\u00ebr v\u00ebmendjen e vazhdueshme t\u00eb qeveris\u00eb s\u00eb Ulqinit ndaj problemeve t\u00eb tyre,kryetari theksoi se qeveria e Ulqinit \u00ebsht\u00eb e vendosur t\u00eb b\u00ebj\u00eb t\u00eb gjitha investimet p\u00ebr zhvillimin e infrastruktur\u00ebs s\u00eb Ulqinit.<\/p>\n<p>Projektet jan\u00eb financuar nga buxheti i qeveris\u00eb s\u00eb komun\u00ebs s\u00eb Ulqinit n\u00eb shum\u00eb prej 900 mij\u00eb\u00a0 \u20ac, nd\u00ebrkaq n\u00eb t\u00eb ardhmen e af\u00ebrt priten t\u00eb finalizohen edhe disa projekte t\u00eb reja t\u00eb qeveris\u00eb s\u00eb komun\u00ebs s\u00eb Ulqinit.<\/p>\n<p>N\u00eb k\u00ebt\u00eb ceremoni ishin t\u00eb pranish\u00ebm edhe shum\u00eb p\u00ebrfaq\u00ebsues t\u00eb institucioneve vend\u00ebse dhe nga t\u00ebre Republika e Malit t\u00eb Zi.<\/p>\n<p><strong>Lajme nga Ulqini<\/strong><\/p>\n<!--YouTube Error: bad URL entered-->\n<h3><strong>Sot p\u00ebrurimi i p\u00ebrfundimit t\u00eb kalldr\u00ebmimit t\u00eb rrug\u00ebs \u201cHafiz Ali Ulqinaku\u201d<\/strong><\/h3>\n<p><strong>Rikthehet shk\u00eblqimi i dikursh\u00ebm<\/strong><br \/>\nUlqin &#8211; Sot do t\u00eb b\u00ebhet p\u00ebrurimi i kalldr\u00ebmimit t\u00eb rrug\u00ebs \u201cHafiz Ali Ulqinaku\u201d dhe i unaz\u00ebs n\u00eb k\u00ebt\u00eb pjes\u00eb t\u00eb qytetit, ku me propozim t\u00eb kryetarit t\u00eb Komun\u00ebs s\u00eb Ulqinit G\u00ebzim Hajdinaga \u00ebsht\u00eb vendosur mulliri i vjet\u00ebr p\u00ebr ullinj i cili p\u00ebrve\u00e7 detaris\u00eb \u00ebsht\u00eb nj\u00eb tradit\u00eb e ulqinak\u00ebve.<br \/>\nM\u00eb posht\u00eb, n\u00eb drejtim t\u00eb Plazhit t\u00eb Vog\u00ebl, pas 70 vjet\u00ebsh \u00ebsht\u00eb rihapur kroni, i cili \u00ebsht\u00eb pjes\u00eb e<br \/>\ntrash\u00ebgimis\u00eb s\u00eb ulqinak\u00ebve.<br \/>\nRruga \u201cHafiz Ali Ulqinaku\u201d tashm\u00eb ka nj\u00eb pamje krejt\u00ebsisht t\u00eb re. Trotoaret jan\u00eb zgjeruar me pllaka mermeri dhe \u00ebsht\u00eb vendosur ndri\u00e7imi i ri publik n\u00eb p\u00ebrputhshm\u00ebri me ambientin e ri. Kryetari i Komun\u00ebs s\u00eb Ulqinit, G\u00ebzim Hajdinaga, thot\u00eb se q\u00ebllimi i k\u00ebtij projekti madhor p\u00ebr t\u00eb dhe qytetar\u00ebt e Ulqinit \u00ebsht\u00eb kthimi i shk\u00eblqimit t\u00eb dikursh\u00ebm t\u00eb k\u00ebsaj pjese t\u00eb qytetit me q\u00ebllim t\u00eb ruajtjes dhe valorizimit t\u00eb trash\u00ebgimis\u00eb kulturore dhe historike t\u00eb k\u00ebtij qyteti t\u00eb lasht\u00eb.<br \/>\nSipas Hajdinag\u00ebs, projekti n\u00eb fjal\u00eb ka kushtuar rreth nj\u00eb milion euro. P\u00ebr k\u00ebt\u00eb akt solemn, i cili zyrtarizon hapjen e sezonit turistik 2009 n\u00eb Ulqin, \u00ebsht\u00eb parapar\u00eb nj\u00eb program i pasur kulturo-zbavit\u00ebs, ku do t\u00eb marrin pjes\u00eb artist\u00eb t\u00eb njohur, grupe muzikore e ansamble folklorike nga Ulqini e qytete t\u00eb tjera, por nuk do t\u00eb mungoj\u00eb as tryeza e pasur ulqinake me lloj-lloj specialitetesh nga kuzhina e Ulqinit.<br \/>\nManifestimi mbyllet me pjes\u00ebmarrjen spektakolare t\u00eb yllit kroat Severina Vu\u00e7koviq n\u00eb Ran\u00eb, e cila do t\u2019i kushtoj\u00eb ark\u00ebs s\u00eb Komun\u00ebs s\u00eb Ulqinit mbi 25 mij\u00eb euro<br \/>\n<strong>Gj. Gjonaj<br \/>\nKoha Javore <\/strong><\/p>\n<p><strong><br \/>\n<\/strong><\/p>\n<p><strong>\n\t\t<style type=\"text\/css\">\n\t\t\t#gallery-1 {\n\t\t\t\tmargin: auto;\n\t\t\t}\n\t\t\t#gallery-1 .gallery-item {\n\t\t\t\tfloat: left;\n\t\t\t\tmargin-top: 10px;\n\t\t\t\ttext-align: center;\n\t\t\t\twidth: 33%;\n\t\t\t}\n\t\t\t#gallery-1 img {\n\t\t\t\tborder: 2px solid #cfcfcf;\n\t\t\t}\n\t\t\t#gallery-1 .gallery-caption {\n\t\t\t\tmargin-left: 0;\n\t\t\t}\n\t\t\t\/* see gallery_shortcode() in wp-includes\/media.php *\/\n\t\t<\/style>\n\t\t<div id='gallery-1' class='gallery galleryid-19885 gallery-columns-3 gallery-size-thumbnail'><dl class='gallery-item'>\n\t\t\t<dt class='gallery-icon landscape'>\n\t\t\t\t<a href='https:\/\/www.visit-ulcinj.com\/blog\/2009\/05\/02\/hajdinaga-investimet-deshmi-e-qarte-per-zhvillimin-e-vendit\/inaugurimi-i-kalldremimit-te-qendres-se-qytetit-te-ulqini1\/'><img width=\"150\" height=\"150\" src=\"https:\/\/www.visit-ulcinj.com\/blog\/wp-content\/uploads\/2009\/05\/inaugurimi-i-kalldremimit-te-qendres-se-qytetit-te-ulqini1-150x150.jpg\" class=\"attachment-thumbnail size-thumbnail\" alt=\"\" loading=\"lazy\" \/><\/a>\n\t\t\t<\/dt><\/dl><dl class='gallery-item'>\n\t\t\t<dt class='gallery-icon landscape'>\n\t\t\t\t<a href='https:\/\/www.visit-ulcinj.com\/blog\/2009\/05\/02\/hajdinaga-investimet-deshmi-e-qarte-per-zhvillimin-e-vendit\/inaugurimi-i-kalldremimit-te-qendres-se-qytetit-te-ulqini2\/'><img width=\"150\" height=\"150\" src=\"https:\/\/www.visit-ulcinj.com\/blog\/wp-content\/uploads\/2009\/05\/inaugurimi-i-kalldremimit-te-qendres-se-qytetit-te-ulqini2-150x150.jpg\" class=\"attachment-thumbnail size-thumbnail\" alt=\"\" loading=\"lazy\" \/><\/a>\n\t\t\t<\/dt><\/dl><dl class='gallery-item'>\n\t\t\t<dt class='gallery-icon landscape'>\n\t\t\t\t<a href='https:\/\/www.visit-ulcinj.com\/blog\/2009\/05\/02\/hajdinaga-investimet-deshmi-e-qarte-per-zhvillimin-e-vendit\/inaugurimi-i-kalldremimit-te-qendres-se-qytetit-te-ulqini3\/'><img width=\"150\" height=\"150\" src=\"https:\/\/www.visit-ulcinj.com\/blog\/wp-content\/uploads\/2009\/05\/inaugurimi-i-kalldremimit-te-qendres-se-qytetit-te-ulqini3-150x150.jpg\" class=\"attachment-thumbnail size-thumbnail\" alt=\"\" loading=\"lazy\" \/><\/a>\n\t\t\t<\/dt><\/dl><br style=\"clear: both\" \/><dl class='gallery-item'>\n\t\t\t<dt class='gallery-icon landscape'>\n\t\t\t\t<a href='https:\/\/www.visit-ulcinj.com\/blog\/2009\/05\/02\/hajdinaga-investimet-deshmi-e-qarte-per-zhvillimin-e-vendit\/inaugurimi-i-kalldremimit-te-qendres-se-qytetit-te-ulqini4\/'><img width=\"150\" height=\"150\" src=\"https:\/\/www.visit-ulcinj.com\/blog\/wp-content\/uploads\/2009\/05\/inaugurimi-i-kalldremimit-te-qendres-se-qytetit-te-ulqini4-150x150.jpg\" class=\"attachment-thumbnail size-thumbnail\" alt=\"\" loading=\"lazy\" \/><\/a>\n\t\t\t<\/dt><\/dl><dl class='gallery-item'>\n\t\t\t<dt class='gallery-icon landscape'>\n\t\t\t\t<a href='https:\/\/www.visit-ulcinj.com\/blog\/2009\/05\/02\/hajdinaga-investimet-deshmi-e-qarte-per-zhvillimin-e-vendit\/inaugurimi-i-kalldremimit-te-qendres-se-qytetit-te-ulqini5\/'><img width=\"150\" height=\"150\" src=\"https:\/\/www.visit-ulcinj.com\/blog\/wp-content\/uploads\/2009\/05\/inaugurimi-i-kalldremimit-te-qendres-se-qytetit-te-ulqini5-150x150.jpg\" class=\"attachment-thumbnail size-thumbnail\" alt=\"\" loading=\"lazy\" \/><\/a>\n\t\t\t<\/dt><\/dl><dl class='gallery-item'>\n\t\t\t<dt class='gallery-icon landscape'>\n\t\t\t\t<a href='https:\/\/www.visit-ulcinj.com\/blog\/2009\/05\/02\/hajdinaga-investimet-deshmi-e-qarte-per-zhvillimin-e-vendit\/inaugurimi-i-kalldremimit-te-qendres-se-qytetit-te-ulqini6\/'><img width=\"150\" height=\"150\" src=\"https:\/\/www.visit-ulcinj.com\/blog\/wp-content\/uploads\/2009\/05\/inaugurimi-i-kalldremimit-te-qendres-se-qytetit-te-ulqini6-150x150.jpg\" class=\"attachment-thumbnail size-thumbnail\" alt=\"\" loading=\"lazy\" \/><\/a>\n\t\t\t<\/dt><\/dl><br style=\"clear: both\" \/><dl class='gallery-item'>\n\t\t\t<dt class='gallery-icon landscape'>\n\t\t\t\t<a href='https:\/\/www.visit-ulcinj.com\/blog\/2009\/05\/02\/hajdinaga-investimet-deshmi-e-qarte-per-zhvillimin-e-vendit\/inaugurimi-i-kalldremimit-te-qendres-se-qytetit-te-ulqini7\/'><img width=\"150\" height=\"150\" src=\"https:\/\/www.visit-ulcinj.com\/blog\/wp-content\/uploads\/2009\/05\/inaugurimi-i-kalldremimit-te-qendres-se-qytetit-te-ulqini7-150x150.jpg\" class=\"attachment-thumbnail size-thumbnail\" alt=\"\" loading=\"lazy\" \/><\/a>\n\t\t\t<\/dt><\/dl><dl class='gallery-item'>\n\t\t\t<dt class='gallery-icon landscape'>\n\t\t\t\t<a href='https:\/\/www.visit-ulcinj.com\/blog\/2009\/05\/02\/hajdinaga-investimet-deshmi-e-qarte-per-zhvillimin-e-vendit\/inaugurimi-i-kalldremimit-te-qendres-se-qytetit-te-ulqini8\/'><img width=\"150\" height=\"150\" src=\"https:\/\/www.visit-ulcinj.com\/blog\/wp-content\/uploads\/2009\/05\/inaugurimi-i-kalldremimit-te-qendres-se-qytetit-te-ulqini8-150x150.jpg\" class=\"attachment-thumbnail size-thumbnail\" alt=\"\" loading=\"lazy\" \/><\/a>\n\t\t\t<\/dt><\/dl><dl class='gallery-item'>\n\t\t\t<dt class='gallery-icon landscape'>\n\t\t\t\t<a href='https:\/\/www.visit-ulcinj.com\/blog\/2009\/05\/02\/hajdinaga-investimet-deshmi-e-qarte-per-zhvillimin-e-vendit\/inaugurimi-i-kalldremimit-te-qendres-se-qytetit-te-ulqini9\/'><img width=\"150\" height=\"150\" src=\"https:\/\/www.visit-ulcinj.com\/blog\/wp-content\/uploads\/2009\/05\/inaugurimi-i-kalldremimit-te-qendres-se-qytetit-te-ulqini9-150x150.jpg\" class=\"attachment-thumbnail size-thumbnail\" alt=\"\" loading=\"lazy\" \/><\/a>\n\t\t\t<\/dt><\/dl><br style=\"clear: both\" \/><dl class='gallery-item'>\n\t\t\t<dt class='gallery-icon landscape'>\n\t\t\t\t<a href='https:\/\/www.visit-ulcinj.com\/blog\/2009\/05\/02\/hajdinaga-investimet-deshmi-e-qarte-per-zhvillimin-e-vendit\/inaugurimi-i-kalldremimit-te-qendres-se-qytetit-te-ulqini10\/'><img width=\"150\" height=\"150\" src=\"https:\/\/www.visit-ulcinj.com\/blog\/wp-content\/uploads\/2009\/05\/inaugurimi-i-kalldremimit-te-qendres-se-qytetit-te-ulqini10-150x150.jpg\" class=\"attachment-thumbnail size-thumbnail\" alt=\"\" loading=\"lazy\" \/><\/a>\n\t\t\t<\/dt><\/dl><dl class='gallery-item'>\n\t\t\t<dt class='gallery-icon landscape'>\n\t\t\t\t<a href='https:\/\/www.visit-ulcinj.com\/blog\/2009\/05\/02\/hajdinaga-investimet-deshmi-e-qarte-per-zhvillimin-e-vendit\/inaugurimi-i-kalldremimit-te-qendres-se-qytetit-te-ulqini11\/'><img width=\"150\" height=\"150\" src=\"https:\/\/www.visit-ulcinj.com\/blog\/wp-content\/uploads\/2009\/05\/inaugurimi-i-kalldremimit-te-qendres-se-qytetit-te-ulqini11-150x150.jpg\" class=\"attachment-thumbnail size-thumbnail\" alt=\"\" loading=\"lazy\" \/><\/a>\n\t\t\t<\/dt><\/dl><dl class='gallery-item'>\n\t\t\t<dt class='gallery-icon landscape'>\n\t\t\t\t<a href='https:\/\/www.visit-ulcinj.com\/blog\/2009\/05\/02\/hajdinaga-investimet-deshmi-e-qarte-per-zhvillimin-e-vendit\/inaugurimi-i-kalldremimit-te-qendres-se-qytetit-te-ulqini12\/'><img width=\"150\" height=\"150\" src=\"https:\/\/www.visit-ulcinj.com\/blog\/wp-content\/uploads\/2009\/05\/inaugurimi-i-kalldremimit-te-qendres-se-qytetit-te-ulqini12-150x150.jpg\" class=\"attachment-thumbnail size-thumbnail\" alt=\"\" loading=\"lazy\" \/><\/a>\n\t\t\t<\/dt><\/dl><br style=\"clear: both\" \/><dl class='gallery-item'>\n\t\t\t<dt class='gallery-icon landscape'>\n\t\t\t\t<a href='https:\/\/www.visit-ulcinj.com\/blog\/2009\/05\/02\/hajdinaga-investimet-deshmi-e-qarte-per-zhvillimin-e-vendit\/inaugurimi-i-kalldremimit-te-qendres-se-qytetit-te-ulqini13\/'><img width=\"150\" height=\"150\" src=\"https:\/\/www.visit-ulcinj.com\/blog\/wp-content\/uploads\/2009\/05\/inaugurimi-i-kalldremimit-te-qendres-se-qytetit-te-ulqini13-150x150.jpg\" class=\"attachment-thumbnail size-thumbnail\" alt=\"\" loading=\"lazy\" \/><\/a>\n\t\t\t<\/dt><\/dl><dl class='gallery-item'>\n\t\t\t<dt class='gallery-icon landscape'>\n\t\t\t\t<a href='https:\/\/www.visit-ulcinj.com\/blog\/2009\/05\/02\/hajdinaga-investimet-deshmi-e-qarte-per-zhvillimin-e-vendit\/inaugurimi-i-kalldremimit-te-qendres-se-qytetit-te-ulqini14\/'><img width=\"150\" height=\"150\" src=\"https:\/\/www.visit-ulcinj.com\/blog\/wp-content\/uploads\/2009\/05\/inaugurimi-i-kalldremimit-te-qendres-se-qytetit-te-ulqini14-150x150.jpg\" class=\"attachment-thumbnail size-thumbnail\" alt=\"\" loading=\"lazy\" \/><\/a>\n\t\t\t<\/dt><\/dl><dl class='gallery-item'>\n\t\t\t<dt class='gallery-icon landscape'>\n\t\t\t\t<a href='https:\/\/www.visit-ulcinj.com\/blog\/2009\/05\/02\/hajdinaga-investimet-deshmi-e-qarte-per-zhvillimin-e-vendit\/inaugurimi-i-kalldremimit-te-qendres-se-qytetit-te-ulqini15\/'><img width=\"150\" height=\"150\" src=\"https:\/\/www.visit-ulcinj.com\/blog\/wp-content\/uploads\/2009\/05\/inaugurimi-i-kalldremimit-te-qendres-se-qytetit-te-ulqini15-150x150.jpg\" class=\"attachment-thumbnail size-thumbnail\" alt=\"\" loading=\"lazy\" \/><\/a>\n\t\t\t<\/dt><\/dl><br style=\"clear: both\" \/><dl class='gallery-item'>\n\t\t\t<dt class='gallery-icon landscape'>\n\t\t\t\t<a href='https:\/\/www.visit-ulcinj.com\/blog\/2009\/05\/02\/hajdinaga-investimet-deshmi-e-qarte-per-zhvillimin-e-vendit\/inaugurimi-i-kalldremimit-te-qendres-se-qytetit-te-ulqini16\/'><img width=\"150\" height=\"150\" src=\"https:\/\/www.visit-ulcinj.com\/blog\/wp-content\/uploads\/2009\/05\/inaugurimi-i-kalldremimit-te-qendres-se-qytetit-te-ulqini16-150x150.jpg\" class=\"attachment-thumbnail size-thumbnail\" alt=\"\" loading=\"lazy\" \/><\/a>\n\t\t\t<\/dt><\/dl><dl class='gallery-item'>\n\t\t\t<dt class='gallery-icon landscape'>\n\t\t\t\t<a href='https:\/\/www.visit-ulcinj.com\/blog\/2009\/05\/02\/hajdinaga-investimet-deshmi-e-qarte-per-zhvillimin-e-vendit\/inaugurimi-i-kalldremimit-te-qendres-se-qytetit-te-ulqini17\/'><img width=\"150\" height=\"150\" src=\"https:\/\/www.visit-ulcinj.com\/blog\/wp-content\/uploads\/2009\/05\/inaugurimi-i-kalldremimit-te-qendres-se-qytetit-te-ulqini17-150x150.jpg\" class=\"attachment-thumbnail size-thumbnail\" alt=\"\" loading=\"lazy\" \/><\/a>\n\t\t\t<\/dt><\/dl><dl class='gallery-item'>\n\t\t\t<dt class='gallery-icon landscape'>\n\t\t\t\t<a href='https:\/\/www.visit-ulcinj.com\/blog\/2009\/05\/02\/hajdinaga-investimet-deshmi-e-qarte-per-zhvillimin-e-vendit\/inaugurimi-i-kalldremimit-te-qendres-se-qytetit-te-ulqini18\/'><img width=\"150\" height=\"150\" src=\"https:\/\/www.visit-ulcinj.com\/blog\/wp-content\/uploads\/2009\/05\/inaugurimi-i-kalldremimit-te-qendres-se-qytetit-te-ulqini18-150x150.jpg\" class=\"attachment-thumbnail size-thumbnail\" alt=\"\" loading=\"lazy\" \/><\/a>\n\t\t\t<\/dt><\/dl><br style=\"clear: both\" \/><dl class='gallery-item'>\n\t\t\t<dt class='gallery-icon landscape'>\n\t\t\t\t<a href='https:\/\/www.visit-ulcinj.com\/blog\/2009\/05\/02\/hajdinaga-investimet-deshmi-e-qarte-per-zhvillimin-e-vendit\/inaugurimi-i-kalldremimit-te-qendres-se-qytetit-te-ulqini19\/'><img width=\"150\" height=\"150\" src=\"https:\/\/www.visit-ulcinj.com\/blog\/wp-content\/uploads\/2009\/05\/inaugurimi-i-kalldremimit-te-qendres-se-qytetit-te-ulqini19-150x150.jpg\" class=\"attachment-thumbnail size-thumbnail\" alt=\"\" loading=\"lazy\" \/><\/a>\n\t\t\t<\/dt><\/dl><dl class='gallery-item'>\n\t\t\t<dt class='gallery-icon landscape'>\n\t\t\t\t<a href='https:\/\/www.visit-ulcinj.com\/blog\/2009\/05\/02\/hajdinaga-investimet-deshmi-e-qarte-per-zhvillimin-e-vendit\/inaugurimi-i-kalldremimit-te-qendres-se-qytetit-te-ulqini20\/'><img width=\"150\" height=\"150\" src=\"https:\/\/www.visit-ulcinj.com\/blog\/wp-content\/uploads\/2009\/05\/inaugurimi-i-kalldremimit-te-qendres-se-qytetit-te-ulqini20-150x150.jpg\" class=\"attachment-thumbnail size-thumbnail\" alt=\"\" loading=\"lazy\" \/><\/a>\n\t\t\t<\/dt><\/dl><dl class='gallery-item'>\n\t\t\t<dt class='gallery-icon landscape'>\n\t\t\t\t<a href='https:\/\/www.visit-ulcinj.com\/blog\/2009\/05\/02\/hajdinaga-investimet-deshmi-e-qarte-per-zhvillimin-e-vendit\/inaugurimi-i-kalldremimit-te-qendres-se-qytetit-te-ulqini21\/'><img width=\"150\" height=\"150\" src=\"https:\/\/www.visit-ulcinj.com\/blog\/wp-content\/uploads\/2009\/05\/inaugurimi-i-kalldremimit-te-qendres-se-qytetit-te-ulqini21-150x150.jpg\" class=\"attachment-thumbnail size-thumbnail\" alt=\"\" loading=\"lazy\" \/><\/a>\n\t\t\t<\/dt><\/dl><br style=\"clear: both\" \/><dl class='gallery-item'>\n\t\t\t<dt class='gallery-icon portrait'>\n\t\t\t\t<a href='https:\/\/www.visit-ulcinj.com\/blog\/2009\/05\/02\/hajdinaga-investimet-deshmi-e-qarte-per-zhvillimin-e-vendit\/inaugurimi-i-kalldremimit-te-qendres-se-qytetit-te-ulqini22\/'><img width=\"150\" height=\"150\" src=\"https:\/\/www.visit-ulcinj.com\/blog\/wp-content\/uploads\/2009\/05\/inaugurimi-i-kalldremimit-te-qendres-se-qytetit-te-ulqini22-150x150.jpg\" class=\"attachment-thumbnail size-thumbnail\" alt=\"\" loading=\"lazy\" \/><\/a>\n\t\t\t<\/dt><\/dl><dl class='gallery-item'>\n\t\t\t<dt class='gallery-icon portrait'>\n\t\t\t\t<a href='https:\/\/www.visit-ulcinj.com\/blog\/2009\/05\/02\/hajdinaga-investimet-deshmi-e-qarte-per-zhvillimin-e-vendit\/inaugurimi-i-kalldremimit-te-qendres-se-qytetit-te-ulqini23\/'><img width=\"150\" height=\"150\" src=\"https:\/\/www.visit-ulcinj.com\/blog\/wp-content\/uploads\/2009\/05\/inaugurimi-i-kalldremimit-te-qendres-se-qytetit-te-ulqini23-150x150.jpg\" class=\"attachment-thumbnail size-thumbnail\" alt=\"\" loading=\"lazy\" \/><\/a>\n\t\t\t<\/dt><\/dl><dl class='gallery-item'>\n\t\t\t<dt class='gallery-icon portrait'>\n\t\t\t\t<a href='https:\/\/www.visit-ulcinj.com\/blog\/2009\/05\/02\/hajdinaga-investimet-deshmi-e-qarte-per-zhvillimin-e-vendit\/inaugurimi-i-kalldremimit-te-qendres-se-qytetit-te-ulqini24\/'><img width=\"150\" height=\"150\" src=\"https:\/\/www.visit-ulcinj.com\/blog\/wp-content\/uploads\/2009\/05\/inaugurimi-i-kalldremimit-te-qendres-se-qytetit-te-ulqini24-150x150.jpg\" class=\"attachment-thumbnail size-thumbnail\" alt=\"\" loading=\"lazy\" \/><\/a>\n\t\t\t<\/dt><\/dl><br style=\"clear: both\" \/><dl class='gallery-item'>\n\t\t\t<dt class='gallery-icon portrait'>\n\t\t\t\t<a href='https:\/\/www.visit-ulcinj.com\/blog\/2009\/05\/02\/hajdinaga-investimet-deshmi-e-qarte-per-zhvillimin-e-vendit\/inaugurimi-i-kalldremimit-te-qendres-se-qytetit-te-ulqini25\/'><img width=\"150\" height=\"150\" src=\"https:\/\/www.visit-ulcinj.com\/blog\/wp-content\/uploads\/2009\/05\/inaugurimi-i-kalldremimit-te-qendres-se-qytetit-te-ulqini25-150x150.jpg\" class=\"attachment-thumbnail size-thumbnail\" alt=\"\" loading=\"lazy\" \/><\/a>\n\t\t\t<\/dt><\/dl><dl class='gallery-item'>\n\t\t\t<dt class='gallery-icon portrait'>\n\t\t\t\t<a href='https:\/\/www.visit-ulcinj.com\/blog\/2009\/05\/02\/hajdinaga-investimet-deshmi-e-qarte-per-zhvillimin-e-vendit\/inaugurimi-i-kalldremimit-te-qendres-se-qytetit-te-ulqini26\/'><img width=\"150\" height=\"150\" src=\"https:\/\/www.visit-ulcinj.com\/blog\/wp-content\/uploads\/2009\/05\/inaugurimi-i-kalldremimit-te-qendres-se-qytetit-te-ulqini26-150x150.jpg\" class=\"attachment-thumbnail size-thumbnail\" alt=\"\" loading=\"lazy\" \/><\/a>\n\t\t\t<\/dt><\/dl><dl class='gallery-item'>\n\t\t\t<dt class='gallery-icon landscape'>\n\t\t\t\t<a href='https:\/\/www.visit-ulcinj.com\/blog\/2009\/05\/02\/hajdinaga-investimet-deshmi-e-qarte-per-zhvillimin-e-vendit\/inaugurimi-i-kalldremimit-te-qendres-se-qytetit-te-ulqini27\/'><img width=\"150\" height=\"150\" src=\"https:\/\/www.visit-ulcinj.com\/blog\/wp-content\/uploads\/2009\/05\/inaugurimi-i-kalldremimit-te-qendres-se-qytetit-te-ulqini27-150x150.jpg\" class=\"attachment-thumbnail size-thumbnail\" alt=\"\" loading=\"lazy\" \/><\/a>\n\t\t\t<\/dt><\/dl><br style=\"clear: both\" \/><dl class='gallery-item'>\n\t\t\t<dt class='gallery-icon landscape'>\n\t\t\t\t<a href='https:\/\/www.visit-ulcinj.com\/blog\/2009\/05\/02\/hajdinaga-investimet-deshmi-e-qarte-per-zhvillimin-e-vendit\/inaugurimi-i-kalldremimit-te-qendres-se-qytetit-te-ulqini28\/'><img width=\"150\" height=\"150\" src=\"https:\/\/www.visit-ulcinj.com\/blog\/wp-content\/uploads\/2009\/05\/inaugurimi-i-kalldremimit-te-qendres-se-qytetit-te-ulqini28-150x150.jpg\" class=\"attachment-thumbnail size-thumbnail\" alt=\"\" loading=\"lazy\" \/><\/a>\n\t\t\t<\/dt><\/dl><dl class='gallery-item'>\n\t\t\t<dt class='gallery-icon landscape'>\n\t\t\t\t<a href='https:\/\/www.visit-ulcinj.com\/blog\/2009\/05\/02\/hajdinaga-investimet-deshmi-e-qarte-per-zhvillimin-e-vendit\/inaugurimi-i-kalldremimit-te-qendres-se-qytetit-te-ulqini29\/'><img width=\"150\" height=\"150\" src=\"https:\/\/www.visit-ulcinj.com\/blog\/wp-content\/uploads\/2009\/05\/inaugurimi-i-kalldremimit-te-qendres-se-qytetit-te-ulqini29-150x150.jpg\" class=\"attachment-thumbnail size-thumbnail\" alt=\"\" loading=\"lazy\" \/><\/a>\n\t\t\t<\/dt><\/dl><dl class='gallery-item'>\n\t\t\t<dt class='gallery-icon landscape'>\n\t\t\t\t<a href='https:\/\/www.visit-ulcinj.com\/blog\/2009\/05\/02\/hajdinaga-investimet-deshmi-e-qarte-per-zhvillimin-e-vendit\/inaugurimi-i-kalldremimit-te-qendres-se-qytetit-te-ulqini31\/'><img width=\"150\" height=\"150\" src=\"https:\/\/www.visit-ulcinj.com\/blog\/wp-content\/uploads\/2009\/05\/inaugurimi-i-kalldremimit-te-qendres-se-qytetit-te-ulqini31-150x150.jpg\" class=\"attachment-thumbnail size-thumbnail\" alt=\"\" loading=\"lazy\" \/><\/a>\n\t\t\t<\/dt><\/dl><br style=\"clear: both\" \/><dl class='gallery-item'>\n\t\t\t<dt class='gallery-icon landscape'>\n\t\t\t\t<a href='https:\/\/www.visit-ulcinj.com\/blog\/2009\/05\/02\/hajdinaga-investimet-deshmi-e-qarte-per-zhvillimin-e-vendit\/inaugurimi-i-kalldremimit-te-qendres-se-qytetit-te-ulqini32\/'><img width=\"150\" height=\"150\" src=\"https:\/\/www.visit-ulcinj.com\/blog\/wp-content\/uploads\/2009\/05\/inaugurimi-i-kalldremimit-te-qendres-se-qytetit-te-ulqini32-150x150.jpg\" class=\"attachment-thumbnail size-thumbnail\" alt=\"\" loading=\"lazy\" \/><\/a>\n\t\t\t<\/dt><\/dl><dl class='gallery-item'>\n\t\t\t<dt class='gallery-icon landscape'>\n\t\t\t\t<a href='https:\/\/www.visit-ulcinj.com\/blog\/2009\/05\/02\/hajdinaga-investimet-deshmi-e-qarte-per-zhvillimin-e-vendit\/inaugurimi-i-kalldremimit-te-qendres-se-qytetit-te-ulqini33\/'><img width=\"150\" height=\"150\" src=\"https:\/\/www.visit-ulcinj.com\/blog\/wp-content\/uploads\/2009\/05\/inaugurimi-i-kalldremimit-te-qendres-se-qytetit-te-ulqini33-150x150.jpg\" class=\"attachment-thumbnail size-thumbnail\" alt=\"\" loading=\"lazy\" \/><\/a>\n\t\t\t<\/dt><\/dl><dl class='gallery-item'>\n\t\t\t<dt class='gallery-icon landscape'>\n\t\t\t\t<a href='https:\/\/www.visit-ulcinj.com\/blog\/2009\/05\/02\/hajdinaga-investimet-deshmi-e-qarte-per-zhvillimin-e-vendit\/inaugurimi-i-kalldremimit-te-qendres-se-qytetit-te-ulqini34\/'><img width=\"150\" height=\"150\" src=\"https:\/\/www.visit-ulcinj.com\/blog\/wp-content\/uploads\/2009\/05\/inaugurimi-i-kalldremimit-te-qendres-se-qytetit-te-ulqini34-150x150.jpg\" class=\"attachment-thumbnail size-thumbnail\" alt=\"\" loading=\"lazy\" \/><\/a>\n\t\t\t<\/dt><\/dl><br style=\"clear: both\" \/><dl class='gallery-item'>\n\t\t\t<dt class='gallery-icon landscape'>\n\t\t\t\t<a href='https:\/\/www.visit-ulcinj.com\/blog\/2009\/05\/02\/hajdinaga-investimet-deshmi-e-qarte-per-zhvillimin-e-vendit\/inaugurimi-i-kalldremimit-te-qendres-se-qytetit-te-ulqini35\/'><img width=\"150\" height=\"150\" src=\"https:\/\/www.visit-ulcinj.com\/blog\/wp-content\/uploads\/2009\/05\/inaugurimi-i-kalldremimit-te-qendres-se-qytetit-te-ulqini35-150x150.jpg\" class=\"attachment-thumbnail size-thumbnail\" alt=\"\" loading=\"lazy\" \/><\/a>\n\t\t\t<\/dt><\/dl><dl class='gallery-item'>\n\t\t\t<dt class='gallery-icon landscape'>\n\t\t\t\t<a href='https:\/\/www.visit-ulcinj.com\/blog\/2009\/05\/02\/hajdinaga-investimet-deshmi-e-qarte-per-zhvillimin-e-vendit\/inaugurimi-i-kalldremimit-te-qendres-se-qytetit-te-ulqini36\/'><img width=\"150\" height=\"150\" src=\"https:\/\/www.visit-ulcinj.com\/blog\/wp-content\/uploads\/2009\/05\/inaugurimi-i-kalldremimit-te-qendres-se-qytetit-te-ulqini36-150x150.jpg\" class=\"attachment-thumbnail size-thumbnail\" alt=\"\" loading=\"lazy\" \/><\/a>\n\t\t\t<\/dt><\/dl><dl class='gallery-item'>\n\t\t\t<dt class='gallery-icon landscape'>\n\t\t\t\t<a href='https:\/\/www.visit-ulcinj.com\/blog\/2009\/05\/02\/hajdinaga-investimet-deshmi-e-qarte-per-zhvillimin-e-vendit\/inaugurimi-i-kalldremimit-te-qendres-se-qytetit-te-ulqini37\/'><img width=\"150\" height=\"150\" src=\"https:\/\/www.visit-ulcinj.com\/blog\/wp-content\/uploads\/2009\/05\/inaugurimi-i-kalldremimit-te-qendres-se-qytetit-te-ulqini37-150x150.jpg\" class=\"attachment-thumbnail size-thumbnail\" alt=\"\" loading=\"lazy\" \/><\/a>\n\t\t\t<\/dt><\/dl><br style=\"clear: both\" \/><dl class='gallery-item'>\n\t\t\t<dt class='gallery-icon landscape'>\n\t\t\t\t<a href='https:\/\/www.visit-ulcinj.com\/blog\/2009\/05\/02\/hajdinaga-investimet-deshmi-e-qarte-per-zhvillimin-e-vendit\/inaugurimi-i-kalldremimit-te-qendres-se-qytetit-te-ulqini38\/'><img width=\"150\" height=\"150\" src=\"https:\/\/www.visit-ulcinj.com\/blog\/wp-content\/uploads\/2009\/05\/inaugurimi-i-kalldremimit-te-qendres-se-qytetit-te-ulqini38-150x150.jpg\" class=\"attachment-thumbnail size-thumbnail\" alt=\"\" loading=\"lazy\" \/><\/a>\n\t\t\t<\/dt><\/dl><dl class='gallery-item'>\n\t\t\t<dt class='gallery-icon landscape'>\n\t\t\t\t<a href='https:\/\/www.visit-ulcinj.com\/blog\/2009\/05\/02\/hajdinaga-investimet-deshmi-e-qarte-per-zhvillimin-e-vendit\/inaugurimi-i-kalldremimit-te-qendres-se-qytetit-te-ulqini39\/'><img width=\"150\" height=\"150\" src=\"https:\/\/www.visit-ulcinj.com\/blog\/wp-content\/uploads\/2009\/05\/inaugurimi-i-kalldremimit-te-qendres-se-qytetit-te-ulqini39-150x150.jpg\" class=\"attachment-thumbnail size-thumbnail\" alt=\"\" loading=\"lazy\" \/><\/a>\n\t\t\t<\/dt><\/dl><dl class='gallery-item'>\n\t\t\t<dt class='gallery-icon landscape'>\n\t\t\t\t<a href='https:\/\/www.visit-ulcinj.com\/blog\/2009\/05\/02\/hajdinaga-investimet-deshmi-e-qarte-per-zhvillimin-e-vendit\/inaugurimi-i-kalldremimit-te-qendres-se-qytetit-te-ulqini40\/'><img width=\"150\" height=\"150\" src=\"https:\/\/www.visit-ulcinj.com\/blog\/wp-content\/uploads\/2009\/05\/inaugurimi-i-kalldremimit-te-qendres-se-qytetit-te-ulqini40-150x150.jpg\" class=\"attachment-thumbnail size-thumbnail\" alt=\"\" loading=\"lazy\" \/><\/a>\n\t\t\t<\/dt><\/dl><br style=\"clear: both\" \/><dl class='gallery-item'>\n\t\t\t<dt class='gallery-icon portrait'>\n\t\t\t\t<a href='https:\/\/www.visit-ulcinj.com\/blog\/2009\/05\/02\/hajdinaga-investimet-deshmi-e-qarte-per-zhvillimin-e-vendit\/inaugurimi-i-kalldremimit-te-qendres-se-qytetit-te-ulqini41\/'><img width=\"150\" height=\"150\" src=\"https:\/\/www.visit-ulcinj.com\/blog\/wp-content\/uploads\/2009\/05\/inaugurimi-i-kalldremimit-te-qendres-se-qytetit-te-ulqini41-150x150.jpg\" class=\"attachment-thumbnail size-thumbnail\" alt=\"\" loading=\"lazy\" \/><\/a>\n\t\t\t<\/dt><\/dl><dl class='gallery-item'>\n\t\t\t<dt class='gallery-icon landscape'>\n\t\t\t\t<a href='https:\/\/www.visit-ulcinj.com\/blog\/2009\/05\/02\/hajdinaga-investimet-deshmi-e-qarte-per-zhvillimin-e-vendit\/inaugurimi-i-kalldremimit-te-qendres-se-qytetit-te-ulqini42\/'><img width=\"150\" height=\"150\" src=\"https:\/\/www.visit-ulcinj.com\/blog\/wp-content\/uploads\/2009\/05\/inaugurimi-i-kalldremimit-te-qendres-se-qytetit-te-ulqini42-150x150.jpg\" class=\"attachment-thumbnail size-thumbnail\" alt=\"\" loading=\"lazy\" \/><\/a>\n\t\t\t<\/dt><\/dl><dl class='gallery-item'>\n\t\t\t<dt class='gallery-icon landscape'>\n\t\t\t\t<a href='https:\/\/www.visit-ulcinj.com\/blog\/2009\/05\/02\/hajdinaga-investimet-deshmi-e-qarte-per-zhvillimin-e-vendit\/inaugurimi-i-kalldremimit-te-qendres-se-qytetit-te-ulqini\/'><img width=\"150\" height=\"150\" src=\"https:\/\/www.visit-ulcinj.com\/blog\/wp-content\/uploads\/2009\/05\/inaugurimi-i-kalldremimit-te-qendres-se-qytetit-te-ulqini-150x150.jpg\" class=\"attachment-thumbnail size-thumbnail\" alt=\"\" loading=\"lazy\" \/><\/a>\n\t\t\t<\/dt><\/dl><br style=\"clear: both\" \/>\n\t\t<\/div>\n<\/p>\n<p style=\"text-align: center;\"><a class=\"aligncenter\" title=\"???? ????,?????,Ulcinj,Montenegru,??????????,?ernoqoriya,Besplatni internet oglasi,Besplatni oglasi,besplatni mali oglasi,besplatni turisti\u00e8ki oglasi,oglasi, usluge, turizam,Turisti\u00e8ke usluge,Doma?i turizam,Besplatni Oglasnik,Brzi Oglasi Besplatno,Besplatno OglasavanjeTurizam,besplatni oglasi sa slikom,Turisticki informator besplatni,li\u00e8ni-oglasi,BESPLATNI Turisticki OGLASI SA SLIKAMA,BESPLATNI Turisticki Oglasi saVideom,turisticki smestaj oglasi,Turisti\u00e8ki vodi\u00e8 balkana,BESPLATNA REZERVACIJA SMESTAJA,Postavite besplatno Vas oglas,FREE TOURIST GUIDES,Izdavanje-Turizam oglasi,Balkan Turisticki vodic,shpallje turistike falas,Shpallje Falas,Shpallje falas per Komplekse Turistike,Lajmerime,Njoftime,shpallje shqip per shqiptaret ne shqiperi kosova maqedoni,mal te zi,???????????,Montenegiro,?ern? Hora,??????????,Cz\u00f4rnog?ra,Cz\u00f4rn\u00f4 G?ra,Carna G?ra,T?ernogooria,?ernogoriya,Montain\u00e9agr?,Montenegwo,?orna Hora,Montenegr?,M?ntenigro,Chernogoriya ,\u00c7\u00earnogor\u00ee ,?????????,????????? ,??????? ,Montes Nigrae,Mons Niger,M\u00f4ntenegr\u00f4,Muntenegru,??????????,Czarnog?ra,Muntinigru,Muntenegro,&lt;br &gt;&lt;\/a&gt; Muntenegru,\t?ierna Hora,Cxerngora,????????,?rna gora,Moontineegro,?ornog\u00f9ra,?ernogori?a,Chernogoriya,Mont\u00f5negro,????? ???? ,?r?na Gora,?r?nogorije,?ernogorija,?arnahoryja,??????????,???????????????????? ,?ern\u00f4g\u00f4riy\u00e2,M\u00fbnt\u00een\u00ee?r\u00fb,????? ?????? ,????????,??????????,???????????,M\u00e2nten\u00eegro,???? ????? ,????????,M\u00f4ntenegr\u00f4,????????????,???????????,????????????, ??????????? ,????????????,??????????? ,\u008d\u2022?R\/?K?R ,\u0192\u201a\u0192\u201c\u0192e\u0192l\u0192O\u0192\u008d,\u00b8???\u00b3?\u00b1?\u2022? ,Muntenegru, ????? ????, Montenegr?,chambres ? louer ? ulcinj, location de vacance, location saisonni?res, louer villa,location de vacance, Locations vacance, h?bergements vacances, locations villa, logements de vacances, location maison avec piscine, Location vacance, locations de vacance, h?bergements de vacances, location villa, locations entre particulier, logements vacance, vacances ? Mont?n?gro - location ? Ulcinj ,location  de bigorre,Urlaub in Ulcinj -Montenegro,Hotelbewertungen Ulcinj,Reisen Ulcinj, Urlaub Ulcinj,Hotel in Serbien und Montenegro von Urlaubern bewertet,Billig Urlaub in Ulcinj,ferienh?user,ferienwohnung,Billige Ferienh?user,Ferienwohnung ULCINJ,Ferien an der Adria,Urlaub im Ferienhaus ulcinjBilligreisen Ulcinj,Pauschalreisen,FKK Strand Ada Bojana ulcinj,Last Minute Angebote ulcinj,Preise f?r Lastminute,Kleinanzeigen gratis,Ausflug nach Ulcinj,FKK-Reisen ada bojana,FKK-Urlaub ulcinj,Privatni smje?taj,rezervacija smje?taja,apartmani,sobe,ku?e,odmor,sobe za odmor ulcinj,Pretra?ivanje privatnog smje?taja,rooms rent accommodation ulcinj, rentail private accommodation ulcinj,?elite rezervirati privatni smje?taj,Private accommodation,Smje?taj ulcinj,Pushime Verore ulqin,pushime t? lira n? ulqin,Pushime ne plazh,Pushime te kendshme,dhoma per pushime ulqin,dhoma me qera ulqin,dhoma te lira ulqin,pushime te lira ulqin,mali i zi,kosova,maqedoni,shqiperi,Pushime ne det te ulqinit,godi?nji odmor u ulcinj,odmor u ulcinj,Ku?a za odmor,kuda na odmor,ljetovanje u ulcinj,slobodne sobe,dhoma te lira,ku?a uz more,turisti?ka ponuda,odmor i zabava,povolne cene,sobe,usluge,Mjesto za Va? odmor , Place for Your holiday,Odmor portal,putovanaja,Iznajmljivanje soba ulcinj,odmor ulcinj info,Va?e mjesto za odmor ulcinj,nudisticka plaza ada bojana,smjestaj ponuda ulcinj,lokacioni i dhomave ulqin,deti,plazhet e bukura,diskoteka,zbavitja,.\" href=\"http:\/\/www.visit-ulcinj.com\/tourism\/\" target=\"_blank\"><img loading=\"lazy\" class=\"aligncenter\" title=\"SHPALLJE TURISTIKE FALAS,FREE TOURIST GUIDES,BESPLATNI TURISTI?KI OGLASI,balkan holiday rentals,ALBANIJA,ALBANIA,SHQIPERIJA,CRNA GORA,HRVATSKA,KROACIA,SLOVENIJA,MAKEDONIJA,MAKEDONIA,SRBIJA,MONTENEGRO,MALI I ZI,\" src=\"http:\/\/www.visit-ulcinj.com\/blog\/wp-content\/uploads\/2008\/09\/balkanholidayrentals.gif\" alt=\"Apatin,  Aran?elovac,  ?uprija,  ?a?ak,  ?apljina,  ?itluk,  ?abac,  ?ipovo,  ?iroki Brijeg,  ?ep?e,  ?ivinice,  Ba?ka Palanka,  Banja Luka,  Banovi?i,  Be?ej,  beograd,  Biha?,  Bijeljina,  Bor,  Bor?a,  Bosanska Gradi?ka,  Bosanska Krupa,  Bosanski ?amac,  Bosanski Brod,  Bosanski Novi,  Br?ko,  Bu?im,  Bugojno,  Cazin,  Crna Gora,  Derventa,  Doboj,  Donji Vakuf,  Drvar,  Dubrovnik,  Fo?a,  Fojnica,  Glamo?,  Gora?de,  Gornji Milanovac,  Gornji Vakuf,  gostivar,  Gra?anica,  Grada?ac,  Gradiska,  Grahovo,  Had?i?i,  Ilid?a,  In?ija,  Jablanica,  Jagodina,  Jajce,  Kakanj,  Kalu?erica,  Kikinda,  Klju?,  Konjic,  Kotor Varo?,  Kragujevac,  Kraljevo,  Kru?evac,  Kula,  Kupres,  Lakta?i,  Lazarevac,  Leskovac,  Livno,  Ljubinje,  ljublana,  Ljubu?ki,  Loznica,  Lukavac,  Maglaj,  Mladenovac,  Modri?a,  montenegro erlajnz,  mostar,  Mrkonji? Grad,  Neum,  Ni?,  Novi Pazar,  Novi Sad,  Novi Travnik,  Obrenovac,  Od?ak,  ohrid,  Ora?je,  Pale,  Pan?evo,  Para?in,  Pirot,  Po?arevac,  Podgorica,  Priboj,  Prijedor,  Prokuplje,  Prozor,  pula,  rijeka,  Ruma,  Sanski Most,  Sarajevo,  Senta,  serbija,  sibenik,  skopje,  Smederevo,  Smederevska Palanka,  Sokolac,  Sombor,  split,  Srebrenica,  Srebrenik,  Sremska Mitrovica,  Stolac,  Struga,  Subotica,  Temerin,  Tesli?,  tetovo,  Travnik,  Trebinje,  tuzla,  U?ice,  ulcinj,  Valjevo,  Velika Kladu?a,  Vi?egrad,  Visoko,  Vitez,  Vogo??a,  vojvodina,  Vranje,  Vr?ac,  Vrbas,  zadar,  Zagreb,  Zaje?ar,  Zavidovi?i,  Zenica,  Zrenjanin,  Zvornik,copacabana ulcinj,  h?tels,  hotel ulqin,  Kosova,  Mali i Zi,  Maqedonija,  Montenegro,  montenegro tourisme plage,  montenegro ulcinj,  Shpallje Falas,  Shpallje Falas per shitjen e shtepis se juaj,  Shpallje Falas per villat e juaj,  Shpallje Falas Real Estate,  Shpallje Falas turistike,  shqiperija,  tourisme,  Ulci?,  ulcinj,  ulqin,  ulqin hotel,  ulqini,  ulqini 2007,Ada Bojana,  Alba?czyk,  Cita di Dolcino,  Copacabana,  Czarnog?ra,  Czarnog?rzec,  Don Kichota,  Ma\u00b3a Pla?a,  Mandra,  MIGUEL DE SERVANTES,  p?\u00b3wyspy Marjan,  Pla?a Valdanos,  Rzeka Bojana,  Shas \/ ?as \/ Sva?,  Ulci?,  Ulcinjsk\u00b9 Riwier?,  Wielka Pla?a,  Wyspa Bojana,GORA,??????????,???????,??????????, ?ern? Hora,TO ULCINJ \/ ULQIN,MONTENEGRO, Czarnog?ra, Muntenegru, ????? ????, Montenegr?,villa ? louer ? ulcinj, location de vacance, location saisonni?res, louer chambres,location de vacance, Locations vacance, h?bergements vacances, locations villa, logements de vacances, location maison avec piscine, Location vacance, locations de vacance, h?bergements de vacances, location, locations entre particulier, logements vacance, vacances ? Mont?n?gro - location ? Ulcinj ,location  de bigorre,Albaniku,  Artana,  Bujanoci,  Burimi,  Dardana,  Dardan?,  De?an,  Dibra,  Drenas,  Drenasi,  Ferizaj,  Ferizaji,  Fush? Kosova,Besplatni internet oglasi,Besplatni oglasi,besplatni mali oglasi,besplatni turisti?ki oglasi,oglasi, usluge, turizam,Turisti?ke usluge,Doma?i turizam,Besplatni Oglasnik,Brzi Oglasi Besplatno,Besplatno OglasavanjeTurizam,besplatni oglasi sa slikom,Turisticki informator besplatni,li?ni-oglasi,BESPLATNI Turisticki OGLASI SA SLIKAMA,BESPLATNI Turisticki Oglasi saVideom,turisticki smestaj oglasi,Turisti?ki vodi? balkana,BESPLATNA REZERVACIJA SMESTAJA,Postavite besplatno Vas oglas,FREE TOURIST GUIDES,Izdavanje-Turizam oglasi,Balkan Turisticki vodic,shpallje turistike falas,Shpallje Falas,Shpallje falas per Komplekse Turistike,Lajmerime,Njoftime,shpallje shqip per shqiptaret ne shqiperi kosova maqedoni,mal te zi,Fush? Kosov?,  Gjakova,  Gjakov?,  Gjilan,  Gjilani,  Gostivari,  Istog,  Istog\u2022,  Ka?anik,  Ka?aniku,  Kastrioti,  K?r?ova,  Klina,  Klin?,  Kumanova,  Leposaviq,  Leskovci,  Likova,  Lipjan,  Lipjani,  Malisheva,  Malishev?,  Manastiri,  Medvegja,  Mitrovica,  Mitrovic?,  Novob?rd?,  Obiliq\u2022 Rahovec,  Ohri,  Peja,  Pej?,  Podujeva,  Podujev?,  Presheva,  Prishtina,  Prishtin?,  Prizren,  Prizreni,  Rahoveci,  Sharri,  Sharri (Kosov?),  Shkupi,  Sht?rpca,  Sht?rpc?,  Shtime,  Sk?nderaj,  Struga,  Tetova,  Theranda,  Therand?,  Triumf Riza,  Veleshta,  Viti,  Vitia,  Vushtrri,  Vushtrria,  Zubin Potok,  Zubin Potoku,  Zvecan,  Zve?ani,Struga,Gostivari,Gostivar,Ker?ova,Tirana,Durr?si,Elbasani,Shkodra,Tuzi,Vlora, Kor?a,Fieri,Berati,Lushnja ,Kavaja,Pogradeci,La?i,Gjirokastra,Patosi,Kruja,Ku?ova,Kuk?si,Lezha,Saranda,Peshkopia,Burreli,C?rriku,?orovoda,Shijaku,Librazhdi,Tepelena,Gramshi,Poli?ani,Bulqiza,P?rmeti,Fush?Kruja,Kamza,Rr?sheni,Ballshi,Mamurrasi,BajramCurri,Erseka,Peqini,Divjaka,Selenica,Bilishti,Roskoveci,Puka,Memaliaj,Rrogozhina,Ura Vajgurore,Himara,Delvina,Vora,Kopliku,Maliqi,P?rrenjasi,Kruma, Libohova,Orikumi,Fush?-Arr?za,Sh?ngjini,Rubiku,Miloti, Leskoviku,Konispoli,K?lcyra,Krasta,K?rraba,Manastiri,Hara?ina,Likova,Prilepi,Zajazi,Vrap?ishti,Bogovin?,\" width=\"520\" height=\"120\" \/><\/a><\/p>\n","protected":false},"excerpt":{"rendered":"<p>Inaugurimi i \u00e7arshis s\u00eb Ulqinit Hajdinaga: Investimet, d\u00ebshmi e qart\u00eb p\u00ebr zhvillimin e vendit Kryetari i Komun\u00ebs s\u00eb Ulqinit, G\u00ebzim Hajdinaga, b\u00ebri nj\u00eb p\u00ebrmbledhje t\u00eb nj\u00eb serie investimesh n\u00eb komunat e Ulqinit. Gjat\u00eb fjalimit t\u00eb tij\u00eb kryetari i komun\u00ebs s\u00eb Ulqinit,\u00a0 inauguroi p\u00ebrfundimin e rikonstruksionit\u00a0 t\u00eb kalldremimit t\u00eb qendr\u00ebs s\u00eb qytetit t\u00eb Ulqinit. Duke siguruar [&hellip;]<\/p>\n","protected":false},"author":1,"featured_media":0,"comment_status":"open","ping_status":"closed","sticky":false,"template":"","format":"standard","meta":{"spay_email":"","jetpack_publicize_message":"","jetpack_is_tweetstorm":false,"jetpack_publicize_feature_enabled":true},"categories":[1],"tags":[9891,222,9888,9887,9716,2515,5213,9889],"jetpack_publicize_connections":[],"yoast_head":"<!-- This site is optimized with the Yoast SEO plugin v19.1 - https:\/\/yoast.com\/wordpress\/plugins\/seo\/ -->\n<title>Video - Inaugurimi i \u00e7arshis s\u00eb Ulqinit nga G\u00ebzim Hajdinaga - Lajme nga Ulqini<\/title>\n<meta name=\"description\" content=\"Inaugurimi i \u00e7arshis s\u00eb Ulqinit Hajdinaga: Investimet, d\u00ebshmi e qart\u00eb p\u00ebr zhvillimin e vendit Kryetari i Komun\u00ebs s\u00eb Ulqinit, G\u00ebzim Hajdinaga, b\u00ebri nj\u00eb\" \/>\n<meta name=\"robots\" content=\"index, follow, max-snippet:-1, max-image-preview:large, max-video-preview:-1\" \/>\n<link rel=\"canonical\" href=\"https:\/\/www.visit-ulcinj.com\/blog\/2009\/05\/02\/hajdinaga-investimet-deshmi-e-qarte-per-zhvillimin-e-vendit\/\" \/>\n<meta property=\"og:locale\" content=\"en_US\" \/>\n<meta property=\"og:type\" content=\"article\" \/>\n<meta property=\"og:title\" content=\"Video - Inaugurimi i \u00e7arshis s\u00eb Ulqinit nga G\u00ebzim Hajdinaga - Lajme nga Ulqini\" \/>\n<meta property=\"og:description\" content=\"Inaugurimi i \u00e7arshis s\u00eb Ulqinit Hajdinaga: Investimet, d\u00ebshmi e qart\u00eb p\u00ebr zhvillimin e vendit Kryetari i Komun\u00ebs s\u00eb Ulqinit, G\u00ebzim Hajdinaga, b\u00ebri nj\u00eb\" \/>\n<meta property=\"og:url\" content=\"https:\/\/www.visit-ulcinj.com\/blog\/2009\/05\/02\/hajdinaga-investimet-deshmi-e-qarte-per-zhvillimin-e-vendit\/\" \/>\n<meta property=\"og:site_name\" content=\"Lajme nga Ulqini\" \/>\n<meta property=\"article:published_time\" content=\"2009-05-02T16:40:23+00:00\" \/>\n<meta property=\"article:modified_time\" content=\"2009-05-13T18:53:18+00:00\" \/>\n<meta property=\"og:image\" content=\"https:\/\/www.visit-ulcinj.com\/blog\/wp-content\/uploads\/2009\/05\/inaugurimi-i-kalldremimit-te-qendres-se-qytetit-te-ulqini1-150x150.jpg\" \/>\n<meta name=\"twitter:label1\" content=\"Written by\" \/>\n\t<meta name=\"twitter:data1\" content=\"ulqini\" \/>\n\t<meta name=\"twitter:label2\" content=\"Est. reading time\" \/>\n\t<meta name=\"twitter:data2\" content=\"3 minutes\" \/>\n<script type=\"application\/ld+json\" class=\"yoast-schema-graph\">{\"@context\":\"https:\/\/schema.org\",\"@graph\":[{\"@type\":\"WebSite\",\"@id\":\"https:\/\/www.visit-ulcinj.com\/blog\/#website\",\"url\":\"https:\/\/www.visit-ulcinj.com\/blog\/\",\"name\":\"Lajme nga Ulqini\",\"description\":\"Lajme,Vijesti,Ulqini,Ulqin,Crna Gora,Mali i Zi\",\"potentialAction\":[{\"@type\":\"SearchAction\",\"target\":{\"@type\":\"EntryPoint\",\"urlTemplate\":\"https:\/\/www.visit-ulcinj.com\/blog\/?s={search_term_string}\"},\"query-input\":\"required name=search_term_string\"}],\"inLanguage\":\"en-US\"},{\"@type\":\"ImageObject\",\"inLanguage\":\"en-US\",\"@id\":\"https:\/\/www.visit-ulcinj.com\/blog\/2009\/05\/02\/hajdinaga-investimet-deshmi-e-qarte-per-zhvillimin-e-vendit\/#primaryimage\",\"url\":\"https:\/\/www.visit-ulcinj.com\/blog\/wp-content\/uploads\/2009\/05\/inaugurimi-i-kalldremimit-te-qendres-se-qytetit-te-ulqini1.jpg\",\"contentUrl\":\"https:\/\/www.visit-ulcinj.com\/blog\/wp-content\/uploads\/2009\/05\/inaugurimi-i-kalldremimit-te-qendres-se-qytetit-te-ulqini1.jpg\",\"width\":\"800\",\"height\":\"533\"},{\"@type\":\"WebPage\",\"@id\":\"https:\/\/www.visit-ulcinj.com\/blog\/2009\/05\/02\/hajdinaga-investimet-deshmi-e-qarte-per-zhvillimin-e-vendit\/#webpage\",\"url\":\"https:\/\/www.visit-ulcinj.com\/blog\/2009\/05\/02\/hajdinaga-investimet-deshmi-e-qarte-per-zhvillimin-e-vendit\/\",\"name\":\"Video - Inaugurimi i \u00e7arshis s\u00eb Ulqinit nga G\u00ebzim Hajdinaga - Lajme nga Ulqini\",\"isPartOf\":{\"@id\":\"https:\/\/www.visit-ulcinj.com\/blog\/#website\"},\"primaryImageOfPage\":{\"@id\":\"https:\/\/www.visit-ulcinj.com\/blog\/2009\/05\/02\/hajdinaga-investimet-deshmi-e-qarte-per-zhvillimin-e-vendit\/#primaryimage\"},\"datePublished\":\"2009-05-02T16:40:23+00:00\",\"dateModified\":\"2009-05-13T18:53:18+00:00\",\"author\":{\"@id\":\"https:\/\/www.visit-ulcinj.com\/blog\/#\/schema\/person\/dcab619c614d3038751c63bc2aadc06d\"},\"description\":\"Inaugurimi i \u00e7arshis s\u00eb Ulqinit Hajdinaga: Investimet, d\u00ebshmi e qart\u00eb p\u00ebr zhvillimin e vendit Kryetari i Komun\u00ebs s\u00eb Ulqinit, G\u00ebzim Hajdinaga, b\u00ebri nj\u00eb\",\"breadcrumb\":{\"@id\":\"https:\/\/www.visit-ulcinj.com\/blog\/2009\/05\/02\/hajdinaga-investimet-deshmi-e-qarte-per-zhvillimin-e-vendit\/#breadcrumb\"},\"inLanguage\":\"en-US\",\"potentialAction\":[{\"@type\":\"ReadAction\",\"target\":[\"https:\/\/www.visit-ulcinj.com\/blog\/2009\/05\/02\/hajdinaga-investimet-deshmi-e-qarte-per-zhvillimin-e-vendit\/\"]}]},{\"@type\":\"BreadcrumbList\",\"@id\":\"https:\/\/www.visit-ulcinj.com\/blog\/2009\/05\/02\/hajdinaga-investimet-deshmi-e-qarte-per-zhvillimin-e-vendit\/#breadcrumb\",\"itemListElement\":[{\"@type\":\"ListItem\",\"position\":1,\"name\":\"Video &#8211; Inaugurimi i \u00e7arshis s\u00eb Ulqinit nga G\u00ebzim Hajdinaga\"}]},{\"@type\":\"Person\",\"@id\":\"https:\/\/www.visit-ulcinj.com\/blog\/#\/schema\/person\/dcab619c614d3038751c63bc2aadc06d\",\"name\":\"ulqini\",\"sameAs\":[\"http:\/\/www.visit-ulcinj.com\"],\"url\":\"https:\/\/www.visit-ulcinj.com\/blog\/author\/admin\/\"}]}<\/script>\n<!-- \/ Yoast SEO plugin. -->","yoast_head_json":{"title":"Video - Inaugurimi i \u00e7arshis s\u00eb Ulqinit nga G\u00ebzim Hajdinaga - Lajme nga Ulqini","description":"Inaugurimi i \u00e7arshis s\u00eb Ulqinit Hajdinaga: Investimet, d\u00ebshmi e qart\u00eb p\u00ebr zhvillimin e vendit Kryetari i Komun\u00ebs s\u00eb Ulqinit, G\u00ebzim Hajdinaga, b\u00ebri nj\u00eb","robots":{"index":"index","follow":"follow","max-snippet":"max-snippet:-1","max-image-preview":"max-image-preview:large","max-video-preview":"max-video-preview:-1"},"canonical":"https:\/\/www.visit-ulcinj.com\/blog\/2009\/05\/02\/hajdinaga-investimet-deshmi-e-qarte-per-zhvillimin-e-vendit\/","og_locale":"en_US","og_type":"article","og_title":"Video - Inaugurimi i \u00e7arshis s\u00eb Ulqinit nga G\u00ebzim Hajdinaga - Lajme nga Ulqini","og_description":"Inaugurimi i \u00e7arshis s\u00eb Ulqinit Hajdinaga: Investimet, d\u00ebshmi e qart\u00eb p\u00ebr zhvillimin e vendit Kryetari i Komun\u00ebs s\u00eb Ulqinit, G\u00ebzim Hajdinaga, b\u00ebri nj\u00eb","og_url":"https:\/\/www.visit-ulcinj.com\/blog\/2009\/05\/02\/hajdinaga-investimet-deshmi-e-qarte-per-zhvillimin-e-vendit\/","og_site_name":"Lajme nga Ulqini","article_published_time":"2009-05-02T16:40:23+00:00","article_modified_time":"2009-05-13T18:53:18+00:00","og_image":[{"url":"https:\/\/www.visit-ulcinj.com\/blog\/wp-content\/uploads\/2009\/05\/inaugurimi-i-kalldremimit-te-qendres-se-qytetit-te-ulqini1-150x150.jpg"}],"twitter_misc":{"Written by":"ulqini","Est. reading time":"3 minutes"},"schema":{"@context":"https:\/\/schema.org","@graph":[{"@type":"WebSite","@id":"https:\/\/www.visit-ulcinj.com\/blog\/#website","url":"https:\/\/www.visit-ulcinj.com\/blog\/","name":"Lajme nga Ulqini","description":"Lajme,Vijesti,Ulqini,Ulqin,Crna Gora,Mali i Zi","potentialAction":[{"@type":"SearchAction","target":{"@type":"EntryPoint","urlTemplate":"https:\/\/www.visit-ulcinj.com\/blog\/?s={search_term_string}"},"query-input":"required name=search_term_string"}],"inLanguage":"en-US"},{"@type":"ImageObject","inLanguage":"en-US","@id":"https:\/\/www.visit-ulcinj.com\/blog\/2009\/05\/02\/hajdinaga-investimet-deshmi-e-qarte-per-zhvillimin-e-vendit\/#primaryimage","url":"https:\/\/www.visit-ulcinj.com\/blog\/wp-content\/uploads\/2009\/05\/inaugurimi-i-kalldremimit-te-qendres-se-qytetit-te-ulqini1.jpg","contentUrl":"https:\/\/www.visit-ulcinj.com\/blog\/wp-content\/uploads\/2009\/05\/inaugurimi-i-kalldremimit-te-qendres-se-qytetit-te-ulqini1.jpg","width":"800","height":"533"},{"@type":"WebPage","@id":"https:\/\/www.visit-ulcinj.com\/blog\/2009\/05\/02\/hajdinaga-investimet-deshmi-e-qarte-per-zhvillimin-e-vendit\/#webpage","url":"https:\/\/www.visit-ulcinj.com\/blog\/2009\/05\/02\/hajdinaga-investimet-deshmi-e-qarte-per-zhvillimin-e-vendit\/","name":"Video - Inaugurimi i \u00e7arshis s\u00eb Ulqinit nga G\u00ebzim Hajdinaga - Lajme nga Ulqini","isPartOf":{"@id":"https:\/\/www.visit-ulcinj.com\/blog\/#website"},"primaryImageOfPage":{"@id":"https:\/\/www.visit-ulcinj.com\/blog\/2009\/05\/02\/hajdinaga-investimet-deshmi-e-qarte-per-zhvillimin-e-vendit\/#primaryimage"},"datePublished":"2009-05-02T16:40:23+00:00","dateModified":"2009-05-13T18:53:18+00:00","author":{"@id":"https:\/\/www.visit-ulcinj.com\/blog\/#\/schema\/person\/dcab619c614d3038751c63bc2aadc06d"},"description":"Inaugurimi i \u00e7arshis s\u00eb Ulqinit Hajdinaga: Investimet, d\u00ebshmi e qart\u00eb p\u00ebr zhvillimin e vendit Kryetari i Komun\u00ebs s\u00eb Ulqinit, G\u00ebzim Hajdinaga, b\u00ebri nj\u00eb","breadcrumb":{"@id":"https:\/\/www.visit-ulcinj.com\/blog\/2009\/05\/02\/hajdinaga-investimet-deshmi-e-qarte-per-zhvillimin-e-vendit\/#breadcrumb"},"inLanguage":"en-US","potentialAction":[{"@type":"ReadAction","target":["https:\/\/www.visit-ulcinj.com\/blog\/2009\/05\/02\/hajdinaga-investimet-deshmi-e-qarte-per-zhvillimin-e-vendit\/"]}]},{"@type":"BreadcrumbList","@id":"https:\/\/www.visit-ulcinj.com\/blog\/2009\/05\/02\/hajdinaga-investimet-deshmi-e-qarte-per-zhvillimin-e-vendit\/#breadcrumb","itemListElement":[{"@type":"ListItem","position":1,"name":"Video &#8211; Inaugurimi i \u00e7arshis s\u00eb Ulqinit nga G\u00ebzim Hajdinaga"}]},{"@type":"Person","@id":"https:\/\/www.visit-ulcinj.com\/blog\/#\/schema\/person\/dcab619c614d3038751c63bc2aadc06d","name":"ulqini","sameAs":["http:\/\/www.visit-ulcinj.com"],"url":"https:\/\/www.visit-ulcinj.com\/blog\/author\/admin\/"}]}},"jetpack_featured_media_url":"","jetpack_sharing_enabled":true,"jetpack_shortlink":"https:\/\/wp.me\/pe6lTn-5aJ","_links":{"self":[{"href":"https:\/\/www.visit-ulcinj.com\/blog\/wp-json\/wp\/v2\/posts\/19885"}],"collection":[{"href":"https:\/\/www.visit-ulcinj.com\/blog\/wp-json\/wp\/v2\/posts"}],"about":[{"href":"https:\/\/www.visit-ulcinj.com\/blog\/wp-json\/wp\/v2\/types\/post"}],"author":[{"embeddable":true,"href":"https:\/\/www.visit-ulcinj.com\/blog\/wp-json\/wp\/v2\/users\/1"}],"replies":[{"embeddable":true,"href":"https:\/\/www.visit-ulcinj.com\/blog\/wp-json\/wp\/v2\/comments?post=19885"}],"version-history":[{"count":0,"href":"https:\/\/www.visit-ulcinj.com\/blog\/wp-json\/wp\/v2\/posts\/19885\/revisions"}],"wp:attachment":[{"href":"https:\/\/www.visit-ulcinj.com\/blog\/wp-json\/wp\/v2\/media?parent=19885"}],"wp:term":[{"taxonomy":"category","embeddable":true,"href":"https:\/\/www.visit-ulcinj.com\/blog\/wp-json\/wp\/v2\/categories?post=19885"},{"taxonomy":"post_tag","embeddable":true,"href":"https:\/\/www.visit-ulcinj.com\/blog\/wp-json\/wp\/v2\/tags?post=19885"}],"curies":[{"name":"wp","href":"https:\/\/api.w.org\/{rel}","templated":true}]}}