{"id":19887,"date":"2009-05-02T18:33:55","date_gmt":"2009-05-02T16:33:55","guid":{"rendered":"http:\/\/www.visit-ulcinj.com\/blog\/?p=19887"},"modified":"2009-05-02T18:33:55","modified_gmt":"2009-05-02T16:33:55","slug":"nusja-e-qetsorit-s%e2%80%99jam-xheloze-ia-njoh-shijet","status":"publish","type":"post","link":"https:\/\/www.visit-ulcinj.com\/blog\/2009\/05\/02\/nusja-e-qetsorit-s%e2%80%99jam-xheloze-ia-njoh-shijet\/","title":{"rendered":"Nusja e Qetsorit : S\u2019jam xheloze, ia njoh shijet"},"content":{"rendered":"<p><a href=\"http:\/\/www.visit-ulcinj.com\/blog\/big-brother-albania-2\/\"><img loading=\"lazy\" class=\"alignleft size-full wp-image-19886\" title=\"nusja-e-qetsorit-big-brother-albania-2\" src=\"http:\/\/www.visit-ulcinj.com\/blog\/wp-content\/uploads\/2009\/05\/nusja-e-qetsorit.jpg\" alt=\"nusja-e-qetsorit-big-brother-albania-2\" width=\"585\" height=\"400\" \/><\/a><\/p>\n<p>Liljana \u00ebsht\u00eb 29 vje\u00e7. Dje, pra m\u00eb 1 maj, ishte dat\u00eblindja e saj. Punon kontrollore n\u00eb paraburgimin e Vlor\u00ebs. T\u00eb birit dy vje\u00e7, i kan\u00eb vendosur emrin e babait t\u00eb Qet\u00ebsorit (q\u00eb nuk jeton m\u00eb), nd\u00ebrsa pret nj\u00eb vajz\u00eb dhe \u00ebsht\u00eb n\u00eb muajin e kat\u00ebrt t\u00eb shtatz\u00ebnis\u00eb.<\/p>\n<p>N\u00eb paraburgimin e Vlor\u00ebs, sapo pyet p\u00ebrmes port\u00ebs prej hekuri p\u00ebr t\u00eb, e identifikojn\u00eb menj\u00ebher\u00eb, duke p\u00ebrdorur emrin e Qet\u00ebsorit. \u201cAh, k\u00ebrkoni t\u00eb shoqen e Qet\u00ebsorit? Por, a do t\u00eb fitoj\u00eb ai? Pyetja kthehet n\u00eb<strong>debat<\/strong>\u00a0nd\u00ebrmjet bluve roje, nd\u00ebrsa na ndihmojn\u00eb p\u00ebr nj\u00eb num\u00ebr kontakti.<br \/>\nLiljana na l\u00eb takim pasdite n\u00eb nj\u00eb nga baret e qytetit, nd\u00ebrsa shoq\u00ebruesi me sy boj\u00ebqielli, i veshur t\u00ebr\u00ebsisht me xhins, \u00ebsht\u00eb djali dy vje\u00e7. Merko, ose si i th\u00ebrrasin shkurt, Eri. Ajo q\u00eb spikat n\u00eb fillimin e bised\u00ebs, \u00ebsht\u00eb se Liljana jeton ende me emocionet e takimit me t\u00eb shoqin n\u00eb sht\u00ebpin\u00eb e BB-s\u00eb, kur i ka treguar p\u00ebr vajz\u00ebn e tyre q\u00eb, p\u00ebr pak muaj, do t\u00eb vij\u00eb n\u00eb jet\u00eb. Sot dita p\u00ebrkon me dat\u00eblindjen e saj dhe si p\u00ebr t\u00eb ndar\u00eb k\u00ebto momente me t\u00eb shoqin, pranon menj\u00ebher\u00eb q\u00eb biseda t\u00eb lakohet rreth tij.<\/p>\n<p><strong>\u00c7far\u00eb ju b\u00ebn m\u00eb tep\u00ebr p\u00ebshtypje k\u00ebto jav\u00eb drejt fundit t\u00eb \u201cBig Brother\u201d-it?\u00a0<\/strong><br \/>\nNdoshta Qet\u00ebsori \u00ebsht\u00eb b\u00ebr\u00eb m\u00eb i ndjesh\u00ebm, pasi me \u00e7unin ka nj\u00eb lidhje t\u00eb ve\u00e7ant\u00eb. M\u00eb i t\u00ebrhequr ndaj ngacmimeve q\u00eb ka patur n\u00eb fillim, por gjithsesi, alegrin\u00eb dhe humorin nuk e ka ndar\u00eb n\u00eb asnj\u00eb moment.<\/p>\n<p><strong>Do t\u00eb ve\u00e7oje ndonj\u00eb episod?\u00a0<\/strong><br \/>\nNormalisht tani po vjen finalja dhe secili po tregon m\u00eb tep\u00ebr vlerat e veta. Duan t\u00eb hyjn\u00eb n\u00eb\u00a0<strong>debat<\/strong>e, por\u00a0<strong>Sori<\/strong>\u00a0k\u00ebto i ka pasur q\u00eb n\u00eb fillim. Ndoshta t\u00eb tjer\u00ebt tani kan\u00eb nisur t\u00eb aktivizohen m\u00eb shum\u00eb. Si\u00e7 e ka th\u00ebn\u00eb dhe\u00a0<strong>Sori<\/strong>, e ka filluar shpejt\u00ebsin\u00eb e maraton\u00ebs me 20 km n\u00eb or\u00eb. Pra, \u00ebsht\u00eb si\u00e7 ka qen\u00eb dhe n\u00eb fillim, nd\u00ebrsa t\u00eb tjer\u00ebt po nxjerrin gj\u00ebra t\u00eb tjera. Po t\u00eb shikosh, p.sh.,\u00a0<strong>Adi<\/strong>n, ai n\u00eb fillim ka qen\u00eb m\u00eb i qet\u00eb, nd\u00ebrsa tani duket m\u00eb luftarak, m\u00eb ngacmues.<\/p>\n<p><strong>P\u00ebrsa i p\u00ebrket nominimit\u00a0<strong>Adi<\/strong>-Qet\u00ebsor, \u00e7far\u00eb mund t\u00eb na thuash?<\/strong><br \/>\nThjesht nj\u00eb \u00e7\u00ebshtje \u201cinati\u201d pse u thye nj\u00eb pakt. Ndoshta tani po i b\u00ebhen n\u00eb t\u00eb nj\u00ebjt\u00ebn m\u00ebnyr\u00eb. K\u00ebt\u00eb her\u00eb ishte\u00a0<strong>Lirita<\/strong>. T\u00eb pakt\u00ebn, te nominimet q\u00eb b\u00ebn\u00a0<strong>Sori<\/strong>, m\u00eb duken me baz\u00eb, ka dhe argumente p\u00ebr to, nd\u00ebrsa nominimet q\u00eb i b\u00ebjn\u00eb Qet\u00ebsorit, n\u00eb nj\u00ebfar\u00eb m\u00ebnyre, i ngren\u00eb dhe vlerat. E cil\u00ebsojn\u00eb kandidat t\u00eb fort\u00eb.<br \/>\n<strong>Sori<\/strong>\u00a0me\u00a0<strong>Adi<\/strong>n nuk kan\u00eb asgj\u00eb personale. Madje ia ka th\u00ebn\u00eb k\u00ebt\u00eb. Edhe p\u00ebrsa u p\u00ebrket nominimeve,<strong>Adi<\/strong>\u00a0e ka nominuar shum\u00eb m\u00eb tep\u00ebr. Ndoshta e shikon me frik\u00eb\u2026<\/p>\n<p><strong><strong>Sori<\/strong>\u00a0ndihet apo jo vet\u00ebm, tani q\u00eb \u00ebsht\u00eb pa aleat\u00eb?\u00a0<\/strong><br \/>\nAbsolutisht jo!\u00a0<strong>Sori<\/strong>\u00a0\u00ebsht\u00eb si m\u00eb par\u00eb. Asnj\u00ebher\u00eb nuk trembet nga t\u00eb till\u00eb faktor\u00eb. \u00cbsht\u00eb folur pak nga banor\u00ebt kjo, por nuk \u00ebsht\u00eb aspak e v\u00ebrtet\u00eb.\u00a0<strong>Sori<\/strong>\u00a0nuk \u00ebsht\u00eb tipi q\u00eb do t\u00eb ndihej vet\u00ebm.<\/p>\n<p><strong>\u00c7far\u00eb do t\u2019i ve\u00e7onit\u00a0<strong>Sori<\/strong>t nga banor\u00ebt e tjer\u00eb?\u00a0<\/strong><br \/>\nI kap mir\u00eb situatat, \u00ebsht\u00eb studiues i t\u00eb t\u00ebra gj\u00ebrave, inteligjent, studion goxha mir\u00eb situatat, ngjarjet, nuk i shp\u00ebton gj\u00eb. \u00c7do gj\u00eb e b\u00ebn t\u00eb mir\u00ebllogaritur, n\u00eb vendimet q\u00eb merr \u00ebsht\u00eb i prer\u00eb, i sakt\u00eb. Nuk ka frik\u00eb nga opinioni i t\u00eb tjer\u00ebve. T\u00eb pakt\u00ebn, me syrin tim, kam v\u00ebrejtur se t\u00eb tjer\u00ebt kan\u00eb frik\u00eb nga\u00a0<strong>debat<\/strong>et, mundohen t\u00eb sillen mir\u00eb, nd\u00ebrsa\u00a0<strong>Sori<\/strong>\u00a0nuk ka frik\u00eb nga\u00a0<strong>debat<\/strong>i.<\/p>\n<p><strong>Sa ndihet mungesa e\u00a0<strong>Sori<\/strong>t n\u00eb familje?\u00a0<\/strong><br \/>\nDita b\u00ebhet monotone. \u00c7do gj\u00eb e qet\u00eb, nd\u00ebrsa me\u00a0<strong>Sori<\/strong>n ke t\u00eb papritura n\u00eb \u00e7do minut\u00eb. E para,\u00a0<strong>Sori<\/strong>ka shum\u00eb ide. \u00c7do dit\u00eb do t\u00eb t\u00eb jap\u00eb ndonj\u00eb ide t\u00eb re. I p\u00eblqen ndryshimet. Nuk kan\u00eb munguar as propozimet p\u00ebr plane t\u00eb pritshme p\u00ebr jet\u00ebn ton\u00eb (p\u00ebr t\u00eb cilat ajo nuk jep detaje). Ai do t\u00eb eksploroj\u00eb, do nj\u00eb familje t\u00eb madhe. Po ta krahasosh me tipin tim, jemi pak t\u00eb ndrysh\u00ebm n\u00eb k\u00ebt\u00eb. Un\u00eb jam e qet\u00eb, dua nj\u00eb jet\u00eb t\u00eb mbyllur,\u00a0<strong>Sori<\/strong>\u00a0do shum\u00eb m\u00eb tep\u00ebr. Adhuron shum\u00eb natyr\u00ebn, adhuron gj\u00ebrat e b\u00ebra me dor\u00eb. Sht\u00ebpin\u00eb e do larg zhurmave t\u00eb qytetit. Madje ka ideuar dhe skicat si do e kemi n\u00eb t\u00eb ardhmen.<\/p>\n<p><strong>Thon\u00eb se \u201cdashuria kalon n\u00ebp\u00ebrmjet stomakut\u201d. Vlen shprehja, kur\u00a0<strong>Sori<\/strong>\u00a0di t\u00eb gatuaj\u00eb mir\u00eb?\u00a0<\/strong><br \/>\nAjo q\u00eb m\u00eb duhet t\u00eb evidentoj, duke e l\u00ebn\u00eb paksa m\u00ebnjan\u00eb shprehjen, \u00ebsht\u00eb ndryshimi. Un\u00eb dua shum\u00eb gj\u00ebra ndonj\u00ebher\u00eb p\u00ebr t\u00eb gatuar di\u00e7ka, ai ia arrin dhe me pak gj\u00ebra. Kur kemi dat\u00eblindje, fejesa, gj\u00ebra t\u00eb tilla, \u00ebsht\u00eb\u00a0<strong>Sori<\/strong>\u00a0q\u00eb kujdeset. N\u00eb dit\u00eb t\u00eb zakonshme, ndodh q\u00eb gatuaj un\u00eb, pasi\u00a0<strong>Sori<\/strong>t i duhet t\u00eb merret me pun\u00eb. Por duhet ta pranoj,\u00a0<strong>Sori<\/strong>\u00a0gatuan shum\u00eb m\u00eb mir\u00eb.<\/p>\n<p><strong>Mund ta p\u00ebrdor shprehjen \u201cdashuri\u201d n\u00eb njohjen tuaj?\u00a0<\/strong><br \/>\nNjohja? Mund ta quaj histori paksa t\u00eb \u00e7uditshme. At\u00ebher\u00eb isha studente dhe po kaloja me shoqet para universitetit. Ai ishte me kush\u00ebrir\u00ebn e vet. Nuk e kisha par\u00eb asnj\u00ebher\u00eb. As ai mua. P\u00ebrnj\u00ebher\u00ebsh tha: \u201cMe k\u00ebt\u00eb vajz\u00ebn dua t\u00eb martohem\u201d. Un\u00eb nuk e ktheva as kok\u00ebn. Mendova si\u00e7 e kan\u00eb \u00e7unat q\u00eb duan t\u00eb t\u00ebrheqin v\u00ebmendjen. Rast\u00ebsia e solli q\u00eb vajza e daj\u00ebs s\u00eb\u00a0<strong>Sori<\/strong>t t\u00eb ishte n\u00eb nj\u00eb klas\u00eb me mua. Ajo pruri nj\u00eb foto t\u00eb nj\u00eb dasme. Aty kishte shum\u00eb njer\u00ebz, por mua m\u00eb vajt\u00ebn syt\u00eb te\u00a0<strong>Sori<\/strong>. \u201cPo ky \u00e7uni? \u00cbsht\u00eb djali i hall\u00ebs sime, &#8211; vjen p\u00ebrgjigja. &#8211; Sa simpatik, &#8211; i thash\u00eb dhe ndoshta k\u00ebtu nisi pika e lidhjes. Un\u00eb isha paksa e ndrojtur, por m\u00eb doli instinktive shprehja.\u00a0<strong>Sori<\/strong>\u00a0n\u00eb k\u00ebt\u00eb koh\u00eb ishte student n\u00eb Itali, vazhdonte vitin e dyt\u00eb p\u00ebr filozofi dhe vinte kur kishte pushime. U prezantuam. P\u00ebrshtypja e par\u00eb p\u00ebr\u00a0<strong>Sori<\/strong>n nuk ishte kushedi se \u00e7far\u00eb. Ai kishte nj\u00eb v\u00ebth n\u00eb vesh, nj\u00eb shenj\u00eb n\u00eb ball\u00eb, dhe as ma mbushi syrin, dukej shum\u00eb i eg\u00ebr. Por ishte alegro, djal\u00eb i shkath\u00ebt, pa emocione. Un\u00eb emocione kisha, t\u00eb them t\u00eb drejt\u00ebn. P\u00ebrshtypja e par\u00eb shpejt u shua dhe u lidh\u00ebm. Pas 6 muajsh u fejuam. Ndenj\u00ebm dy vjet fejuar dhe pastaj u martuam.<\/p>\n<p><strong>Jeni ndier ndonj\u00ebher\u00eb xheloze n\u00eb dit\u00ebt kur Qet\u00ebsori \u00ebsht\u00eb brenda sht\u00ebpis\u00eb?\u00a0<\/strong><br \/>\nXheloze? Jo fare. Di q\u00eb \u00ebsht\u00eb besnik. E njoh mir\u00eb, por njoh pak a shum\u00eb dhe shijet e tij. Nuk ka asnj\u00eb shkas deri tani t\u00eb ndihem xheloze. As n\u00eb jet\u00ebn e p\u00ebrditshme nuk ndihem xheloze. \u00cbsht\u00eb nj\u00eb tip i sinqert\u00eb. P\u00ebr at\u00eb q\u00eb ka, ma thot\u00eb. Megjithat\u00eb, ai ka krijuar relata t\u00eb v\u00ebrteta miq\u00ebsie me t\u00eb gjith\u00eb, madje edhe me gocat. Nj\u00eb familjar i v\u00ebrtet\u00eb. Ndoshta po t\u00eb ishte ndonj\u00eb nga vajzat provokuese, ndoshta\u2026, por nuk e them dot n\u00eb k\u00ebto kushte, kur gocat aty jan\u00eb goxha t\u00eb mira.<\/p>\n<p><strong>P\u00ebr ju u p\u00ebrdor nj\u00eb shprehje, q\u00eb indinjoi n\u00ebn\u00ebn e Qet\u00ebsorit\u2026<\/strong><br \/>\nIshte nj\u00eb shprehje jasht\u00ebzakonisht shum\u00eb e ul\u00ebt, q\u00eb nuk p\u00ebrdoret p\u00ebr asnj\u00eb. S\u2019e prisja nga Eltoni q\u00eb mbahej si intelektual. Normal q\u00eb m\u00eb preku pak si shprehje. Edhe at\u00eb vet\u00eb, n\u00ebna e vet e ka b\u00ebr\u00eb. Pa p\u00ebrdorur shprehjen e tij\u2026 Ndoshta edhe publiku e vler\u00ebsoi\u2026.<\/p>\n<p><strong>Jav\u00ebt e fundit si po p\u00ebrjetohen?\u00a0<\/strong><br \/>\nPadyshim q\u00eb e p\u00ebrjetojm\u00eb \u00e7do moment t\u00eb tij. Kemi emocione. Fitorja \u00ebsht\u00eb gj\u00eb e madhe, por do doja q\u00eb Qet\u00ebsori t\u00eb mos ndryshonte asgj\u00eb. \u00cbsht\u00eb shum\u00eb mir\u00eb k\u00ebshtu si po ec\u00ebn.<br \/>\nShum\u00eb i ndjekur \u00ebsht\u00eb edhe aty ku punoj, n\u00eb paraburgimin e Vlor\u00ebs. Edhe familjar\u00ebt e t\u00eb burgosurve q\u00eb vijn\u00eb t\u00eb takojn\u00eb t\u00eb af\u00ebrmit, nuk harrojn\u00eb t\u00eb b\u00ebjn\u00eb komente p\u00ebr t\u00eb. N\u00ebse vler\u00ebsohet sinqeriteti, loja e past\u00ebr, them se duhet t\u00eb fitoj\u00eb.<\/p>\n<p><strong>Di\u00e7ka p\u00ebr banor\u00ebt e tjer\u00eb\u2026\u00a0<\/strong><br \/>\n<strong>Adela<\/strong>jda me\u00a0<strong>Bjordi<\/strong>n\u2026 lidhja e tyre qe disi e sforcuar nga ana e\u00a0<strong>Adela<\/strong>jd\u00ebs dhe u rrit paksa si lidhje p\u00ebr \u00e7mimin final. Gjithsesi, duhet t\u00eb ket\u00eb nj\u00eb ndjenj\u00eb.<br \/>\n<strong>Bjordi<\/strong>, i vog\u00ebl, por goxha i zgjuar.<br \/>\n<strong>Adela<\/strong>jda, sado q\u00eb \u00ebsht\u00eb m\u00ebsuese, por prap\u00eb n\u00eb bot\u00ebn e saj ndikohet nga mentaliteti.<br \/>\nPo ta shikosh at\u00eb,\u00a0<strong>Bjordi<\/strong>\u00a0e ka ndihmuar dhe plot\u00ebsuar goxha. Mendoj se pa t\u00eb,\u00a0<strong>Adela<\/strong>jda do kishte dal\u00eb nga sht\u00ebpia.<\/p>\n<p><strong>Adi<\/strong>\u00a0thot\u00eb q\u00eb loz drejt, por mendoj se luan paksa pas shpine.<\/p>\n<p><strong>Anjeza<\/strong>, goc\u00eb simpatike, e qet\u00eb, pa komplekse. Shkonte me\u00a0<strong>Arjoni<\/strong>n, do m\u00eb p\u00eblqente t\u2019i shikoja bashk\u00eb ende. E shoh nj\u00eb vajz\u00eb t\u00eb thjesht\u00eb e pa komplekse. Pozitive.<\/p>\n<p><strong>Moza<\/strong>, habitem shum\u00eb q\u00eb po reziston akoma, pasi nuk \u00ebsht\u00eb aktive, as n\u00eb\u00a0<strong>debat<\/strong>, as n\u00eb sht\u00ebpi. Pasqyron vet\u00ebm nj\u00eb fem\u00ebr t\u00eb bukur, por pasive.<\/p>\n<p><strong>Juna<\/strong>, u shfaq person me shum\u00eb vlera, e fort\u00eb, me kultur\u00eb dhe u mendua se \u00e7\u2019do b\u00ebnte.\u00a0<strong>Tani<\/strong>\u00a0e shikoj jo si nj\u00eb rivale p\u00ebr\u00a0<strong>Sori<\/strong>n.<\/p>\n<p><strong>Arjani<\/strong>, inteligjent, me eksperienc\u00eb jete. Ka lexuar shum\u00eb. \u00cbsht\u00eb rival n\u00eb inteligjenc\u00eb, por i mungon humori. Kjo e fundit e b\u00ebn\u00a0<strong>Sori<\/strong>n, ndoshta dhe t\u00eb dalluesh\u00ebm nga t\u00eb tjer\u00ebt.<\/p>\n<p>Gazeta Shekulli<\/p>\n","protected":false},"excerpt":{"rendered":"<p>Liljana \u00ebsht\u00eb 29 vje\u00e7. Dje, pra m\u00eb 1 maj, ishte dat\u00eblindja e saj. Punon kontrollore n\u00eb paraburgimin e Vlor\u00ebs. T\u00eb birit dy vje\u00e7, i kan\u00eb vendosur emrin e babait t\u00eb Qet\u00ebsorit (q\u00eb nuk jeton m\u00eb), nd\u00ebrsa pret nj\u00eb vajz\u00eb dhe \u00ebsht\u00eb n\u00eb muajin e kat\u00ebrt t\u00eb shtatz\u00ebnis\u00eb. N\u00eb paraburgimin e Vlor\u00ebs, sapo pyet p\u00ebrmes port\u00ebs [&hellip;]<\/p>\n","protected":false},"author":1,"featured_media":0,"comment_status":"open","ping_status":"closed","sticky":false,"template":"","format":"standard","meta":{"spay_email":"","jetpack_publicize_message":"","jetpack_is_tweetstorm":false,"jetpack_publicize_feature_enabled":true},"categories":[6502],"tags":[6529,6537,8289,5014,6520,5057,6506,6516,6712,7129,6521,9885,9884,7364,9886,9883,6751,8276,6891,6693,6887,4243],"jetpack_publicize_connections":[],"yoast_head":"<!-- This site is optimized with the Yoast SEO plugin v19.1 - https:\/\/yoast.com\/wordpress\/plugins\/seo\/ -->\n<title>Nusja e Qetsorit : S\u00e2\u20ac\u2122jam xheloze, ia njoh shijet | Big Brother Albania 2<\/title>\n<meta name=\"description\" content=\"Big Brother Albania 2 - Liljana \u00c3\u00absht\u00c3\u00ab 29 vje\u00c3\u00a7. Dje, pra m\u00c3\u00ab 1 maj, ishte dat\u00c3\u00ablindja e saj. Punon kontrollore n\u00c3\u00ab paraburgimin e Vlor\u00c3\u00abs. T\u00c3\u00ab birit dy vje\u00c3\u00a7, i kan\u00c3\u00ab vendosur emrin e babait t\u00c3\u00ab Qet\u00c3\u00absorit (q\u00c3\u00ab nuk jeton m\u00c3\u00ab), nd\u00c3\u00abrsa pret nj\u00c3\u00ab vajz\u00c3\u00ab dhe \u00c3\u00absht\u00c3\u00ab n\u00c3\u00ab muajin e kat\u00c3\u00abrt t\u00c3\u00ab shtatz\u00c3\u00abnis\u00c3\u00ab.\" \/>\n<meta name=\"robots\" content=\"index, follow, max-snippet:-1, max-image-preview:large, max-video-preview:-1\" \/>\n<link rel=\"canonical\" href=\"https:\/\/www.visit-ulcinj.com\/blog\/2009\/05\/02\/nusja-e-qetsorit-s\u2019jam-xheloze-ia-njoh-shijet\/\" \/>\n<meta property=\"og:locale\" content=\"en_US\" \/>\n<meta property=\"og:type\" content=\"article\" \/>\n<meta property=\"og:title\" content=\"Nusja e Qetsorit : S\u00e2\u20ac\u2122jam xheloze, ia njoh shijet | Big Brother Albania 2\" \/>\n<meta property=\"og:description\" content=\"Big Brother Albania 2 - Liljana \u00c3\u00absht\u00c3\u00ab 29 vje\u00c3\u00a7. Dje, pra m\u00c3\u00ab 1 maj, ishte dat\u00c3\u00ablindja e saj. Punon kontrollore n\u00c3\u00ab paraburgimin e Vlor\u00c3\u00abs. T\u00c3\u00ab birit dy vje\u00c3\u00a7, i kan\u00c3\u00ab vendosur emrin e babait t\u00c3\u00ab Qet\u00c3\u00absorit (q\u00c3\u00ab nuk jeton m\u00c3\u00ab), nd\u00c3\u00abrsa pret nj\u00c3\u00ab vajz\u00c3\u00ab dhe \u00c3\u00absht\u00c3\u00ab n\u00c3\u00ab muajin e kat\u00c3\u00abrt t\u00c3\u00ab shtatz\u00c3\u00abnis\u00c3\u00ab.\" \/>\n<meta property=\"og:url\" content=\"https:\/\/www.visit-ulcinj.com\/blog\/2009\/05\/02\/nusja-e-qetsorit-s\u2019jam-xheloze-ia-njoh-shijet\/\" \/>\n<meta property=\"og:site_name\" content=\"Lajme nga Ulqini\" \/>\n<meta property=\"article:published_time\" content=\"2009-05-02T16:33:55+00:00\" \/>\n<meta property=\"og:image\" content=\"http:\/\/www.visit-ulcinj.com\/blog\/wp-content\/uploads\/2009\/05\/nusja-e-qetsorit.jpg\" \/>\n<meta name=\"twitter:label1\" content=\"Written by\" \/>\n\t<meta name=\"twitter:data1\" content=\"ulqini\" \/>\n\t<meta name=\"twitter:label2\" content=\"Est. reading time\" \/>\n\t<meta name=\"twitter:data2\" content=\"8 minutes\" \/>\n<script type=\"application\/ld+json\" class=\"yoast-schema-graph\">{\"@context\":\"https:\/\/schema.org\",\"@graph\":[{\"@type\":\"WebSite\",\"@id\":\"https:\/\/www.visit-ulcinj.com\/blog\/#website\",\"url\":\"https:\/\/www.visit-ulcinj.com\/blog\/\",\"name\":\"Lajme nga Ulqini\",\"description\":\"Lajme,Vijesti,Ulqini,Ulqin,Crna Gora,Mali i Zi\",\"potentialAction\":[{\"@type\":\"SearchAction\",\"target\":{\"@type\":\"EntryPoint\",\"urlTemplate\":\"https:\/\/www.visit-ulcinj.com\/blog\/?s={search_term_string}\"},\"query-input\":\"required name=search_term_string\"}],\"inLanguage\":\"en-US\"},{\"@type\":\"ImageObject\",\"inLanguage\":\"en-US\",\"@id\":\"https:\/\/www.visit-ulcinj.com\/blog\/2009\/05\/02\/nusja-e-qetsorit-s%e2%80%99jam-xheloze-ia-njoh-shijet\/#primaryimage\",\"url\":\"http:\/\/www.visit-ulcinj.com\/blog\/wp-content\/uploads\/2009\/05\/nusja-e-qetsorit.jpg\",\"contentUrl\":\"http:\/\/www.visit-ulcinj.com\/blog\/wp-content\/uploads\/2009\/05\/nusja-e-qetsorit.jpg\"},{\"@type\":\"WebPage\",\"@id\":\"https:\/\/www.visit-ulcinj.com\/blog\/2009\/05\/02\/nusja-e-qetsorit-s%e2%80%99jam-xheloze-ia-njoh-shijet\/#webpage\",\"url\":\"https:\/\/www.visit-ulcinj.com\/blog\/2009\/05\/02\/nusja-e-qetsorit-s%e2%80%99jam-xheloze-ia-njoh-shijet\/\",\"name\":\"Nusja e Qetsorit : S\u00e2\u20ac\u2122jam xheloze, ia njoh shijet | Big Brother Albania 2\",\"isPartOf\":{\"@id\":\"https:\/\/www.visit-ulcinj.com\/blog\/#website\"},\"primaryImageOfPage\":{\"@id\":\"https:\/\/www.visit-ulcinj.com\/blog\/2009\/05\/02\/nusja-e-qetsorit-s%e2%80%99jam-xheloze-ia-njoh-shijet\/#primaryimage\"},\"datePublished\":\"2009-05-02T16:33:55+00:00\",\"dateModified\":\"2009-05-02T16:33:55+00:00\",\"author\":{\"@id\":\"https:\/\/www.visit-ulcinj.com\/blog\/#\/schema\/person\/dcab619c614d3038751c63bc2aadc06d\"},\"description\":\"Big Brother Albania 2 - Liljana \u00c3\u00absht\u00c3\u00ab 29 vje\u00c3\u00a7. Dje, pra m\u00c3\u00ab 1 maj, ishte dat\u00c3\u00ablindja e saj. Punon kontrollore n\u00c3\u00ab paraburgimin e Vlor\u00c3\u00abs. T\u00c3\u00ab birit dy vje\u00c3\u00a7, i kan\u00c3\u00ab vendosur emrin e babait t\u00c3\u00ab Qet\u00c3\u00absorit (q\u00c3\u00ab nuk jeton m\u00c3\u00ab), nd\u00c3\u00abrsa pret nj\u00c3\u00ab vajz\u00c3\u00ab dhe \u00c3\u00absht\u00c3\u00ab n\u00c3\u00ab muajin e kat\u00c3\u00abrt t\u00c3\u00ab shtatz\u00c3\u00abnis\u00c3\u00ab.\",\"breadcrumb\":{\"@id\":\"https:\/\/www.visit-ulcinj.com\/blog\/2009\/05\/02\/nusja-e-qetsorit-s%e2%80%99jam-xheloze-ia-njoh-shijet\/#breadcrumb\"},\"inLanguage\":\"en-US\",\"potentialAction\":[{\"@type\":\"ReadAction\",\"target\":[\"https:\/\/www.visit-ulcinj.com\/blog\/2009\/05\/02\/nusja-e-qetsorit-s%e2%80%99jam-xheloze-ia-njoh-shijet\/\"]}]},{\"@type\":\"BreadcrumbList\",\"@id\":\"https:\/\/www.visit-ulcinj.com\/blog\/2009\/05\/02\/nusja-e-qetsorit-s%e2%80%99jam-xheloze-ia-njoh-shijet\/#breadcrumb\",\"itemListElement\":[{\"@type\":\"ListItem\",\"position\":1,\"name\":\"Nusja e Qetsorit : S\u2019jam xheloze, ia njoh shijet\"}]},{\"@type\":\"Person\",\"@id\":\"https:\/\/www.visit-ulcinj.com\/blog\/#\/schema\/person\/dcab619c614d3038751c63bc2aadc06d\",\"name\":\"ulqini\",\"sameAs\":[\"http:\/\/www.visit-ulcinj.com\"],\"url\":\"https:\/\/www.visit-ulcinj.com\/blog\/author\/admin\/\"}]}<\/script>\n<!-- \/ Yoast SEO plugin. -->","yoast_head_json":{"title":"Nusja e Qetsorit : S\u00e2\u20ac\u2122jam xheloze, ia njoh shijet | Big Brother Albania 2","description":"Big Brother Albania 2 - Liljana \u00c3\u00absht\u00c3\u00ab 29 vje\u00c3\u00a7. Dje, pra m\u00c3\u00ab 1 maj, ishte dat\u00c3\u00ablindja e saj. Punon kontrollore n\u00c3\u00ab paraburgimin e Vlor\u00c3\u00abs. T\u00c3\u00ab birit dy vje\u00c3\u00a7, i kan\u00c3\u00ab vendosur emrin e babait t\u00c3\u00ab Qet\u00c3\u00absorit (q\u00c3\u00ab nuk jeton m\u00c3\u00ab), nd\u00c3\u00abrsa pret nj\u00c3\u00ab vajz\u00c3\u00ab dhe \u00c3\u00absht\u00c3\u00ab n\u00c3\u00ab muajin e kat\u00c3\u00abrt t\u00c3\u00ab shtatz\u00c3\u00abnis\u00c3\u00ab.","robots":{"index":"index","follow":"follow","max-snippet":"max-snippet:-1","max-image-preview":"max-image-preview:large","max-video-preview":"max-video-preview:-1"},"canonical":"https:\/\/www.visit-ulcinj.com\/blog\/2009\/05\/02\/nusja-e-qetsorit-s\u2019jam-xheloze-ia-njoh-shijet\/","og_locale":"en_US","og_type":"article","og_title":"Nusja e Qetsorit : S\u00e2\u20ac\u2122jam xheloze, ia njoh shijet | Big Brother Albania 2","og_description":"Big Brother Albania 2 - Liljana \u00c3\u00absht\u00c3\u00ab 29 vje\u00c3\u00a7. Dje, pra m\u00c3\u00ab 1 maj, ishte dat\u00c3\u00ablindja e saj. Punon kontrollore n\u00c3\u00ab paraburgimin e Vlor\u00c3\u00abs. T\u00c3\u00ab birit dy vje\u00c3\u00a7, i kan\u00c3\u00ab vendosur emrin e babait t\u00c3\u00ab Qet\u00c3\u00absorit (q\u00c3\u00ab nuk jeton m\u00c3\u00ab), nd\u00c3\u00abrsa pret nj\u00c3\u00ab vajz\u00c3\u00ab dhe \u00c3\u00absht\u00c3\u00ab n\u00c3\u00ab muajin e kat\u00c3\u00abrt t\u00c3\u00ab shtatz\u00c3\u00abnis\u00c3\u00ab.","og_url":"https:\/\/www.visit-ulcinj.com\/blog\/2009\/05\/02\/nusja-e-qetsorit-s\u2019jam-xheloze-ia-njoh-shijet\/","og_site_name":"Lajme nga Ulqini","article_published_time":"2009-05-02T16:33:55+00:00","og_image":[{"url":"http:\/\/www.visit-ulcinj.com\/blog\/wp-content\/uploads\/2009\/05\/nusja-e-qetsorit.jpg"}],"twitter_misc":{"Written by":"ulqini","Est. reading time":"8 minutes"},"schema":{"@context":"https:\/\/schema.org","@graph":[{"@type":"WebSite","@id":"https:\/\/www.visit-ulcinj.com\/blog\/#website","url":"https:\/\/www.visit-ulcinj.com\/blog\/","name":"Lajme nga Ulqini","description":"Lajme,Vijesti,Ulqini,Ulqin,Crna Gora,Mali i Zi","potentialAction":[{"@type":"SearchAction","target":{"@type":"EntryPoint","urlTemplate":"https:\/\/www.visit-ulcinj.com\/blog\/?s={search_term_string}"},"query-input":"required name=search_term_string"}],"inLanguage":"en-US"},{"@type":"ImageObject","inLanguage":"en-US","@id":"https:\/\/www.visit-ulcinj.com\/blog\/2009\/05\/02\/nusja-e-qetsorit-s%e2%80%99jam-xheloze-ia-njoh-shijet\/#primaryimage","url":"http:\/\/www.visit-ulcinj.com\/blog\/wp-content\/uploads\/2009\/05\/nusja-e-qetsorit.jpg","contentUrl":"http:\/\/www.visit-ulcinj.com\/blog\/wp-content\/uploads\/2009\/05\/nusja-e-qetsorit.jpg"},{"@type":"WebPage","@id":"https:\/\/www.visit-ulcinj.com\/blog\/2009\/05\/02\/nusja-e-qetsorit-s%e2%80%99jam-xheloze-ia-njoh-shijet\/#webpage","url":"https:\/\/www.visit-ulcinj.com\/blog\/2009\/05\/02\/nusja-e-qetsorit-s%e2%80%99jam-xheloze-ia-njoh-shijet\/","name":"Nusja e Qetsorit : S\u00e2\u20ac\u2122jam xheloze, ia njoh shijet | Big Brother Albania 2","isPartOf":{"@id":"https:\/\/www.visit-ulcinj.com\/blog\/#website"},"primaryImageOfPage":{"@id":"https:\/\/www.visit-ulcinj.com\/blog\/2009\/05\/02\/nusja-e-qetsorit-s%e2%80%99jam-xheloze-ia-njoh-shijet\/#primaryimage"},"datePublished":"2009-05-02T16:33:55+00:00","dateModified":"2009-05-02T16:33:55+00:00","author":{"@id":"https:\/\/www.visit-ulcinj.com\/blog\/#\/schema\/person\/dcab619c614d3038751c63bc2aadc06d"},"description":"Big Brother Albania 2 - Liljana \u00c3\u00absht\u00c3\u00ab 29 vje\u00c3\u00a7. Dje, pra m\u00c3\u00ab 1 maj, ishte dat\u00c3\u00ablindja e saj. Punon kontrollore n\u00c3\u00ab paraburgimin e Vlor\u00c3\u00abs. T\u00c3\u00ab birit dy vje\u00c3\u00a7, i kan\u00c3\u00ab vendosur emrin e babait t\u00c3\u00ab Qet\u00c3\u00absorit (q\u00c3\u00ab nuk jeton m\u00c3\u00ab), nd\u00c3\u00abrsa pret nj\u00c3\u00ab vajz\u00c3\u00ab dhe \u00c3\u00absht\u00c3\u00ab n\u00c3\u00ab muajin e kat\u00c3\u00abrt t\u00c3\u00ab shtatz\u00c3\u00abnis\u00c3\u00ab.","breadcrumb":{"@id":"https:\/\/www.visit-ulcinj.com\/blog\/2009\/05\/02\/nusja-e-qetsorit-s%e2%80%99jam-xheloze-ia-njoh-shijet\/#breadcrumb"},"inLanguage":"en-US","potentialAction":[{"@type":"ReadAction","target":["https:\/\/www.visit-ulcinj.com\/blog\/2009\/05\/02\/nusja-e-qetsorit-s%e2%80%99jam-xheloze-ia-njoh-shijet\/"]}]},{"@type":"BreadcrumbList","@id":"https:\/\/www.visit-ulcinj.com\/blog\/2009\/05\/02\/nusja-e-qetsorit-s%e2%80%99jam-xheloze-ia-njoh-shijet\/#breadcrumb","itemListElement":[{"@type":"ListItem","position":1,"name":"Nusja e Qetsorit : S\u2019jam xheloze, ia njoh shijet"}]},{"@type":"Person","@id":"https:\/\/www.visit-ulcinj.com\/blog\/#\/schema\/person\/dcab619c614d3038751c63bc2aadc06d","name":"ulqini","sameAs":["http:\/\/www.visit-ulcinj.com"],"url":"https:\/\/www.visit-ulcinj.com\/blog\/author\/admin\/"}]}},"jetpack_featured_media_url":"","jetpack_sharing_enabled":true,"jetpack_shortlink":"https:\/\/wp.me\/pe6lTn-5aL","_links":{"self":[{"href":"https:\/\/www.visit-ulcinj.com\/blog\/wp-json\/wp\/v2\/posts\/19887"}],"collection":[{"href":"https:\/\/www.visit-ulcinj.com\/blog\/wp-json\/wp\/v2\/posts"}],"about":[{"href":"https:\/\/www.visit-ulcinj.com\/blog\/wp-json\/wp\/v2\/types\/post"}],"author":[{"embeddable":true,"href":"https:\/\/www.visit-ulcinj.com\/blog\/wp-json\/wp\/v2\/users\/1"}],"replies":[{"embeddable":true,"href":"https:\/\/www.visit-ulcinj.com\/blog\/wp-json\/wp\/v2\/comments?post=19887"}],"version-history":[{"count":0,"href":"https:\/\/www.visit-ulcinj.com\/blog\/wp-json\/wp\/v2\/posts\/19887\/revisions"}],"wp:attachment":[{"href":"https:\/\/www.visit-ulcinj.com\/blog\/wp-json\/wp\/v2\/media?parent=19887"}],"wp:term":[{"taxonomy":"category","embeddable":true,"href":"https:\/\/www.visit-ulcinj.com\/blog\/wp-json\/wp\/v2\/categories?post=19887"},{"taxonomy":"post_tag","embeddable":true,"href":"https:\/\/www.visit-ulcinj.com\/blog\/wp-json\/wp\/v2\/tags?post=19887"}],"curies":[{"name":"wp","href":"https:\/\/api.w.org\/{rel}","templated":true}]}}