{"id":19938,"date":"2009-05-02T20:11:23","date_gmt":"2009-05-02T18:11:23","guid":{"rendered":"http:\/\/www.visit-ulcinj.com\/blog\/?p=19938"},"modified":"2009-05-03T20:53:46","modified_gmt":"2009-05-03T18:53:46","slug":"ulcinjska-carsija-kao-nekad","status":"publish","type":"post","link":"https:\/\/www.visit-ulcinj.com\/blog\/2009\/05\/02\/ulcinjska-carsija-kao-nekad\/","title":{"rendered":"Video &#8211; Ulcinjska ?ar\u0161ija kao nekad"},"content":{"rendered":"<p><a href=\"http:\/\/www.visit-ulcinj.com\/blog\/wp-content\/uploads\/2009\/05\/inagouracija-ulcinjske-carsije1.jpg\"><img loading=\"lazy\" class=\"alignleft size-full wp-image-19939\" title=\"inagouracija-ulcinjske-carsije1\" src=\"http:\/\/www.visit-ulcinj.com\/blog\/wp-content\/uploads\/2009\/05\/inagouracija-ulcinjske-carsije1.jpg\" alt=\"inagouracija-ulcinjske-carsije1\" width=\"570\" height=\"400\" \/><\/a>Ulcinj &#8211; Simboli?nim presjecanjem vrpce, pred velikim brojem mje\u0161tana i gostiju, gradona?elnik Ulcinja Gzim Hajdinaga preksino? je ozna?io kraj ure?enja stare gradske ?ar\u0161ije.<br \/>\nNa sve?anosti kod kru\u017enog toka, Hajdinaga je podsjetio da je ?ar\u0161ija svojevremeno bila zanatski centar grada.<br \/>\n\u201cLjudi su se na ovom mjestu okupljali da bi razgovarali i dijelili radost ili tugu. U du?anima se mogla kupiti roba iz svih krajeva svijeta zahvaljuju?i na\u0161im trgovcima i moreplovcima. ?ar\u0161ija je tada bila na\u0161 radio i na\u0161a televizija\u201d, kazao je Hajdinaga.<a href=\"http:\/\/www.visit-ulcinj.com\/blog\/wp-content\/uploads\/2009\/05\/inagouracija-ulcinjske-carsije5.jpg\"><img loading=\"lazy\" class=\"alignleft size-medium wp-image-19942\" title=\"inagouracija-ulcinjske-carsije5\" src=\"http:\/\/www.visit-ulcinj.com\/blog\/wp-content\/uploads\/2009\/05\/inagouracija-ulcinjske-carsije5-300x199.jpg\" alt=\"inagouracija-ulcinjske-carsije5\" width=\"300\" height=\"199\" srcset=\"https:\/\/www.visit-ulcinj.com\/blog\/wp-content\/uploads\/2009\/05\/inagouracija-ulcinjske-carsije5-300x199.jpg 300w, https:\/\/www.visit-ulcinj.com\/blog\/wp-content\/uploads\/2009\/05\/inagouracija-ulcinjske-carsije5.jpg 800w\" sizes=\"(max-width: 300px) 100vw, 300px\" \/><\/a><br \/>\nOn je naglasio da su povjerenje i uva\u017eavanje, kao i poznavanje istorije i tradicije, civilizacijske tekovine grada.<br \/>\n\u201cNa ovom mjestu, danas vra?amo dio na\u0161e istorije i tradicije. Otkopali smo i obnovili staru ?esmu ili \u201c?esmu sa stepeni\u0161tem\u201d, kako smo je nekada zvali, koja datira iz 18. vijeka. Tako ?emo uraditi i sa svim ostalim ?esmama u gradu\u201d, poru?io je Hajdinaga.<br \/>\nSve?anost na kru\u017enom toku uveli?ali su Pljevaljski tambura\u0161i i klapa \u201cBurimi,\u201d a kao \u0161to i dolikuje tradicionalnom ulcinjskom gostoprimstvu, na vi\u0161e od 20 punktova du\u017e ?ar\u0161ije, dijeljena su autenti?na jela kuhinje sa tih prostora.<br \/>\nImprovizovani mlin za masline i tri maslinova stabla u centru kru\u017enog toka, uvjerljivo su svjedo?ili o privr\u017eenosti Ulcinjana za, kako je Hajdinaga kazao, drvo mira i zeleno zlato.<a href=\"http:\/\/www.visit-ulcinj.com\/blog\/wp-content\/uploads\/2009\/05\/inagouracija-ulcinjske-carsije.jpg\"><img loading=\"lazy\" class=\"alignright size-medium wp-image-19943\" title=\"inagouracija-ulcinjske-carsije\" src=\"http:\/\/www.visit-ulcinj.com\/blog\/wp-content\/uploads\/2009\/05\/inagouracija-ulcinjske-carsije-300x199.jpg\" alt=\"inagouracija-ulcinjske-carsije\" width=\"300\" height=\"199\" srcset=\"https:\/\/www.visit-ulcinj.com\/blog\/wp-content\/uploads\/2009\/05\/inagouracija-ulcinjske-carsije-300x199.jpg 300w, https:\/\/www.visit-ulcinj.com\/blog\/wp-content\/uploads\/2009\/05\/inagouracija-ulcinjske-carsije.jpg 800w\" sizes=\"(max-width: 300px) 100vw, 300px\" \/><\/a><br \/>\nIz ?ar\u0161ije, veselje se ne\u0161to kasnije prenijelo na Pristan, gdje je popularna hrvatska pjeva?ica Severina Vu?kovi?, pred ogromnim brojem obo\u017eavalaca, odr\u017eala skoro trosatni koncert.<br \/>\nPrva faza obnove ?ar\u0161ije, koja se sastojala u postavljanju kaldrme, autenti?nih kandelabera i rasvjete, kre?enju fasada i obnovi kompletne komunalne infrastrukture u tom dijelu grada, ko\u0161tala je 900 hiljada eura.<br \/>\n<a href=\"http:\/\/www.visit-ulcinj.com\/blog\/wp-content\/uploads\/2009\/05\/inagouracija-ulcinjske-carsije4.jpg\"><img loading=\"lazy\" class=\"alignleft size-medium wp-image-19944\" title=\"inagouracija-ulcinjske-carsije4\" src=\"http:\/\/www.visit-ulcinj.com\/blog\/wp-content\/uploads\/2009\/05\/inagouracija-ulcinjske-carsije4-300x199.jpg\" alt=\"inagouracija-ulcinjske-carsije4\" width=\"300\" height=\"199\" srcset=\"https:\/\/www.visit-ulcinj.com\/blog\/wp-content\/uploads\/2009\/05\/inagouracija-ulcinjske-carsije4-300x199.jpg 300w, https:\/\/www.visit-ulcinj.com\/blog\/wp-content\/uploads\/2009\/05\/inagouracija-ulcinjske-carsije4.jpg 800w\" sizes=\"(max-width: 300px) 100vw, 300px\" \/><\/a>Izvo?a? radova bila je bosanska firma \u201cProminvest\u201d, a ure?enje ?ar\u0161ije, od kru\u017enog toka do d\u017eamije u Novoj mahali i ulice lijevo do Bonite, najavljeno je nakon sezone.<br \/>\nSve?anosti su, pored visokih op\u0161tinskih zvani?nika, crkvenih velikodostojnika i predstavnika diplomatskog kora, prisustvovali gradona?elnik Bara \u017darko Pavi?evi?, biv\u0161i ?lan predsjedni\u0161tva SFRJ, Bogi? Bogi?evi?, ministar manjina Fuad Nimani, te poslanici Ljui? \u0160krelja i Amir Holaj.<\/p>\n<p><strong>?esma stara tri vijeka<a href=\"http:\/\/www.visit-ulcinj.com\/blog\/wp-content\/uploads\/2009\/05\/inagouracija-ulcinjske-carsije2.jpg\"><img loading=\"lazy\" class=\"alignright size-medium wp-image-19945\" title=\"inagouracija-ulcinjske-carsije2\" src=\"http:\/\/www.visit-ulcinj.com\/blog\/wp-content\/uploads\/2009\/05\/inagouracija-ulcinjske-carsije2-200x300.jpg\" alt=\"inagouracija-ulcinjske-carsije2\" width=\"200\" height=\"300\" srcset=\"https:\/\/www.visit-ulcinj.com\/blog\/wp-content\/uploads\/2009\/05\/inagouracija-ulcinjske-carsije2-200x300.jpg 200w, https:\/\/www.visit-ulcinj.com\/blog\/wp-content\/uploads\/2009\/05\/inagouracija-ulcinjske-carsije2.jpg 400w\" sizes=\"(max-width: 200px) 100vw, 200px\" \/><\/a><\/strong><\/p>\n<p>?esma \u201ckromi me \u0161kala\u201d, odnosno \u201c?esma sa stepeni\u0161tem\u201d, nastala je 1728. godine kada i obli\u017enja d\u017eamija Namazjah.<br \/>\nKustos muzeja u Starom gradu Mileva Nikolaidis, kazala je da je ktitor ?esme bila porodica Dauta Abazaovi?a.<br \/>\n\u201cOsim za potrebe mje\u0161tana, ?esma je slu\u017eila i za uzimanje abdesta prilikom molitve, odnosno klanjanja. Sje?am se da je otac mog svekra pri?ao kako je sa te ?esme uzimao vodu za hleb u pekari koja je hranila pola grada\u201d, rekla je Nikolaidis za \u201cVijesti\u201d.<br \/>\nOna je podsjetila da je \u201c?esma sa stepeni\u0161tem\u201d, bila jedna od tri ulcinjske ?esme koje su u\u0161le u registar Zavoda za za\u0161titu spomenika kulture.<br \/>\n\u201cImala je za\u0161titni status i trebalo je da bude obnovljena po konzervatorskim vremenima. No, najva\u017enije da je opet tu, a vjerujem da ?e vrijeme u?initi da se ona ponovo na?e u registru\u201d, kazala je Nikolaidis.<br \/>\n<strong><br \/>\n<a href=\"http:\/\/www.visit-ulcinj.com\/blog\/wp-content\/uploads\/2009\/05\/copacabana-beach_-ulcinj_montenegro.jpg\"><img loading=\"lazy\" class=\"alignleft size-medium wp-image-19946\" title=\"copacabana-beach_-ulcinj_montenegro\" src=\"http:\/\/www.visit-ulcinj.com\/blog\/wp-content\/uploads\/2009\/05\/copacabana-beach_-ulcinj_montenegro-300x225.jpg\" alt=\"copacabana-beach_-ulcinj_montenegro\" width=\"300\" height=\"225\" srcset=\"https:\/\/www.visit-ulcinj.com\/blog\/wp-content\/uploads\/2009\/05\/copacabana-beach_-ulcinj_montenegro-300x225.jpg 300w, https:\/\/www.visit-ulcinj.com\/blog\/wp-content\/uploads\/2009\/05\/copacabana-beach_-ulcinj_montenegro.jpg 1024w\" sizes=\"(max-width: 300px) 100vw, 300px\" \/><\/a>Veselo i na Kopakabani<\/strong><\/p>\n<p>Povodom prvog maja i po?etka sezone, na ulcinjskoj Kopakabani ju?e se okupio veliki broj mje\u0161tana i gostiju koji su u\u017eivali u raznovrsnom zabavnom i sportskom programu.<br \/>\nNa jednom od najljep\u0161ih jadranskih kupali\u0161ta, pjevali su \u017duti Serhatli?, Bojan Deli?, albanska zvijezda Mimoza, te DJ Zmija i DJ sa albanskog \u201cTop Chanela\u201d, a nastupili su i komi?ari i ma?ioni?ari.<br \/>\nFe\u0161ta je nastavljena sino? u \u201cRenomeu\u201d, gdje je organizovana tekila i nik cool parti.<\/p>\n<p><strong>S.ADROVI?<br \/>\n<a href=\"http:\/\/www.vijesti.cg.yu\/index.php?id_pre=303405&amp;godina=2009\" target=\"_blank\">Vijesti<\/a><\/strong><\/p>\n<p><strong><!--YouTube Error: bad URL entered--><br \/>\n<\/strong><\/p>\n","protected":false},"excerpt":{"rendered":"<p>Ulcinj &#8211; Simboli?nim presjecanjem vrpce, pred velikim brojem mje\u0161tana i gostiju, gradona?elnik Ulcinja Gzim Hajdinaga preksino? je ozna?io kraj ure?enja stare gradske ?ar\u0161ije. Na sve?anosti kod kru\u017enog toka, Hajdinaga je podsjetio da je ?ar\u0161ija svojevremeno bila zanatski centar grada. \u201cLjudi su se na ovom mjestu okupljali da bi razgovarali i dijelili radost ili tugu. U [&hellip;]<\/p>\n","protected":false},"author":1,"featured_media":0,"comment_status":"open","ping_status":"closed","sticky":false,"template":"","format":"standard","meta":{"spay_email":"","jetpack_publicize_message":"","jetpack_is_tweetstorm":false,"jetpack_publicize_feature_enabled":true},"categories":[8337],"tags":[9895,9894,2417,140,2939,883,9893,9208,9892],"jetpack_publicize_connections":[],"yoast_head":"<!-- This site is optimized with the Yoast SEO plugin v19.1 - https:\/\/yoast.com\/wordpress\/plugins\/seo\/ -->\n<title>Video - Ulcinjska ?ar\u0161ija kao nekad - Lajme nga Ulqini<\/title>\n<meta name=\"description\" content=\"Ulcinj - Simboli?nim presjecanjem vrpce, pred velikim brojem mje\u0161tana i gostiju, gradona?elnik Ulcinja Gzim Hajdinaga preksino? je ozna?io kraj ure?enja\" \/>\n<meta name=\"robots\" content=\"index, follow, max-snippet:-1, max-image-preview:large, max-video-preview:-1\" \/>\n<link rel=\"canonical\" href=\"https:\/\/www.visit-ulcinj.com\/blog\/2009\/05\/02\/ulcinjska-carsija-kao-nekad\/\" \/>\n<meta property=\"og:locale\" content=\"en_US\" \/>\n<meta property=\"og:type\" content=\"article\" \/>\n<meta property=\"og:title\" content=\"Video - Ulcinjska ?ar\u0161ija kao nekad - Lajme nga Ulqini\" \/>\n<meta property=\"og:description\" content=\"Ulcinj - Simboli?nim presjecanjem vrpce, pred velikim brojem mje\u0161tana i gostiju, gradona?elnik Ulcinja Gzim Hajdinaga preksino? je ozna?io kraj ure?enja\" \/>\n<meta property=\"og:url\" content=\"https:\/\/www.visit-ulcinj.com\/blog\/2009\/05\/02\/ulcinjska-carsija-kao-nekad\/\" \/>\n<meta property=\"og:site_name\" content=\"Lajme nga Ulqini\" \/>\n<meta property=\"article:published_time\" content=\"2009-05-02T18:11:23+00:00\" \/>\n<meta property=\"article:modified_time\" content=\"2009-05-03T18:53:46+00:00\" \/>\n<meta property=\"og:image\" content=\"http:\/\/www.visit-ulcinj.com\/blog\/wp-content\/uploads\/2009\/05\/inagouracija-ulcinjske-carsije1.jpg\" \/>\n<meta name=\"twitter:label1\" content=\"Written by\" \/>\n\t<meta name=\"twitter:data1\" content=\"ulqini\" \/>\n\t<meta name=\"twitter:label2\" content=\"Est. reading time\" \/>\n\t<meta name=\"twitter:data2\" content=\"3 minutes\" \/>\n<script type=\"application\/ld+json\" class=\"yoast-schema-graph\">{\"@context\":\"https:\/\/schema.org\",\"@graph\":[{\"@type\":\"WebSite\",\"@id\":\"https:\/\/www.visit-ulcinj.com\/blog\/#website\",\"url\":\"https:\/\/www.visit-ulcinj.com\/blog\/\",\"name\":\"Lajme nga Ulqini\",\"description\":\"Lajme,Vijesti,Ulqini,Ulqin,Crna Gora,Mali i Zi\",\"potentialAction\":[{\"@type\":\"SearchAction\",\"target\":{\"@type\":\"EntryPoint\",\"urlTemplate\":\"https:\/\/www.visit-ulcinj.com\/blog\/?s={search_term_string}\"},\"query-input\":\"required name=search_term_string\"}],\"inLanguage\":\"en-US\"},{\"@type\":\"ImageObject\",\"inLanguage\":\"en-US\",\"@id\":\"https:\/\/www.visit-ulcinj.com\/blog\/2009\/05\/02\/ulcinjska-carsija-kao-nekad\/#primaryimage\",\"url\":\"https:\/\/www.visit-ulcinj.com\/blog\/wp-content\/uploads\/2009\/05\/inagouracija-ulcinjske-carsije1.jpg\",\"contentUrl\":\"https:\/\/www.visit-ulcinj.com\/blog\/wp-content\/uploads\/2009\/05\/inagouracija-ulcinjske-carsije1.jpg\",\"width\":\"800\",\"height\":\"533\"},{\"@type\":\"WebPage\",\"@id\":\"https:\/\/www.visit-ulcinj.com\/blog\/2009\/05\/02\/ulcinjska-carsija-kao-nekad\/#webpage\",\"url\":\"https:\/\/www.visit-ulcinj.com\/blog\/2009\/05\/02\/ulcinjska-carsija-kao-nekad\/\",\"name\":\"Video - Ulcinjska ?ar\u0161ija kao nekad - Lajme nga Ulqini\",\"isPartOf\":{\"@id\":\"https:\/\/www.visit-ulcinj.com\/blog\/#website\"},\"primaryImageOfPage\":{\"@id\":\"https:\/\/www.visit-ulcinj.com\/blog\/2009\/05\/02\/ulcinjska-carsija-kao-nekad\/#primaryimage\"},\"datePublished\":\"2009-05-02T18:11:23+00:00\",\"dateModified\":\"2009-05-03T18:53:46+00:00\",\"author\":{\"@id\":\"https:\/\/www.visit-ulcinj.com\/blog\/#\/schema\/person\/dcab619c614d3038751c63bc2aadc06d\"},\"description\":\"Ulcinj - Simboli?nim presjecanjem vrpce, pred velikim brojem mje\u0161tana i gostiju, gradona?elnik Ulcinja Gzim Hajdinaga preksino? je ozna?io kraj ure?enja\",\"breadcrumb\":{\"@id\":\"https:\/\/www.visit-ulcinj.com\/blog\/2009\/05\/02\/ulcinjska-carsija-kao-nekad\/#breadcrumb\"},\"inLanguage\":\"en-US\",\"potentialAction\":[{\"@type\":\"ReadAction\",\"target\":[\"https:\/\/www.visit-ulcinj.com\/blog\/2009\/05\/02\/ulcinjska-carsija-kao-nekad\/\"]}]},{\"@type\":\"BreadcrumbList\",\"@id\":\"https:\/\/www.visit-ulcinj.com\/blog\/2009\/05\/02\/ulcinjska-carsija-kao-nekad\/#breadcrumb\",\"itemListElement\":[{\"@type\":\"ListItem\",\"position\":1,\"name\":\"Video &#8211; Ulcinjska ?ar\u0161ija kao nekad\"}]},{\"@type\":\"Person\",\"@id\":\"https:\/\/www.visit-ulcinj.com\/blog\/#\/schema\/person\/dcab619c614d3038751c63bc2aadc06d\",\"name\":\"ulqini\",\"sameAs\":[\"http:\/\/www.visit-ulcinj.com\"],\"url\":\"https:\/\/www.visit-ulcinj.com\/blog\/author\/admin\/\"}]}<\/script>\n<!-- \/ Yoast SEO plugin. -->","yoast_head_json":{"title":"Video - Ulcinjska ?ar\u0161ija kao nekad - Lajme nga Ulqini","description":"Ulcinj - Simboli?nim presjecanjem vrpce, pred velikim brojem mje\u0161tana i gostiju, gradona?elnik Ulcinja Gzim Hajdinaga preksino? je ozna?io kraj ure?enja","robots":{"index":"index","follow":"follow","max-snippet":"max-snippet:-1","max-image-preview":"max-image-preview:large","max-video-preview":"max-video-preview:-1"},"canonical":"https:\/\/www.visit-ulcinj.com\/blog\/2009\/05\/02\/ulcinjska-carsija-kao-nekad\/","og_locale":"en_US","og_type":"article","og_title":"Video - Ulcinjska ?ar\u0161ija kao nekad - Lajme nga Ulqini","og_description":"Ulcinj - Simboli?nim presjecanjem vrpce, pred velikim brojem mje\u0161tana i gostiju, gradona?elnik Ulcinja Gzim Hajdinaga preksino? je ozna?io kraj ure?enja","og_url":"https:\/\/www.visit-ulcinj.com\/blog\/2009\/05\/02\/ulcinjska-carsija-kao-nekad\/","og_site_name":"Lajme nga Ulqini","article_published_time":"2009-05-02T18:11:23+00:00","article_modified_time":"2009-05-03T18:53:46+00:00","og_image":[{"url":"http:\/\/www.visit-ulcinj.com\/blog\/wp-content\/uploads\/2009\/05\/inagouracija-ulcinjske-carsije1.jpg"}],"twitter_misc":{"Written by":"ulqini","Est. reading time":"3 minutes"},"schema":{"@context":"https:\/\/schema.org","@graph":[{"@type":"WebSite","@id":"https:\/\/www.visit-ulcinj.com\/blog\/#website","url":"https:\/\/www.visit-ulcinj.com\/blog\/","name":"Lajme nga Ulqini","description":"Lajme,Vijesti,Ulqini,Ulqin,Crna Gora,Mali i Zi","potentialAction":[{"@type":"SearchAction","target":{"@type":"EntryPoint","urlTemplate":"https:\/\/www.visit-ulcinj.com\/blog\/?s={search_term_string}"},"query-input":"required name=search_term_string"}],"inLanguage":"en-US"},{"@type":"ImageObject","inLanguage":"en-US","@id":"https:\/\/www.visit-ulcinj.com\/blog\/2009\/05\/02\/ulcinjska-carsija-kao-nekad\/#primaryimage","url":"https:\/\/www.visit-ulcinj.com\/blog\/wp-content\/uploads\/2009\/05\/inagouracija-ulcinjske-carsije1.jpg","contentUrl":"https:\/\/www.visit-ulcinj.com\/blog\/wp-content\/uploads\/2009\/05\/inagouracija-ulcinjske-carsije1.jpg","width":"800","height":"533"},{"@type":"WebPage","@id":"https:\/\/www.visit-ulcinj.com\/blog\/2009\/05\/02\/ulcinjska-carsija-kao-nekad\/#webpage","url":"https:\/\/www.visit-ulcinj.com\/blog\/2009\/05\/02\/ulcinjska-carsija-kao-nekad\/","name":"Video - Ulcinjska ?ar\u0161ija kao nekad - Lajme nga Ulqini","isPartOf":{"@id":"https:\/\/www.visit-ulcinj.com\/blog\/#website"},"primaryImageOfPage":{"@id":"https:\/\/www.visit-ulcinj.com\/blog\/2009\/05\/02\/ulcinjska-carsija-kao-nekad\/#primaryimage"},"datePublished":"2009-05-02T18:11:23+00:00","dateModified":"2009-05-03T18:53:46+00:00","author":{"@id":"https:\/\/www.visit-ulcinj.com\/blog\/#\/schema\/person\/dcab619c614d3038751c63bc2aadc06d"},"description":"Ulcinj - Simboli?nim presjecanjem vrpce, pred velikim brojem mje\u0161tana i gostiju, gradona?elnik Ulcinja Gzim Hajdinaga preksino? je ozna?io kraj ure?enja","breadcrumb":{"@id":"https:\/\/www.visit-ulcinj.com\/blog\/2009\/05\/02\/ulcinjska-carsija-kao-nekad\/#breadcrumb"},"inLanguage":"en-US","potentialAction":[{"@type":"ReadAction","target":["https:\/\/www.visit-ulcinj.com\/blog\/2009\/05\/02\/ulcinjska-carsija-kao-nekad\/"]}]},{"@type":"BreadcrumbList","@id":"https:\/\/www.visit-ulcinj.com\/blog\/2009\/05\/02\/ulcinjska-carsija-kao-nekad\/#breadcrumb","itemListElement":[{"@type":"ListItem","position":1,"name":"Video &#8211; Ulcinjska ?ar\u0161ija kao nekad"}]},{"@type":"Person","@id":"https:\/\/www.visit-ulcinj.com\/blog\/#\/schema\/person\/dcab619c614d3038751c63bc2aadc06d","name":"ulqini","sameAs":["http:\/\/www.visit-ulcinj.com"],"url":"https:\/\/www.visit-ulcinj.com\/blog\/author\/admin\/"}]}},"jetpack_featured_media_url":"","jetpack_sharing_enabled":true,"jetpack_shortlink":"https:\/\/wp.me\/pe6lTn-5bA","_links":{"self":[{"href":"https:\/\/www.visit-ulcinj.com\/blog\/wp-json\/wp\/v2\/posts\/19938"}],"collection":[{"href":"https:\/\/www.visit-ulcinj.com\/blog\/wp-json\/wp\/v2\/posts"}],"about":[{"href":"https:\/\/www.visit-ulcinj.com\/blog\/wp-json\/wp\/v2\/types\/post"}],"author":[{"embeddable":true,"href":"https:\/\/www.visit-ulcinj.com\/blog\/wp-json\/wp\/v2\/users\/1"}],"replies":[{"embeddable":true,"href":"https:\/\/www.visit-ulcinj.com\/blog\/wp-json\/wp\/v2\/comments?post=19938"}],"version-history":[{"count":0,"href":"https:\/\/www.visit-ulcinj.com\/blog\/wp-json\/wp\/v2\/posts\/19938\/revisions"}],"wp:attachment":[{"href":"https:\/\/www.visit-ulcinj.com\/blog\/wp-json\/wp\/v2\/media?parent=19938"}],"wp:term":[{"taxonomy":"category","embeddable":true,"href":"https:\/\/www.visit-ulcinj.com\/blog\/wp-json\/wp\/v2\/categories?post=19938"},{"taxonomy":"post_tag","embeddable":true,"href":"https:\/\/www.visit-ulcinj.com\/blog\/wp-json\/wp\/v2\/tags?post=19938"}],"curies":[{"name":"wp","href":"https:\/\/api.w.org\/{rel}","templated":true}]}}