{"id":19962,"date":"2009-05-02T21:07:27","date_gmt":"2009-05-02T19:07:27","guid":{"rendered":"http:\/\/www.visit-ulcinj.com\/blog\/?p=19962"},"modified":"2009-05-05T16:24:43","modified_gmt":"2009-05-05T14:24:43","slug":"zgjedhjet-parlamentare-ne-mal-te-zi-dhe-shqiptaret","status":"publish","type":"post","link":"https:\/\/www.visit-ulcinj.com\/blog\/2009\/05\/02\/zgjedhjet-parlamentare-ne-mal-te-zi-dhe-shqiptaret\/","title":{"rendered":"Zgjedhjet parlamentare n\u00eb Mal t\u00eb Zi dhe shqiptar\u00ebt"},"content":{"rendered":"<p><a href=\"http:\/\/www.visit-ulcinj.com\/blog\/wp-content\/uploads\/2009\/05\/nail-draga_ulqin.jpg\"><img loading=\"lazy\" class=\"alignleft size-full wp-image-19961\" title=\"nail-draga_ulqin\" src=\"http:\/\/www.visit-ulcinj.com\/blog\/wp-content\/uploads\/2009\/05\/nail-draga_ulqin.jpg\" alt=\"nail-draga_ulqin\" width=\"305\" height=\"368\" srcset=\"https:\/\/www.visit-ulcinj.com\/blog\/wp-content\/uploads\/2009\/05\/nail-draga_ulqin.jpg 305w, https:\/\/www.visit-ulcinj.com\/blog\/wp-content\/uploads\/2009\/05\/nail-draga_ulqin-248x300.jpg 248w\" sizes=\"(max-width: 305px) 100vw, 305px\" \/><\/a><\/p>\n<p><strong>Diskursi politik<\/strong><\/p>\n<p><em><strong>N\u00eb zgjedhjet e 29 marsit t\u00eb k\u00ebtij viti, subjektet politike shqiptare fituan kat\u00ebr deputet\u00eb, duke p\u00ebrseritur vitin 1990 dhe 1996, por me t\u00eb drejt\u00eb b\u00ebhet pyetja sa do t\u00eb jet\u00eb koordinimi i tyre n\u00eb favor t\u00eb senzibilizimit t\u00eb opinionit n\u00eb lidhje me avancimin e pozit\u00ebs dhe statusit t\u00eb shqiptareve n\u00eb Mal t\u00eb Zi, duke marr\u00eb parasysh se kemi t\u00eb b\u00ebjm\u00eb me nj\u00eb struktur\u00eb t\u00eb pushtetit q\u00eb ndaj \u00e7\u00ebshtjes s\u00eb pakicave vazhdimisht ka pasur qasje utilitare, duke hezituar p\u00ebr t\u00eb respektuar normat ligjore vendore dhe akt\u00ebt nderkomb\u00ebtare q\u00eb jan\u00eb obligative p\u00ebr \u00e7do shoq\u00ebri demokratike<\/strong><\/em><\/p>\n<p><strong>Dr. Nail Draga<\/strong><\/p>\n<p>Si p\u00ebr zgjedhjet e kaluara edhe ne k\u00ebto zgjedhje n\u00eb Kuvendin e Malit t\u00eb Zi u vendos q\u00eb vendvotimet q\u00eb jan\u00eb me shumic\u00eb m\u00eb popullsi shqiptare do t\u00eb japin 5 deputet\u00eb, ku do t\u00eb garojn\u00eb t\u00eb gjitha subjekt\u00ebt politike. Pik\u00ebrisht duke marr\u00eb parasysh p\u00ebrvoj\u00ebn e kaluar si dhe dep\u00ebrtimin e DPS-it n\u00eb elektoratin shqiptar n\u00eb nj\u00eb mas\u00eb t\u00eb konsiderueshme u b\u00ebn\u00eb ca tentativa p\u00ebr formimin e nj\u00eb koalicioni t\u00eb madh t\u00eb subjekt\u00ebve politike shqiptare. Por, nj\u00eb ide e till\u00eb e cila u mir\u00ebprit nga opinioni i gjer\u00eb n\u00eb vend dhe n\u00eb diaspor\u00eb, d\u00ebshtoj sepse dol\u00ebn n\u00eb pah interesat karrieriste si dhe ambiciet e s\u00ebmura lideriste t\u00eb disa lider\u00ebve politik. Dhe nga mosrealizimi i nj\u00eb koalicioni t\u00eb till\u00eb ne mes t\u00eb subjekteve nacionale shqiptare b\u00ebri q\u00eb shqiptar\u00ebt t\u00eb jen\u00eb t\u00eb p\u00ebr\u00e7ar\u00eb si asnj\u00ebher deri m\u00eb tash dhe t\u00eb dalin n\u00eb zgjedhje me pes\u00eb lista zgjedhore, nga 16 sa kishte gjithsej n\u00eb nivel t\u00eb Malit t\u00eb Zi.<\/p>\n<p>N\u00eb k\u00ebt\u00eb aspekt \u00e7\u00ebshtje p\u00ebr hulumtim paraqet subjekti politik i Mal\u00ebsis\u00eb-Alternativa Shqiptare(ASH) sepse mu at\u00ebher\u00eb kur duhej m\u00eb s\u00eb shumti uniteti mu n\u00eb prag t\u00eb zgjedhjeve u b\u00eb p\u00ebr\u00e7arja duke rrezikuar p\u00ebrfaq\u00ebsimin n\u00eb parlament. Nuk ka dilem\u00eb s\u00eb nj\u00eb veprim i till\u00eb aspak parimor mu n\u00eb prag t\u00eb zgjedhjeve, \u00ebsht\u00eb d\u00ebshmi e mjaftueshme p\u00ebr t\u00eb kuptuatr se ne mozaikun politik t\u00eb shqiptar\u00ebve kemi konfuzion dhe ataviz\u00ebm politik q\u00eb \u00ebsht\u00eb n\u00eb d\u00ebmin ton\u00eb t\u00eb p\u00ebrgjithsh\u00ebm dhe t\u00eb Mal\u00ebsis\u00eb n\u00eb ve\u00e7anti.<\/p>\n<p><strong>1. Rezultate t\u00eb pritura<\/strong><br \/>\nSi asnj\u00ebher\u00eb deri m\u00eb tash nuk ka pasur dilem\u00eb s\u00eb kush do t\u00eb jet\u00eb fitues i k\u00ebtyre zgjedhjeve, por n\u00eb pyetje ka qen\u00eb se sa do t\u00eb jet\u00eb diferenca n\u00eb mes koalicionit qeveritar(DPS-SDP-BS-HGI) dhe opozit\u00ebs. Nj\u00eb bindje e till\u00eb n\u00eb opinion \u00ebsht\u00eb krijuar nga situata e krijuar, n\u00eb saj\u00eb t\u00eb p\u00ebr\u00e7arj\u00ebs s\u00eb opozit\u00ebs e cila nuk arriti konsenzuesin p\u00ebr t\u00eb dal\u00eb me nj\u00eb list\u00eb t\u00eb vetme zgjedhore.<\/p>\n<p>N\u00eb saj\u00eb t\u00eb raportit p\u00ebrfundimtar t\u00eb Komisionit Zgjedhor Shtet\u00ebror del se n\u00eb zgjedhjet parlamentare n\u00eb 1157 vendovtime me gjithsej 498.305 votues kan\u00eb votuar gjithsej 324.850 apo 65.2% e trupit votues, ku Koalicioni qeveritar \u201cP\u00ebr Malin e Zi evropian\u201d ka fituar 168.290 vota (48 deputet\u00eb), SNP 54.545 vota(16 deputet\u00eb), Nova Srpska Demokratija 29.885 vota(8 deputet\u00eb), PZP 19.546 vota(5 deputet\u00eb) dhe subjektet politike shqiptare UDSH 4747 vota( 1 deputet, FORCA 2939 vota(1 deputet),<br \/>\nLista Shqiptare (LDMZ-ASH)2898 vota (1 deputet) dhe Koalicioni Shqiptar\u201cPerspektiva\u201d 2619 vota(1 deputet).<\/p>\n<p>Nd\u00ebrsa p\u00ebr t\u00eb par\u00ebn her\u00eb nga viti 1990 kur u mbajt\u00ebn zgjedhjet e para pluraliste nuk do t\u00eb jen\u00eb t\u00eb pranish\u00ebm n\u00eb parlament liberal\u00ebt dhe popullor\u00ebt t\u00eb cil\u00ebt k\u00ebsaj here edhe pse ishin n\u00eb koalicion me subjekte t\u00eb tjera nuk ia arrit\u00ebn qellimit, sepse ishin n\u00ebn pragun e 3%. Dhe ajo q\u00eb u parashiku nga analistet e ndrysh\u00ebm ndodhi n\u00eb realitet, sepse koalicioni i pozit\u00ebs fitoj bindsh\u00ebm me 51.8% duke mos pasur nevoj\u00eb p\u00ebr subjekte t\u00eb tjera p\u00ebr formimin e qeveris\u00eb. Nd\u00ebrsa duke i falenderuar formules s\u00eb Dontonit,q\u00eb \u00ebsht\u00eb pjes\u00eb e sistemit zgjedhor, Koalicioni i pozit\u00ebs \u201cP\u00ebr Malin e Zi evropian\u201d n\u00eb parlament do t\u00eb ket\u00eb gjithsej 48 deputet\u00eb, apo 59.2% t\u00eb p\u00ebrb\u00ebrjes s\u00eb re parlamentare, prej 81 deputeteve sa ka gjithsej parlamenti.<\/p>\n<p><strong>2. Shqiptar\u00ebt p\u00ebrseri me kat\u00ebr deputet\u00eb<\/strong><br \/>\nBefasia e k\u00ebtyre zgjedhjeve padyshim jan\u00eb shqiptar\u00ebt, t\u00eb cil\u00ebt edhe pse t\u00eb pakonsileduar dhe pa harmonizim qendrimesh p\u00ebr ndonj\u00eb koalicion t\u00eb gjer\u00eb nga nj\u00ebsia e \u201cve\u00e7ant\u00eb\u201d zgjedhore q\u00eb jep pes\u00eb deputet subjektet nacionale shqiptare fituan kat\u00ebr deputet nd\u00ebrsa nj\u00eb e fitoj koalicioni qeveritar m\u00eb n\u00eb krye DPS-in. P\u00ebr shqiptar\u00ebt \u00ebsht\u00eb hera e tret\u00eb qe n\u00eb parlamentin republikan t\u00eb jen\u00eb t\u00eb pranish\u00ebm me kat\u00ebr deputet duke p\u00ebrseritur vitin 1990 dhe 1996.<br \/>\nP\u00ebrve\u00e7 subjekteve politike shqiptare q\u00eb fituan nga nj\u00eb deputet n\u00eb gar\u00eb ishte edhe nj\u00eb subjekt tjet\u00ebr-PPD e cila fitoj 805 vota q\u00eb nuk mjatuan p\u00ebr nj\u00eb deputet.<\/p>\n<p>N\u00ebse i b\u00ebh\u00ebt nj\u00eb analiz\u00eb zgjedhjeve parlamentare n\u00eb vendvotimet shqiptare nga viti 2002,2006 dhe k\u00ebto t\u00eb fundit del se kemi t\u00eb b\u00ebjm\u00eb me nj\u00eb homogjenizim t\u00eb elektoratit shqiptar\u00eb q\u00eb t\u00eb p\u00ebrkujton vitin 1990 dhe 1992, duke dalur ne nj\u00eb p\u00ebrqindje relativisht t\u00eb lart\u00eb n\u00eb votime q\u00eb ka reflektuar edhe n\u00eb rritjen e numrit t\u00eb deputeteve. Derisa n\u00eb vitin 2002 me em\u00ebrtimin KD\u201dShqiptar\u00ebt bashk\u00eb\u201d (UDSH dhe LDMZ-PPD) u fituan dy deputet\u00eb (apo 8498 vota), n\u00eb vitin 2006 u fituan tre deputet\u00eb (12.919 vota) dhe tash n\u00eb vitin 2009 kat\u00ebr deputet\u00eb (14.008 vota).<\/p>\n<p>Nj\u00eb situat\u00eb e till\u00eb nuk ka dilem\u00eb s\u00eb \u00ebsht\u00eb si rezultat i paraqitjes n\u00eb sken\u00ebn politike t\u00eb dy subjekteve t\u00eb reja politike Forc\u00ebs dhe t\u00eb Alternativ\u00ebs Shqiptare n\u00eb vitin 2006. Ishte ky nj\u00eb pasurim i sken\u00ebs politike t\u00eb shqiptar\u00ebt n\u00eb Mal t\u00eb Zi, duke i mund\u00ebsuar elektoratit shqiptar\u00eb t\u00eb votoj p\u00ebr t\u00eb par\u00ebn her\u00eb edhe alternativat tjera(Forc\u00ebn dhe ASH), sepse ishte ngopur me monopolin e subjekteve politike ekzistuese.<\/p>\n<p>N\u00ebse iu b\u00ebhet nj\u00eb analiz\u00eb sado sip\u00ebrfaq\u00ebsore k\u00ebtyre zgjedhjeve n\u00eb vendvotimet shqiptare q\u00eb kan\u00eb dh\u00ebn\u00eb pes\u00eb deputet\u00eb rezultatet e zgjedhjeve d\u00ebshmojn\u00eb se si subjekte t\u00eb ve\u00e7anta vet\u00ebm UDSH dhe FORCA kan\u00eb fituar nga nj\u00eb deputet, nd\u00ebrsa dy subjektet tjera nj\u00eb rezultat t\u00eb till\u00eb e kan\u00eb arritur n\u00eb saj\u00eb t\u00eb koalicioneve. Numri i votave t\u00eb fituara d\u00ebshmon se po t\u00eb kishte dalur vet\u00ebm n\u00eb zgjedhje Lista shqiptare\u201dLDMZ-ASH\u201d nuk kishte arritur numrin e mjaftuesh\u00ebm t\u00eb votave p\u00ebr nj\u00eb deputet, ku i nj\u00ebjti konstatim vlen edhe p\u00ebr Koalicionin shqiptar\u201dPerspektiva\u201d. Madje nga k\u00ebto koalicione t\u00eb krijuara ndonse u realizuan pothuaj n\u00eb momentin e fundit rezultati i arritur ka b\u00ebr\u00eb q\u00eb DPS-i t\u00eb fitoj vet\u00ebm nj\u00eb deputet n\u00eb vendvotimet shqiptare q\u00eb \u00ebsht\u00eb hera e par\u00eb pas 11 vit\u00ebve.<\/p>\n<p><strong>3. T\u00eb themelohet klubi i subjekteve shqiptare<\/strong><br \/>\nN\u00ebse n\u00eb zgjedhjet e kaluara (shtator 2006), ku me nga nj\u00eb deputet n\u00eb parlamentin e Malit t\u00eb Zi, ishin t\u00eb pranishme tre subjekte politike nacionale shqiptare(UDSH, LDMZ, ASH) nuk u arrit t\u00eb formohet klubi i deputeteve sepse ka ekzistuar nj\u00eb animozitet n\u00eb mes individ\u00ebve n\u00eb rastin konkret t\u00eb deputet\u00ebve, k\u00ebsaj radhe duhet t\u00eb gjindet nj\u00eb kompromis i cili duhet t\u00eb jet\u00eb n\u00eb favor t\u00eb tejkalimit t\u00eb situat\u00ebs s\u00eb krijuar. Pasi si kusht p\u00ebr themelimin e klubit t\u00eb deputeteve rregullorja parasheh q\u00eb s\u00eb paku t\u00eb jen\u00eb tre deputet, k\u00ebsaj here jan\u00eb kat\u00ebr deputet nga subjektet nacionale shqiptare, pra nj\u00eb mund\u00ebsi optimale p\u00ebr konstituimin e nj\u00eb organi t\u00eb till\u00eb parlamentar.<\/p>\n<p>Mendoj se formimi i klubit t\u00eb deputeteve me tre apo kat\u00ebr deputet, p\u00ebrve\u00e7 se paraqet seriozitet t\u00eb subjekteve politike po ashtu mund\u00ebson edhe koordinimin e veprimeve t\u00eb deputet\u00ebve sidomos ne kolegiumin e parlamentit.<br \/>\nNga ana tjet\u00ebr klubi i deputeteve po ashtu mund\u00ebson angazhimin e nj\u00eb sekretari dhe k\u00ebshilltari profesional ashtu si e kan\u00eb t\u00eb gjith\u00eb klubet tjera. Me nj\u00eb fjal\u00eb do t\u00eb kishim nj\u00eb qasje m\u00eb cil\u00ebsore p\u00ebr \u00e7\u00ebshtjet t\u00eb cilat jan\u00eb preokupuese p\u00ebr popullsin\u00eb shqiptare n\u00eb ket\u00eb mjedis.<\/p>\n<p><strong>4. Do t\u00eb ndryshoj\u00eb ligji zgjedhor<\/strong><br \/>\nSipas informacioneve t\u00eb cilat i disponojm\u00eb ekzistojn\u00eb t\u00eb gjitha gjasat q\u00eb n\u00eb Mal t\u00eb Zi, k\u00ebto kan\u00eb qen\u00eb zgjedhjet e fundit me k\u00ebt\u00eb ligj zgjedhor. Madje, nj\u00eb ligj i till\u00eb \u00ebsht\u00eb dashur t\u00eb ndryshoj para se t\u00eb mbahen k\u00ebto zgjedhje t\u00eb cilat ne ket\u00eb aspekt jan\u00eb kritikuar nga opozita, sepse ligji i ri zgjedhor \u00ebsht\u00eb obligim kushtetues. Por, n\u00eb ligjin e ri zgjedhor nuk ka dilem\u00eb se me mjaft interes do t\u00eb jet\u00eb formula e p\u00ebrfaq\u00ebsimit t\u00eb popujve pakic\u00eb, q\u00eb si t\u00eb till\u00eb k\u00ebtu trajtohen pakicat komb\u00ebtare.<\/p>\n<p>N\u00eb rastin konkret \u00e7\u00ebshtja ka t\u00eb b\u00ebj me p\u00ebrfaq\u00ebsimin e shqiptar\u00ebve, t\u00eb cil\u00ebt deri m\u00eb tash t\u00eb vetmit kan\u00eb pasur nj\u00eb \u201czon\u00eb t\u00eb ve\u00e7ant\u00eb\u201d, e p\u00ebrb\u00ebr\u00eb nga 59 vendvotime ku shqiptar\u00ebt jan\u00eb popullsi shumic\u00eb dhe ka dh\u00ebn\u00eb pes\u00eb deputet\u00eb. \u00c7\u00ebshtja se a do t\u00eb marrin pjes\u00eb ne zgjedhje vet\u00ebm partit\u00eb nacionale shqiptare, n\u00eb m\u00ebnyr\u00eb qe t\u00eb kemi p\u00ebrfaq\u00ebsim autentik, konform\u00eb standard\u00ebve nd\u00ebrkomb\u00ebtare, mbetet \u00e7\u00ebshtje e hapur deri me miratimin e ligjit t\u00eb ri zgjedhor.<\/p>\n<p>Po ashtu kjo \u00e7\u00ebshtje do t\u00eb jet\u00eb e ndijeshme sidomos kur do t\u00eb trajtohen edhe specifikat p\u00ebr pakicat tjera n\u00eb ket\u00eb ligj zgjedho. Fjal\u00ebn e kemi p\u00ebr boshnjak\u00ebt\/musliman\u00ebt dhe kroat\u00ebt, nd\u00ebrsa serb\u00ebt jan\u00eb n\u00eb lajthitje ne ket\u00eb aspekt sepse disa subjekte politike serbe nuk e pranojn\u00eb statusin e pakic\u00ebs, por at\u00eb t\u00eb popullit konstitutiv.<\/p>\n<p>Nuk ka dilem\u00eb se n\u00eb lidhje mbi ket\u00eb \u00e7\u00ebshtje n\u00eb t\u00eb ardhmen fjal\u00ebn p\u00ebrfundimtare do ta japin ekspertet dhe subjektet politike, p\u00ebrkat\u00ebsisht deputetet t\u00eb cil\u00ebt do t\u00eb vendosin p\u00ebr modelin e ri t\u00eb sistemit zgjedhor.<\/p>\n<p><strong><em>20 prill 2009<\/em><\/strong><\/p>\n<p><strong><a href=\"http:\/\/fjala.shkoder.net\/?p=622\" target=\"_blank\">Fjala e Lir\u00eb<\/a>\/Shkoder.net<\/strong><\/p>\n<p><strong><em><br \/>\n<\/em><\/strong><\/p>\n","protected":false},"excerpt":{"rendered":"<p>Diskursi politik N\u00eb zgjedhjet e 29 marsit t\u00eb k\u00ebtij viti, subjektet politike shqiptare fituan kat\u00ebr deputet\u00eb, duke p\u00ebrseritur vitin 1990 dhe 1996, por me t\u00eb drejt\u00eb b\u00ebhet pyetja sa do t\u00eb jet\u00eb koordinimi i tyre n\u00eb favor t\u00eb senzibilizimit t\u00eb opinionit n\u00eb lidhje me avancimin e pozit\u00ebs dhe statusit t\u00eb shqiptareve n\u00eb Mal t\u00eb Zi, [&hellip;]<\/p>\n","protected":false},"author":1,"featured_media":0,"comment_status":"open","ping_status":"closed","sticky":false,"template":"","format":"standard","meta":{"spay_email":"","jetpack_publicize_message":"","jetpack_is_tweetstorm":false,"jetpack_publicize_feature_enabled":true},"categories":[13],"tags":[2761,95,318,5615,9896],"jetpack_publicize_connections":[],"yoast_head":"<!-- This site is optimized with the Yoast SEO plugin v19.1 - https:\/\/yoast.com\/wordpress\/plugins\/seo\/ -->\n<title>Zgjedhjet parlamentare n\u00eb Mal t\u00eb Zi dhe shqiptar\u00ebt - Lajme nga Ulqini<\/title>\n<meta name=\"description\" content=\"Diskursi politik N\u00eb zgjedhjet e 29 marsit t\u00eb k\u00ebtij viti, subjektet politike shqiptare fituan kat\u00ebr deputet\u00eb, duke p\u00ebrseritur vitin 1990 dhe 1996, por me\" \/>\n<meta name=\"robots\" content=\"index, follow, max-snippet:-1, max-image-preview:large, max-video-preview:-1\" \/>\n<link rel=\"canonical\" href=\"https:\/\/www.visit-ulcinj.com\/blog\/2009\/05\/02\/zgjedhjet-parlamentare-ne-mal-te-zi-dhe-shqiptaret\/\" \/>\n<meta property=\"og:locale\" content=\"en_US\" \/>\n<meta property=\"og:type\" content=\"article\" \/>\n<meta property=\"og:title\" content=\"Zgjedhjet parlamentare n\u00eb Mal t\u00eb Zi dhe shqiptar\u00ebt - Lajme nga Ulqini\" \/>\n<meta property=\"og:description\" content=\"Diskursi politik N\u00eb zgjedhjet e 29 marsit t\u00eb k\u00ebtij viti, subjektet politike shqiptare fituan kat\u00ebr deputet\u00eb, duke p\u00ebrseritur vitin 1990 dhe 1996, por me\" \/>\n<meta property=\"og:url\" content=\"https:\/\/www.visit-ulcinj.com\/blog\/2009\/05\/02\/zgjedhjet-parlamentare-ne-mal-te-zi-dhe-shqiptaret\/\" \/>\n<meta property=\"og:site_name\" content=\"Lajme nga Ulqini\" \/>\n<meta property=\"article:published_time\" content=\"2009-05-02T19:07:27+00:00\" \/>\n<meta property=\"article:modified_time\" content=\"2009-05-05T14:24:43+00:00\" \/>\n<meta property=\"og:image\" content=\"http:\/\/www.visit-ulcinj.com\/blog\/wp-content\/uploads\/2009\/05\/nail-draga_ulqin.jpg\" \/>\n<meta name=\"twitter:label1\" content=\"Written by\" \/>\n\t<meta name=\"twitter:data1\" content=\"ulqini\" \/>\n\t<meta name=\"twitter:label2\" content=\"Est. reading time\" \/>\n\t<meta name=\"twitter:data2\" content=\"8 minutes\" \/>\n<script type=\"application\/ld+json\" class=\"yoast-schema-graph\">{\"@context\":\"https:\/\/schema.org\",\"@graph\":[{\"@type\":\"WebSite\",\"@id\":\"https:\/\/www.visit-ulcinj.com\/blog\/#website\",\"url\":\"https:\/\/www.visit-ulcinj.com\/blog\/\",\"name\":\"Lajme nga Ulqini\",\"description\":\"Lajme,Vijesti,Ulqini,Ulqin,Crna Gora,Mali i Zi\",\"potentialAction\":[{\"@type\":\"SearchAction\",\"target\":{\"@type\":\"EntryPoint\",\"urlTemplate\":\"https:\/\/www.visit-ulcinj.com\/blog\/?s={search_term_string}\"},\"query-input\":\"required name=search_term_string\"}],\"inLanguage\":\"en-US\"},{\"@type\":\"ImageObject\",\"inLanguage\":\"en-US\",\"@id\":\"https:\/\/www.visit-ulcinj.com\/blog\/2009\/05\/02\/zgjedhjet-parlamentare-ne-mal-te-zi-dhe-shqiptaret\/#primaryimage\",\"url\":\"https:\/\/www.visit-ulcinj.com\/blog\/wp-content\/uploads\/2009\/05\/nail-draga_ulqin.jpg\",\"contentUrl\":\"https:\/\/www.visit-ulcinj.com\/blog\/wp-content\/uploads\/2009\/05\/nail-draga_ulqin.jpg\",\"width\":\"305\",\"height\":\"368\"},{\"@type\":\"WebPage\",\"@id\":\"https:\/\/www.visit-ulcinj.com\/blog\/2009\/05\/02\/zgjedhjet-parlamentare-ne-mal-te-zi-dhe-shqiptaret\/#webpage\",\"url\":\"https:\/\/www.visit-ulcinj.com\/blog\/2009\/05\/02\/zgjedhjet-parlamentare-ne-mal-te-zi-dhe-shqiptaret\/\",\"name\":\"Zgjedhjet parlamentare n\u00eb Mal t\u00eb Zi dhe shqiptar\u00ebt - Lajme nga Ulqini\",\"isPartOf\":{\"@id\":\"https:\/\/www.visit-ulcinj.com\/blog\/#website\"},\"primaryImageOfPage\":{\"@id\":\"https:\/\/www.visit-ulcinj.com\/blog\/2009\/05\/02\/zgjedhjet-parlamentare-ne-mal-te-zi-dhe-shqiptaret\/#primaryimage\"},\"datePublished\":\"2009-05-02T19:07:27+00:00\",\"dateModified\":\"2009-05-05T14:24:43+00:00\",\"author\":{\"@id\":\"https:\/\/www.visit-ulcinj.com\/blog\/#\/schema\/person\/dcab619c614d3038751c63bc2aadc06d\"},\"description\":\"Diskursi politik N\u00eb zgjedhjet e 29 marsit t\u00eb k\u00ebtij viti, subjektet politike shqiptare fituan kat\u00ebr deputet\u00eb, duke p\u00ebrseritur vitin 1990 dhe 1996, por me\",\"breadcrumb\":{\"@id\":\"https:\/\/www.visit-ulcinj.com\/blog\/2009\/05\/02\/zgjedhjet-parlamentare-ne-mal-te-zi-dhe-shqiptaret\/#breadcrumb\"},\"inLanguage\":\"en-US\",\"potentialAction\":[{\"@type\":\"ReadAction\",\"target\":[\"https:\/\/www.visit-ulcinj.com\/blog\/2009\/05\/02\/zgjedhjet-parlamentare-ne-mal-te-zi-dhe-shqiptaret\/\"]}]},{\"@type\":\"BreadcrumbList\",\"@id\":\"https:\/\/www.visit-ulcinj.com\/blog\/2009\/05\/02\/zgjedhjet-parlamentare-ne-mal-te-zi-dhe-shqiptaret\/#breadcrumb\",\"itemListElement\":[{\"@type\":\"ListItem\",\"position\":1,\"name\":\"Zgjedhjet parlamentare n\u00eb Mal t\u00eb Zi dhe shqiptar\u00ebt\"}]},{\"@type\":\"Person\",\"@id\":\"https:\/\/www.visit-ulcinj.com\/blog\/#\/schema\/person\/dcab619c614d3038751c63bc2aadc06d\",\"name\":\"ulqini\",\"sameAs\":[\"http:\/\/www.visit-ulcinj.com\"],\"url\":\"https:\/\/www.visit-ulcinj.com\/blog\/author\/admin\/\"}]}<\/script>\n<!-- \/ Yoast SEO plugin. -->","yoast_head_json":{"title":"Zgjedhjet parlamentare n\u00eb Mal t\u00eb Zi dhe shqiptar\u00ebt - Lajme nga Ulqini","description":"Diskursi politik N\u00eb zgjedhjet e 29 marsit t\u00eb k\u00ebtij viti, subjektet politike shqiptare fituan kat\u00ebr deputet\u00eb, duke p\u00ebrseritur vitin 1990 dhe 1996, por me","robots":{"index":"index","follow":"follow","max-snippet":"max-snippet:-1","max-image-preview":"max-image-preview:large","max-video-preview":"max-video-preview:-1"},"canonical":"https:\/\/www.visit-ulcinj.com\/blog\/2009\/05\/02\/zgjedhjet-parlamentare-ne-mal-te-zi-dhe-shqiptaret\/","og_locale":"en_US","og_type":"article","og_title":"Zgjedhjet parlamentare n\u00eb Mal t\u00eb Zi dhe shqiptar\u00ebt - Lajme nga Ulqini","og_description":"Diskursi politik N\u00eb zgjedhjet e 29 marsit t\u00eb k\u00ebtij viti, subjektet politike shqiptare fituan kat\u00ebr deputet\u00eb, duke p\u00ebrseritur vitin 1990 dhe 1996, por me","og_url":"https:\/\/www.visit-ulcinj.com\/blog\/2009\/05\/02\/zgjedhjet-parlamentare-ne-mal-te-zi-dhe-shqiptaret\/","og_site_name":"Lajme nga Ulqini","article_published_time":"2009-05-02T19:07:27+00:00","article_modified_time":"2009-05-05T14:24:43+00:00","og_image":[{"url":"http:\/\/www.visit-ulcinj.com\/blog\/wp-content\/uploads\/2009\/05\/nail-draga_ulqin.jpg"}],"twitter_misc":{"Written by":"ulqini","Est. reading time":"8 minutes"},"schema":{"@context":"https:\/\/schema.org","@graph":[{"@type":"WebSite","@id":"https:\/\/www.visit-ulcinj.com\/blog\/#website","url":"https:\/\/www.visit-ulcinj.com\/blog\/","name":"Lajme nga Ulqini","description":"Lajme,Vijesti,Ulqini,Ulqin,Crna Gora,Mali i Zi","potentialAction":[{"@type":"SearchAction","target":{"@type":"EntryPoint","urlTemplate":"https:\/\/www.visit-ulcinj.com\/blog\/?s={search_term_string}"},"query-input":"required name=search_term_string"}],"inLanguage":"en-US"},{"@type":"ImageObject","inLanguage":"en-US","@id":"https:\/\/www.visit-ulcinj.com\/blog\/2009\/05\/02\/zgjedhjet-parlamentare-ne-mal-te-zi-dhe-shqiptaret\/#primaryimage","url":"https:\/\/www.visit-ulcinj.com\/blog\/wp-content\/uploads\/2009\/05\/nail-draga_ulqin.jpg","contentUrl":"https:\/\/www.visit-ulcinj.com\/blog\/wp-content\/uploads\/2009\/05\/nail-draga_ulqin.jpg","width":"305","height":"368"},{"@type":"WebPage","@id":"https:\/\/www.visit-ulcinj.com\/blog\/2009\/05\/02\/zgjedhjet-parlamentare-ne-mal-te-zi-dhe-shqiptaret\/#webpage","url":"https:\/\/www.visit-ulcinj.com\/blog\/2009\/05\/02\/zgjedhjet-parlamentare-ne-mal-te-zi-dhe-shqiptaret\/","name":"Zgjedhjet parlamentare n\u00eb Mal t\u00eb Zi dhe shqiptar\u00ebt - Lajme nga Ulqini","isPartOf":{"@id":"https:\/\/www.visit-ulcinj.com\/blog\/#website"},"primaryImageOfPage":{"@id":"https:\/\/www.visit-ulcinj.com\/blog\/2009\/05\/02\/zgjedhjet-parlamentare-ne-mal-te-zi-dhe-shqiptaret\/#primaryimage"},"datePublished":"2009-05-02T19:07:27+00:00","dateModified":"2009-05-05T14:24:43+00:00","author":{"@id":"https:\/\/www.visit-ulcinj.com\/blog\/#\/schema\/person\/dcab619c614d3038751c63bc2aadc06d"},"description":"Diskursi politik N\u00eb zgjedhjet e 29 marsit t\u00eb k\u00ebtij viti, subjektet politike shqiptare fituan kat\u00ebr deputet\u00eb, duke p\u00ebrseritur vitin 1990 dhe 1996, por me","breadcrumb":{"@id":"https:\/\/www.visit-ulcinj.com\/blog\/2009\/05\/02\/zgjedhjet-parlamentare-ne-mal-te-zi-dhe-shqiptaret\/#breadcrumb"},"inLanguage":"en-US","potentialAction":[{"@type":"ReadAction","target":["https:\/\/www.visit-ulcinj.com\/blog\/2009\/05\/02\/zgjedhjet-parlamentare-ne-mal-te-zi-dhe-shqiptaret\/"]}]},{"@type":"BreadcrumbList","@id":"https:\/\/www.visit-ulcinj.com\/blog\/2009\/05\/02\/zgjedhjet-parlamentare-ne-mal-te-zi-dhe-shqiptaret\/#breadcrumb","itemListElement":[{"@type":"ListItem","position":1,"name":"Zgjedhjet parlamentare n\u00eb Mal t\u00eb Zi dhe shqiptar\u00ebt"}]},{"@type":"Person","@id":"https:\/\/www.visit-ulcinj.com\/blog\/#\/schema\/person\/dcab619c614d3038751c63bc2aadc06d","name":"ulqini","sameAs":["http:\/\/www.visit-ulcinj.com"],"url":"https:\/\/www.visit-ulcinj.com\/blog\/author\/admin\/"}]}},"jetpack_featured_media_url":"","jetpack_sharing_enabled":true,"jetpack_shortlink":"https:\/\/wp.me\/pe6lTn-5bY","_links":{"self":[{"href":"https:\/\/www.visit-ulcinj.com\/blog\/wp-json\/wp\/v2\/posts\/19962"}],"collection":[{"href":"https:\/\/www.visit-ulcinj.com\/blog\/wp-json\/wp\/v2\/posts"}],"about":[{"href":"https:\/\/www.visit-ulcinj.com\/blog\/wp-json\/wp\/v2\/types\/post"}],"author":[{"embeddable":true,"href":"https:\/\/www.visit-ulcinj.com\/blog\/wp-json\/wp\/v2\/users\/1"}],"replies":[{"embeddable":true,"href":"https:\/\/www.visit-ulcinj.com\/blog\/wp-json\/wp\/v2\/comments?post=19962"}],"version-history":[{"count":0,"href":"https:\/\/www.visit-ulcinj.com\/blog\/wp-json\/wp\/v2\/posts\/19962\/revisions"}],"wp:attachment":[{"href":"https:\/\/www.visit-ulcinj.com\/blog\/wp-json\/wp\/v2\/media?parent=19962"}],"wp:term":[{"taxonomy":"category","embeddable":true,"href":"https:\/\/www.visit-ulcinj.com\/blog\/wp-json\/wp\/v2\/categories?post=19962"},{"taxonomy":"post_tag","embeddable":true,"href":"https:\/\/www.visit-ulcinj.com\/blog\/wp-json\/wp\/v2\/tags?post=19962"}],"curies":[{"name":"wp","href":"https:\/\/api.w.org\/{rel}","templated":true}]}}