{"id":19996,"date":"2009-05-03T11:08:38","date_gmt":"2009-05-03T09:08:38","guid":{"rendered":"http:\/\/www.visit-ulcinj.com\/blog\/?p=19996"},"modified":"2022-08-03T17:41:16","modified_gmt":"2022-08-03T16:41:16","slug":"a-ubytovani-ulcinj-5-e-noc","status":"publish","type":"post","link":"https:\/\/www.visit-ulcinj.com\/blog\/2009\/05\/03\/a-ubytovani-ulcinj-5-e-noc\/","title":{"rendered":"A Ubytov\u00e1n\u00ed Ulcinj 7\u20ac &#8211; 9\u20ac noc"},"content":{"rendered":"<p><a href=\"http:\/\/www.visit-ulcinj.com\/blog\/wp-content\/uploads\/2009\/05\/velka-plaz_ulcinj_cerna-hora.jpg\"><img loading=\"lazy\" class=\"alignleft size-full wp-image-20004\" title=\"velka-plaz_ulcinj_cerna-hora\" src=\"http:\/\/www.visit-ulcinj.com\/blog\/wp-content\/uploads\/2009\/05\/velka-plaz_ulcinj_cerna-hora.jpg\" alt=\"velka-plaz_ulcinj_cerna-hora\" width=\"570\" height=\"400\" \/><\/a><br \/>\nUbytov\u00e1n\u00ed se nach\u00e1z\u00ed na ji\u017en\u00edm mysu, p\u00e1r minut od m?stsk\u00e9 pl\u00e1\u017ee.Ubytov\u00e1n\u00ed v rodinn\u00e9m dom?, 200m od mo?e. P\u00edse?n\u00e1 pl\u00e1\u017e. Parkov\u00e1n\u00ed u objektu. Obchod 200m. Restaurace 200m. Centrum m?sta 2km. Ubytovac\u00ed kapacita: 3x 2-l?\u017ekov\u00fd pokoj, v ka?d\u00e9m pokoji koupelna se sprchov\u00fdm koutem a WC, kuchy? se spor\u00e1kem a chladni?kou, balkon.<\/p>\n<p><a href=\"http:\/\/www.visit-ulcinj.com\/apartments-in-ulcinj\/holiday-house-last-minute-ulcinj-ulqini-montenegro-of-7e-bed\/\" target=\"_blank\" rel=\"noopener\"><strong>Ulcinj<\/strong><\/a><\/p>\n<p><a href=\"http:\/\/www.visit-ulcinj.com\/apartments-in-ulcinj\/holiday-house-last-minute-ulcinj-ulqini-montenegro-of-7e-bed\/\" target=\"_blank\" rel=\"noopener\">Ulcinj je nejji\u017en?ji polo\u017een\u00e9 m?sto (24000) na ?ernohorsk\u00e9m p?\u00edmo?\u00ed, mal\u00fd p?\u00edstav a jedno z nejv?t\u0161\u00edch letovisek ?ern\u00e9 Hory. Le\u017e\u00ed 23 km jihov\u00fdchodn? od Baru.<\/a><\/p>\n<p><a href=\"http:\/\/www.visit-ulcinj.com\/apartments-in-ulcinj\/holiday-house-last-minute-ulcinj-ulqini-montenegro-of-7e-bed\/\" target=\"_blank\" rel=\"noopener\">Jeho rekrea?n\u00ed oblast (tzv. Ulcinjsk\u00e1 rivi\u00e9ra), pat?\u00edc\u00ed k nejperspektivn?j\u0161\u00edm v zemi, za?\u00edn\u00e1 v samotn\u00e9m m?st? a t\u00e1hne se jihov\u00fdchodn\u00edm sm?rem a\u017e k \u00fast\u00ed ?eky Bojany na hranic\u00edch s Alb\u00e1ni\u00ed.<\/a><\/p>\n<p><a href=\"http:\/\/www.visit-ulcinj.com\/apartments-in-ulcinj\/holiday-house-last-minute-ulcinj-ulqini-montenegro-of-7e-bed\/\" target=\"_blank\" rel=\"noopener\">Jako jedin\u00e9 ?ernohorsk\u00e9 p?\u00edmo?sk\u00e9 m\u00edsto nem\u00e1 monument\u00e1ln\u00ed horskou kulisu, jej\u00ed z\u00e1zem\u00ed je do zna?n\u00e9 m\u00edry zem?d?lsk\u00e9. V okol\u00ed se p?stuj\u00ed d\u00edky mimo?\u00e1dn? tepl\u00e9mu podneb\u00ed (mj. na 2700 hodin slune?n\u00edho svitu za rok) ?etn\u00e9 teplomiln\u00e9 rostliny: citrusy, gran\u00e1tov\u00e1 jablka, vinn\u00e1 r\u00e9va, olivovn\u00edky (roste jich tu kolem 70000 a jejich po?et se st\u00e1le zvy\u0161uje; zdej\u0161\u00ed olej z nich p?edstavuje \u0161pi?ku v kvalit?) a dal\u0161\u00ed st?edomo?sk\u00e9 a subtropick\u00e9 plodiny.<\/a><\/p>\n<p><a href=\"http:\/\/www.visit-ulcinj.com\/apartments-in-ulcinj\/holiday-house-last-minute-ulcinj-ulqini-montenegro-of-7e-bed\/\" target=\"_blank\" rel=\"noopener\"><strong>Pl\u00e1\u017ee a koup\u00e1n\u00ed<\/strong><\/a><\/p>\n<p><a href=\"http:\/\/www.visit-ulcinj.com\/apartments-in-ulcinj\/holiday-house-last-minute-ulcinj-ulqini-montenegro-of-7e-bed\/\" target=\"_blank\" rel=\"noopener\">Co se t\u00fd?e koup\u00e1n\u00ed, mo\u017enost\u00ed je tu dost. Jednou z nich je nap?\u00edklad Mala pla\u017ea (gradska), kter\u00e1 se t\u00e1hne t\u00e9m?? od hradeb, nebo Velika pla\u017ea vzd\u00e1len\u00e1 5 km od sam\u00e9ho m?sta a 10 km dlouh\u00e1. D\u00e1le pak stoj\u00ed za to i \u017densk\u00e1 pla\u017ea, na kterou sm\u00ed pouze \u017eeny a m\u00e1 pr\u00fd dobr\u00e9 \u00fa?inky p?i l\u00e9?en\u00ed neplodnosti. Ada Bojana je p\u00edse?n\u00e1 pl\u00e1\u017e p?i ?\u00ed?n\u00edm ostrov? Ada Bojana, kam se z Ulcinje dostanete pravidelnou autobusovou linkou. Ale m?\u017eete natrefit i na mnoho mnoho men\u0161\u00edch, hezk\u00fdch hotelov\u00fdch pl\u00e1\u017e\u00ed.<\/a><br \/>\n<strong><a href=\"http:\/\/www.visit-ulcinj.com\/apartments-in-ulcinj\/holiday-house-last-minute-ulcinj-ulqini-montenegro-of-7e-bed\/\" target=\"_blank\" rel=\"noopener\">Websajt:www.visit-ulcinj.com\/<\/a><a href=\"http:\/\/www.visit-ulcinj.com\/\" target=\"_blank\" rel=\"noopener\"><br \/>\n<\/a><a href=\"http:\/\/www.visit-ulcinj.com\/blog\/wp-content\/uploads\/2009\/05\/A-Ubytov\u00e1n\u00ed-Ulcinj-5\u20ac-\u2013-7\u20ac-noc_cierna-Hora.jpg\"><img loading=\"lazy\" class=\"alignleft size-full wp-image-36453\" title=\"A Ubytov\u00e1n\u00ed Ulcinj 5\u20ac \u2013 7\u20ac noc_cierna Hora,pokoj, Priv\u00e1t, rezervace ubytov\u00e1n\u00ed, Ubytov\u00e1n\u00ed ulcinj, Velk\u00e1 pl\u00e1\u017e ulcinj, Ubytov\u00e1n\u00ed Ulcinj. Levn\u011b hotely, hostely, penziony, apartm\u00e1ny ulcinj, \u010cern\u00e1 Hora, ubytov\u00e1n\u00ed na priv\u00e1tu, Rezervace, Velk\u00e1 pl\u00e1\u017e ulcinj, A Ubytov\u00e1n\u00ed Ulcinj 6\u20ac \u2013 7\u20ac noc, Dovolenka Ulcinj, Ulcinj \u2013 Hotel,apartm\u00e1ny Velika Pla\u017ea, Ulcinjsk\u00e1 rivi\u00e9ra - \u010cierna Hora, \u010cierna Hora Ulcinj Dovolenka,\" src=\"http:\/\/www.visit-ulcinj.com\/blog\/wp-content\/uploads\/2009\/05\/A-Ubytov\u00e1n\u00ed-Ulcinj-5\u20ac-\u2013-7\u20ac-noc_cierna-Hora.jpg\" alt=\"\" width=\"490\" height=\"120\" \/><\/a><br \/>\n<\/strong><\/p>\n\n\t\t<style type=\"text\/css\">\n\t\t\t#gallery-1 {\n\t\t\t\tmargin: auto;\n\t\t\t}\n\t\t\t#gallery-1 .gallery-item {\n\t\t\t\tfloat: left;\n\t\t\t\tmargin-top: 10px;\n\t\t\t\ttext-align: center;\n\t\t\t\twidth: 33%;\n\t\t\t}\n\t\t\t#gallery-1 img {\n\t\t\t\tborder: 2px solid #cfcfcf;\n\t\t\t}\n\t\t\t#gallery-1 .gallery-caption {\n\t\t\t\tmargin-left: 0;\n\t\t\t}\n\t\t\t\/* see gallery_shortcode() in wp-includes\/media.php *\/\n\t\t<\/style>\n\t\t<div id='gallery-1' class='gallery galleryid-19996 gallery-columns-3 gallery-size-thumbnail'><dl class='gallery-item'>\n\t\t\t<dt class='gallery-icon landscape'>\n\t\t\t\t<a href='https:\/\/www.visit-ulcinj.com\/blog\/2009\/05\/03\/a-ubytovani-ulcinj-5-e-noc\/a-ubytovani-ulcinj-5-e-noc_cerna-hora\/'><img width=\"150\" height=\"150\" src=\"https:\/\/www.visit-ulcinj.com\/blog\/wp-content\/uploads\/2009\/05\/a-ubytovani-ulcinj-5-e-noc_cerna-hora-150x150.jpg\" class=\"attachment-thumbnail size-thumbnail\" alt=\"\" loading=\"lazy\" \/><\/a>\n\t\t\t<\/dt><\/dl><dl class='gallery-item'>\n\t\t\t<dt class='gallery-icon landscape'>\n\t\t\t\t<a href='https:\/\/www.visit-ulcinj.com\/blog\/2009\/05\/03\/a-ubytovani-ulcinj-5-e-noc\/a-ubytovani-ulcinj-5-e-noc_cerna-hora1\/'><img width=\"150\" height=\"150\" src=\"https:\/\/www.visit-ulcinj.com\/blog\/wp-content\/uploads\/2009\/05\/a-ubytovani-ulcinj-5-e-noc_cerna-hora1-150x150.jpg\" class=\"attachment-thumbnail size-thumbnail\" alt=\"\" loading=\"lazy\" \/><\/a>\n\t\t\t<\/dt><\/dl><dl class='gallery-item'>\n\t\t\t<dt class='gallery-icon landscape'>\n\t\t\t\t<a href='https:\/\/www.visit-ulcinj.com\/blog\/2009\/05\/03\/a-ubytovani-ulcinj-5-e-noc\/a-ubytovani-ulcinj-5-e-noc__cerna-hora2\/'><img width=\"150\" height=\"150\" src=\"https:\/\/www.visit-ulcinj.com\/blog\/wp-content\/uploads\/2009\/05\/a-ubytovani-ulcinj-5-e-noc__cerna-hora2-150x150.jpg\" class=\"attachment-thumbnail size-thumbnail\" alt=\"\" loading=\"lazy\" \/><\/a>\n\t\t\t<\/dt><\/dl><br style=\"clear: both\" \/><dl class='gallery-item'>\n\t\t\t<dt class='gallery-icon landscape'>\n\t\t\t\t<a href='https:\/\/www.visit-ulcinj.com\/blog\/2009\/05\/03\/a-ubytovani-ulcinj-5-e-noc\/a-ubytovani-ulcinj-5-e-noc__cerna-hora3\/'><img width=\"150\" height=\"150\" src=\"https:\/\/www.visit-ulcinj.com\/blog\/wp-content\/uploads\/2009\/05\/a-ubytovani-ulcinj-5-e-noc__cerna-hora3-150x150.jpg\" class=\"attachment-thumbnail size-thumbnail\" alt=\"\" loading=\"lazy\" \/><\/a>\n\t\t\t<\/dt><\/dl><dl class='gallery-item'>\n\t\t\t<dt class='gallery-icon landscape'>\n\t\t\t\t<a href='https:\/\/www.visit-ulcinj.com\/blog\/2009\/05\/03\/a-ubytovani-ulcinj-5-e-noc\/a-ubytovani-ulcinj-5-e-noc__cerna-hora4\/'><img width=\"150\" height=\"150\" src=\"https:\/\/www.visit-ulcinj.com\/blog\/wp-content\/uploads\/2009\/05\/a-ubytovani-ulcinj-5-e-noc__cerna-hora4-150x150.jpg\" class=\"attachment-thumbnail size-thumbnail\" alt=\"\" loading=\"lazy\" \/><\/a>\n\t\t\t<\/dt><\/dl><dl class='gallery-item'>\n\t\t\t<dt class='gallery-icon landscape'>\n\t\t\t\t<a href='https:\/\/www.visit-ulcinj.com\/blog\/2009\/05\/03\/a-ubytovani-ulcinj-5-e-noc\/velka-plaz_ulcinj_cerna-hora1\/'><img width=\"150\" height=\"150\" src=\"https:\/\/www.visit-ulcinj.com\/blog\/wp-content\/uploads\/2009\/05\/velka-plaz_ulcinj_cerna-hora1-150x150.jpg\" class=\"attachment-thumbnail size-thumbnail\" alt=\"\" loading=\"lazy\" \/><\/a>\n\t\t\t<\/dt><\/dl><br style=\"clear: both\" \/><dl class='gallery-item'>\n\t\t\t<dt class='gallery-icon landscape'>\n\t\t\t\t<a href='https:\/\/www.visit-ulcinj.com\/blog\/2009\/05\/03\/a-ubytovani-ulcinj-5-e-noc\/velka-plaz_ulcinj_cerna-hora2\/'><img width=\"150\" height=\"150\" src=\"https:\/\/www.visit-ulcinj.com\/blog\/wp-content\/uploads\/2009\/05\/velka-plaz_ulcinj_cerna-hora2-150x150.jpg\" class=\"attachment-thumbnail size-thumbnail\" alt=\"\" loading=\"lazy\" \/><\/a>\n\t\t\t<\/dt><\/dl><dl class='gallery-item'>\n\t\t\t<dt class='gallery-icon landscape'>\n\t\t\t\t<a href='https:\/\/www.visit-ulcinj.com\/blog\/2009\/05\/03\/a-ubytovani-ulcinj-5-e-noc\/velka-plaz_ulcinj_cerna-hora\/'><img width=\"150\" height=\"150\" src=\"https:\/\/www.visit-ulcinj.com\/blog\/wp-content\/uploads\/2009\/05\/velka-plaz_ulcinj_cerna-hora-150x150.jpg\" class=\"attachment-thumbnail size-thumbnail\" alt=\"\" loading=\"lazy\" \/><\/a>\n\t\t\t<\/dt><\/dl><dl class='gallery-item'>\n\t\t\t<dt class='gallery-icon portrait'>\n\t\t\t\t<a href='https:\/\/www.visit-ulcinj.com\/blog\/2009\/05\/03\/a-ubytovani-ulcinj-5-e-noc\/velka-plaz_ulcinj_cerna-hora_map\/'><img width=\"150\" height=\"150\" src=\"https:\/\/www.visit-ulcinj.com\/blog\/wp-content\/uploads\/2009\/05\/velka-plaz_ulcinj_cerna-hora_map-150x150.gif\" class=\"attachment-thumbnail size-thumbnail\" alt=\"\" loading=\"lazy\" srcset=\"https:\/\/www.visit-ulcinj.com\/blog\/wp-content\/uploads\/2009\/05\/velka-plaz_ulcinj_cerna-hora_map-150x150.gif 150w, https:\/\/www.visit-ulcinj.com\/blog\/wp-content\/uploads\/2009\/05\/velka-plaz_ulcinj_cerna-hora_map.gif 800w\" sizes=\"(max-width: 150px) 100vw, 150px\" \/><\/a>\n\t\t\t<\/dt><\/dl><br style=\"clear: both\" \/><dl class='gallery-item'>\n\t\t\t<dt class='gallery-icon landscape'>\n\t\t\t\t<a href='https:\/\/www.visit-ulcinj.com\/blog\/2009\/05\/03\/a-ubytovani-ulcinj-5-e-noc\/mala-plaz_ulcinj_cerna-hora\/'><img width=\"150\" height=\"150\" src=\"https:\/\/www.visit-ulcinj.com\/blog\/wp-content\/uploads\/2009\/05\/mala-plaz_ulcinj_cerna-hora-150x150.jpg\" class=\"attachment-thumbnail size-thumbnail\" alt=\"\" loading=\"lazy\" \/><\/a>\n\t\t\t<\/dt><\/dl><dl class='gallery-item'>\n\t\t\t<dt class='gallery-icon landscape'>\n\t\t\t\t<a href='https:\/\/www.visit-ulcinj.com\/blog\/2009\/05\/03\/a-ubytovani-ulcinj-5-e-noc\/a-ubytovani-ulcinj-5-e-noc__cerna-hora5\/'><img width=\"150\" height=\"150\" src=\"https:\/\/www.visit-ulcinj.com\/blog\/wp-content\/uploads\/2009\/05\/a-ubytovani-ulcinj-5-e-noc__cerna-hora5-150x150.jpg\" class=\"attachment-thumbnail size-thumbnail\" alt=\"\" loading=\"lazy\" \/><\/a>\n\t\t\t<\/dt><\/dl><dl class='gallery-item'>\n\t\t\t<dt class='gallery-icon landscape'>\n\t\t\t\t<a href='https:\/\/www.visit-ulcinj.com\/blog\/2009\/05\/03\/a-ubytovani-ulcinj-5-e-noc\/velka-plaz_ulcinj_cerna-hora3\/'><img width=\"150\" height=\"150\" src=\"https:\/\/www.visit-ulcinj.com\/blog\/wp-content\/uploads\/2009\/05\/velka-plaz_ulcinj_cerna-hora3-150x150.jpg\" class=\"attachment-thumbnail size-thumbnail\" alt=\"\" loading=\"lazy\" \/><\/a>\n\t\t\t<\/dt><\/dl><br style=\"clear: both\" \/><dl class='gallery-item'>\n\t\t\t<dt class='gallery-icon landscape'>\n\t\t\t\t<a href='https:\/\/www.visit-ulcinj.com\/blog\/2009\/05\/03\/a-ubytovani-ulcinj-5-e-noc\/a-ubytovani-ulcinj-5e-%e2%80%93-7e-noc_cierna-hora\/'><img width=\"150\" height=\"136\" src=\"https:\/\/www.visit-ulcinj.com\/blog\/wp-content\/uploads\/2009\/05\/A-Ubytov\u00e1n\u00ed-Ulcinj-5\u20ac-\u2013-7\u20ac-noc_cierna-Hora-150x136.jpg\" class=\"attachment-thumbnail size-thumbnail\" alt=\"\" loading=\"lazy\" \/><\/a>\n\t\t\t<\/dt><\/dl>\n\t\t\t<br style='clear: both' \/>\n\t\t<\/div>\n\n<p>[flv width=&#8221;490&#8243; height=&#8221;400&#8243;]http:\/\/video.zoover.nl\/media\/play\/2010\/01\/20100125130811_025.flv[\/flv]<\/p>\n","protected":false},"excerpt":{"rendered":"<p>Ubytov\u00e1n\u00ed se nach\u00e1z\u00ed na ji\u017en\u00edm mysu, p\u00e1r minut od m?stsk\u00e9 pl\u00e1\u017ee.Ubytov\u00e1n\u00ed v rodinn\u00e9m dom?, 200m od mo?e. P\u00edse?n\u00e1 pl\u00e1\u017e. Parkov\u00e1n\u00ed u objektu. Obchod 200m. Restaurace 200m. Centrum m?sta 2km. Ubytovac\u00ed kapacita: 3x 2-l?\u017ekov\u00fd pokoj, v ka?d\u00e9m pokoji koupelna se sprchov\u00fdm koutem a WC, kuchy? se spor\u00e1kem a chladni?kou, balkon. Ulcinj Ulcinj je nejji\u017en?ji polo\u017een\u00e9 m?sto [&hellip;]<\/p>\n","protected":false},"author":1,"featured_media":0,"comment_status":"open","ping_status":"closed","sticky":false,"template":"","format":"standard","meta":{"spay_email":"","jetpack_publicize_message":"","jetpack_is_tweetstorm":false,"jetpack_publicize_feature_enabled":true},"categories":[7679],"tags":[2093,138,9901,9904,9907,9903,9905,9906,9900,9902],"jetpack_publicize_connections":[],"yoast_head":"<!-- This site is optimized with the Yoast SEO plugin v19.1 - https:\/\/yoast.com\/wordpress\/plugins\/seo\/ -->\n<title>A Ubytov\u00e1n\u00ed Ulcinj 7\u20ac - 9\u20ac noc - Lajme nga Ulqini<\/title>\n<meta name=\"description\" content=\"Ubytov\u00e1n\u00ed se nach\u00e1z\u00ed na ji\u017en\u00edm mysu, p\u00e1r minut od m?stsk\u00e9 pl\u00e1\u017ee.Ubytov\u00e1n\u00ed v rodinn\u00e9m dom?, 200m od mo?e. P\u00edse?n\u00e1 pl\u00e1\u017e. Parkov\u00e1n\u00ed u objektu. Obchod 200m.\" \/>\n<meta name=\"robots\" content=\"index, follow, max-snippet:-1, max-image-preview:large, max-video-preview:-1\" \/>\n<link rel=\"canonical\" href=\"https:\/\/www.visit-ulcinj.com\/blog\/2009\/05\/03\/a-ubytovani-ulcinj-5-e-noc\/\" \/>\n<meta property=\"og:locale\" content=\"en_US\" \/>\n<meta property=\"og:type\" content=\"article\" \/>\n<meta property=\"og:title\" content=\"A Ubytov\u00e1n\u00ed Ulcinj 7\u20ac - 9\u20ac noc - Lajme nga Ulqini\" \/>\n<meta property=\"og:description\" content=\"Ubytov\u00e1n\u00ed se nach\u00e1z\u00ed na ji\u017en\u00edm mysu, p\u00e1r minut od m?stsk\u00e9 pl\u00e1\u017ee.Ubytov\u00e1n\u00ed v rodinn\u00e9m dom?, 200m od mo?e. P\u00edse?n\u00e1 pl\u00e1\u017e. Parkov\u00e1n\u00ed u objektu. Obchod 200m.\" \/>\n<meta property=\"og:url\" content=\"https:\/\/www.visit-ulcinj.com\/blog\/2009\/05\/03\/a-ubytovani-ulcinj-5-e-noc\/\" \/>\n<meta property=\"og:site_name\" content=\"Lajme nga Ulqini\" \/>\n<meta property=\"article:published_time\" content=\"2009-05-03T09:08:38+00:00\" \/>\n<meta property=\"article:modified_time\" content=\"2022-08-03T16:41:16+00:00\" \/>\n<meta property=\"og:image\" content=\"http:\/\/www.visit-ulcinj.com\/blog\/wp-content\/uploads\/2009\/05\/a-ubytovani-ulcinj-5-e-noc_cerna-hora-150x150.jpg\" \/>\n<meta name=\"twitter:label1\" content=\"Written by\" \/>\n\t<meta name=\"twitter:data1\" content=\"ulqini\" \/>\n\t<meta name=\"twitter:label2\" content=\"Est. reading time\" \/>\n\t<meta name=\"twitter:data2\" content=\"2 minutes\" \/>\n<script type=\"application\/ld+json\" class=\"yoast-schema-graph\">{\"@context\":\"https:\/\/schema.org\",\"@graph\":[{\"@type\":\"WebSite\",\"@id\":\"https:\/\/www.visit-ulcinj.com\/blog\/#website\",\"url\":\"https:\/\/www.visit-ulcinj.com\/blog\/\",\"name\":\"Lajme nga Ulqini\",\"description\":\"Lajme,Vijesti,Ulqini,Ulqin,Crna Gora,Mali i Zi\",\"potentialAction\":[{\"@type\":\"SearchAction\",\"target\":{\"@type\":\"EntryPoint\",\"urlTemplate\":\"https:\/\/www.visit-ulcinj.com\/blog\/?s={search_term_string}\"},\"query-input\":\"required name=search_term_string\"}],\"inLanguage\":\"en-US\"},{\"@type\":\"ImageObject\",\"inLanguage\":\"en-US\",\"@id\":\"https:\/\/www.visit-ulcinj.com\/blog\/2009\/05\/03\/a-ubytovani-ulcinj-5-e-noc\/#primaryimage\",\"url\":\"https:\/\/www.visit-ulcinj.com\/blog\/wp-content\/uploads\/2009\/05\/velka-plaz_ulcinj_cerna-hora.jpg\",\"contentUrl\":\"https:\/\/www.visit-ulcinj.com\/blog\/wp-content\/uploads\/2009\/05\/velka-plaz_ulcinj_cerna-hora.jpg\",\"width\":\"800\",\"height\":\"600\"},{\"@type\":\"WebPage\",\"@id\":\"https:\/\/www.visit-ulcinj.com\/blog\/2009\/05\/03\/a-ubytovani-ulcinj-5-e-noc\/#webpage\",\"url\":\"https:\/\/www.visit-ulcinj.com\/blog\/2009\/05\/03\/a-ubytovani-ulcinj-5-e-noc\/\",\"name\":\"A Ubytov\u00e1n\u00ed Ulcinj 7\u20ac - 9\u20ac noc - Lajme nga Ulqini\",\"isPartOf\":{\"@id\":\"https:\/\/www.visit-ulcinj.com\/blog\/#website\"},\"primaryImageOfPage\":{\"@id\":\"https:\/\/www.visit-ulcinj.com\/blog\/2009\/05\/03\/a-ubytovani-ulcinj-5-e-noc\/#primaryimage\"},\"datePublished\":\"2009-05-03T09:08:38+00:00\",\"dateModified\":\"2022-08-03T16:41:16+00:00\",\"author\":{\"@id\":\"https:\/\/www.visit-ulcinj.com\/blog\/#\/schema\/person\/dcab619c614d3038751c63bc2aadc06d\"},\"description\":\"Ubytov\u00e1n\u00ed se nach\u00e1z\u00ed na ji\u017en\u00edm mysu, p\u00e1r minut od m?stsk\u00e9 pl\u00e1\u017ee.Ubytov\u00e1n\u00ed v rodinn\u00e9m dom?, 200m od mo?e. P\u00edse?n\u00e1 pl\u00e1\u017e. Parkov\u00e1n\u00ed u objektu. Obchod 200m.\",\"breadcrumb\":{\"@id\":\"https:\/\/www.visit-ulcinj.com\/blog\/2009\/05\/03\/a-ubytovani-ulcinj-5-e-noc\/#breadcrumb\"},\"inLanguage\":\"en-US\",\"potentialAction\":[{\"@type\":\"ReadAction\",\"target\":[\"https:\/\/www.visit-ulcinj.com\/blog\/2009\/05\/03\/a-ubytovani-ulcinj-5-e-noc\/\"]}]},{\"@type\":\"BreadcrumbList\",\"@id\":\"https:\/\/www.visit-ulcinj.com\/blog\/2009\/05\/03\/a-ubytovani-ulcinj-5-e-noc\/#breadcrumb\",\"itemListElement\":[{\"@type\":\"ListItem\",\"position\":1,\"name\":\"A Ubytov\u00e1n\u00ed Ulcinj 7\u20ac &#8211; 9\u20ac noc\"}]},{\"@type\":\"Person\",\"@id\":\"https:\/\/www.visit-ulcinj.com\/blog\/#\/schema\/person\/dcab619c614d3038751c63bc2aadc06d\",\"name\":\"ulqini\",\"sameAs\":[\"http:\/\/www.visit-ulcinj.com\"],\"url\":\"https:\/\/www.visit-ulcinj.com\/blog\/author\/admin\/\"}]}<\/script>\n<!-- \/ Yoast SEO plugin. -->","yoast_head_json":{"title":"A Ubytov\u00e1n\u00ed Ulcinj 7\u20ac - 9\u20ac noc - Lajme nga Ulqini","description":"Ubytov\u00e1n\u00ed se nach\u00e1z\u00ed na ji\u017en\u00edm mysu, p\u00e1r minut od m?stsk\u00e9 pl\u00e1\u017ee.Ubytov\u00e1n\u00ed v rodinn\u00e9m dom?, 200m od mo?e. P\u00edse?n\u00e1 pl\u00e1\u017e. Parkov\u00e1n\u00ed u objektu. Obchod 200m.","robots":{"index":"index","follow":"follow","max-snippet":"max-snippet:-1","max-image-preview":"max-image-preview:large","max-video-preview":"max-video-preview:-1"},"canonical":"https:\/\/www.visit-ulcinj.com\/blog\/2009\/05\/03\/a-ubytovani-ulcinj-5-e-noc\/","og_locale":"en_US","og_type":"article","og_title":"A Ubytov\u00e1n\u00ed Ulcinj 7\u20ac - 9\u20ac noc - Lajme nga Ulqini","og_description":"Ubytov\u00e1n\u00ed se nach\u00e1z\u00ed na ji\u017en\u00edm mysu, p\u00e1r minut od m?stsk\u00e9 pl\u00e1\u017ee.Ubytov\u00e1n\u00ed v rodinn\u00e9m dom?, 200m od mo?e. P\u00edse?n\u00e1 pl\u00e1\u017e. Parkov\u00e1n\u00ed u objektu. Obchod 200m.","og_url":"https:\/\/www.visit-ulcinj.com\/blog\/2009\/05\/03\/a-ubytovani-ulcinj-5-e-noc\/","og_site_name":"Lajme nga Ulqini","article_published_time":"2009-05-03T09:08:38+00:00","article_modified_time":"2022-08-03T16:41:16+00:00","og_image":[{"url":"http:\/\/www.visit-ulcinj.com\/blog\/wp-content\/uploads\/2009\/05\/a-ubytovani-ulcinj-5-e-noc_cerna-hora-150x150.jpg"}],"twitter_misc":{"Written by":"ulqini","Est. reading time":"2 minutes"},"schema":{"@context":"https:\/\/schema.org","@graph":[{"@type":"WebSite","@id":"https:\/\/www.visit-ulcinj.com\/blog\/#website","url":"https:\/\/www.visit-ulcinj.com\/blog\/","name":"Lajme nga Ulqini","description":"Lajme,Vijesti,Ulqini,Ulqin,Crna Gora,Mali i Zi","potentialAction":[{"@type":"SearchAction","target":{"@type":"EntryPoint","urlTemplate":"https:\/\/www.visit-ulcinj.com\/blog\/?s={search_term_string}"},"query-input":"required name=search_term_string"}],"inLanguage":"en-US"},{"@type":"ImageObject","inLanguage":"en-US","@id":"https:\/\/www.visit-ulcinj.com\/blog\/2009\/05\/03\/a-ubytovani-ulcinj-5-e-noc\/#primaryimage","url":"https:\/\/www.visit-ulcinj.com\/blog\/wp-content\/uploads\/2009\/05\/velka-plaz_ulcinj_cerna-hora.jpg","contentUrl":"https:\/\/www.visit-ulcinj.com\/blog\/wp-content\/uploads\/2009\/05\/velka-plaz_ulcinj_cerna-hora.jpg","width":"800","height":"600"},{"@type":"WebPage","@id":"https:\/\/www.visit-ulcinj.com\/blog\/2009\/05\/03\/a-ubytovani-ulcinj-5-e-noc\/#webpage","url":"https:\/\/www.visit-ulcinj.com\/blog\/2009\/05\/03\/a-ubytovani-ulcinj-5-e-noc\/","name":"A Ubytov\u00e1n\u00ed Ulcinj 7\u20ac - 9\u20ac noc - Lajme nga Ulqini","isPartOf":{"@id":"https:\/\/www.visit-ulcinj.com\/blog\/#website"},"primaryImageOfPage":{"@id":"https:\/\/www.visit-ulcinj.com\/blog\/2009\/05\/03\/a-ubytovani-ulcinj-5-e-noc\/#primaryimage"},"datePublished":"2009-05-03T09:08:38+00:00","dateModified":"2022-08-03T16:41:16+00:00","author":{"@id":"https:\/\/www.visit-ulcinj.com\/blog\/#\/schema\/person\/dcab619c614d3038751c63bc2aadc06d"},"description":"Ubytov\u00e1n\u00ed se nach\u00e1z\u00ed na ji\u017en\u00edm mysu, p\u00e1r minut od m?stsk\u00e9 pl\u00e1\u017ee.Ubytov\u00e1n\u00ed v rodinn\u00e9m dom?, 200m od mo?e. P\u00edse?n\u00e1 pl\u00e1\u017e. Parkov\u00e1n\u00ed u objektu. Obchod 200m.","breadcrumb":{"@id":"https:\/\/www.visit-ulcinj.com\/blog\/2009\/05\/03\/a-ubytovani-ulcinj-5-e-noc\/#breadcrumb"},"inLanguage":"en-US","potentialAction":[{"@type":"ReadAction","target":["https:\/\/www.visit-ulcinj.com\/blog\/2009\/05\/03\/a-ubytovani-ulcinj-5-e-noc\/"]}]},{"@type":"BreadcrumbList","@id":"https:\/\/www.visit-ulcinj.com\/blog\/2009\/05\/03\/a-ubytovani-ulcinj-5-e-noc\/#breadcrumb","itemListElement":[{"@type":"ListItem","position":1,"name":"A Ubytov\u00e1n\u00ed Ulcinj 7\u20ac &#8211; 9\u20ac noc"}]},{"@type":"Person","@id":"https:\/\/www.visit-ulcinj.com\/blog\/#\/schema\/person\/dcab619c614d3038751c63bc2aadc06d","name":"ulqini","sameAs":["http:\/\/www.visit-ulcinj.com"],"url":"https:\/\/www.visit-ulcinj.com\/blog\/author\/admin\/"}]}},"jetpack_featured_media_url":"","jetpack_sharing_enabled":true,"jetpack_shortlink":"https:\/\/wp.me\/pe6lTn-5cw","_links":{"self":[{"href":"https:\/\/www.visit-ulcinj.com\/blog\/wp-json\/wp\/v2\/posts\/19996"}],"collection":[{"href":"https:\/\/www.visit-ulcinj.com\/blog\/wp-json\/wp\/v2\/posts"}],"about":[{"href":"https:\/\/www.visit-ulcinj.com\/blog\/wp-json\/wp\/v2\/types\/post"}],"author":[{"embeddable":true,"href":"https:\/\/www.visit-ulcinj.com\/blog\/wp-json\/wp\/v2\/users\/1"}],"replies":[{"embeddable":true,"href":"https:\/\/www.visit-ulcinj.com\/blog\/wp-json\/wp\/v2\/comments?post=19996"}],"version-history":[{"count":7,"href":"https:\/\/www.visit-ulcinj.com\/blog\/wp-json\/wp\/v2\/posts\/19996\/revisions"}],"predecessor-version":[{"id":106756,"href":"https:\/\/www.visit-ulcinj.com\/blog\/wp-json\/wp\/v2\/posts\/19996\/revisions\/106756"}],"wp:attachment":[{"href":"https:\/\/www.visit-ulcinj.com\/blog\/wp-json\/wp\/v2\/media?parent=19996"}],"wp:term":[{"taxonomy":"category","embeddable":true,"href":"https:\/\/www.visit-ulcinj.com\/blog\/wp-json\/wp\/v2\/categories?post=19996"},{"taxonomy":"post_tag","embeddable":true,"href":"https:\/\/www.visit-ulcinj.com\/blog\/wp-json\/wp\/v2\/tags?post=19996"}],"curies":[{"name":"wp","href":"https:\/\/api.w.org\/{rel}","templated":true}]}}