{"id":20074,"date":"2009-05-04T18:33:15","date_gmt":"2009-05-04T16:33:15","guid":{"rendered":"http:\/\/www.visit-ulcinj.com\/blog\/?p=20074"},"modified":"2009-05-04T18:33:15","modified_gmt":"2009-05-04T16:33:15","slug":"ali-rexha-kryetar-i-ri-i-ppd-se","status":"publish","type":"post","link":"https:\/\/www.visit-ulcinj.com\/blog\/2009\/05\/04\/ali-rexha-kryetar-i-ri-i-ppd-se\/","title":{"rendered":"Ali Rexha kryetar i ri i PPD-s\u00eb"},"content":{"rendered":"<p><a href=\"http:\/\/www.visit-ulcinj.com\/blog\/wp-content\/uploads\/2009\/05\/ali-rexha-kryetar-i-ppd_se_ulqin.jpg\"><img loading=\"lazy\" class=\"alignleft size-full wp-image-20075\" title=\"ali-rexha-kryetar-i-ppd_se_ulqin\" src=\"http:\/\/www.visit-ulcinj.com\/blog\/wp-content\/uploads\/2009\/05\/ali-rexha-kryetar-i-ppd_se_ulqin.jpg\" alt=\"ali-rexha-kryetar-i-ppd_se_ulqin\" width=\"384\" height=\"211\" srcset=\"https:\/\/www.visit-ulcinj.com\/blog\/wp-content\/uploads\/2009\/05\/ali-rexha-kryetar-i-ppd_se_ulqin.jpg 512w, https:\/\/www.visit-ulcinj.com\/blog\/wp-content\/uploads\/2009\/05\/ali-rexha-kryetar-i-ppd_se_ulqin-300x164.jpg 300w\" sizes=\"(max-width: 384px) 100vw, 384px\" \/><\/a>Ulqin &#8211; T\u00eb diel\u00ebn n\u00eb Ulqin, me dyer t\u00eb mbyllura, u mbajt Kongresi i kat\u00ebrt i Partis\u00eb s\u00eb Prosperitetit Demokratik.<br \/>\nKongresi p\u00ebr kryetar t\u00eb ri t\u00eb partis\u00eb zgjodhi Ali Rexh\u00ebn. Kuvendi zgjodhi edhe K\u00ebshillin Drejtues t\u00eb partis\u00eb n\u00eb p\u00ebrb\u00ebrje prej 11 an\u00ebtar\u00ebsh, nd\u00ebrsa funksionar\u00ebt e tjer\u00eb udh\u00ebheq\u00ebs t\u00eb partis\u00eb do t\u00eb zgjedhen n\u00eb mbledhjen konstituive t\u00eb K\u00ebshillit Drejtues t\u00eb partis\u00eb q\u00eb do t\u00eb mbahet s\u00eb<br \/>\nshpejti.<br \/>\nN\u00eb njoftimin p\u00ebr shtyp t\u00eb PPD-s\u00eb thuhet se me k\u00ebt\u00eb p\u00ebrfundoi edhe kriza dyvje\u00e7are e PPD-s\u00eb dhe fillon konsolidimi i saj n\u00eb t\u00eb gjitha trojet etnike shqiptare n\u00eb Mal t\u00eb Zi, ku si baz\u00eb do t\u00eb jen\u00eb rezultatet e votave t\u00eb fituara n\u00eb zgjedhjet e parakohshme parlamentare t\u00eb mbajtura m\u00eb 29 mars.<br \/>\nKongresi gjithashtu miratoi programin e pun\u00ebs s\u00eb partis\u00eb gjat\u00eb periudh\u00ebs n\u00eb mes dy kongreseve dhe verifikoi vendimet e marra m\u00eb par\u00eb rreth veprimeve t\u00eb k\u00ebshilltar\u00ebve t\u00eb PPD-s\u00eb n\u00eb pushtetin lokal t\u00eb Ulqinit, duke p\u00ebrmendur q\u00eb k\u00ebshilltar\u00ebt jan\u00eb duke vepruar n\u00eb t\u00eb mir\u00eb t\u00eb partis\u00eb dhe t\u00eb qytetar\u00ebve t\u00eb komun\u00ebs s\u00eb Ulqinit.<br \/>\n<strong><br \/>\nGj.GJonaj<br \/>\nKoha Javore<\/strong><\/p>\n","protected":false},"excerpt":{"rendered":"<p>Ulqin &#8211; T\u00eb diel\u00ebn n\u00eb Ulqin, me dyer t\u00eb mbyllura, u mbajt Kongresi i kat\u00ebrt i Partis\u00eb s\u00eb Prosperitetit Demokratik. Kongresi p\u00ebr kryetar t\u00eb ri t\u00eb partis\u00eb zgjodhi Ali Rexh\u00ebn. Kuvendi zgjodhi edhe K\u00ebshillin Drejtues t\u00eb partis\u00eb n\u00eb p\u00ebrb\u00ebrje prej 11 an\u00ebtar\u00ebsh, nd\u00ebrsa funksionar\u00ebt e tjer\u00eb udh\u00ebheq\u00ebs t\u00eb partis\u00eb do t\u00eb zgjedhen n\u00eb mbledhjen konstituive [&hellip;]<\/p>\n","protected":false},"author":1,"featured_media":0,"comment_status":"open","ping_status":"closed","sticky":false,"template":"","format":"standard","meta":{"spay_email":"","jetpack_publicize_message":"","jetpack_is_tweetstorm":false,"jetpack_publicize_feature_enabled":true},"categories":[12],"tags":[8027,9920,6215,9921,1877,200],"jetpack_publicize_connections":[],"yoast_head":"<!-- This site is optimized with the Yoast SEO plugin v19.1 - https:\/\/yoast.com\/wordpress\/plugins\/seo\/ -->\n<title>Ali Rexha kryetar i ri i PPD-s\u00eb - Lajme nga Ulqini<\/title>\n<meta name=\"description\" content=\"Ulqin - T\u00eb diel\u00ebn n\u00eb Ulqin, me dyer t\u00eb mbyllura, u mbajt Kongresi i kat\u00ebrt i Partis\u00eb s\u00eb Prosperitetit Demokratik. Kongresi p\u00ebr kryetar t\u00eb ri t\u00eb partis\u00eb\" \/>\n<meta name=\"robots\" content=\"index, follow, max-snippet:-1, max-image-preview:large, max-video-preview:-1\" \/>\n<link rel=\"canonical\" href=\"https:\/\/www.visit-ulcinj.com\/blog\/2009\/05\/04\/ali-rexha-kryetar-i-ri-i-ppd-se\/\" \/>\n<meta property=\"og:locale\" content=\"en_US\" \/>\n<meta property=\"og:type\" content=\"article\" \/>\n<meta property=\"og:title\" content=\"Ali Rexha kryetar i ri i PPD-s\u00eb - Lajme nga Ulqini\" \/>\n<meta property=\"og:description\" content=\"Ulqin - T\u00eb diel\u00ebn n\u00eb Ulqin, me dyer t\u00eb mbyllura, u mbajt Kongresi i kat\u00ebrt i Partis\u00eb s\u00eb Prosperitetit Demokratik. Kongresi p\u00ebr kryetar t\u00eb ri t\u00eb partis\u00eb\" \/>\n<meta property=\"og:url\" content=\"https:\/\/www.visit-ulcinj.com\/blog\/2009\/05\/04\/ali-rexha-kryetar-i-ri-i-ppd-se\/\" \/>\n<meta property=\"og:site_name\" content=\"Lajme nga Ulqini\" \/>\n<meta property=\"article:published_time\" content=\"2009-05-04T16:33:15+00:00\" \/>\n<meta property=\"og:image\" content=\"http:\/\/www.visit-ulcinj.com\/blog\/wp-content\/uploads\/2009\/05\/ali-rexha-kryetar-i-ppd_se_ulqin.jpg\" \/>\n<meta name=\"twitter:label1\" content=\"Written by\" \/>\n\t<meta name=\"twitter:data1\" content=\"ulqini\" \/>\n\t<meta name=\"twitter:label2\" content=\"Est. reading time\" \/>\n\t<meta name=\"twitter:data2\" content=\"1 minute\" \/>\n<script type=\"application\/ld+json\" class=\"yoast-schema-graph\">{\"@context\":\"https:\/\/schema.org\",\"@graph\":[{\"@type\":\"WebSite\",\"@id\":\"https:\/\/www.visit-ulcinj.com\/blog\/#website\",\"url\":\"https:\/\/www.visit-ulcinj.com\/blog\/\",\"name\":\"Lajme nga Ulqini\",\"description\":\"Lajme,Vijesti,Ulqini,Ulqin,Crna Gora,Mali i Zi\",\"potentialAction\":[{\"@type\":\"SearchAction\",\"target\":{\"@type\":\"EntryPoint\",\"urlTemplate\":\"https:\/\/www.visit-ulcinj.com\/blog\/?s={search_term_string}\"},\"query-input\":\"required name=search_term_string\"}],\"inLanguage\":\"en-US\"},{\"@type\":\"ImageObject\",\"inLanguage\":\"en-US\",\"@id\":\"https:\/\/www.visit-ulcinj.com\/blog\/2009\/05\/04\/ali-rexha-kryetar-i-ri-i-ppd-se\/#primaryimage\",\"url\":\"https:\/\/www.visit-ulcinj.com\/blog\/wp-content\/uploads\/2009\/05\/ali-rexha-kryetar-i-ppd_se_ulqin.jpg\",\"contentUrl\":\"https:\/\/www.visit-ulcinj.com\/blog\/wp-content\/uploads\/2009\/05\/ali-rexha-kryetar-i-ppd_se_ulqin.jpg\",\"width\":\"512\",\"height\":\"281\"},{\"@type\":\"WebPage\",\"@id\":\"https:\/\/www.visit-ulcinj.com\/blog\/2009\/05\/04\/ali-rexha-kryetar-i-ri-i-ppd-se\/#webpage\",\"url\":\"https:\/\/www.visit-ulcinj.com\/blog\/2009\/05\/04\/ali-rexha-kryetar-i-ri-i-ppd-se\/\",\"name\":\"Ali Rexha kryetar i ri i PPD-s\u00eb - Lajme nga Ulqini\",\"isPartOf\":{\"@id\":\"https:\/\/www.visit-ulcinj.com\/blog\/#website\"},\"primaryImageOfPage\":{\"@id\":\"https:\/\/www.visit-ulcinj.com\/blog\/2009\/05\/04\/ali-rexha-kryetar-i-ri-i-ppd-se\/#primaryimage\"},\"datePublished\":\"2009-05-04T16:33:15+00:00\",\"dateModified\":\"2009-05-04T16:33:15+00:00\",\"author\":{\"@id\":\"https:\/\/www.visit-ulcinj.com\/blog\/#\/schema\/person\/dcab619c614d3038751c63bc2aadc06d\"},\"description\":\"Ulqin - T\u00eb diel\u00ebn n\u00eb Ulqin, me dyer t\u00eb mbyllura, u mbajt Kongresi i kat\u00ebrt i Partis\u00eb s\u00eb Prosperitetit Demokratik. Kongresi p\u00ebr kryetar t\u00eb ri t\u00eb partis\u00eb\",\"breadcrumb\":{\"@id\":\"https:\/\/www.visit-ulcinj.com\/blog\/2009\/05\/04\/ali-rexha-kryetar-i-ri-i-ppd-se\/#breadcrumb\"},\"inLanguage\":\"en-US\",\"potentialAction\":[{\"@type\":\"ReadAction\",\"target\":[\"https:\/\/www.visit-ulcinj.com\/blog\/2009\/05\/04\/ali-rexha-kryetar-i-ri-i-ppd-se\/\"]}]},{\"@type\":\"BreadcrumbList\",\"@id\":\"https:\/\/www.visit-ulcinj.com\/blog\/2009\/05\/04\/ali-rexha-kryetar-i-ri-i-ppd-se\/#breadcrumb\",\"itemListElement\":[{\"@type\":\"ListItem\",\"position\":1,\"name\":\"Ali Rexha kryetar i ri i PPD-s\u00eb\"}]},{\"@type\":\"Person\",\"@id\":\"https:\/\/www.visit-ulcinj.com\/blog\/#\/schema\/person\/dcab619c614d3038751c63bc2aadc06d\",\"name\":\"ulqini\",\"sameAs\":[\"http:\/\/www.visit-ulcinj.com\"],\"url\":\"https:\/\/www.visit-ulcinj.com\/blog\/author\/admin\/\"}]}<\/script>\n<!-- \/ Yoast SEO plugin. -->","yoast_head_json":{"title":"Ali Rexha kryetar i ri i PPD-s\u00eb - Lajme nga Ulqini","description":"Ulqin - T\u00eb diel\u00ebn n\u00eb Ulqin, me dyer t\u00eb mbyllura, u mbajt Kongresi i kat\u00ebrt i Partis\u00eb s\u00eb Prosperitetit Demokratik. Kongresi p\u00ebr kryetar t\u00eb ri t\u00eb partis\u00eb","robots":{"index":"index","follow":"follow","max-snippet":"max-snippet:-1","max-image-preview":"max-image-preview:large","max-video-preview":"max-video-preview:-1"},"canonical":"https:\/\/www.visit-ulcinj.com\/blog\/2009\/05\/04\/ali-rexha-kryetar-i-ri-i-ppd-se\/","og_locale":"en_US","og_type":"article","og_title":"Ali Rexha kryetar i ri i PPD-s\u00eb - Lajme nga Ulqini","og_description":"Ulqin - T\u00eb diel\u00ebn n\u00eb Ulqin, me dyer t\u00eb mbyllura, u mbajt Kongresi i kat\u00ebrt i Partis\u00eb s\u00eb Prosperitetit Demokratik. Kongresi p\u00ebr kryetar t\u00eb ri t\u00eb partis\u00eb","og_url":"https:\/\/www.visit-ulcinj.com\/blog\/2009\/05\/04\/ali-rexha-kryetar-i-ri-i-ppd-se\/","og_site_name":"Lajme nga Ulqini","article_published_time":"2009-05-04T16:33:15+00:00","og_image":[{"url":"http:\/\/www.visit-ulcinj.com\/blog\/wp-content\/uploads\/2009\/05\/ali-rexha-kryetar-i-ppd_se_ulqin.jpg"}],"twitter_misc":{"Written by":"ulqini","Est. reading time":"1 minute"},"schema":{"@context":"https:\/\/schema.org","@graph":[{"@type":"WebSite","@id":"https:\/\/www.visit-ulcinj.com\/blog\/#website","url":"https:\/\/www.visit-ulcinj.com\/blog\/","name":"Lajme nga Ulqini","description":"Lajme,Vijesti,Ulqini,Ulqin,Crna Gora,Mali i Zi","potentialAction":[{"@type":"SearchAction","target":{"@type":"EntryPoint","urlTemplate":"https:\/\/www.visit-ulcinj.com\/blog\/?s={search_term_string}"},"query-input":"required name=search_term_string"}],"inLanguage":"en-US"},{"@type":"ImageObject","inLanguage":"en-US","@id":"https:\/\/www.visit-ulcinj.com\/blog\/2009\/05\/04\/ali-rexha-kryetar-i-ri-i-ppd-se\/#primaryimage","url":"https:\/\/www.visit-ulcinj.com\/blog\/wp-content\/uploads\/2009\/05\/ali-rexha-kryetar-i-ppd_se_ulqin.jpg","contentUrl":"https:\/\/www.visit-ulcinj.com\/blog\/wp-content\/uploads\/2009\/05\/ali-rexha-kryetar-i-ppd_se_ulqin.jpg","width":"512","height":"281"},{"@type":"WebPage","@id":"https:\/\/www.visit-ulcinj.com\/blog\/2009\/05\/04\/ali-rexha-kryetar-i-ri-i-ppd-se\/#webpage","url":"https:\/\/www.visit-ulcinj.com\/blog\/2009\/05\/04\/ali-rexha-kryetar-i-ri-i-ppd-se\/","name":"Ali Rexha kryetar i ri i PPD-s\u00eb - Lajme nga Ulqini","isPartOf":{"@id":"https:\/\/www.visit-ulcinj.com\/blog\/#website"},"primaryImageOfPage":{"@id":"https:\/\/www.visit-ulcinj.com\/blog\/2009\/05\/04\/ali-rexha-kryetar-i-ri-i-ppd-se\/#primaryimage"},"datePublished":"2009-05-04T16:33:15+00:00","dateModified":"2009-05-04T16:33:15+00:00","author":{"@id":"https:\/\/www.visit-ulcinj.com\/blog\/#\/schema\/person\/dcab619c614d3038751c63bc2aadc06d"},"description":"Ulqin - T\u00eb diel\u00ebn n\u00eb Ulqin, me dyer t\u00eb mbyllura, u mbajt Kongresi i kat\u00ebrt i Partis\u00eb s\u00eb Prosperitetit Demokratik. Kongresi p\u00ebr kryetar t\u00eb ri t\u00eb partis\u00eb","breadcrumb":{"@id":"https:\/\/www.visit-ulcinj.com\/blog\/2009\/05\/04\/ali-rexha-kryetar-i-ri-i-ppd-se\/#breadcrumb"},"inLanguage":"en-US","potentialAction":[{"@type":"ReadAction","target":["https:\/\/www.visit-ulcinj.com\/blog\/2009\/05\/04\/ali-rexha-kryetar-i-ri-i-ppd-se\/"]}]},{"@type":"BreadcrumbList","@id":"https:\/\/www.visit-ulcinj.com\/blog\/2009\/05\/04\/ali-rexha-kryetar-i-ri-i-ppd-se\/#breadcrumb","itemListElement":[{"@type":"ListItem","position":1,"name":"Ali Rexha kryetar i ri i PPD-s\u00eb"}]},{"@type":"Person","@id":"https:\/\/www.visit-ulcinj.com\/blog\/#\/schema\/person\/dcab619c614d3038751c63bc2aadc06d","name":"ulqini","sameAs":["http:\/\/www.visit-ulcinj.com"],"url":"https:\/\/www.visit-ulcinj.com\/blog\/author\/admin\/"}]}},"jetpack_featured_media_url":"","jetpack_sharing_enabled":true,"jetpack_shortlink":"https:\/\/wp.me\/pe6lTn-5dM","_links":{"self":[{"href":"https:\/\/www.visit-ulcinj.com\/blog\/wp-json\/wp\/v2\/posts\/20074"}],"collection":[{"href":"https:\/\/www.visit-ulcinj.com\/blog\/wp-json\/wp\/v2\/posts"}],"about":[{"href":"https:\/\/www.visit-ulcinj.com\/blog\/wp-json\/wp\/v2\/types\/post"}],"author":[{"embeddable":true,"href":"https:\/\/www.visit-ulcinj.com\/blog\/wp-json\/wp\/v2\/users\/1"}],"replies":[{"embeddable":true,"href":"https:\/\/www.visit-ulcinj.com\/blog\/wp-json\/wp\/v2\/comments?post=20074"}],"version-history":[{"count":0,"href":"https:\/\/www.visit-ulcinj.com\/blog\/wp-json\/wp\/v2\/posts\/20074\/revisions"}],"wp:attachment":[{"href":"https:\/\/www.visit-ulcinj.com\/blog\/wp-json\/wp\/v2\/media?parent=20074"}],"wp:term":[{"taxonomy":"category","embeddable":true,"href":"https:\/\/www.visit-ulcinj.com\/blog\/wp-json\/wp\/v2\/categories?post=20074"},{"taxonomy":"post_tag","embeddable":true,"href":"https:\/\/www.visit-ulcinj.com\/blog\/wp-json\/wp\/v2\/tags?post=20074"}],"curies":[{"name":"wp","href":"https:\/\/api.w.org\/{rel}","templated":true}]}}