{"id":20095,"date":"2009-05-04T22:21:59","date_gmt":"2009-05-04T20:21:59","guid":{"rendered":"http:\/\/www.visit-ulcinj.com\/blog\/?p=20095"},"modified":"2009-05-05T01:09:28","modified_gmt":"2009-05-04T23:09:28","slug":"adelajda-dhe-bjordi-biseda","status":"publish","type":"post","link":"https:\/\/www.visit-ulcinj.com\/blog\/2009\/05\/04\/adelajda-dhe-bjordi-biseda\/","title":{"rendered":"Adelajda dhe Bjordi : Biseda"},"content":{"rendered":"<p><strong><span class=\"newstitlec\"><a href=\"http:\/\/www.visit-ulcinj.com\/blog\/wp-content\/uploads\/2009\/05\/adelaper-ngacmimin-e-sorit.jpg\"><img loading=\"lazy\" class=\"alignleft size-full wp-image-20096\" title=\"adelaper-ngacmimin-e-sorit-big-brother-albania-2\" src=\"http:\/\/www.visit-ulcinj.com\/blog\/wp-content\/uploads\/2009\/05\/adelaper-ngacmimin-e-sorit.jpg\" alt=\"adelaper-ngacmimin-e-sorit-big-brother-albania-2\" width=\"300\" height=\"205\" \/><\/a>Nuk dua t\u00eb m\u00eb keqkuptojn\u00eb<\/span><\/strong><br \/>\n<em><span class=\"newsdate\">30\/04\/09 02:00<\/span><\/em><\/p>\n<p>P\u00ebrpara se t\u00eb shkojn\u00eb p\u00ebr t\u00eb fjetur, Adela i k\u00ebrkon Sorit q\u00eb t\u00eb mos ta shqet\u00ebsoj\u00eb m\u00eb n\u00eb m\u00ebngjes duke e gjuajtur me jast\u00ebk\u00eb p\u00ebr ta zgjuar nga gjumi. Sori ia kthen se n\u00ebse ajo do flej\u00eb nj\u00ebsoj me ta n\u00eb mbr\u00ebmje, nuk do ta shqet\u00ebsoj\u00eb m\u00eb, por ajo, duke q\u00ebndruar zgjuar me Bjordin, nuk i l\u00eb as ata t\u00eb flen\u00eb rehat dhe ndaj ai e ngacmon cdo m\u00ebngjes. Sori dhe Ari fillojn\u00eb t\u00eb b\u00ebjn\u00eb shaka me Bjordin p\u00ebr k\u00ebt\u00eb gj\u00eb, por Adela mundohet ta mbyll\u00eb k\u00ebt\u00eb bised\u00eb. Ajo thot\u00eb se nuk po i p\u00eblqen m\u00ebnyra se si po e trajtojn\u00eb k\u00ebt\u00eb c\u00ebshtje ata q\u00eb jan\u00eb me ta t\u00ebr\u00eb koh\u00ebn dhe i shohin n\u00eb cdo veprim, duke e ekzagjeruar me fjal\u00ebt q\u00eb thon\u00eb sepse publiku mund t\u2019i keqkuptoj\u00eb. Sori justifikohet se po b\u00ebn shaka. Ai mendon se ata duhet t\u00eb b\u00ebjn\u00eb at\u00eb q\u00eb mendojn\u00eb se \u00ebsht\u00eb m\u00eb e mira dhe i k\u00ebrkon Moz\u00ebs q\u00eb t\u00eb p\u00ebrmend\u00eb shprehjen e Arban\u00ebs: \u201cK\u00ebnaquni e jepni maksimumin!\u201d Si Sori, edhe Anjeza i k\u00ebshillojn\u00eb q\u00eb t\u00eb mendojn\u00eb p\u00ebr veten e jo se cfar\u00eb mendojn\u00eb t\u00eb tjer\u00ebt. \u201cSi t\u2019i themi, si t\u00eb mos t\u2019i themi ne k\u00ebto, ata jasht\u00eb mendojn\u00eb cfar\u00eb t\u00eb duan\u201d- thot\u00eb Anjeza, por Adela insiston se nuk d\u00ebshiron q\u00eb familja e saj t\u2019i keqkuptoj\u00eb.<\/p>\n<p><strong><span class=\"newstitlec\">Adelajda : dua t\u00eb kaloj kufijt\u00eb<\/span><\/strong><br \/>\n<em><span class=\"newsdate\">30\/04\/09 02:05<\/span><\/em><\/p>\n<p>Adela, e m\u00ebrzitur p\u00ebr cfar\u00eb i than\u00eb t\u00eb tjer\u00ebt, i thot\u00eb Bjordit se e kuptoi q\u00eb mund t\u00eb duken keq tek t\u00eb tjer\u00ebt. Ajo shprehet se v\u00ebrtet\u00eb e do fort\u00eb dhe d\u00ebshiron t\u00eb rrij\u00eb me t\u00eb, por nuk mund t\u00eb kaloj\u00eb kufijt\u00eb e sjelljes. Bjordi mendon se Sori po b\u00ebnte shaka, por Adela i p\u00ebrmend edhe fjal\u00ebt q\u00eb tha Anjeza dhe Moza, gj\u00eb q\u00eb e v\u00ebrtetonte dyshimin e saj. Ajo thot\u00eb se shpesh e ka kuptuar q\u00eb e ka kaluar kufirin dhe ka vendosur t\u00eb mos e b\u00ebj\u00eb m\u00eb. \u201cNuk dua q\u00eb t\u00eb tjer\u00ebt t\u00eb flasin p\u00ebr mua\u201d- shprehet ajo. Bjordi bie dakord me vendimin e saj dhe Adela k\u00ebrkon q\u00eb ai ta kuptoj\u00eb p\u00ebr at\u00eb q\u00eb ajo thot\u00eb. Bjordi ia kthen se kjo situat\u00eb e krijuar, jo nga ajo, po e lodh dhe nuk ka m\u00eb entuziazmin e fillimit p\u00ebr t\u2019i cuar gj\u00ebrat deri n\u00eb fund. Ai thekson se shaka t\u00eb tilla do ket\u00eb gjithmon\u00eb dhe se ajo nuk duhet t\u00eb dor\u00ebzohet p\u00ebr kaq pak, por Adela shprehet se nuk i intereson ajo se cfar\u00eb thot\u00eb Sori, por ajo q\u00eb mendojn\u00eb njer\u00ebzit jasht\u00eb, sidomos familja e saj. Ajo insiston n\u00eb mendimin e saj se nuk mund t\u2019ia lejoj\u00eb vetes q\u00eb dikush t\u00eb dyshoj\u00eb se midis tyre mund t\u00eb ket\u00eb ndodhur dicka m\u00eb shum\u00eb se nj\u00eb puthje apo q\u00eb veprimet e tyre t\u00eb keqkuptohen. \u201cNuk kam se cfar\u00eb t\u00eb b\u00ebj m\u00eb p\u00ebrvec se t\u00eb respektoj vendimin t\u00ebnd\u201d- p\u00ebrfundon Bjordi.<\/p>\n<p><strong><span class=\"newstitlec\">Adeladja : Dua t\u00eb t\u00eb jap an\u00ebn e mir\u00eb<\/span><\/strong><br \/>\n<em><span class=\"newsdate\">30\/04\/09 02:17<\/span><\/em><\/p>\n<p>Adela, m\u00eb shum\u00eb duke b\u00ebr\u00eb monolog me veten sesa duke folur me Bjordin, shprehet se \u00ebsht\u00eb e pamundur q\u00eb ajo t\u00eb kaloj\u00eb nj\u00eb periudh\u00eb qet\u00ebsie dhe t\u00eb mendoj\u00eb vet\u00ebm p\u00ebr veten e saj, pa menduar m\u00eb p\u00ebr t\u00eb tjer\u00ebt. Sipas saj, gjithnj\u00eb do t\u00eb jet\u00eb dicka q\u00eb do t\u2019i prish\u00eb k\u00ebt\u00eb qet\u00ebsi. \u201cUn\u00eb nuk dua t\u00eb lodh e stresoj veten, por cdo dit\u00eb e cdo nat\u00eb ku nuk m\u00eb shkon mendja\u201d- shprehet ajo. Adela mendon se \u00ebsht\u00eb larg dita q\u00eb ajo t\u00eb mendoj\u00eb vet\u00ebm p\u00ebr veten e saj sepse gjat\u00eb gjith\u00eb koh\u00ebs shqet\u00ebsohet p\u00ebr t\u00eb tjer\u00ebt. Ajo i kujton Bjordit se biseda t\u00eb tilla i ka b\u00ebr\u00eb shpesh me t\u00eb, por duke q\u00ebn\u00eb se ai \u00ebsht\u00eb nj\u00eb nd\u00ebr personat q\u00eb ajo preokupohet, biseda t\u00eb tilla ku ajo ndjehet e m\u00ebrzitur, nuk do t\u2019i thot\u00eb m\u00eb pasi nuk d\u00ebshiron q\u00eb ta shqet\u00ebsoj\u00eb. \u201cDua t\u00eb t\u00eb jap an\u00ebn e mir\u00eb\u201d- i thot\u00eb ajo Bjordit.<\/p>\n","protected":false},"excerpt":{"rendered":"<p>Nuk dua t\u00eb m\u00eb keqkuptojn\u00eb 30\/04\/09 02:00 P\u00ebrpara se t\u00eb shkojn\u00eb p\u00ebr t\u00eb fjetur, Adela i k\u00ebrkon Sorit q\u00eb t\u00eb mos ta shqet\u00ebsoj\u00eb m\u00eb n\u00eb m\u00ebngjes duke e gjuajtur me jast\u00ebk\u00eb p\u00ebr ta zgjuar nga gjumi. Sori ia kthen se n\u00ebse ajo do flej\u00eb nj\u00ebsoj me ta n\u00eb mbr\u00ebmje, nuk do ta shqet\u00ebsoj\u00eb m\u00eb, por [&hellip;]<\/p>\n","protected":false},"author":1,"featured_media":0,"comment_status":"open","ping_status":"closed","sticky":false,"template":"","format":"standard","meta":{"spay_email":"","jetpack_publicize_message":"","jetpack_is_tweetstorm":false,"jetpack_publicize_feature_enabled":true},"categories":[6502],"tags":[6529,1667,9121,8181,6522,9751],"jetpack_publicize_connections":[],"yoast_head":"<!-- This site is optimized with the Yoast SEO plugin v19.1 - https:\/\/yoast.com\/wordpress\/plugins\/seo\/ -->\n<title>Adelajda dje Bjordi : Biseda | Big Brother Albania 2<\/title>\n<meta name=\"description\" content=\"Big Brother Albania 2 - P\u00c3\u00abrpara se t\u00c3\u00ab shkojn\u00c3\u00ab p\u00c3\u00abr t\u00c3\u00ab fjetur, Adela i k\u00c3\u00abrkon Sorit q\u00c3\u00ab t\u00c3\u00ab mos ta shqet\u00c3\u00absoj\u00c3\u00ab m\u00c3\u00ab n\u00c3\u00ab m\u00c3\u00abngjes duke e gjuajtur me jast\u00c3\u00abk\u00c3\u00ab p\u00c3\u00abr ta zgjuar nga gjumi.\" \/>\n<meta name=\"robots\" content=\"index, follow, max-snippet:-1, max-image-preview:large, max-video-preview:-1\" \/>\n<link rel=\"canonical\" href=\"https:\/\/www.visit-ulcinj.com\/blog\/2009\/05\/04\/adelajda-dhe-bjordi-biseda\/\" \/>\n<meta property=\"og:locale\" content=\"en_US\" \/>\n<meta property=\"og:type\" content=\"article\" \/>\n<meta property=\"og:title\" content=\"Adelajda dje Bjordi : Biseda | Big Brother Albania 2\" \/>\n<meta property=\"og:description\" content=\"Big Brother Albania 2 - P\u00c3\u00abrpara se t\u00c3\u00ab shkojn\u00c3\u00ab p\u00c3\u00abr t\u00c3\u00ab fjetur, Adela i k\u00c3\u00abrkon Sorit q\u00c3\u00ab t\u00c3\u00ab mos ta shqet\u00c3\u00absoj\u00c3\u00ab m\u00c3\u00ab n\u00c3\u00ab m\u00c3\u00abngjes duke e gjuajtur me jast\u00c3\u00abk\u00c3\u00ab p\u00c3\u00abr ta zgjuar nga gjumi.\" \/>\n<meta property=\"og:url\" content=\"https:\/\/www.visit-ulcinj.com\/blog\/2009\/05\/04\/adelajda-dhe-bjordi-biseda\/\" \/>\n<meta property=\"og:site_name\" content=\"Lajme nga Ulqini\" \/>\n<meta property=\"article:published_time\" content=\"2009-05-04T20:21:59+00:00\" \/>\n<meta property=\"article:modified_time\" content=\"2009-05-04T23:09:28+00:00\" \/>\n<meta property=\"og:image\" content=\"http:\/\/www.visit-ulcinj.com\/blog\/wp-content\/uploads\/2009\/05\/adelaper-ngacmimin-e-sorit.jpg\" \/>\n<meta name=\"twitter:label1\" content=\"Written by\" \/>\n\t<meta name=\"twitter:data1\" content=\"ulqini\" \/>\n\t<meta name=\"twitter:label2\" content=\"Est. reading time\" \/>\n\t<meta name=\"twitter:data2\" content=\"4 minutes\" \/>\n<script type=\"application\/ld+json\" class=\"yoast-schema-graph\">{\"@context\":\"https:\/\/schema.org\",\"@graph\":[{\"@type\":\"WebSite\",\"@id\":\"https:\/\/www.visit-ulcinj.com\/blog\/#website\",\"url\":\"https:\/\/www.visit-ulcinj.com\/blog\/\",\"name\":\"Lajme nga Ulqini\",\"description\":\"Lajme,Vijesti,Ulqini,Ulqin,Crna Gora,Mali i Zi\",\"potentialAction\":[{\"@type\":\"SearchAction\",\"target\":{\"@type\":\"EntryPoint\",\"urlTemplate\":\"https:\/\/www.visit-ulcinj.com\/blog\/?s={search_term_string}\"},\"query-input\":\"required name=search_term_string\"}],\"inLanguage\":\"en-US\"},{\"@type\":\"ImageObject\",\"inLanguage\":\"en-US\",\"@id\":\"https:\/\/www.visit-ulcinj.com\/blog\/2009\/05\/04\/adelajda-dhe-bjordi-biseda\/#primaryimage\",\"url\":\"http:\/\/www.visit-ulcinj.com\/blog\/wp-content\/uploads\/2009\/05\/adelaper-ngacmimin-e-sorit.jpg\",\"contentUrl\":\"http:\/\/www.visit-ulcinj.com\/blog\/wp-content\/uploads\/2009\/05\/adelaper-ngacmimin-e-sorit.jpg\"},{\"@type\":\"WebPage\",\"@id\":\"https:\/\/www.visit-ulcinj.com\/blog\/2009\/05\/04\/adelajda-dhe-bjordi-biseda\/#webpage\",\"url\":\"https:\/\/www.visit-ulcinj.com\/blog\/2009\/05\/04\/adelajda-dhe-bjordi-biseda\/\",\"name\":\"Adelajda dje Bjordi : Biseda | Big Brother Albania 2\",\"isPartOf\":{\"@id\":\"https:\/\/www.visit-ulcinj.com\/blog\/#website\"},\"primaryImageOfPage\":{\"@id\":\"https:\/\/www.visit-ulcinj.com\/blog\/2009\/05\/04\/adelajda-dhe-bjordi-biseda\/#primaryimage\"},\"datePublished\":\"2009-05-04T20:21:59+00:00\",\"dateModified\":\"2009-05-04T23:09:28+00:00\",\"author\":{\"@id\":\"https:\/\/www.visit-ulcinj.com\/blog\/#\/schema\/person\/dcab619c614d3038751c63bc2aadc06d\"},\"description\":\"Big Brother Albania 2 - P\u00c3\u00abrpara se t\u00c3\u00ab shkojn\u00c3\u00ab p\u00c3\u00abr t\u00c3\u00ab fjetur, Adela i k\u00c3\u00abrkon Sorit q\u00c3\u00ab t\u00c3\u00ab mos ta shqet\u00c3\u00absoj\u00c3\u00ab m\u00c3\u00ab n\u00c3\u00ab m\u00c3\u00abngjes duke e gjuajtur me jast\u00c3\u00abk\u00c3\u00ab p\u00c3\u00abr ta zgjuar nga gjumi.\",\"breadcrumb\":{\"@id\":\"https:\/\/www.visit-ulcinj.com\/blog\/2009\/05\/04\/adelajda-dhe-bjordi-biseda\/#breadcrumb\"},\"inLanguage\":\"en-US\",\"potentialAction\":[{\"@type\":\"ReadAction\",\"target\":[\"https:\/\/www.visit-ulcinj.com\/blog\/2009\/05\/04\/adelajda-dhe-bjordi-biseda\/\"]}]},{\"@type\":\"BreadcrumbList\",\"@id\":\"https:\/\/www.visit-ulcinj.com\/blog\/2009\/05\/04\/adelajda-dhe-bjordi-biseda\/#breadcrumb\",\"itemListElement\":[{\"@type\":\"ListItem\",\"position\":1,\"name\":\"Adelajda dhe Bjordi : Biseda\"}]},{\"@type\":\"Person\",\"@id\":\"https:\/\/www.visit-ulcinj.com\/blog\/#\/schema\/person\/dcab619c614d3038751c63bc2aadc06d\",\"name\":\"ulqini\",\"sameAs\":[\"http:\/\/www.visit-ulcinj.com\"],\"url\":\"https:\/\/www.visit-ulcinj.com\/blog\/author\/admin\/\"}]}<\/script>\n<!-- \/ Yoast SEO plugin. -->","yoast_head_json":{"title":"Adelajda dje Bjordi : Biseda | Big Brother Albania 2","description":"Big Brother Albania 2 - P\u00c3\u00abrpara se t\u00c3\u00ab shkojn\u00c3\u00ab p\u00c3\u00abr t\u00c3\u00ab fjetur, Adela i k\u00c3\u00abrkon Sorit q\u00c3\u00ab t\u00c3\u00ab mos ta shqet\u00c3\u00absoj\u00c3\u00ab m\u00c3\u00ab n\u00c3\u00ab m\u00c3\u00abngjes duke e gjuajtur me jast\u00c3\u00abk\u00c3\u00ab p\u00c3\u00abr ta zgjuar nga gjumi.","robots":{"index":"index","follow":"follow","max-snippet":"max-snippet:-1","max-image-preview":"max-image-preview:large","max-video-preview":"max-video-preview:-1"},"canonical":"https:\/\/www.visit-ulcinj.com\/blog\/2009\/05\/04\/adelajda-dhe-bjordi-biseda\/","og_locale":"en_US","og_type":"article","og_title":"Adelajda dje Bjordi : Biseda | Big Brother Albania 2","og_description":"Big Brother Albania 2 - P\u00c3\u00abrpara se t\u00c3\u00ab shkojn\u00c3\u00ab p\u00c3\u00abr t\u00c3\u00ab fjetur, Adela i k\u00c3\u00abrkon Sorit q\u00c3\u00ab t\u00c3\u00ab mos ta shqet\u00c3\u00absoj\u00c3\u00ab m\u00c3\u00ab n\u00c3\u00ab m\u00c3\u00abngjes duke e gjuajtur me jast\u00c3\u00abk\u00c3\u00ab p\u00c3\u00abr ta zgjuar nga gjumi.","og_url":"https:\/\/www.visit-ulcinj.com\/blog\/2009\/05\/04\/adelajda-dhe-bjordi-biseda\/","og_site_name":"Lajme nga Ulqini","article_published_time":"2009-05-04T20:21:59+00:00","article_modified_time":"2009-05-04T23:09:28+00:00","og_image":[{"url":"http:\/\/www.visit-ulcinj.com\/blog\/wp-content\/uploads\/2009\/05\/adelaper-ngacmimin-e-sorit.jpg"}],"twitter_misc":{"Written by":"ulqini","Est. reading time":"4 minutes"},"schema":{"@context":"https:\/\/schema.org","@graph":[{"@type":"WebSite","@id":"https:\/\/www.visit-ulcinj.com\/blog\/#website","url":"https:\/\/www.visit-ulcinj.com\/blog\/","name":"Lajme nga Ulqini","description":"Lajme,Vijesti,Ulqini,Ulqin,Crna Gora,Mali i Zi","potentialAction":[{"@type":"SearchAction","target":{"@type":"EntryPoint","urlTemplate":"https:\/\/www.visit-ulcinj.com\/blog\/?s={search_term_string}"},"query-input":"required name=search_term_string"}],"inLanguage":"en-US"},{"@type":"ImageObject","inLanguage":"en-US","@id":"https:\/\/www.visit-ulcinj.com\/blog\/2009\/05\/04\/adelajda-dhe-bjordi-biseda\/#primaryimage","url":"http:\/\/www.visit-ulcinj.com\/blog\/wp-content\/uploads\/2009\/05\/adelaper-ngacmimin-e-sorit.jpg","contentUrl":"http:\/\/www.visit-ulcinj.com\/blog\/wp-content\/uploads\/2009\/05\/adelaper-ngacmimin-e-sorit.jpg"},{"@type":"WebPage","@id":"https:\/\/www.visit-ulcinj.com\/blog\/2009\/05\/04\/adelajda-dhe-bjordi-biseda\/#webpage","url":"https:\/\/www.visit-ulcinj.com\/blog\/2009\/05\/04\/adelajda-dhe-bjordi-biseda\/","name":"Adelajda dje Bjordi : Biseda | Big Brother Albania 2","isPartOf":{"@id":"https:\/\/www.visit-ulcinj.com\/blog\/#website"},"primaryImageOfPage":{"@id":"https:\/\/www.visit-ulcinj.com\/blog\/2009\/05\/04\/adelajda-dhe-bjordi-biseda\/#primaryimage"},"datePublished":"2009-05-04T20:21:59+00:00","dateModified":"2009-05-04T23:09:28+00:00","author":{"@id":"https:\/\/www.visit-ulcinj.com\/blog\/#\/schema\/person\/dcab619c614d3038751c63bc2aadc06d"},"description":"Big Brother Albania 2 - P\u00c3\u00abrpara se t\u00c3\u00ab shkojn\u00c3\u00ab p\u00c3\u00abr t\u00c3\u00ab fjetur, Adela i k\u00c3\u00abrkon Sorit q\u00c3\u00ab t\u00c3\u00ab mos ta shqet\u00c3\u00absoj\u00c3\u00ab m\u00c3\u00ab n\u00c3\u00ab m\u00c3\u00abngjes duke e gjuajtur me jast\u00c3\u00abk\u00c3\u00ab p\u00c3\u00abr ta zgjuar nga gjumi.","breadcrumb":{"@id":"https:\/\/www.visit-ulcinj.com\/blog\/2009\/05\/04\/adelajda-dhe-bjordi-biseda\/#breadcrumb"},"inLanguage":"en-US","potentialAction":[{"@type":"ReadAction","target":["https:\/\/www.visit-ulcinj.com\/blog\/2009\/05\/04\/adelajda-dhe-bjordi-biseda\/"]}]},{"@type":"BreadcrumbList","@id":"https:\/\/www.visit-ulcinj.com\/blog\/2009\/05\/04\/adelajda-dhe-bjordi-biseda\/#breadcrumb","itemListElement":[{"@type":"ListItem","position":1,"name":"Adelajda dhe Bjordi : Biseda"}]},{"@type":"Person","@id":"https:\/\/www.visit-ulcinj.com\/blog\/#\/schema\/person\/dcab619c614d3038751c63bc2aadc06d","name":"ulqini","sameAs":["http:\/\/www.visit-ulcinj.com"],"url":"https:\/\/www.visit-ulcinj.com\/blog\/author\/admin\/"}]}},"jetpack_featured_media_url":"","jetpack_sharing_enabled":true,"jetpack_shortlink":"https:\/\/wp.me\/pe6lTn-5e7","_links":{"self":[{"href":"https:\/\/www.visit-ulcinj.com\/blog\/wp-json\/wp\/v2\/posts\/20095"}],"collection":[{"href":"https:\/\/www.visit-ulcinj.com\/blog\/wp-json\/wp\/v2\/posts"}],"about":[{"href":"https:\/\/www.visit-ulcinj.com\/blog\/wp-json\/wp\/v2\/types\/post"}],"author":[{"embeddable":true,"href":"https:\/\/www.visit-ulcinj.com\/blog\/wp-json\/wp\/v2\/users\/1"}],"replies":[{"embeddable":true,"href":"https:\/\/www.visit-ulcinj.com\/blog\/wp-json\/wp\/v2\/comments?post=20095"}],"version-history":[{"count":0,"href":"https:\/\/www.visit-ulcinj.com\/blog\/wp-json\/wp\/v2\/posts\/20095\/revisions"}],"wp:attachment":[{"href":"https:\/\/www.visit-ulcinj.com\/blog\/wp-json\/wp\/v2\/media?parent=20095"}],"wp:term":[{"taxonomy":"category","embeddable":true,"href":"https:\/\/www.visit-ulcinj.com\/blog\/wp-json\/wp\/v2\/categories?post=20095"},{"taxonomy":"post_tag","embeddable":true,"href":"https:\/\/www.visit-ulcinj.com\/blog\/wp-json\/wp\/v2\/tags?post=20095"}],"curies":[{"name":"wp","href":"https:\/\/api.w.org\/{rel}","templated":true}]}}