{"id":20098,"date":"2009-05-04T22:25:51","date_gmt":"2009-05-04T20:25:51","guid":{"rendered":"http:\/\/www.visit-ulcinj.com\/blog\/?p=20098"},"modified":"2009-05-04T22:25:51","modified_gmt":"2009-05-04T20:25:51","slug":"bjordi-i-merzitur","status":"publish","type":"post","link":"https:\/\/www.visit-ulcinj.com\/blog\/2009\/05\/04\/bjordi-i-merzitur\/","title":{"rendered":"Bjordi i m\u00ebrzitur"},"content":{"rendered":"<p><em><span class=\"newsdate\"><a href=\"http:\/\/www.visit-ulcinj.com\/blog\/wp-content\/uploads\/2009\/05\/bjordiadelate-zene-2.jpg\"><img loading=\"lazy\" class=\"alignleft size-full wp-image-20099\" title=\"bjordiadelate-zene-2\" src=\"http:\/\/www.visit-ulcinj.com\/blog\/wp-content\/uploads\/2009\/05\/bjordiadelate-zene-2.jpg\" alt=\"bjordiadelate-zene-2\" width=\"300\" height=\"205\" \/><\/a>30\/04\/09 12:13<\/span><\/em><\/p>\n<p>Adela shkon t\u2019i uroj\u00eb mir\u00ebm\u00ebngjes Bjordit, por ai q\u00ebndron indiferent ndaj saj dhe me gjysm\u00eb z\u00ebri e uron edhe ai. Ajo e merr me t\u00eb mira dhe k\u00ebrkon q\u00eb t\u00eb ulet pran\u00eb tij. Bjordi nuk l\u00ebviz prej vendit dhe Adela largohet e m\u00ebrzitur. M\u00eb pas, Adela shkon n\u00eb paratualet ku ndodhet Bjordi. Ajo e pyet se cfar\u00eb ka dhe p\u00ebrse ai po sillet ashtu. \u201cP\u00ebrse duhet t\u00eb t\u00eb vij nga mbrapa?\u201d- e pyet ajo. Bjordi i k\u00ebrkon t\u00eb falur, por pa reaguar ndaj saj. \u201cM\u00eb fal! Kam faj un\u00eb!\u201d- i p\u00ebrgjigjet ai ftoht\u00eb asaj.<\/p>\n","protected":false},"excerpt":{"rendered":"<p>30\/04\/09 12:13 Adela shkon t\u2019i uroj\u00eb mir\u00ebm\u00ebngjes Bjordit, por ai q\u00ebndron indiferent ndaj saj dhe me gjysm\u00eb z\u00ebri e uron edhe ai. Ajo e merr me t\u00eb mira dhe k\u00ebrkon q\u00eb t\u00eb ulet pran\u00eb tij. Bjordi nuk l\u00ebviz prej vendit dhe Adela largohet e m\u00ebrzitur. M\u00eb pas, Adela shkon n\u00eb paratualet ku ndodhet Bjordi. Ajo [&hellip;]<\/p>\n","protected":false},"author":1,"featured_media":0,"comment_status":"open","ping_status":"closed","sticky":false,"template":"","format":"standard","meta":{"spay_email":"","jetpack_publicize_message":"","jetpack_is_tweetstorm":false,"jetpack_publicize_feature_enabled":true},"categories":[6502],"tags":[6529,9121,6522,8055,9751],"jetpack_publicize_connections":[],"yoast_head":"<!-- This site is optimized with the Yoast SEO plugin v19.1 - https:\/\/yoast.com\/wordpress\/plugins\/seo\/ -->\n<title>Bjordi i m\u00c3\u00abrzitur | Big Brother Albania 2<\/title>\n<meta name=\"description\" content=\"Big Brother Albania 2 - Adela shkon t\u00e2\u20ac\u2122i uroj\u00c3\u00ab mir\u00c3\u00abm\u00c3\u00abngjes Bjordit, por ai q\u00c3\u00abndron indiferent ndaj saj dhe me gjysm\u00c3\u00ab z\u00c3\u00abri e uron edhe ai. Ajo e merr me t\u00c3\u00ab mira dhe k\u00c3\u00abrkon q\u00c3\u00ab t\u00c3\u00ab ulet pran\u00c3\u00ab tij.\" \/>\n<meta name=\"robots\" content=\"index, follow, max-snippet:-1, max-image-preview:large, max-video-preview:-1\" \/>\n<link rel=\"canonical\" href=\"https:\/\/www.visit-ulcinj.com\/blog\/2009\/05\/04\/bjordi-i-merzitur\/\" \/>\n<meta property=\"og:locale\" content=\"en_US\" \/>\n<meta property=\"og:type\" content=\"article\" \/>\n<meta property=\"og:title\" content=\"Bjordi i m\u00c3\u00abrzitur | Big Brother Albania 2\" \/>\n<meta property=\"og:description\" content=\"Big Brother Albania 2 - Adela shkon t\u00e2\u20ac\u2122i uroj\u00c3\u00ab mir\u00c3\u00abm\u00c3\u00abngjes Bjordit, por ai q\u00c3\u00abndron indiferent ndaj saj dhe me gjysm\u00c3\u00ab z\u00c3\u00abri e uron edhe ai. Ajo e merr me t\u00c3\u00ab mira dhe k\u00c3\u00abrkon q\u00c3\u00ab t\u00c3\u00ab ulet pran\u00c3\u00ab tij.\" \/>\n<meta property=\"og:url\" content=\"https:\/\/www.visit-ulcinj.com\/blog\/2009\/05\/04\/bjordi-i-merzitur\/\" \/>\n<meta property=\"og:site_name\" content=\"Lajme nga Ulqini\" \/>\n<meta property=\"article:published_time\" content=\"2009-05-04T20:25:51+00:00\" \/>\n<meta property=\"og:image\" content=\"http:\/\/www.visit-ulcinj.com\/blog\/wp-content\/uploads\/2009\/05\/bjordiadelate-zene-2.jpg\" \/>\n<meta name=\"twitter:label1\" content=\"Written by\" \/>\n\t<meta name=\"twitter:data1\" content=\"ulqini\" \/>\n\t<meta name=\"twitter:label2\" content=\"Est. reading time\" \/>\n\t<meta name=\"twitter:data2\" content=\"1 minute\" \/>\n<script type=\"application\/ld+json\" class=\"yoast-schema-graph\">{\"@context\":\"https:\/\/schema.org\",\"@graph\":[{\"@type\":\"WebSite\",\"@id\":\"https:\/\/www.visit-ulcinj.com\/blog\/#website\",\"url\":\"https:\/\/www.visit-ulcinj.com\/blog\/\",\"name\":\"Lajme nga Ulqini\",\"description\":\"Lajme,Vijesti,Ulqini,Ulqin,Crna Gora,Mali i Zi\",\"potentialAction\":[{\"@type\":\"SearchAction\",\"target\":{\"@type\":\"EntryPoint\",\"urlTemplate\":\"https:\/\/www.visit-ulcinj.com\/blog\/?s={search_term_string}\"},\"query-input\":\"required name=search_term_string\"}],\"inLanguage\":\"en-US\"},{\"@type\":\"ImageObject\",\"inLanguage\":\"en-US\",\"@id\":\"https:\/\/www.visit-ulcinj.com\/blog\/2009\/05\/04\/bjordi-i-merzitur\/#primaryimage\",\"url\":\"http:\/\/www.visit-ulcinj.com\/blog\/wp-content\/uploads\/2009\/05\/bjordiadelate-zene-2.jpg\",\"contentUrl\":\"http:\/\/www.visit-ulcinj.com\/blog\/wp-content\/uploads\/2009\/05\/bjordiadelate-zene-2.jpg\"},{\"@type\":\"WebPage\",\"@id\":\"https:\/\/www.visit-ulcinj.com\/blog\/2009\/05\/04\/bjordi-i-merzitur\/#webpage\",\"url\":\"https:\/\/www.visit-ulcinj.com\/blog\/2009\/05\/04\/bjordi-i-merzitur\/\",\"name\":\"Bjordi i m\u00c3\u00abrzitur | Big Brother Albania 2\",\"isPartOf\":{\"@id\":\"https:\/\/www.visit-ulcinj.com\/blog\/#website\"},\"primaryImageOfPage\":{\"@id\":\"https:\/\/www.visit-ulcinj.com\/blog\/2009\/05\/04\/bjordi-i-merzitur\/#primaryimage\"},\"datePublished\":\"2009-05-04T20:25:51+00:00\",\"dateModified\":\"2009-05-04T20:25:51+00:00\",\"author\":{\"@id\":\"https:\/\/www.visit-ulcinj.com\/blog\/#\/schema\/person\/dcab619c614d3038751c63bc2aadc06d\"},\"description\":\"Big Brother Albania 2 - Adela shkon t\u00e2\u20ac\u2122i uroj\u00c3\u00ab mir\u00c3\u00abm\u00c3\u00abngjes Bjordit, por ai q\u00c3\u00abndron indiferent ndaj saj dhe me gjysm\u00c3\u00ab z\u00c3\u00abri e uron edhe ai. Ajo e merr me t\u00c3\u00ab mira dhe k\u00c3\u00abrkon q\u00c3\u00ab t\u00c3\u00ab ulet pran\u00c3\u00ab tij.\",\"breadcrumb\":{\"@id\":\"https:\/\/www.visit-ulcinj.com\/blog\/2009\/05\/04\/bjordi-i-merzitur\/#breadcrumb\"},\"inLanguage\":\"en-US\",\"potentialAction\":[{\"@type\":\"ReadAction\",\"target\":[\"https:\/\/www.visit-ulcinj.com\/blog\/2009\/05\/04\/bjordi-i-merzitur\/\"]}]},{\"@type\":\"BreadcrumbList\",\"@id\":\"https:\/\/www.visit-ulcinj.com\/blog\/2009\/05\/04\/bjordi-i-merzitur\/#breadcrumb\",\"itemListElement\":[{\"@type\":\"ListItem\",\"position\":1,\"name\":\"Bjordi i m\u00ebrzitur\"}]},{\"@type\":\"Person\",\"@id\":\"https:\/\/www.visit-ulcinj.com\/blog\/#\/schema\/person\/dcab619c614d3038751c63bc2aadc06d\",\"name\":\"ulqini\",\"sameAs\":[\"http:\/\/www.visit-ulcinj.com\"],\"url\":\"https:\/\/www.visit-ulcinj.com\/blog\/author\/admin\/\"}]}<\/script>\n<!-- \/ Yoast SEO plugin. -->","yoast_head_json":{"title":"Bjordi i m\u00c3\u00abrzitur | Big Brother Albania 2","description":"Big Brother Albania 2 - Adela shkon t\u00e2\u20ac\u2122i uroj\u00c3\u00ab mir\u00c3\u00abm\u00c3\u00abngjes Bjordit, por ai q\u00c3\u00abndron indiferent ndaj saj dhe me gjysm\u00c3\u00ab z\u00c3\u00abri e uron edhe ai. Ajo e merr me t\u00c3\u00ab mira dhe k\u00c3\u00abrkon q\u00c3\u00ab t\u00c3\u00ab ulet pran\u00c3\u00ab tij.","robots":{"index":"index","follow":"follow","max-snippet":"max-snippet:-1","max-image-preview":"max-image-preview:large","max-video-preview":"max-video-preview:-1"},"canonical":"https:\/\/www.visit-ulcinj.com\/blog\/2009\/05\/04\/bjordi-i-merzitur\/","og_locale":"en_US","og_type":"article","og_title":"Bjordi i m\u00c3\u00abrzitur | Big Brother Albania 2","og_description":"Big Brother Albania 2 - Adela shkon t\u00e2\u20ac\u2122i uroj\u00c3\u00ab mir\u00c3\u00abm\u00c3\u00abngjes Bjordit, por ai q\u00c3\u00abndron indiferent ndaj saj dhe me gjysm\u00c3\u00ab z\u00c3\u00abri e uron edhe ai. Ajo e merr me t\u00c3\u00ab mira dhe k\u00c3\u00abrkon q\u00c3\u00ab t\u00c3\u00ab ulet pran\u00c3\u00ab tij.","og_url":"https:\/\/www.visit-ulcinj.com\/blog\/2009\/05\/04\/bjordi-i-merzitur\/","og_site_name":"Lajme nga Ulqini","article_published_time":"2009-05-04T20:25:51+00:00","og_image":[{"url":"http:\/\/www.visit-ulcinj.com\/blog\/wp-content\/uploads\/2009\/05\/bjordiadelate-zene-2.jpg"}],"twitter_misc":{"Written by":"ulqini","Est. reading time":"1 minute"},"schema":{"@context":"https:\/\/schema.org","@graph":[{"@type":"WebSite","@id":"https:\/\/www.visit-ulcinj.com\/blog\/#website","url":"https:\/\/www.visit-ulcinj.com\/blog\/","name":"Lajme nga Ulqini","description":"Lajme,Vijesti,Ulqini,Ulqin,Crna Gora,Mali i Zi","potentialAction":[{"@type":"SearchAction","target":{"@type":"EntryPoint","urlTemplate":"https:\/\/www.visit-ulcinj.com\/blog\/?s={search_term_string}"},"query-input":"required name=search_term_string"}],"inLanguage":"en-US"},{"@type":"ImageObject","inLanguage":"en-US","@id":"https:\/\/www.visit-ulcinj.com\/blog\/2009\/05\/04\/bjordi-i-merzitur\/#primaryimage","url":"http:\/\/www.visit-ulcinj.com\/blog\/wp-content\/uploads\/2009\/05\/bjordiadelate-zene-2.jpg","contentUrl":"http:\/\/www.visit-ulcinj.com\/blog\/wp-content\/uploads\/2009\/05\/bjordiadelate-zene-2.jpg"},{"@type":"WebPage","@id":"https:\/\/www.visit-ulcinj.com\/blog\/2009\/05\/04\/bjordi-i-merzitur\/#webpage","url":"https:\/\/www.visit-ulcinj.com\/blog\/2009\/05\/04\/bjordi-i-merzitur\/","name":"Bjordi i m\u00c3\u00abrzitur | Big Brother Albania 2","isPartOf":{"@id":"https:\/\/www.visit-ulcinj.com\/blog\/#website"},"primaryImageOfPage":{"@id":"https:\/\/www.visit-ulcinj.com\/blog\/2009\/05\/04\/bjordi-i-merzitur\/#primaryimage"},"datePublished":"2009-05-04T20:25:51+00:00","dateModified":"2009-05-04T20:25:51+00:00","author":{"@id":"https:\/\/www.visit-ulcinj.com\/blog\/#\/schema\/person\/dcab619c614d3038751c63bc2aadc06d"},"description":"Big Brother Albania 2 - Adela shkon t\u00e2\u20ac\u2122i uroj\u00c3\u00ab mir\u00c3\u00abm\u00c3\u00abngjes Bjordit, por ai q\u00c3\u00abndron indiferent ndaj saj dhe me gjysm\u00c3\u00ab z\u00c3\u00abri e uron edhe ai. Ajo e merr me t\u00c3\u00ab mira dhe k\u00c3\u00abrkon q\u00c3\u00ab t\u00c3\u00ab ulet pran\u00c3\u00ab tij.","breadcrumb":{"@id":"https:\/\/www.visit-ulcinj.com\/blog\/2009\/05\/04\/bjordi-i-merzitur\/#breadcrumb"},"inLanguage":"en-US","potentialAction":[{"@type":"ReadAction","target":["https:\/\/www.visit-ulcinj.com\/blog\/2009\/05\/04\/bjordi-i-merzitur\/"]}]},{"@type":"BreadcrumbList","@id":"https:\/\/www.visit-ulcinj.com\/blog\/2009\/05\/04\/bjordi-i-merzitur\/#breadcrumb","itemListElement":[{"@type":"ListItem","position":1,"name":"Bjordi i m\u00ebrzitur"}]},{"@type":"Person","@id":"https:\/\/www.visit-ulcinj.com\/blog\/#\/schema\/person\/dcab619c614d3038751c63bc2aadc06d","name":"ulqini","sameAs":["http:\/\/www.visit-ulcinj.com"],"url":"https:\/\/www.visit-ulcinj.com\/blog\/author\/admin\/"}]}},"jetpack_featured_media_url":"","jetpack_sharing_enabled":true,"jetpack_shortlink":"https:\/\/wp.me\/pe6lTn-5ea","_links":{"self":[{"href":"https:\/\/www.visit-ulcinj.com\/blog\/wp-json\/wp\/v2\/posts\/20098"}],"collection":[{"href":"https:\/\/www.visit-ulcinj.com\/blog\/wp-json\/wp\/v2\/posts"}],"about":[{"href":"https:\/\/www.visit-ulcinj.com\/blog\/wp-json\/wp\/v2\/types\/post"}],"author":[{"embeddable":true,"href":"https:\/\/www.visit-ulcinj.com\/blog\/wp-json\/wp\/v2\/users\/1"}],"replies":[{"embeddable":true,"href":"https:\/\/www.visit-ulcinj.com\/blog\/wp-json\/wp\/v2\/comments?post=20098"}],"version-history":[{"count":0,"href":"https:\/\/www.visit-ulcinj.com\/blog\/wp-json\/wp\/v2\/posts\/20098\/revisions"}],"wp:attachment":[{"href":"https:\/\/www.visit-ulcinj.com\/blog\/wp-json\/wp\/v2\/media?parent=20098"}],"wp:term":[{"taxonomy":"category","embeddable":true,"href":"https:\/\/www.visit-ulcinj.com\/blog\/wp-json\/wp\/v2\/categories?post=20098"},{"taxonomy":"post_tag","embeddable":true,"href":"https:\/\/www.visit-ulcinj.com\/blog\/wp-json\/wp\/v2\/tags?post=20098"}],"curies":[{"name":"wp","href":"https:\/\/api.w.org\/{rel}","templated":true}]}}