{"id":2010,"date":"2008-06-15T11:47:29","date_gmt":"2008-06-15T16:47:29","guid":{"rendered":"http:\/\/www.visit-ulcinj.com\/blog\/?p=2010"},"modified":"2008-06-15T11:47:29","modified_gmt":"2008-06-15T16:47:29","slug":"opozicija-odlucna-da-ne-ucestvuje-u-plenarnom-radu-crnogorskog-parlamenta","status":"publish","type":"post","link":"https:\/\/www.visit-ulcinj.com\/blog\/2008\/06\/15\/opozicija-odlucna-da-ne-ucestvuje-u-plenarnom-radu-crnogorskog-parlamenta\/","title":{"rendered":"Opozicija odlu?na da ne u?estvuje u plenarnom radu crnogorskog parlamenta"},"content":{"rendered":"<p><img loading=\"lazy\" class=\"alignleft\" style=\"float: left;\" src=\"http:\/\/www.pobjeda.co.me\/slike\/vijesti\/1213400579.jpg\" alt=\"\" width=\"300\" height=\"229\" \/><strong>Rukovodstvo Skup\u0161tine da obezbijedi tv prenos<\/strong><br \/>\nPodgorica: Crnogorska opozicija ne?e u?estvovati u plenarnim zasjedanjima parlamenta dok se ne obezbijedi televizijski prenos, odlu?eno je na dana\u0161njoj zajedni?koj sjednici predstavnika Srpske liste, Pokreta za promjene, Socijalisti?ke narodne partije, Narodne stranke, Demokratske srpske stranke, Liberalne partije, Demokratskog saveza Crne Gore i Albanke alternative. Lider SNP Sr?an Mili? saop\u0161tio je da opozicija od rukovodstva Skup\u0161tine tra\u017ei da do 19. juna, kada po?inje nova sjednica, obezbijedi televizijski prenos. On je ocijenio kao nezabilje\u017een slu?aj da se javni servis odlu?i za preno\u0161enje samo dijela jedne ta?ke dnevnog reda sjednice, odnosno premijerskog sata, ali ne i poslani?kih pitanja, \u0161to je bio povod da opozicija napusti rad parlamenta.<a title=\"Neboj\u0161a Medojevi?\" href=\"http:\/\/arhiva.kurir-info.co.yu\/Arhiva\/2007\/Septembar\/03\/Slike\/Thumb_%5BMS575239_FONET-RISTO-BOZZOVICH_SCG-MEDOJEVICH-INTERVJU%5D.jpg\" target=\"_blank\"><img loading=\"lazy\" class=\"alignright\" style=\"float: right;\" src=\"http:\/\/arhiva.kurir-info.co.yu\/Arhiva\/2007\/Septembar\/03\/Slike\/Thumb_%5BMS575239_FONET-RISTO-BOZZOVICH_SCG-MEDOJEVICH-INTERVJU%5D.jpg\" alt=\"Neboj\u0161a Medojevi?\" width=\"156\" height=\"156\" \/><\/a><br \/>\n&#8211; Ovo \u0161to se de\u0161ava sa televizijskim prenosima je sinhronizovana akcija Vlade i rukovodstva televizije koja nije javni servis. U PZP to do\u017eivljavamo kao ozbiljnu provokaciju vlasti koja je suo?ena sa veoma te\u0161kim politi?kim temama i koja sada \u017eeli da isprovocira opoziciju da reaguje na na?in koji joj jedino preostaje, kazao je Neboj\u0161a Medojevi?. On je istakao da izgovor rukovodstva Skup\u0161tine ne mo\u017ee biti nedostatak novca ili tehni?kih sredstava da se rije\u0161i ovaj problem.<br \/>\n-Ako se ne obezbijedi prenos mo\u017ee se govoriti o jasnoj politi?koj namjeri re\u017eima da izbjegne suo?avanje sa stavovima parlamentarne ve?ine. Izvr\u0161i?emo dodatni pritisak na vlast i rukovodstvo Skup\u0161tine da omogu?e da ta institucija obavlja svoju ustavnu funkciju kazao je Medojevi?. On je dodao da svaka odluka u Crnoj Gori le\u017ei u rukama jednog ?ovjeka, te da je vrlo va\u017eno da opozicija na pravi pritisak i natjera ga da promjeni stav.<br \/>\n<img loading=\"lazy\" class=\"alignleft\" style=\"float: left;\" src=\"http:\/\/www.birn.eu.com\/images\/cms-image-000002663.jpg\" alt=\"Andrija Mandi?\" width=\"216\" height=\"144\" \/>Lider SL Andrija Mandi? smatra da Skup\u0161tina treba da plati Televiziji prenose zasjedanja parlamenta.<br \/>\n&#8211; Ne vidimo za\u0161to bi TVCG imala manje prava u odnosu na Demokratsku partiju socijalista koja svake godine inkasira ogroman novac zato \u0161to Vladi izdaje zgradu, a zna se da je to zgrada svih gra?ana Crne Gore, a ne partijska, rekao je on.<br \/>\nPredstavnik LP Dragan Ivan?evi? ocijenio je da je problem oko prenosa zasjedanja udar na parlamentarizam u Crnoj Gori.<br \/>\n&#8211; To je autokratski ?in vlasti, koja konstituisanjem Savjeta televizije ima punu kontrolu nad Javnim servisom i poku\u0161ava da, dezavui\u0161u?i rad parlamenta, ukine alternativno mi\u0161ljenje, rekao je on.<img loading=\"lazy\" class=\"alignright\" style=\"float: right;\" src=\"http:\/\/www.antenam.net\/cgi-bin\/get_img?NrImage=2&amp;NrArticle=11840\" alt=\"Ranko Kadi?\" width=\"198\" height=\"121\" \/><br \/>\nPredsjednik DSS Ranko Kadi? pozvao je predsjednika skup\u0161tine Ranka Krivokapi?a da se pridr\u017eava Protokola koji je potpisala sa TVCG, kao jedini uslov da opozicija nastavi rad.<br \/>\nPredsjednik DSCG Mehmed Bardhi ocijenio je da nepreno\u0161enje zasjedanja nije tehni?ko i pravno ve? politi?ko pitanje.<br \/>\n&#8211; Neko ne?e da omogu?i taj prenos odnosno omogu?i da javnost ?uje glas opozicije, rekao je on i dodao da je prenos sjednice jedini na?in da se ?uje <img loading=\"lazy\" class=\"alignleft\" style=\"float: left;\" src=\"http:\/\/www.svevesti.com\/images\/sr\/55399_a.jpg\" alt=\"Mehmet Bardhi\" width=\"111\" height=\"150\" \/>glas albanskog naroda u Crnoj Gori, istakao je Bardhi.<br \/>\n-Ako smo dio Crne Gore, kao manjina, imamo li pravo da gledamo i slu\u0161amo na\u0161e predstavnike. Na koji na?in ?emo to mo?i ako ne pra?enjem zasjedanja, saglasan je poslanik AA Vaselj Sini\u0161taj.<br \/>\nOpozicija nije pobjegla<br \/>\n&#8211; Neprijatno nam je \u0161to se ova tema poku\u0161ava pretvoriti u svoju suprotnost. Nije ovo sukob parlamentarne opozicije sa medijima, a po najmanje sa dr\u017eavnom televizijom. Mi samo \u017eelimo da se po\u0161tuje Protokol koji su u ime javnog servisa potpisali generalni direktor televizije i predsjednik skup\u0161tine, kazao je predstavnik NS Predrag Popovi?. Opozicija je ocijenila<img loading=\"lazy\" class=\"alignright\" style=\"float: right;\" src=\"http:\/\/www.voanews.com\/serbian\/images\/popovic.jpg\" alt=\"Predrag Popovi?\" width=\"120\" height=\"139\" \/> da je Protokol va\u017ee?i dokument koji se mo\u017ee mijenjati samo uz saglasnost jedne od ugovornih strana.<br \/>\n&#8211; Nije opozicija pobjegla, kako joj se spo?itava, i nije se upla\u0161ila, ve? \u017eeli da se utvr?eni principi po\u0161tuju, rekao je Popovi?.<br \/>\n<strong>Radovi? nije kontaktirao TVCG<\/strong><br \/>\nMili? je istakao da je Radovi?, prema odluci kolegijuma predsjednika, bio zadu\u017een da kontaktira TVCG oko prenosa prethodne sjednice, ali da je urednica informativnog programa Radojka Rutovi? istakla da joj se tim povodom niko iz Skup\u0161tine nije obratio.<br \/>\nMedojevi? je saop\u0161tio da opozicija ne zna da li i koliko Skup\u0161tina pla?a TVCG za prenose zasjedanja.<br \/>\n&#8211; Funkcionisanje Skup\u0161tine je apsolutno netransparentno i postoji mnogo razloga da generalni sekretar Milan Radovi? bude predmet pa\u017enje i to ne samo poslanika, rekao je Medojevi?.<br \/>\n<strong>Ve? vi?eno<\/strong><br \/>\n<img loading=\"lazy\" class=\"alignleft\" style=\"float: left;\" src=\"http:\/\/www.rtcg.cg.yu\/images\/layout\/logo.gif\" alt=\"RTCG\" width=\"147\" height=\"110\" \/>&#8211; Imamo situaciju da se prenos ukida kada premijer preuzima svoju funkciju \u0161to se de\u0161avalo i ranije. Kada se govori o va\u017enim pitanjima \u2013 priklju?enju NATO, rje\u0161avanju statusa Prevlake, odnosu prema Kosovu i Metohiji, ponavlja se scenario iz 2003. godine kada mu je bilo potrebno da se neki zakoni usvajaju bez prisustva javnosti, kazao je Mandi?.<br \/>\n&#8211; Apelujemo da rukovodstvo Skup\u0161tine i Vlada, za koju sumnjamo da stoji u pozadini cijele akcije, prona?u rje\u0161enje kako bi Parlament normalno funkcionisao, rekao je Mandi?.<br \/>\nPredrag Popovi? je kazao da ima mnogo zakona koji ne mogu biti na dnevnom redu zasjedanja, a kamoli se odlu?ivati o njima ukoliko ne postoji apsolutna saglasnost i dvotre?inska ve?ina u Parlamentu i naveo nerije\u0161ena pitanja oko Ustava, simbola, dr\u017eavljanstva.<br \/>\n<strong>D.?.<br \/>\nIzvor \/ Pobjeda<\/strong><\/p>\n","protected":false},"excerpt":{"rendered":"<p><img loading=\"lazy\" class=\"alignleft\" style=\"float: left;\" src=\"http:\/\/www.pobjeda.co.me\/slike\/vijesti\/1213400579.jpg\" alt=\"\" width=\"140\" height=\"140\" \/><\/p>\n","protected":false},"author":1,"featured_media":0,"comment_status":"open","ping_status":"closed","sticky":false,"template":"","format":"standard","meta":{"spay_email":"","jetpack_publicize_message":"","jetpack_is_tweetstorm":false,"jetpack_publicize_feature_enabled":true},"categories":[6,12],"tags":[2425,2544,794,3918,3921,3303,425,3920,3919,2708,2474],"jetpack_publicize_connections":[],"yoast_head":"<!-- This site is optimized with the Yoast SEO plugin v19.1 - https:\/\/yoast.com\/wordpress\/plugins\/seo\/ -->\n<title>Opozicija odlu?na da ne u?estvuje u plenarnom radu crnogorskog parlamenta - Lajme nga Ulqini<\/title>\n<meta name=\"robots\" content=\"index, follow, max-snippet:-1, max-image-preview:large, max-video-preview:-1\" \/>\n<link rel=\"canonical\" href=\"https:\/\/www.visit-ulcinj.com\/blog\/2008\/06\/15\/opozicija-odlucna-da-ne-ucestvuje-u-plenarnom-radu-crnogorskog-parlamenta\/\" \/>\n<meta property=\"og:locale\" content=\"en_US\" \/>\n<meta property=\"og:type\" content=\"article\" \/>\n<meta property=\"og:title\" content=\"Opozicija odlu?na da ne u?estvuje u plenarnom radu crnogorskog parlamenta - Lajme nga Ulqini\" \/>\n<meta property=\"og:url\" content=\"https:\/\/www.visit-ulcinj.com\/blog\/2008\/06\/15\/opozicija-odlucna-da-ne-ucestvuje-u-plenarnom-radu-crnogorskog-parlamenta\/\" \/>\n<meta property=\"og:site_name\" content=\"Lajme nga Ulqini\" \/>\n<meta property=\"article:published_time\" content=\"2008-06-15T16:47:29+00:00\" \/>\n<meta property=\"og:image\" content=\"http:\/\/www.pobjeda.co.me\/slike\/vijesti\/1213400579.jpg\" \/>\n<meta name=\"twitter:label1\" content=\"Written by\" \/>\n\t<meta name=\"twitter:data1\" content=\"ulqini\" \/>\n\t<meta name=\"twitter:label2\" content=\"Est. reading time\" \/>\n\t<meta name=\"twitter:data2\" content=\"4 minutes\" \/>\n<script type=\"application\/ld+json\" class=\"yoast-schema-graph\">{\"@context\":\"https:\/\/schema.org\",\"@graph\":[{\"@type\":\"WebSite\",\"@id\":\"https:\/\/www.visit-ulcinj.com\/blog\/#website\",\"url\":\"https:\/\/www.visit-ulcinj.com\/blog\/\",\"name\":\"Lajme nga Ulqini\",\"description\":\"Lajme,Vijesti,Ulqini,Ulqin,Crna Gora,Mali i Zi\",\"potentialAction\":[{\"@type\":\"SearchAction\",\"target\":{\"@type\":\"EntryPoint\",\"urlTemplate\":\"https:\/\/www.visit-ulcinj.com\/blog\/?s={search_term_string}\"},\"query-input\":\"required name=search_term_string\"}],\"inLanguage\":\"en-US\"},{\"@type\":\"ImageObject\",\"inLanguage\":\"en-US\",\"@id\":\"https:\/\/www.visit-ulcinj.com\/blog\/2008\/06\/15\/opozicija-odlucna-da-ne-ucestvuje-u-plenarnom-radu-crnogorskog-parlamenta\/#primaryimage\",\"url\":\"http:\/\/www.pobjeda.co.me\/slike\/vijesti\/1213400579.jpg\",\"contentUrl\":\"http:\/\/www.pobjeda.co.me\/slike\/vijesti\/1213400579.jpg\"},{\"@type\":\"WebPage\",\"@id\":\"https:\/\/www.visit-ulcinj.com\/blog\/2008\/06\/15\/opozicija-odlucna-da-ne-ucestvuje-u-plenarnom-radu-crnogorskog-parlamenta\/#webpage\",\"url\":\"https:\/\/www.visit-ulcinj.com\/blog\/2008\/06\/15\/opozicija-odlucna-da-ne-ucestvuje-u-plenarnom-radu-crnogorskog-parlamenta\/\",\"name\":\"Opozicija odlu?na da ne u?estvuje u plenarnom radu crnogorskog parlamenta - Lajme nga Ulqini\",\"isPartOf\":{\"@id\":\"https:\/\/www.visit-ulcinj.com\/blog\/#website\"},\"primaryImageOfPage\":{\"@id\":\"https:\/\/www.visit-ulcinj.com\/blog\/2008\/06\/15\/opozicija-odlucna-da-ne-ucestvuje-u-plenarnom-radu-crnogorskog-parlamenta\/#primaryimage\"},\"datePublished\":\"2008-06-15T16:47:29+00:00\",\"dateModified\":\"2008-06-15T16:47:29+00:00\",\"author\":{\"@id\":\"https:\/\/www.visit-ulcinj.com\/blog\/#\/schema\/person\/dcab619c614d3038751c63bc2aadc06d\"},\"breadcrumb\":{\"@id\":\"https:\/\/www.visit-ulcinj.com\/blog\/2008\/06\/15\/opozicija-odlucna-da-ne-ucestvuje-u-plenarnom-radu-crnogorskog-parlamenta\/#breadcrumb\"},\"inLanguage\":\"en-US\",\"potentialAction\":[{\"@type\":\"ReadAction\",\"target\":[\"https:\/\/www.visit-ulcinj.com\/blog\/2008\/06\/15\/opozicija-odlucna-da-ne-ucestvuje-u-plenarnom-radu-crnogorskog-parlamenta\/\"]}]},{\"@type\":\"BreadcrumbList\",\"@id\":\"https:\/\/www.visit-ulcinj.com\/blog\/2008\/06\/15\/opozicija-odlucna-da-ne-ucestvuje-u-plenarnom-radu-crnogorskog-parlamenta\/#breadcrumb\",\"itemListElement\":[{\"@type\":\"ListItem\",\"position\":1,\"name\":\"Opozicija odlu?na da ne u?estvuje u plenarnom radu crnogorskog parlamenta\"}]},{\"@type\":\"Person\",\"@id\":\"https:\/\/www.visit-ulcinj.com\/blog\/#\/schema\/person\/dcab619c614d3038751c63bc2aadc06d\",\"name\":\"ulqini\",\"sameAs\":[\"http:\/\/www.visit-ulcinj.com\"],\"url\":\"https:\/\/www.visit-ulcinj.com\/blog\/author\/admin\/\"}]}<\/script>\n<!-- \/ Yoast SEO plugin. -->","yoast_head_json":{"title":"Opozicija odlu?na da ne u?estvuje u plenarnom radu crnogorskog parlamenta - Lajme nga Ulqini","robots":{"index":"index","follow":"follow","max-snippet":"max-snippet:-1","max-image-preview":"max-image-preview:large","max-video-preview":"max-video-preview:-1"},"canonical":"https:\/\/www.visit-ulcinj.com\/blog\/2008\/06\/15\/opozicija-odlucna-da-ne-ucestvuje-u-plenarnom-radu-crnogorskog-parlamenta\/","og_locale":"en_US","og_type":"article","og_title":"Opozicija odlu?na da ne u?estvuje u plenarnom radu crnogorskog parlamenta - Lajme nga Ulqini","og_url":"https:\/\/www.visit-ulcinj.com\/blog\/2008\/06\/15\/opozicija-odlucna-da-ne-ucestvuje-u-plenarnom-radu-crnogorskog-parlamenta\/","og_site_name":"Lajme nga Ulqini","article_published_time":"2008-06-15T16:47:29+00:00","og_image":[{"url":"http:\/\/www.pobjeda.co.me\/slike\/vijesti\/1213400579.jpg"}],"twitter_misc":{"Written by":"ulqini","Est. reading time":"4 minutes"},"schema":{"@context":"https:\/\/schema.org","@graph":[{"@type":"WebSite","@id":"https:\/\/www.visit-ulcinj.com\/blog\/#website","url":"https:\/\/www.visit-ulcinj.com\/blog\/","name":"Lajme nga Ulqini","description":"Lajme,Vijesti,Ulqini,Ulqin,Crna Gora,Mali i Zi","potentialAction":[{"@type":"SearchAction","target":{"@type":"EntryPoint","urlTemplate":"https:\/\/www.visit-ulcinj.com\/blog\/?s={search_term_string}"},"query-input":"required name=search_term_string"}],"inLanguage":"en-US"},{"@type":"ImageObject","inLanguage":"en-US","@id":"https:\/\/www.visit-ulcinj.com\/blog\/2008\/06\/15\/opozicija-odlucna-da-ne-ucestvuje-u-plenarnom-radu-crnogorskog-parlamenta\/#primaryimage","url":"http:\/\/www.pobjeda.co.me\/slike\/vijesti\/1213400579.jpg","contentUrl":"http:\/\/www.pobjeda.co.me\/slike\/vijesti\/1213400579.jpg"},{"@type":"WebPage","@id":"https:\/\/www.visit-ulcinj.com\/blog\/2008\/06\/15\/opozicija-odlucna-da-ne-ucestvuje-u-plenarnom-radu-crnogorskog-parlamenta\/#webpage","url":"https:\/\/www.visit-ulcinj.com\/blog\/2008\/06\/15\/opozicija-odlucna-da-ne-ucestvuje-u-plenarnom-radu-crnogorskog-parlamenta\/","name":"Opozicija odlu?na da ne u?estvuje u plenarnom radu crnogorskog parlamenta - Lajme nga Ulqini","isPartOf":{"@id":"https:\/\/www.visit-ulcinj.com\/blog\/#website"},"primaryImageOfPage":{"@id":"https:\/\/www.visit-ulcinj.com\/blog\/2008\/06\/15\/opozicija-odlucna-da-ne-ucestvuje-u-plenarnom-radu-crnogorskog-parlamenta\/#primaryimage"},"datePublished":"2008-06-15T16:47:29+00:00","dateModified":"2008-06-15T16:47:29+00:00","author":{"@id":"https:\/\/www.visit-ulcinj.com\/blog\/#\/schema\/person\/dcab619c614d3038751c63bc2aadc06d"},"breadcrumb":{"@id":"https:\/\/www.visit-ulcinj.com\/blog\/2008\/06\/15\/opozicija-odlucna-da-ne-ucestvuje-u-plenarnom-radu-crnogorskog-parlamenta\/#breadcrumb"},"inLanguage":"en-US","potentialAction":[{"@type":"ReadAction","target":["https:\/\/www.visit-ulcinj.com\/blog\/2008\/06\/15\/opozicija-odlucna-da-ne-ucestvuje-u-plenarnom-radu-crnogorskog-parlamenta\/"]}]},{"@type":"BreadcrumbList","@id":"https:\/\/www.visit-ulcinj.com\/blog\/2008\/06\/15\/opozicija-odlucna-da-ne-ucestvuje-u-plenarnom-radu-crnogorskog-parlamenta\/#breadcrumb","itemListElement":[{"@type":"ListItem","position":1,"name":"Opozicija odlu?na da ne u?estvuje u plenarnom radu crnogorskog parlamenta"}]},{"@type":"Person","@id":"https:\/\/www.visit-ulcinj.com\/blog\/#\/schema\/person\/dcab619c614d3038751c63bc2aadc06d","name":"ulqini","sameAs":["http:\/\/www.visit-ulcinj.com"],"url":"https:\/\/www.visit-ulcinj.com\/blog\/author\/admin\/"}]}},"jetpack_featured_media_url":"","jetpack_sharing_enabled":true,"jetpack_shortlink":"https:\/\/wp.me\/pe6lTn-wq","_links":{"self":[{"href":"https:\/\/www.visit-ulcinj.com\/blog\/wp-json\/wp\/v2\/posts\/2010"}],"collection":[{"href":"https:\/\/www.visit-ulcinj.com\/blog\/wp-json\/wp\/v2\/posts"}],"about":[{"href":"https:\/\/www.visit-ulcinj.com\/blog\/wp-json\/wp\/v2\/types\/post"}],"author":[{"embeddable":true,"href":"https:\/\/www.visit-ulcinj.com\/blog\/wp-json\/wp\/v2\/users\/1"}],"replies":[{"embeddable":true,"href":"https:\/\/www.visit-ulcinj.com\/blog\/wp-json\/wp\/v2\/comments?post=2010"}],"version-history":[{"count":0,"href":"https:\/\/www.visit-ulcinj.com\/blog\/wp-json\/wp\/v2\/posts\/2010\/revisions"}],"wp:attachment":[{"href":"https:\/\/www.visit-ulcinj.com\/blog\/wp-json\/wp\/v2\/media?parent=2010"}],"wp:term":[{"taxonomy":"category","embeddable":true,"href":"https:\/\/www.visit-ulcinj.com\/blog\/wp-json\/wp\/v2\/categories?post=2010"},{"taxonomy":"post_tag","embeddable":true,"href":"https:\/\/www.visit-ulcinj.com\/blog\/wp-json\/wp\/v2\/tags?post=2010"}],"curies":[{"name":"wp","href":"https:\/\/api.w.org\/{rel}","templated":true}]}}