{"id":20105,"date":"2009-05-04T22:32:19","date_gmt":"2009-05-04T20:32:19","guid":{"rendered":"http:\/\/www.visit-ulcinj.com\/blog\/?p=20105"},"modified":"2009-05-04T22:32:19","modified_gmt":"2009-05-04T20:32:19","slug":"adela-per-bjordi-tani-do-mendoj-per-veten","status":"publish","type":"post","link":"https:\/\/www.visit-ulcinj.com\/blog\/2009\/05\/04\/adela-per-bjordi-tani-do-mendoj-per-veten\/","title":{"rendered":"Adela p\u00ebr Bjordi : Tani do mendoj p\u00ebr veten"},"content":{"rendered":"<p><em><span class=\"newsdate\"><a href=\"http:\/\/www.visit-ulcinj.com\/blog\/wp-content\/uploads\/2009\/05\/adela-per-bjordin30.jpg\"><img loading=\"lazy\" class=\"alignleft size-full wp-image-20106\" title=\"adela-per-bjordin30-big-brother-albania-2\" src=\"http:\/\/www.visit-ulcinj.com\/blog\/wp-content\/uploads\/2009\/05\/adela-per-bjordin30.jpg\" alt=\"adela-per-bjordin30-big-brother-albania-2\" width=\"300\" height=\"205\" \/><\/a>30\/04\/09 16:11<\/span><\/em><\/p>\n<p>Adela p\u00ebrfiton nga fakti q\u00eb \u00ebsht\u00eb vet\u00ebm me Mimoz\u00ebn p\u00ebr t`i treguar q\u00eb kishte b\u00ebr\u00eb fjal\u00eb me Bjordin. Ajo i tregon q\u00eb kur ishte zgjuar n\u00eb m\u00ebngjes kishte shkuar p\u00ebr t`i th\u00ebn\u00eb \u2018mir\u00ebm\u00ebngjes\u2019, dhe ai p\u00ebr t\u00eb b\u00ebr\u00eb shaka i kishte nxjerr\u00eb mikrofonin duke mos e l\u00ebn\u00eb t`i afrohej. Ajo tregon q\u00eb ishte nervozuar nga kjo gj\u00eb dhe kishte ikur duke i th\u00ebn\u00eb :-\u201cIk ore ti!\u201d Ajo shton q\u00eb nga ky moment ai nuk i kishte folur m\u00eb. Mimoza mendon q\u00eb kishte vepruar mir\u00eb. Ato kishin gjetur nj\u00eb moment p\u00ebr t`u sqaruar, dhe Bjordi i kishte th\u00ebn\u00eb Adelajd\u00ebs:-\u201cUn\u00eb kam b\u00ebr\u00eb shum\u00eb p\u00ebr ty, dhe tani do mendoj p\u00ebr veten time!\u201d Ajo shton q\u00eb Bjordit nuk i kishte p\u00eblqyer m\u00ebnyra e saj arrogante e t\u00eb sjelluri,t dhe i kishte th\u00ebn\u00eb q\u00eb t\u00eb till\u00eb sjellje nuk do e kishte toleruar n\u00ebse do ishin jasht\u00eb. Sipas tij ajo nuk e vler\u00ebsonte at\u00eb q\u00eb ai kishte b\u00ebr\u00eb p\u00ebr t\u00eb. Ajo thot\u00eb habitur:-\u201cMe nj\u00eb fjal\u00eb \u2018ik ore\u2019 ai kuptoi q\u00eb un\u00eb nuk kisha vler\u00ebsim p\u00ebr t\u00eb!\u201d Mimoza e pyet se si ishte mbyllur biseda e tyre. Adelajda tregon q\u00eb i kishte th\u00ebn\u00eb q\u00eb \u00ebsht\u00eb shum\u00eb e ngarkuar psikologjikisht, p\u00ebr faktin q\u00eb e kishte marr\u00eb malli p\u00ebr prid\u00ebrit e saj dhe nuk dinte se si ishin ato. Ai i kishte th\u00ebn\u00eb q\u00eb vinte n\u00eb dyshim fjal\u00ebt e mamit t\u00eb tij , por ajo thot\u00eb q\u00eb nuk i vinte n\u00eb dyshim, por donte t`i shikonte vet\u00eb. Mimoza mendon q\u00eb ai \u00ebsht\u00eb i m\u00ebrzitur me Adelajd\u00ebn pasi i ka th\u00ebn\u00eb q\u00eb kishte nevoj\u00eb t\u00eb q\u00ebndronte vet\u00ebm. Adelajda i thot\u00eb:-\u201c\u00cbsht\u00eb hera e par\u00eb q\u00eb ia thash\u00eb pasi kisha nevoj\u00eb. Ai ma ka th\u00ebn\u00eb disa her\u00eb!\u201d Ajo thot\u00eb q\u00eb e ka respektuar sa her\u00eb ai i kishte k\u00ebrkuar ta linte vet\u00ebm dhe nj\u00eb her\u00eb q\u00eb e k\u00ebrkoi ajo , ai ishte m\u00ebrzitur. Sipas saj \u00ebsht\u00eb nj\u00eb sjellje e till\u00eb \u00ebsht\u00eb pajustifikuar, dhe shton:-\u201c\u00cbsht\u00eb 21 vjec prandaj e justifikoj!\u201d<\/p>\n","protected":false},"excerpt":{"rendered":"<p>30\/04\/09 16:11 Adela p\u00ebrfiton nga fakti q\u00eb \u00ebsht\u00eb vet\u00ebm me Mimoz\u00ebn p\u00ebr t`i treguar q\u00eb kishte b\u00ebr\u00eb fjal\u00eb me Bjordin. Ajo i tregon q\u00eb kur ishte zgjuar n\u00eb m\u00ebngjes kishte shkuar p\u00ebr t`i th\u00ebn\u00eb \u2018mir\u00ebm\u00ebngjes\u2019, dhe ai p\u00ebr t\u00eb b\u00ebr\u00eb shaka i kishte nxjerr\u00eb mikrofonin duke mos e l\u00ebn\u00eb t`i afrohej. Ajo tregon q\u00eb ishte [&hellip;]<\/p>\n","protected":false},"author":1,"featured_media":0,"comment_status":"open","ping_status":"closed","sticky":false,"template":"","format":"standard","meta":{"spay_email":"","jetpack_publicize_message":"","jetpack_is_tweetstorm":false,"jetpack_publicize_feature_enabled":true},"categories":[6502],"tags":[6529,9121,6522,6544,9751],"jetpack_publicize_connections":[],"yoast_head":"<!-- This site is optimized with the Yoast SEO plugin v19.1 - https:\/\/yoast.com\/wordpress\/plugins\/seo\/ -->\n<title>Adela p\u00c3\u00abr Bjordi : Tani do mendoj p\u00c3\u00abr veten | Big Brother Albania 2<\/title>\n<meta name=\"description\" content=\"Big Brother Albania 2 - Adela p\u00c3\u00abrfiton nga fakti q\u00c3\u00ab \u00c3\u00absht\u00c3\u00ab vet\u00c3\u00abm me Mimoz\u00c3\u00abn p\u00c3\u00abr t`i treguar q\u00c3\u00ab kishte b\u00c3\u00abr\u00c3\u00ab fjal\u00c3\u00ab me Bjordin. Ajo i tregon q\u00c3\u00ab kur ishte zgjuar n\u00c3\u00ab m\u00c3\u00abngjes kishte shkuar p\u00c3\u00abr t`i th\u00c3\u00abn\u00c3\u00ab \u00e2\u20ac\u02dcmir\u00c3\u00abm\u00c3\u00abngjes\u00e2\u20ac\u2122\" \/>\n<meta name=\"robots\" content=\"index, follow, max-snippet:-1, max-image-preview:large, max-video-preview:-1\" \/>\n<link rel=\"canonical\" href=\"https:\/\/www.visit-ulcinj.com\/blog\/2009\/05\/04\/adela-per-bjordi-tani-do-mendoj-per-veten\/\" \/>\n<meta property=\"og:locale\" content=\"en_US\" \/>\n<meta property=\"og:type\" content=\"article\" \/>\n<meta property=\"og:title\" content=\"Adela p\u00c3\u00abr Bjordi : Tani do mendoj p\u00c3\u00abr veten | Big Brother Albania 2\" \/>\n<meta property=\"og:description\" content=\"Big Brother Albania 2 - Adela p\u00c3\u00abrfiton nga fakti q\u00c3\u00ab \u00c3\u00absht\u00c3\u00ab vet\u00c3\u00abm me Mimoz\u00c3\u00abn p\u00c3\u00abr t`i treguar q\u00c3\u00ab kishte b\u00c3\u00abr\u00c3\u00ab fjal\u00c3\u00ab me Bjordin. Ajo i tregon q\u00c3\u00ab kur ishte zgjuar n\u00c3\u00ab m\u00c3\u00abngjes kishte shkuar p\u00c3\u00abr t`i th\u00c3\u00abn\u00c3\u00ab \u00e2\u20ac\u02dcmir\u00c3\u00abm\u00c3\u00abngjes\u00e2\u20ac\u2122\" \/>\n<meta property=\"og:url\" content=\"https:\/\/www.visit-ulcinj.com\/blog\/2009\/05\/04\/adela-per-bjordi-tani-do-mendoj-per-veten\/\" \/>\n<meta property=\"og:site_name\" content=\"Lajme nga Ulqini\" \/>\n<meta property=\"article:published_time\" content=\"2009-05-04T20:32:19+00:00\" \/>\n<meta property=\"og:image\" content=\"http:\/\/www.visit-ulcinj.com\/blog\/wp-content\/uploads\/2009\/05\/adela-per-bjordin30.jpg\" \/>\n<meta name=\"twitter:label1\" content=\"Written by\" \/>\n\t<meta name=\"twitter:data1\" content=\"ulqini\" \/>\n\t<meta name=\"twitter:label2\" content=\"Est. reading time\" \/>\n\t<meta name=\"twitter:data2\" content=\"2 minutes\" \/>\n<script type=\"application\/ld+json\" class=\"yoast-schema-graph\">{\"@context\":\"https:\/\/schema.org\",\"@graph\":[{\"@type\":\"WebSite\",\"@id\":\"https:\/\/www.visit-ulcinj.com\/blog\/#website\",\"url\":\"https:\/\/www.visit-ulcinj.com\/blog\/\",\"name\":\"Lajme nga Ulqini\",\"description\":\"Lajme,Vijesti,Ulqini,Ulqin,Crna Gora,Mali i Zi\",\"potentialAction\":[{\"@type\":\"SearchAction\",\"target\":{\"@type\":\"EntryPoint\",\"urlTemplate\":\"https:\/\/www.visit-ulcinj.com\/blog\/?s={search_term_string}\"},\"query-input\":\"required name=search_term_string\"}],\"inLanguage\":\"en-US\"},{\"@type\":\"ImageObject\",\"inLanguage\":\"en-US\",\"@id\":\"https:\/\/www.visit-ulcinj.com\/blog\/2009\/05\/04\/adela-per-bjordi-tani-do-mendoj-per-veten\/#primaryimage\",\"url\":\"http:\/\/www.visit-ulcinj.com\/blog\/wp-content\/uploads\/2009\/05\/adela-per-bjordin30.jpg\",\"contentUrl\":\"http:\/\/www.visit-ulcinj.com\/blog\/wp-content\/uploads\/2009\/05\/adela-per-bjordin30.jpg\"},{\"@type\":\"WebPage\",\"@id\":\"https:\/\/www.visit-ulcinj.com\/blog\/2009\/05\/04\/adela-per-bjordi-tani-do-mendoj-per-veten\/#webpage\",\"url\":\"https:\/\/www.visit-ulcinj.com\/blog\/2009\/05\/04\/adela-per-bjordi-tani-do-mendoj-per-veten\/\",\"name\":\"Adela p\u00c3\u00abr Bjordi : Tani do mendoj p\u00c3\u00abr veten | Big Brother Albania 2\",\"isPartOf\":{\"@id\":\"https:\/\/www.visit-ulcinj.com\/blog\/#website\"},\"primaryImageOfPage\":{\"@id\":\"https:\/\/www.visit-ulcinj.com\/blog\/2009\/05\/04\/adela-per-bjordi-tani-do-mendoj-per-veten\/#primaryimage\"},\"datePublished\":\"2009-05-04T20:32:19+00:00\",\"dateModified\":\"2009-05-04T20:32:19+00:00\",\"author\":{\"@id\":\"https:\/\/www.visit-ulcinj.com\/blog\/#\/schema\/person\/dcab619c614d3038751c63bc2aadc06d\"},\"description\":\"Big Brother Albania 2 - Adela p\u00c3\u00abrfiton nga fakti q\u00c3\u00ab \u00c3\u00absht\u00c3\u00ab vet\u00c3\u00abm me Mimoz\u00c3\u00abn p\u00c3\u00abr t`i treguar q\u00c3\u00ab kishte b\u00c3\u00abr\u00c3\u00ab fjal\u00c3\u00ab me Bjordin. Ajo i tregon q\u00c3\u00ab kur ishte zgjuar n\u00c3\u00ab m\u00c3\u00abngjes kishte shkuar p\u00c3\u00abr t`i th\u00c3\u00abn\u00c3\u00ab \u00e2\u20ac\u02dcmir\u00c3\u00abm\u00c3\u00abngjes\u00e2\u20ac\u2122\",\"breadcrumb\":{\"@id\":\"https:\/\/www.visit-ulcinj.com\/blog\/2009\/05\/04\/adela-per-bjordi-tani-do-mendoj-per-veten\/#breadcrumb\"},\"inLanguage\":\"en-US\",\"potentialAction\":[{\"@type\":\"ReadAction\",\"target\":[\"https:\/\/www.visit-ulcinj.com\/blog\/2009\/05\/04\/adela-per-bjordi-tani-do-mendoj-per-veten\/\"]}]},{\"@type\":\"BreadcrumbList\",\"@id\":\"https:\/\/www.visit-ulcinj.com\/blog\/2009\/05\/04\/adela-per-bjordi-tani-do-mendoj-per-veten\/#breadcrumb\",\"itemListElement\":[{\"@type\":\"ListItem\",\"position\":1,\"name\":\"Adela p\u00ebr Bjordi : Tani do mendoj p\u00ebr veten\"}]},{\"@type\":\"Person\",\"@id\":\"https:\/\/www.visit-ulcinj.com\/blog\/#\/schema\/person\/dcab619c614d3038751c63bc2aadc06d\",\"name\":\"ulqini\",\"sameAs\":[\"http:\/\/www.visit-ulcinj.com\"],\"url\":\"https:\/\/www.visit-ulcinj.com\/blog\/author\/admin\/\"}]}<\/script>\n<!-- \/ Yoast SEO plugin. -->","yoast_head_json":{"title":"Adela p\u00c3\u00abr Bjordi : Tani do mendoj p\u00c3\u00abr veten | Big Brother Albania 2","description":"Big Brother Albania 2 - Adela p\u00c3\u00abrfiton nga fakti q\u00c3\u00ab \u00c3\u00absht\u00c3\u00ab vet\u00c3\u00abm me Mimoz\u00c3\u00abn p\u00c3\u00abr t`i treguar q\u00c3\u00ab kishte b\u00c3\u00abr\u00c3\u00ab fjal\u00c3\u00ab me Bjordin. Ajo i tregon q\u00c3\u00ab kur ishte zgjuar n\u00c3\u00ab m\u00c3\u00abngjes kishte shkuar p\u00c3\u00abr t`i th\u00c3\u00abn\u00c3\u00ab \u00e2\u20ac\u02dcmir\u00c3\u00abm\u00c3\u00abngjes\u00e2\u20ac\u2122","robots":{"index":"index","follow":"follow","max-snippet":"max-snippet:-1","max-image-preview":"max-image-preview:large","max-video-preview":"max-video-preview:-1"},"canonical":"https:\/\/www.visit-ulcinj.com\/blog\/2009\/05\/04\/adela-per-bjordi-tani-do-mendoj-per-veten\/","og_locale":"en_US","og_type":"article","og_title":"Adela p\u00c3\u00abr Bjordi : Tani do mendoj p\u00c3\u00abr veten | Big Brother Albania 2","og_description":"Big Brother Albania 2 - Adela p\u00c3\u00abrfiton nga fakti q\u00c3\u00ab \u00c3\u00absht\u00c3\u00ab vet\u00c3\u00abm me Mimoz\u00c3\u00abn p\u00c3\u00abr t`i treguar q\u00c3\u00ab kishte b\u00c3\u00abr\u00c3\u00ab fjal\u00c3\u00ab me Bjordin. Ajo i tregon q\u00c3\u00ab kur ishte zgjuar n\u00c3\u00ab m\u00c3\u00abngjes kishte shkuar p\u00c3\u00abr t`i th\u00c3\u00abn\u00c3\u00ab \u00e2\u20ac\u02dcmir\u00c3\u00abm\u00c3\u00abngjes\u00e2\u20ac\u2122","og_url":"https:\/\/www.visit-ulcinj.com\/blog\/2009\/05\/04\/adela-per-bjordi-tani-do-mendoj-per-veten\/","og_site_name":"Lajme nga Ulqini","article_published_time":"2009-05-04T20:32:19+00:00","og_image":[{"url":"http:\/\/www.visit-ulcinj.com\/blog\/wp-content\/uploads\/2009\/05\/adela-per-bjordin30.jpg"}],"twitter_misc":{"Written by":"ulqini","Est. reading time":"2 minutes"},"schema":{"@context":"https:\/\/schema.org","@graph":[{"@type":"WebSite","@id":"https:\/\/www.visit-ulcinj.com\/blog\/#website","url":"https:\/\/www.visit-ulcinj.com\/blog\/","name":"Lajme nga Ulqini","description":"Lajme,Vijesti,Ulqini,Ulqin,Crna Gora,Mali i Zi","potentialAction":[{"@type":"SearchAction","target":{"@type":"EntryPoint","urlTemplate":"https:\/\/www.visit-ulcinj.com\/blog\/?s={search_term_string}"},"query-input":"required name=search_term_string"}],"inLanguage":"en-US"},{"@type":"ImageObject","inLanguage":"en-US","@id":"https:\/\/www.visit-ulcinj.com\/blog\/2009\/05\/04\/adela-per-bjordi-tani-do-mendoj-per-veten\/#primaryimage","url":"http:\/\/www.visit-ulcinj.com\/blog\/wp-content\/uploads\/2009\/05\/adela-per-bjordin30.jpg","contentUrl":"http:\/\/www.visit-ulcinj.com\/blog\/wp-content\/uploads\/2009\/05\/adela-per-bjordin30.jpg"},{"@type":"WebPage","@id":"https:\/\/www.visit-ulcinj.com\/blog\/2009\/05\/04\/adela-per-bjordi-tani-do-mendoj-per-veten\/#webpage","url":"https:\/\/www.visit-ulcinj.com\/blog\/2009\/05\/04\/adela-per-bjordi-tani-do-mendoj-per-veten\/","name":"Adela p\u00c3\u00abr Bjordi : Tani do mendoj p\u00c3\u00abr veten | Big Brother Albania 2","isPartOf":{"@id":"https:\/\/www.visit-ulcinj.com\/blog\/#website"},"primaryImageOfPage":{"@id":"https:\/\/www.visit-ulcinj.com\/blog\/2009\/05\/04\/adela-per-bjordi-tani-do-mendoj-per-veten\/#primaryimage"},"datePublished":"2009-05-04T20:32:19+00:00","dateModified":"2009-05-04T20:32:19+00:00","author":{"@id":"https:\/\/www.visit-ulcinj.com\/blog\/#\/schema\/person\/dcab619c614d3038751c63bc2aadc06d"},"description":"Big Brother Albania 2 - Adela p\u00c3\u00abrfiton nga fakti q\u00c3\u00ab \u00c3\u00absht\u00c3\u00ab vet\u00c3\u00abm me Mimoz\u00c3\u00abn p\u00c3\u00abr t`i treguar q\u00c3\u00ab kishte b\u00c3\u00abr\u00c3\u00ab fjal\u00c3\u00ab me Bjordin. Ajo i tregon q\u00c3\u00ab kur ishte zgjuar n\u00c3\u00ab m\u00c3\u00abngjes kishte shkuar p\u00c3\u00abr t`i th\u00c3\u00abn\u00c3\u00ab \u00e2\u20ac\u02dcmir\u00c3\u00abm\u00c3\u00abngjes\u00e2\u20ac\u2122","breadcrumb":{"@id":"https:\/\/www.visit-ulcinj.com\/blog\/2009\/05\/04\/adela-per-bjordi-tani-do-mendoj-per-veten\/#breadcrumb"},"inLanguage":"en-US","potentialAction":[{"@type":"ReadAction","target":["https:\/\/www.visit-ulcinj.com\/blog\/2009\/05\/04\/adela-per-bjordi-tani-do-mendoj-per-veten\/"]}]},{"@type":"BreadcrumbList","@id":"https:\/\/www.visit-ulcinj.com\/blog\/2009\/05\/04\/adela-per-bjordi-tani-do-mendoj-per-veten\/#breadcrumb","itemListElement":[{"@type":"ListItem","position":1,"name":"Adela p\u00ebr Bjordi : Tani do mendoj p\u00ebr veten"}]},{"@type":"Person","@id":"https:\/\/www.visit-ulcinj.com\/blog\/#\/schema\/person\/dcab619c614d3038751c63bc2aadc06d","name":"ulqini","sameAs":["http:\/\/www.visit-ulcinj.com"],"url":"https:\/\/www.visit-ulcinj.com\/blog\/author\/admin\/"}]}},"jetpack_featured_media_url":"","jetpack_sharing_enabled":true,"jetpack_shortlink":"https:\/\/wp.me\/pe6lTn-5eh","_links":{"self":[{"href":"https:\/\/www.visit-ulcinj.com\/blog\/wp-json\/wp\/v2\/posts\/20105"}],"collection":[{"href":"https:\/\/www.visit-ulcinj.com\/blog\/wp-json\/wp\/v2\/posts"}],"about":[{"href":"https:\/\/www.visit-ulcinj.com\/blog\/wp-json\/wp\/v2\/types\/post"}],"author":[{"embeddable":true,"href":"https:\/\/www.visit-ulcinj.com\/blog\/wp-json\/wp\/v2\/users\/1"}],"replies":[{"embeddable":true,"href":"https:\/\/www.visit-ulcinj.com\/blog\/wp-json\/wp\/v2\/comments?post=20105"}],"version-history":[{"count":0,"href":"https:\/\/www.visit-ulcinj.com\/blog\/wp-json\/wp\/v2\/posts\/20105\/revisions"}],"wp:attachment":[{"href":"https:\/\/www.visit-ulcinj.com\/blog\/wp-json\/wp\/v2\/media?parent=20105"}],"wp:term":[{"taxonomy":"category","embeddable":true,"href":"https:\/\/www.visit-ulcinj.com\/blog\/wp-json\/wp\/v2\/categories?post=20105"},{"taxonomy":"post_tag","embeddable":true,"href":"https:\/\/www.visit-ulcinj.com\/blog\/wp-json\/wp\/v2\/tags?post=20105"}],"curies":[{"name":"wp","href":"https:\/\/api.w.org\/{rel}","templated":true}]}}