{"id":20108,"date":"2009-05-04T22:35:44","date_gmt":"2009-05-04T20:35:44","guid":{"rendered":"http:\/\/www.visit-ulcinj.com\/blog\/?p=20108"},"modified":"2009-05-04T22:35:44","modified_gmt":"2009-05-04T20:35:44","slug":"ari-me-ka-puthur-juna","status":"publish","type":"post","link":"https:\/\/www.visit-ulcinj.com\/blog\/2009\/05\/04\/ari-me-ka-puthur-juna\/","title":{"rendered":"Ari: M\u00eb ka puthur Juna"},"content":{"rendered":"<p><em><span class=\"newsdate\"><a href=\"http:\/\/www.visit-ulcinj.com\/blog\/wp-content\/uploads\/2009\/05\/ari-pas-debatit30.jpg\"><img loading=\"lazy\" class=\"alignleft size-full wp-image-20109\" title=\"ari-pas-debatit30-big-brother-albania-2\" src=\"http:\/\/www.visit-ulcinj.com\/blog\/wp-content\/uploads\/2009\/05\/ari-pas-debatit30.jpg\" alt=\"ari-pas-debatit30-big-brother-albania-2\" width=\"300\" height=\"205\" \/><\/a>30\/04\/09 23:40<\/span><\/em><\/p>\n<p>Ari dhe Bjordi q\u00ebndrojn\u00eb n\u00eb kop\u00ebsht duke diskutuar p\u00ebr debatin me Junid\u00ebs. Ai thot\u00eb q\u00eb e tregon veten sikur \u00ebsht\u00eb shum\u00eb m\u00eb lart se banor\u00ebt e tjer\u00eb. Ai shton:-\u201cM\u00eb vjen zor t\u00eb merrem me nj\u00eb fem\u00ebr, por sa m\u00eb shum\u00eb e ngacmoja aq m\u00eb shum\u00eb e tregonte veten!\u201d Bjordi i thot\u00eb q\u00eb ai n\u00eb debat reagoi mir\u00eb, dhe me shenj\u00ebn q\u00eb ajo b\u00ebri duke n\u00ebnkuptuar q\u00eb ta mbyll\u00eb goj\u00ebn tregonte q\u00eb Ari e fitoi debatin. Arjani mendon q\u00eb gjesti i saj ishte shum\u00eb ofendues. Ai thot\u00eb q\u00eb nuk i p\u00eblqen m\u00ebnyra se si ajo i drejtohet banor\u00ebve t\u00eb tjer\u00eb. Bjordi mendon q\u00eb ajo \u00ebsht\u00eb xheloze. Ari thot\u00eb q\u00eb \u00ebsht\u00eb p\u00ebrpjekur q\u00eb t\u00eb komunikoj\u00eb me t\u00eb , por thot\u00eb q\u00eb nuk ia vlen, dhe shpreson q\u00eb t\u00eb jet\u00eb ajo personi q\u00eb t\u00eb dal\u00eb. N\u00eb kop\u00ebsht vjen Adi dhe Qetsori. Arjani tregon q\u00eb ai \u00ebsht\u00eb puthur nj\u00eb her\u00eb me Junid\u00ebn kur kishte q\u00ebn\u00eb n\u00eb Gjermani , por nuk e mban mend shum\u00eb mir\u00eb. Ai komenton fjal\u00ebt e Anjez\u00ebs e cila i kishte th\u00ebn\u00eb Arjanit, q\u00eb ka inate t\u00eb vjetra me Junid\u00ebn. Sipas tij ajo ka nj\u00eb natyr\u00eb e cila i ofendon njer\u00ebzit. Ai vazhdon t\u00eb kujtoj\u00eb q\u00eb n\u00eb momentet kur \u00ebsht\u00eb puthur nuk i kishte p\u00eblqyer dhe shton:-\u201cM\u00eb shum\u00eb m\u00eb ka puthur, se sa e kam puthur!\u201d Ai mendon q\u00eb nj\u00eb person q\u00eb \u00ebsht\u00eb v\u00ebrtet lart nuk ka nevoj\u00eb ta shprehin at\u00eb. Ato diskutojn\u00eb p\u00ebr debatin duke prekur momentin q\u00eb Adelajda debatoi me Junid\u00ebn. Qetsori mendon q\u00eb ajo duhet t\u00eb kishte reaguar, por Bjordi thot\u00eb:-\u201cAjo reagoi duke mos reaguar!\u201d Qetsori dhe Adi e kund\u00ebrshtojn\u00eb, pasi mos reagimi tergon q\u00eb nuk ke shum\u00eb argumente. Bjordi mendon q\u00eb sjellja e saj tregon inferioritet.<\/p>\n","protected":false},"excerpt":{"rendered":"<p>30\/04\/09 23:40 Ari dhe Bjordi q\u00ebndrojn\u00eb n\u00eb kop\u00ebsht duke diskutuar p\u00ebr debatin me Junid\u00ebs. Ai thot\u00eb q\u00eb e tregon veten sikur \u00ebsht\u00eb shum\u00eb m\u00eb lart se banor\u00ebt e tjer\u00eb. Ai shton:-\u201cM\u00eb vjen zor t\u00eb merrem me nj\u00eb fem\u00ebr, por sa m\u00eb shum\u00eb e ngacmoja aq m\u00eb shum\u00eb e tregonte veten!\u201d Bjordi i thot\u00eb q\u00eb ai [&hellip;]<\/p>\n","protected":false},"author":1,"featured_media":0,"comment_status":"open","ping_status":"closed","sticky":false,"template":"","format":"standard","meta":{"spay_email":"","jetpack_publicize_message":"","jetpack_is_tweetstorm":false,"jetpack_publicize_feature_enabled":true},"categories":[6502],"tags":[1414,6520,8784,8934,9121,6522,1442,8938,8276,9751],"jetpack_publicize_connections":[],"yoast_head":"<!-- This site is optimized with the Yoast SEO plugin v19.1 - https:\/\/yoast.com\/wordpress\/plugins\/seo\/ -->\n<title>Ari: M\u00c3\u00ab ka puthur Juna | Big Brother Albania 2<\/title>\n<meta name=\"description\" content=\"Big Brother Albania 2 - Ari dhe Bjordi q\u00c3\u00abndrojn\u00c3\u00ab n\u00c3\u00ab kop\u00c3\u00absht duke diskutuar p\u00c3\u00abr debatin me Junid\u00c3\u00abs. Ai thot\u00c3\u00ab q\u00c3\u00ab e tregon veten sikur \u00c3\u00absht\u00c3\u00ab shum\u00c3\u00ab m\u00c3\u00ab lart se banor\u00c3\u00abt e tjer\u00c3\u00ab.\" \/>\n<meta name=\"robots\" content=\"index, follow, max-snippet:-1, max-image-preview:large, max-video-preview:-1\" \/>\n<link rel=\"canonical\" href=\"https:\/\/www.visit-ulcinj.com\/blog\/2009\/05\/04\/ari-me-ka-puthur-juna\/\" \/>\n<meta property=\"og:locale\" content=\"en_US\" \/>\n<meta property=\"og:type\" content=\"article\" \/>\n<meta property=\"og:title\" content=\"Ari: M\u00c3\u00ab ka puthur Juna | Big Brother Albania 2\" \/>\n<meta property=\"og:description\" content=\"Big Brother Albania 2 - Ari dhe Bjordi q\u00c3\u00abndrojn\u00c3\u00ab n\u00c3\u00ab kop\u00c3\u00absht duke diskutuar p\u00c3\u00abr debatin me Junid\u00c3\u00abs. Ai thot\u00c3\u00ab q\u00c3\u00ab e tregon veten sikur \u00c3\u00absht\u00c3\u00ab shum\u00c3\u00ab m\u00c3\u00ab lart se banor\u00c3\u00abt e tjer\u00c3\u00ab.\" \/>\n<meta property=\"og:url\" content=\"https:\/\/www.visit-ulcinj.com\/blog\/2009\/05\/04\/ari-me-ka-puthur-juna\/\" \/>\n<meta property=\"og:site_name\" content=\"Lajme nga Ulqini\" \/>\n<meta property=\"article:published_time\" content=\"2009-05-04T20:35:44+00:00\" \/>\n<meta property=\"og:image\" content=\"http:\/\/www.visit-ulcinj.com\/blog\/wp-content\/uploads\/2009\/05\/ari-pas-debatit30.jpg\" \/>\n<meta name=\"twitter:label1\" content=\"Written by\" \/>\n\t<meta name=\"twitter:data1\" content=\"ulqini\" \/>\n\t<meta name=\"twitter:label2\" content=\"Est. reading time\" \/>\n\t<meta name=\"twitter:data2\" content=\"2 minutes\" \/>\n<script type=\"application\/ld+json\" class=\"yoast-schema-graph\">{\"@context\":\"https:\/\/schema.org\",\"@graph\":[{\"@type\":\"WebSite\",\"@id\":\"https:\/\/www.visit-ulcinj.com\/blog\/#website\",\"url\":\"https:\/\/www.visit-ulcinj.com\/blog\/\",\"name\":\"Lajme nga Ulqini\",\"description\":\"Lajme,Vijesti,Ulqini,Ulqin,Crna Gora,Mali i Zi\",\"potentialAction\":[{\"@type\":\"SearchAction\",\"target\":{\"@type\":\"EntryPoint\",\"urlTemplate\":\"https:\/\/www.visit-ulcinj.com\/blog\/?s={search_term_string}\"},\"query-input\":\"required name=search_term_string\"}],\"inLanguage\":\"en-US\"},{\"@type\":\"ImageObject\",\"inLanguage\":\"en-US\",\"@id\":\"https:\/\/www.visit-ulcinj.com\/blog\/2009\/05\/04\/ari-me-ka-puthur-juna\/#primaryimage\",\"url\":\"http:\/\/www.visit-ulcinj.com\/blog\/wp-content\/uploads\/2009\/05\/ari-pas-debatit30.jpg\",\"contentUrl\":\"http:\/\/www.visit-ulcinj.com\/blog\/wp-content\/uploads\/2009\/05\/ari-pas-debatit30.jpg\"},{\"@type\":\"WebPage\",\"@id\":\"https:\/\/www.visit-ulcinj.com\/blog\/2009\/05\/04\/ari-me-ka-puthur-juna\/#webpage\",\"url\":\"https:\/\/www.visit-ulcinj.com\/blog\/2009\/05\/04\/ari-me-ka-puthur-juna\/\",\"name\":\"Ari: M\u00c3\u00ab ka puthur Juna | Big Brother Albania 2\",\"isPartOf\":{\"@id\":\"https:\/\/www.visit-ulcinj.com\/blog\/#website\"},\"primaryImageOfPage\":{\"@id\":\"https:\/\/www.visit-ulcinj.com\/blog\/2009\/05\/04\/ari-me-ka-puthur-juna\/#primaryimage\"},\"datePublished\":\"2009-05-04T20:35:44+00:00\",\"dateModified\":\"2009-05-04T20:35:44+00:00\",\"author\":{\"@id\":\"https:\/\/www.visit-ulcinj.com\/blog\/#\/schema\/person\/dcab619c614d3038751c63bc2aadc06d\"},\"description\":\"Big Brother Albania 2 - Ari dhe Bjordi q\u00c3\u00abndrojn\u00c3\u00ab n\u00c3\u00ab kop\u00c3\u00absht duke diskutuar p\u00c3\u00abr debatin me Junid\u00c3\u00abs. Ai thot\u00c3\u00ab q\u00c3\u00ab e tregon veten sikur \u00c3\u00absht\u00c3\u00ab shum\u00c3\u00ab m\u00c3\u00ab lart se banor\u00c3\u00abt e tjer\u00c3\u00ab.\",\"breadcrumb\":{\"@id\":\"https:\/\/www.visit-ulcinj.com\/blog\/2009\/05\/04\/ari-me-ka-puthur-juna\/#breadcrumb\"},\"inLanguage\":\"en-US\",\"potentialAction\":[{\"@type\":\"ReadAction\",\"target\":[\"https:\/\/www.visit-ulcinj.com\/blog\/2009\/05\/04\/ari-me-ka-puthur-juna\/\"]}]},{\"@type\":\"BreadcrumbList\",\"@id\":\"https:\/\/www.visit-ulcinj.com\/blog\/2009\/05\/04\/ari-me-ka-puthur-juna\/#breadcrumb\",\"itemListElement\":[{\"@type\":\"ListItem\",\"position\":1,\"name\":\"Ari: M\u00eb ka puthur Juna\"}]},{\"@type\":\"Person\",\"@id\":\"https:\/\/www.visit-ulcinj.com\/blog\/#\/schema\/person\/dcab619c614d3038751c63bc2aadc06d\",\"name\":\"ulqini\",\"sameAs\":[\"http:\/\/www.visit-ulcinj.com\"],\"url\":\"https:\/\/www.visit-ulcinj.com\/blog\/author\/admin\/\"}]}<\/script>\n<!-- \/ Yoast SEO plugin. -->","yoast_head_json":{"title":"Ari: M\u00c3\u00ab ka puthur Juna | Big Brother Albania 2","description":"Big Brother Albania 2 - Ari dhe Bjordi q\u00c3\u00abndrojn\u00c3\u00ab n\u00c3\u00ab kop\u00c3\u00absht duke diskutuar p\u00c3\u00abr debatin me Junid\u00c3\u00abs. Ai thot\u00c3\u00ab q\u00c3\u00ab e tregon veten sikur \u00c3\u00absht\u00c3\u00ab shum\u00c3\u00ab m\u00c3\u00ab lart se banor\u00c3\u00abt e tjer\u00c3\u00ab.","robots":{"index":"index","follow":"follow","max-snippet":"max-snippet:-1","max-image-preview":"max-image-preview:large","max-video-preview":"max-video-preview:-1"},"canonical":"https:\/\/www.visit-ulcinj.com\/blog\/2009\/05\/04\/ari-me-ka-puthur-juna\/","og_locale":"en_US","og_type":"article","og_title":"Ari: M\u00c3\u00ab ka puthur Juna | Big Brother Albania 2","og_description":"Big Brother Albania 2 - Ari dhe Bjordi q\u00c3\u00abndrojn\u00c3\u00ab n\u00c3\u00ab kop\u00c3\u00absht duke diskutuar p\u00c3\u00abr debatin me Junid\u00c3\u00abs. Ai thot\u00c3\u00ab q\u00c3\u00ab e tregon veten sikur \u00c3\u00absht\u00c3\u00ab shum\u00c3\u00ab m\u00c3\u00ab lart se banor\u00c3\u00abt e tjer\u00c3\u00ab.","og_url":"https:\/\/www.visit-ulcinj.com\/blog\/2009\/05\/04\/ari-me-ka-puthur-juna\/","og_site_name":"Lajme nga Ulqini","article_published_time":"2009-05-04T20:35:44+00:00","og_image":[{"url":"http:\/\/www.visit-ulcinj.com\/blog\/wp-content\/uploads\/2009\/05\/ari-pas-debatit30.jpg"}],"twitter_misc":{"Written by":"ulqini","Est. reading time":"2 minutes"},"schema":{"@context":"https:\/\/schema.org","@graph":[{"@type":"WebSite","@id":"https:\/\/www.visit-ulcinj.com\/blog\/#website","url":"https:\/\/www.visit-ulcinj.com\/blog\/","name":"Lajme nga Ulqini","description":"Lajme,Vijesti,Ulqini,Ulqin,Crna Gora,Mali i Zi","potentialAction":[{"@type":"SearchAction","target":{"@type":"EntryPoint","urlTemplate":"https:\/\/www.visit-ulcinj.com\/blog\/?s={search_term_string}"},"query-input":"required name=search_term_string"}],"inLanguage":"en-US"},{"@type":"ImageObject","inLanguage":"en-US","@id":"https:\/\/www.visit-ulcinj.com\/blog\/2009\/05\/04\/ari-me-ka-puthur-juna\/#primaryimage","url":"http:\/\/www.visit-ulcinj.com\/blog\/wp-content\/uploads\/2009\/05\/ari-pas-debatit30.jpg","contentUrl":"http:\/\/www.visit-ulcinj.com\/blog\/wp-content\/uploads\/2009\/05\/ari-pas-debatit30.jpg"},{"@type":"WebPage","@id":"https:\/\/www.visit-ulcinj.com\/blog\/2009\/05\/04\/ari-me-ka-puthur-juna\/#webpage","url":"https:\/\/www.visit-ulcinj.com\/blog\/2009\/05\/04\/ari-me-ka-puthur-juna\/","name":"Ari: M\u00c3\u00ab ka puthur Juna | Big Brother Albania 2","isPartOf":{"@id":"https:\/\/www.visit-ulcinj.com\/blog\/#website"},"primaryImageOfPage":{"@id":"https:\/\/www.visit-ulcinj.com\/blog\/2009\/05\/04\/ari-me-ka-puthur-juna\/#primaryimage"},"datePublished":"2009-05-04T20:35:44+00:00","dateModified":"2009-05-04T20:35:44+00:00","author":{"@id":"https:\/\/www.visit-ulcinj.com\/blog\/#\/schema\/person\/dcab619c614d3038751c63bc2aadc06d"},"description":"Big Brother Albania 2 - Ari dhe Bjordi q\u00c3\u00abndrojn\u00c3\u00ab n\u00c3\u00ab kop\u00c3\u00absht duke diskutuar p\u00c3\u00abr debatin me Junid\u00c3\u00abs. Ai thot\u00c3\u00ab q\u00c3\u00ab e tregon veten sikur \u00c3\u00absht\u00c3\u00ab shum\u00c3\u00ab m\u00c3\u00ab lart se banor\u00c3\u00abt e tjer\u00c3\u00ab.","breadcrumb":{"@id":"https:\/\/www.visit-ulcinj.com\/blog\/2009\/05\/04\/ari-me-ka-puthur-juna\/#breadcrumb"},"inLanguage":"en-US","potentialAction":[{"@type":"ReadAction","target":["https:\/\/www.visit-ulcinj.com\/blog\/2009\/05\/04\/ari-me-ka-puthur-juna\/"]}]},{"@type":"BreadcrumbList","@id":"https:\/\/www.visit-ulcinj.com\/blog\/2009\/05\/04\/ari-me-ka-puthur-juna\/#breadcrumb","itemListElement":[{"@type":"ListItem","position":1,"name":"Ari: M\u00eb ka puthur Juna"}]},{"@type":"Person","@id":"https:\/\/www.visit-ulcinj.com\/blog\/#\/schema\/person\/dcab619c614d3038751c63bc2aadc06d","name":"ulqini","sameAs":["http:\/\/www.visit-ulcinj.com"],"url":"https:\/\/www.visit-ulcinj.com\/blog\/author\/admin\/"}]}},"jetpack_featured_media_url":"","jetpack_sharing_enabled":true,"jetpack_shortlink":"https:\/\/wp.me\/pe6lTn-5ek","_links":{"self":[{"href":"https:\/\/www.visit-ulcinj.com\/blog\/wp-json\/wp\/v2\/posts\/20108"}],"collection":[{"href":"https:\/\/www.visit-ulcinj.com\/blog\/wp-json\/wp\/v2\/posts"}],"about":[{"href":"https:\/\/www.visit-ulcinj.com\/blog\/wp-json\/wp\/v2\/types\/post"}],"author":[{"embeddable":true,"href":"https:\/\/www.visit-ulcinj.com\/blog\/wp-json\/wp\/v2\/users\/1"}],"replies":[{"embeddable":true,"href":"https:\/\/www.visit-ulcinj.com\/blog\/wp-json\/wp\/v2\/comments?post=20108"}],"version-history":[{"count":0,"href":"https:\/\/www.visit-ulcinj.com\/blog\/wp-json\/wp\/v2\/posts\/20108\/revisions"}],"wp:attachment":[{"href":"https:\/\/www.visit-ulcinj.com\/blog\/wp-json\/wp\/v2\/media?parent=20108"}],"wp:term":[{"taxonomy":"category","embeddable":true,"href":"https:\/\/www.visit-ulcinj.com\/blog\/wp-json\/wp\/v2\/categories?post=20108"},{"taxonomy":"post_tag","embeddable":true,"href":"https:\/\/www.visit-ulcinj.com\/blog\/wp-json\/wp\/v2\/tags?post=20108"}],"curies":[{"name":"wp","href":"https:\/\/api.w.org\/{rel}","templated":true}]}}