{"id":20111,"date":"2009-05-04T22:37:29","date_gmt":"2009-05-04T20:37:29","guid":{"rendered":"http:\/\/www.visit-ulcinj.com\/blog\/?p=20111"},"modified":"2009-05-04T22:37:29","modified_gmt":"2009-05-04T20:37:29","slug":"adela-eshte-xheloze-per-adin","status":"publish","type":"post","link":"https:\/\/www.visit-ulcinj.com\/blog\/2009\/05\/04\/adela-eshte-xheloze-per-adin\/","title":{"rendered":"Adela \u00ebsht\u00eb xheloze p\u00ebr Adin"},"content":{"rendered":"<p><em><span class=\"newsdate\">b<a href=\"http:\/\/www.visit-ulcinj.com\/blog\/wp-content\/uploads\/2009\/05\/bjord-adi-per-adel01.jpg\"><img loading=\"lazy\" class=\"alignleft size-full wp-image-20112\" title=\"bjord-adi-per-adel01-big-brother-albania-2\" src=\"http:\/\/www.visit-ulcinj.com\/blog\/wp-content\/uploads\/2009\/05\/bjord-adi-per-adel01.jpg\" alt=\"bjord-adi-per-adel01-big-brother-albania-2\" width=\"300\" height=\"205\" \/><\/a>01\/05\/09 18:01<\/span><\/em><\/p>\n<p>Adi dhe Bjordi duke b\u00ebr\u00eb nj\u00eb sh\u00ebtitje n\u00eb kop\u00ebsht diskutojn\u00eb p\u00ebr situat\u00ebn e krijuar n\u00eb sht\u00ebpi pas debatit t\u00eb nj\u00eb dite m\u00eb par\u00eb. Bjordi e pyet Adin se pse u m\u00ebrzit me Adelajd\u00ebn. Adi i thot\u00eb q\u00eb ajo i kishte th\u00ebn\u00eb:-\u201cSi e duron ti Junid\u00ebn!\u201d-dhe kjo gj\u00eb nuk i kishte p\u00eblqyer. Bjordi i thot\u00eb Adit q\u00eb ajo \u00ebsht\u00eb nj\u00eb nga banor\u00ebt q\u00eb e do m\u00eb shum\u00eb at\u00eb, dhe e respekton m\u00eb shum\u00eb, por \u00ebsht\u00eb xheloze p\u00ebr t\u00eb , ndaj sillet n\u00eb at\u00eb m\u00ebnyr\u00eb. Adi nuk e kupton se pse mund t\u00eb jet\u00eb Adelajda xheloze p\u00ebr Adin. Bjordi e sqaron duke i th\u00ebn\u00eb q\u00eb ajo \u00ebsht\u00eb xheloze p\u00ebr faktin q\u00eb ai rri m\u00eb shum\u00eb me Junid\u00ebn, sesa me t\u00eb. Adi thot\u00eb q\u00eb nuk po rri shum\u00eb me Junid\u00ebn. Ai i thot\u00eb Bjordit q\u00eb n\u00eb momentin q\u00eb u nxeh me Adelajd\u00ebn ishte i ngarkuar emocionalisht. Biseda e tyre vazhdon duke diksutar p\u00ebr jet\u00ebn e v\u00ebshtir\u00eb t\u00eb Adit.<\/p>\n","protected":false},"excerpt":{"rendered":"<p>b01\/05\/09 18:01 Adi dhe Bjordi duke b\u00ebr\u00eb nj\u00eb sh\u00ebtitje n\u00eb kop\u00ebsht diskutojn\u00eb p\u00ebr situat\u00ebn e krijuar n\u00eb sht\u00ebpi pas debatit t\u00eb nj\u00eb dite m\u00eb par\u00eb. Bjordi e pyet Adin se pse u m\u00ebrzit me Adelajd\u00ebn. Adi i thot\u00eb q\u00eb ajo i kishte th\u00ebn\u00eb:-\u201cSi e duron ti Junid\u00ebn!\u201d-dhe kjo gj\u00eb nuk i kishte p\u00eblqyer. Bjordi i [&hellip;]<\/p>\n","protected":false},"author":1,"featured_media":0,"comment_status":"open","ping_status":"closed","sticky":false,"template":"","format":"standard","meta":{"spay_email":"","jetpack_publicize_message":"","jetpack_is_tweetstorm":false,"jetpack_publicize_feature_enabled":true},"categories":[6502],"tags":[6529,1414,6520,6516,6522,9923],"jetpack_publicize_connections":[],"yoast_head":"<!-- This site is optimized with the Yoast SEO plugin v19.1 - https:\/\/yoast.com\/wordpress\/plugins\/seo\/ -->\n<title>Adela \u00c3\u00absht\u00c3\u00ab xheloze p\u00c3\u00abr Adin | Big Brother Albania 2<\/title>\n<meta name=\"description\" content=\"Big Brother Albania 2 - Adi dhe Bjordi duke b\u00c3\u00abr\u00c3\u00ab nj\u00c3\u00ab sh\u00c3\u00abtitje n\u00c3\u00ab kop\u00c3\u00absht diskutojn\u00c3\u00ab p\u00c3\u00abr situat\u00c3\u00abn e krijuar n\u00c3\u00ab sht\u00c3\u00abpi pas debatit t\u00c3\u00ab nj\u00c3\u00ab dite m\u00c3\u00ab par\u00c3\u00ab. Bjordi e pyet Adin se pse u m\u00c3\u00abrzit me Adelajd\u00c3\u00abn.\" \/>\n<meta name=\"robots\" content=\"index, follow, max-snippet:-1, max-image-preview:large, max-video-preview:-1\" \/>\n<link rel=\"canonical\" href=\"https:\/\/www.visit-ulcinj.com\/blog\/2009\/05\/04\/adela-eshte-xheloze-per-adin\/\" \/>\n<meta property=\"og:locale\" content=\"en_US\" \/>\n<meta property=\"og:type\" content=\"article\" \/>\n<meta property=\"og:title\" content=\"Adela \u00c3\u00absht\u00c3\u00ab xheloze p\u00c3\u00abr Adin | Big Brother Albania 2\" \/>\n<meta property=\"og:description\" content=\"Big Brother Albania 2 - Adi dhe Bjordi duke b\u00c3\u00abr\u00c3\u00ab nj\u00c3\u00ab sh\u00c3\u00abtitje n\u00c3\u00ab kop\u00c3\u00absht diskutojn\u00c3\u00ab p\u00c3\u00abr situat\u00c3\u00abn e krijuar n\u00c3\u00ab sht\u00c3\u00abpi pas debatit t\u00c3\u00ab nj\u00c3\u00ab dite m\u00c3\u00ab par\u00c3\u00ab. Bjordi e pyet Adin se pse u m\u00c3\u00abrzit me Adelajd\u00c3\u00abn.\" \/>\n<meta property=\"og:url\" content=\"https:\/\/www.visit-ulcinj.com\/blog\/2009\/05\/04\/adela-eshte-xheloze-per-adin\/\" \/>\n<meta property=\"og:site_name\" content=\"Lajme nga Ulqini\" \/>\n<meta property=\"article:published_time\" content=\"2009-05-04T20:37:29+00:00\" \/>\n<meta property=\"og:image\" content=\"http:\/\/www.visit-ulcinj.com\/blog\/wp-content\/uploads\/2009\/05\/bjord-adi-per-adel01.jpg\" \/>\n<meta name=\"twitter:label1\" content=\"Written by\" \/>\n\t<meta name=\"twitter:data1\" content=\"ulqini\" \/>\n\t<meta name=\"twitter:label2\" content=\"Est. reading time\" \/>\n\t<meta name=\"twitter:data2\" content=\"1 minute\" \/>\n<script type=\"application\/ld+json\" class=\"yoast-schema-graph\">{\"@context\":\"https:\/\/schema.org\",\"@graph\":[{\"@type\":\"WebSite\",\"@id\":\"https:\/\/www.visit-ulcinj.com\/blog\/#website\",\"url\":\"https:\/\/www.visit-ulcinj.com\/blog\/\",\"name\":\"Lajme nga Ulqini\",\"description\":\"Lajme,Vijesti,Ulqini,Ulqin,Crna Gora,Mali i Zi\",\"potentialAction\":[{\"@type\":\"SearchAction\",\"target\":{\"@type\":\"EntryPoint\",\"urlTemplate\":\"https:\/\/www.visit-ulcinj.com\/blog\/?s={search_term_string}\"},\"query-input\":\"required name=search_term_string\"}],\"inLanguage\":\"en-US\"},{\"@type\":\"ImageObject\",\"inLanguage\":\"en-US\",\"@id\":\"https:\/\/www.visit-ulcinj.com\/blog\/2009\/05\/04\/adela-eshte-xheloze-per-adin\/#primaryimage\",\"url\":\"http:\/\/www.visit-ulcinj.com\/blog\/wp-content\/uploads\/2009\/05\/bjord-adi-per-adel01.jpg\",\"contentUrl\":\"http:\/\/www.visit-ulcinj.com\/blog\/wp-content\/uploads\/2009\/05\/bjord-adi-per-adel01.jpg\"},{\"@type\":\"WebPage\",\"@id\":\"https:\/\/www.visit-ulcinj.com\/blog\/2009\/05\/04\/adela-eshte-xheloze-per-adin\/#webpage\",\"url\":\"https:\/\/www.visit-ulcinj.com\/blog\/2009\/05\/04\/adela-eshte-xheloze-per-adin\/\",\"name\":\"Adela \u00c3\u00absht\u00c3\u00ab xheloze p\u00c3\u00abr Adin | Big Brother Albania 2\",\"isPartOf\":{\"@id\":\"https:\/\/www.visit-ulcinj.com\/blog\/#website\"},\"primaryImageOfPage\":{\"@id\":\"https:\/\/www.visit-ulcinj.com\/blog\/2009\/05\/04\/adela-eshte-xheloze-per-adin\/#primaryimage\"},\"datePublished\":\"2009-05-04T20:37:29+00:00\",\"dateModified\":\"2009-05-04T20:37:29+00:00\",\"author\":{\"@id\":\"https:\/\/www.visit-ulcinj.com\/blog\/#\/schema\/person\/dcab619c614d3038751c63bc2aadc06d\"},\"description\":\"Big Brother Albania 2 - Adi dhe Bjordi duke b\u00c3\u00abr\u00c3\u00ab nj\u00c3\u00ab sh\u00c3\u00abtitje n\u00c3\u00ab kop\u00c3\u00absht diskutojn\u00c3\u00ab p\u00c3\u00abr situat\u00c3\u00abn e krijuar n\u00c3\u00ab sht\u00c3\u00abpi pas debatit t\u00c3\u00ab nj\u00c3\u00ab dite m\u00c3\u00ab par\u00c3\u00ab. Bjordi e pyet Adin se pse u m\u00c3\u00abrzit me Adelajd\u00c3\u00abn.\",\"breadcrumb\":{\"@id\":\"https:\/\/www.visit-ulcinj.com\/blog\/2009\/05\/04\/adela-eshte-xheloze-per-adin\/#breadcrumb\"},\"inLanguage\":\"en-US\",\"potentialAction\":[{\"@type\":\"ReadAction\",\"target\":[\"https:\/\/www.visit-ulcinj.com\/blog\/2009\/05\/04\/adela-eshte-xheloze-per-adin\/\"]}]},{\"@type\":\"BreadcrumbList\",\"@id\":\"https:\/\/www.visit-ulcinj.com\/blog\/2009\/05\/04\/adela-eshte-xheloze-per-adin\/#breadcrumb\",\"itemListElement\":[{\"@type\":\"ListItem\",\"position\":1,\"name\":\"Adela \u00ebsht\u00eb xheloze p\u00ebr Adin\"}]},{\"@type\":\"Person\",\"@id\":\"https:\/\/www.visit-ulcinj.com\/blog\/#\/schema\/person\/dcab619c614d3038751c63bc2aadc06d\",\"name\":\"ulqini\",\"sameAs\":[\"http:\/\/www.visit-ulcinj.com\"],\"url\":\"https:\/\/www.visit-ulcinj.com\/blog\/author\/admin\/\"}]}<\/script>\n<!-- \/ Yoast SEO plugin. -->","yoast_head_json":{"title":"Adela \u00c3\u00absht\u00c3\u00ab xheloze p\u00c3\u00abr Adin | Big Brother Albania 2","description":"Big Brother Albania 2 - Adi dhe Bjordi duke b\u00c3\u00abr\u00c3\u00ab nj\u00c3\u00ab sh\u00c3\u00abtitje n\u00c3\u00ab kop\u00c3\u00absht diskutojn\u00c3\u00ab p\u00c3\u00abr situat\u00c3\u00abn e krijuar n\u00c3\u00ab sht\u00c3\u00abpi pas debatit t\u00c3\u00ab nj\u00c3\u00ab dite m\u00c3\u00ab par\u00c3\u00ab. Bjordi e pyet Adin se pse u m\u00c3\u00abrzit me Adelajd\u00c3\u00abn.","robots":{"index":"index","follow":"follow","max-snippet":"max-snippet:-1","max-image-preview":"max-image-preview:large","max-video-preview":"max-video-preview:-1"},"canonical":"https:\/\/www.visit-ulcinj.com\/blog\/2009\/05\/04\/adela-eshte-xheloze-per-adin\/","og_locale":"en_US","og_type":"article","og_title":"Adela \u00c3\u00absht\u00c3\u00ab xheloze p\u00c3\u00abr Adin | Big Brother Albania 2","og_description":"Big Brother Albania 2 - Adi dhe Bjordi duke b\u00c3\u00abr\u00c3\u00ab nj\u00c3\u00ab sh\u00c3\u00abtitje n\u00c3\u00ab kop\u00c3\u00absht diskutojn\u00c3\u00ab p\u00c3\u00abr situat\u00c3\u00abn e krijuar n\u00c3\u00ab sht\u00c3\u00abpi pas debatit t\u00c3\u00ab nj\u00c3\u00ab dite m\u00c3\u00ab par\u00c3\u00ab. Bjordi e pyet Adin se pse u m\u00c3\u00abrzit me Adelajd\u00c3\u00abn.","og_url":"https:\/\/www.visit-ulcinj.com\/blog\/2009\/05\/04\/adela-eshte-xheloze-per-adin\/","og_site_name":"Lajme nga Ulqini","article_published_time":"2009-05-04T20:37:29+00:00","og_image":[{"url":"http:\/\/www.visit-ulcinj.com\/blog\/wp-content\/uploads\/2009\/05\/bjord-adi-per-adel01.jpg"}],"twitter_misc":{"Written by":"ulqini","Est. reading time":"1 minute"},"schema":{"@context":"https:\/\/schema.org","@graph":[{"@type":"WebSite","@id":"https:\/\/www.visit-ulcinj.com\/blog\/#website","url":"https:\/\/www.visit-ulcinj.com\/blog\/","name":"Lajme nga Ulqini","description":"Lajme,Vijesti,Ulqini,Ulqin,Crna Gora,Mali i Zi","potentialAction":[{"@type":"SearchAction","target":{"@type":"EntryPoint","urlTemplate":"https:\/\/www.visit-ulcinj.com\/blog\/?s={search_term_string}"},"query-input":"required name=search_term_string"}],"inLanguage":"en-US"},{"@type":"ImageObject","inLanguage":"en-US","@id":"https:\/\/www.visit-ulcinj.com\/blog\/2009\/05\/04\/adela-eshte-xheloze-per-adin\/#primaryimage","url":"http:\/\/www.visit-ulcinj.com\/blog\/wp-content\/uploads\/2009\/05\/bjord-adi-per-adel01.jpg","contentUrl":"http:\/\/www.visit-ulcinj.com\/blog\/wp-content\/uploads\/2009\/05\/bjord-adi-per-adel01.jpg"},{"@type":"WebPage","@id":"https:\/\/www.visit-ulcinj.com\/blog\/2009\/05\/04\/adela-eshte-xheloze-per-adin\/#webpage","url":"https:\/\/www.visit-ulcinj.com\/blog\/2009\/05\/04\/adela-eshte-xheloze-per-adin\/","name":"Adela \u00c3\u00absht\u00c3\u00ab xheloze p\u00c3\u00abr Adin | Big Brother Albania 2","isPartOf":{"@id":"https:\/\/www.visit-ulcinj.com\/blog\/#website"},"primaryImageOfPage":{"@id":"https:\/\/www.visit-ulcinj.com\/blog\/2009\/05\/04\/adela-eshte-xheloze-per-adin\/#primaryimage"},"datePublished":"2009-05-04T20:37:29+00:00","dateModified":"2009-05-04T20:37:29+00:00","author":{"@id":"https:\/\/www.visit-ulcinj.com\/blog\/#\/schema\/person\/dcab619c614d3038751c63bc2aadc06d"},"description":"Big Brother Albania 2 - Adi dhe Bjordi duke b\u00c3\u00abr\u00c3\u00ab nj\u00c3\u00ab sh\u00c3\u00abtitje n\u00c3\u00ab kop\u00c3\u00absht diskutojn\u00c3\u00ab p\u00c3\u00abr situat\u00c3\u00abn e krijuar n\u00c3\u00ab sht\u00c3\u00abpi pas debatit t\u00c3\u00ab nj\u00c3\u00ab dite m\u00c3\u00ab par\u00c3\u00ab. Bjordi e pyet Adin se pse u m\u00c3\u00abrzit me Adelajd\u00c3\u00abn.","breadcrumb":{"@id":"https:\/\/www.visit-ulcinj.com\/blog\/2009\/05\/04\/adela-eshte-xheloze-per-adin\/#breadcrumb"},"inLanguage":"en-US","potentialAction":[{"@type":"ReadAction","target":["https:\/\/www.visit-ulcinj.com\/blog\/2009\/05\/04\/adela-eshte-xheloze-per-adin\/"]}]},{"@type":"BreadcrumbList","@id":"https:\/\/www.visit-ulcinj.com\/blog\/2009\/05\/04\/adela-eshte-xheloze-per-adin\/#breadcrumb","itemListElement":[{"@type":"ListItem","position":1,"name":"Adela \u00ebsht\u00eb xheloze p\u00ebr Adin"}]},{"@type":"Person","@id":"https:\/\/www.visit-ulcinj.com\/blog\/#\/schema\/person\/dcab619c614d3038751c63bc2aadc06d","name":"ulqini","sameAs":["http:\/\/www.visit-ulcinj.com"],"url":"https:\/\/www.visit-ulcinj.com\/blog\/author\/admin\/"}]}},"jetpack_featured_media_url":"","jetpack_sharing_enabled":true,"jetpack_shortlink":"https:\/\/wp.me\/pe6lTn-5en","_links":{"self":[{"href":"https:\/\/www.visit-ulcinj.com\/blog\/wp-json\/wp\/v2\/posts\/20111"}],"collection":[{"href":"https:\/\/www.visit-ulcinj.com\/blog\/wp-json\/wp\/v2\/posts"}],"about":[{"href":"https:\/\/www.visit-ulcinj.com\/blog\/wp-json\/wp\/v2\/types\/post"}],"author":[{"embeddable":true,"href":"https:\/\/www.visit-ulcinj.com\/blog\/wp-json\/wp\/v2\/users\/1"}],"replies":[{"embeddable":true,"href":"https:\/\/www.visit-ulcinj.com\/blog\/wp-json\/wp\/v2\/comments?post=20111"}],"version-history":[{"count":0,"href":"https:\/\/www.visit-ulcinj.com\/blog\/wp-json\/wp\/v2\/posts\/20111\/revisions"}],"wp:attachment":[{"href":"https:\/\/www.visit-ulcinj.com\/blog\/wp-json\/wp\/v2\/media?parent=20111"}],"wp:term":[{"taxonomy":"category","embeddable":true,"href":"https:\/\/www.visit-ulcinj.com\/blog\/wp-json\/wp\/v2\/categories?post=20111"},{"taxonomy":"post_tag","embeddable":true,"href":"https:\/\/www.visit-ulcinj.com\/blog\/wp-json\/wp\/v2\/tags?post=20111"}],"curies":[{"name":"wp","href":"https:\/\/api.w.org\/{rel}","templated":true}]}}