{"id":20114,"date":"2009-05-05T10:00:52","date_gmt":"2009-05-05T08:00:52","guid":{"rendered":"http:\/\/www.visit-ulcinj.com\/blog\/?p=20114"},"modified":"2009-05-04T22:40:46","modified_gmt":"2009-05-04T20:40:46","slug":"bjordi-dhe-adela-dasme-tradicionale-shqiptare","status":"publish","type":"post","link":"https:\/\/www.visit-ulcinj.com\/blog\/2009\/05\/05\/bjordi-dhe-adela-dasme-tradicionale-shqiptare\/","title":{"rendered":"Bjordi dhe Adela : Dasm\u00eb tradicionale shqiptare"},"content":{"rendered":"<p><em><span class=\"newsdate\"><a href=\"http:\/\/www.visit-ulcinj.com\/blog\/wp-content\/uploads\/2009\/05\/adelabjordiper-dasmen.jpg\"><img loading=\"lazy\" class=\"alignleft size-full wp-image-20115\" title=\"adelabjordiper-dasmen-big-brother-albania-2\" src=\"http:\/\/www.visit-ulcinj.com\/blog\/wp-content\/uploads\/2009\/05\/adelabjordiper-dasmen.jpg\" alt=\"adelabjordiper-dasmen-big-brother-albania-2\" width=\"300\" height=\"205\" \/><\/a>02\/05\/09 01:00<\/span><\/em><\/p>\n<p>Bjordi dhe Adela p\u00ebrgatisin dark\u00ebn dhe gjat\u00eb k\u00ebsaj kohe, Bjordi p\u00ebrmend dicka lidhur me martes\u00ebn. Adela ia kthen me shaka se nuk ka nd\u00ebrmend t\u00eb martohet me t\u00eb. Bjordi shprehet se do b\u00ebjn\u00eb nj\u00eb dasm\u00eb t\u00eb madhe dhe jep disa variante se si mund ta b\u00ebjn\u00eb. Adela shprehet se dasma do t\u00eb b\u00ebhet si gjith\u00eb dasmat shqiptare. Kjo i jep shkas nj\u00eb diskutimi mes tyre ku Adela i tregon Bjordit se si b\u00ebhen dasmat tradicionale shqiptare. Ajo fillon t\u2019ia spjegoj\u00eb dhe b\u00ebn nj\u00eb hyrje shum\u00eb romantike, kur ai t\u2019i propozoj\u00eb asaj p\u00ebr martes\u00eb. M\u00eb pas ajo i spjegon organizimin e dasmave shqiptare.<\/p>\n","protected":false},"excerpt":{"rendered":"<p>02\/05\/09 01:00 Bjordi dhe Adela p\u00ebrgatisin dark\u00ebn dhe gjat\u00eb k\u00ebsaj kohe, Bjordi p\u00ebrmend dicka lidhur me martes\u00ebn. Adela ia kthen me shaka se nuk ka nd\u00ebrmend t\u00eb martohet me t\u00eb. Bjordi shprehet se do b\u00ebjn\u00eb nj\u00eb dasm\u00eb t\u00eb madhe dhe jep disa variante se si mund ta b\u00ebjn\u00eb. Adela shprehet se dasma do t\u00eb b\u00ebhet [&hellip;]<\/p>\n","protected":false},"author":1,"featured_media":0,"comment_status":"open","ping_status":"closed","sticky":false,"template":"","format":"standard","meta":{"spay_email":"","jetpack_publicize_message":"","jetpack_is_tweetstorm":false,"jetpack_publicize_feature_enabled":true},"categories":[6502],"tags":[6529,9121,9924,9755,6891],"jetpack_publicize_connections":[],"yoast_head":"<!-- This site is optimized with the Yoast SEO plugin v19.1 - https:\/\/yoast.com\/wordpress\/plugins\/seo\/ -->\n<title>Bjordi dhe Adela : Dasm\u00c3\u00ab tradicionale shqiptare | Big Brother Albania 2<\/title>\n<meta name=\"description\" content=\"Big Brother Albania 2 - Bjordi dhe Adela p\u00c3\u00abrgatisin dark\u00c3\u00abn dhe gjat\u00c3\u00ab k\u00c3\u00absaj kohe, Bjordi p\u00c3\u00abrmend dicka lidhur me martes\u00c3\u00abn. Adela ia kthen me shaka se nuk ka nd\u00c3\u00abrmend t\u00c3\u00ab martohet me t\u00c3\u00ab.\" \/>\n<meta name=\"robots\" content=\"index, follow, max-snippet:-1, max-image-preview:large, max-video-preview:-1\" \/>\n<link rel=\"canonical\" href=\"https:\/\/www.visit-ulcinj.com\/blog\/2009\/05\/05\/bjordi-dhe-adela-dasme-tradicionale-shqiptare\/\" \/>\n<meta property=\"og:locale\" content=\"en_US\" \/>\n<meta property=\"og:type\" content=\"article\" \/>\n<meta property=\"og:title\" content=\"Bjordi dhe Adela : Dasm\u00c3\u00ab tradicionale shqiptare | Big Brother Albania 2\" \/>\n<meta property=\"og:description\" content=\"Big Brother Albania 2 - Bjordi dhe Adela p\u00c3\u00abrgatisin dark\u00c3\u00abn dhe gjat\u00c3\u00ab k\u00c3\u00absaj kohe, Bjordi p\u00c3\u00abrmend dicka lidhur me martes\u00c3\u00abn. Adela ia kthen me shaka se nuk ka nd\u00c3\u00abrmend t\u00c3\u00ab martohet me t\u00c3\u00ab.\" \/>\n<meta property=\"og:url\" content=\"https:\/\/www.visit-ulcinj.com\/blog\/2009\/05\/05\/bjordi-dhe-adela-dasme-tradicionale-shqiptare\/\" \/>\n<meta property=\"og:site_name\" content=\"Lajme nga Ulqini\" \/>\n<meta property=\"article:published_time\" content=\"2009-05-05T08:00:52+00:00\" \/>\n<meta property=\"article:modified_time\" content=\"2009-05-04T20:40:46+00:00\" \/>\n<meta property=\"og:image\" content=\"http:\/\/www.visit-ulcinj.com\/blog\/wp-content\/uploads\/2009\/05\/adelabjordiper-dasmen.jpg\" \/>\n<meta name=\"twitter:label1\" content=\"Written by\" \/>\n\t<meta name=\"twitter:data1\" content=\"ulqini\" \/>\n\t<meta name=\"twitter:label2\" content=\"Est. reading time\" \/>\n\t<meta name=\"twitter:data2\" content=\"1 minute\" \/>\n<script type=\"application\/ld+json\" class=\"yoast-schema-graph\">{\"@context\":\"https:\/\/schema.org\",\"@graph\":[{\"@type\":\"WebSite\",\"@id\":\"https:\/\/www.visit-ulcinj.com\/blog\/#website\",\"url\":\"https:\/\/www.visit-ulcinj.com\/blog\/\",\"name\":\"Lajme nga Ulqini\",\"description\":\"Lajme,Vijesti,Ulqini,Ulqin,Crna Gora,Mali i Zi\",\"potentialAction\":[{\"@type\":\"SearchAction\",\"target\":{\"@type\":\"EntryPoint\",\"urlTemplate\":\"https:\/\/www.visit-ulcinj.com\/blog\/?s={search_term_string}\"},\"query-input\":\"required name=search_term_string\"}],\"inLanguage\":\"en-US\"},{\"@type\":\"ImageObject\",\"inLanguage\":\"en-US\",\"@id\":\"https:\/\/www.visit-ulcinj.com\/blog\/2009\/05\/05\/bjordi-dhe-adela-dasme-tradicionale-shqiptare\/#primaryimage\",\"url\":\"http:\/\/www.visit-ulcinj.com\/blog\/wp-content\/uploads\/2009\/05\/adelabjordiper-dasmen.jpg\",\"contentUrl\":\"http:\/\/www.visit-ulcinj.com\/blog\/wp-content\/uploads\/2009\/05\/adelabjordiper-dasmen.jpg\"},{\"@type\":\"WebPage\",\"@id\":\"https:\/\/www.visit-ulcinj.com\/blog\/2009\/05\/05\/bjordi-dhe-adela-dasme-tradicionale-shqiptare\/#webpage\",\"url\":\"https:\/\/www.visit-ulcinj.com\/blog\/2009\/05\/05\/bjordi-dhe-adela-dasme-tradicionale-shqiptare\/\",\"name\":\"Bjordi dhe Adela : Dasm\u00c3\u00ab tradicionale shqiptare | Big Brother Albania 2\",\"isPartOf\":{\"@id\":\"https:\/\/www.visit-ulcinj.com\/blog\/#website\"},\"primaryImageOfPage\":{\"@id\":\"https:\/\/www.visit-ulcinj.com\/blog\/2009\/05\/05\/bjordi-dhe-adela-dasme-tradicionale-shqiptare\/#primaryimage\"},\"datePublished\":\"2009-05-05T08:00:52+00:00\",\"dateModified\":\"2009-05-04T20:40:46+00:00\",\"author\":{\"@id\":\"https:\/\/www.visit-ulcinj.com\/blog\/#\/schema\/person\/dcab619c614d3038751c63bc2aadc06d\"},\"description\":\"Big Brother Albania 2 - Bjordi dhe Adela p\u00c3\u00abrgatisin dark\u00c3\u00abn dhe gjat\u00c3\u00ab k\u00c3\u00absaj kohe, Bjordi p\u00c3\u00abrmend dicka lidhur me martes\u00c3\u00abn. Adela ia kthen me shaka se nuk ka nd\u00c3\u00abrmend t\u00c3\u00ab martohet me t\u00c3\u00ab.\",\"breadcrumb\":{\"@id\":\"https:\/\/www.visit-ulcinj.com\/blog\/2009\/05\/05\/bjordi-dhe-adela-dasme-tradicionale-shqiptare\/#breadcrumb\"},\"inLanguage\":\"en-US\",\"potentialAction\":[{\"@type\":\"ReadAction\",\"target\":[\"https:\/\/www.visit-ulcinj.com\/blog\/2009\/05\/05\/bjordi-dhe-adela-dasme-tradicionale-shqiptare\/\"]}]},{\"@type\":\"BreadcrumbList\",\"@id\":\"https:\/\/www.visit-ulcinj.com\/blog\/2009\/05\/05\/bjordi-dhe-adela-dasme-tradicionale-shqiptare\/#breadcrumb\",\"itemListElement\":[{\"@type\":\"ListItem\",\"position\":1,\"name\":\"Bjordi dhe Adela : Dasm\u00eb tradicionale shqiptare\"}]},{\"@type\":\"Person\",\"@id\":\"https:\/\/www.visit-ulcinj.com\/blog\/#\/schema\/person\/dcab619c614d3038751c63bc2aadc06d\",\"name\":\"ulqini\",\"sameAs\":[\"http:\/\/www.visit-ulcinj.com\"],\"url\":\"https:\/\/www.visit-ulcinj.com\/blog\/author\/admin\/\"}]}<\/script>\n<!-- \/ Yoast SEO plugin. -->","yoast_head_json":{"title":"Bjordi dhe Adela : Dasm\u00c3\u00ab tradicionale shqiptare | Big Brother Albania 2","description":"Big Brother Albania 2 - Bjordi dhe Adela p\u00c3\u00abrgatisin dark\u00c3\u00abn dhe gjat\u00c3\u00ab k\u00c3\u00absaj kohe, Bjordi p\u00c3\u00abrmend dicka lidhur me martes\u00c3\u00abn. Adela ia kthen me shaka se nuk ka nd\u00c3\u00abrmend t\u00c3\u00ab martohet me t\u00c3\u00ab.","robots":{"index":"index","follow":"follow","max-snippet":"max-snippet:-1","max-image-preview":"max-image-preview:large","max-video-preview":"max-video-preview:-1"},"canonical":"https:\/\/www.visit-ulcinj.com\/blog\/2009\/05\/05\/bjordi-dhe-adela-dasme-tradicionale-shqiptare\/","og_locale":"en_US","og_type":"article","og_title":"Bjordi dhe Adela : Dasm\u00c3\u00ab tradicionale shqiptare | Big Brother Albania 2","og_description":"Big Brother Albania 2 - Bjordi dhe Adela p\u00c3\u00abrgatisin dark\u00c3\u00abn dhe gjat\u00c3\u00ab k\u00c3\u00absaj kohe, Bjordi p\u00c3\u00abrmend dicka lidhur me martes\u00c3\u00abn. Adela ia kthen me shaka se nuk ka nd\u00c3\u00abrmend t\u00c3\u00ab martohet me t\u00c3\u00ab.","og_url":"https:\/\/www.visit-ulcinj.com\/blog\/2009\/05\/05\/bjordi-dhe-adela-dasme-tradicionale-shqiptare\/","og_site_name":"Lajme nga Ulqini","article_published_time":"2009-05-05T08:00:52+00:00","article_modified_time":"2009-05-04T20:40:46+00:00","og_image":[{"url":"http:\/\/www.visit-ulcinj.com\/blog\/wp-content\/uploads\/2009\/05\/adelabjordiper-dasmen.jpg"}],"twitter_misc":{"Written by":"ulqini","Est. reading time":"1 minute"},"schema":{"@context":"https:\/\/schema.org","@graph":[{"@type":"WebSite","@id":"https:\/\/www.visit-ulcinj.com\/blog\/#website","url":"https:\/\/www.visit-ulcinj.com\/blog\/","name":"Lajme nga Ulqini","description":"Lajme,Vijesti,Ulqini,Ulqin,Crna Gora,Mali i Zi","potentialAction":[{"@type":"SearchAction","target":{"@type":"EntryPoint","urlTemplate":"https:\/\/www.visit-ulcinj.com\/blog\/?s={search_term_string}"},"query-input":"required name=search_term_string"}],"inLanguage":"en-US"},{"@type":"ImageObject","inLanguage":"en-US","@id":"https:\/\/www.visit-ulcinj.com\/blog\/2009\/05\/05\/bjordi-dhe-adela-dasme-tradicionale-shqiptare\/#primaryimage","url":"http:\/\/www.visit-ulcinj.com\/blog\/wp-content\/uploads\/2009\/05\/adelabjordiper-dasmen.jpg","contentUrl":"http:\/\/www.visit-ulcinj.com\/blog\/wp-content\/uploads\/2009\/05\/adelabjordiper-dasmen.jpg"},{"@type":"WebPage","@id":"https:\/\/www.visit-ulcinj.com\/blog\/2009\/05\/05\/bjordi-dhe-adela-dasme-tradicionale-shqiptare\/#webpage","url":"https:\/\/www.visit-ulcinj.com\/blog\/2009\/05\/05\/bjordi-dhe-adela-dasme-tradicionale-shqiptare\/","name":"Bjordi dhe Adela : Dasm\u00c3\u00ab tradicionale shqiptare | Big Brother Albania 2","isPartOf":{"@id":"https:\/\/www.visit-ulcinj.com\/blog\/#website"},"primaryImageOfPage":{"@id":"https:\/\/www.visit-ulcinj.com\/blog\/2009\/05\/05\/bjordi-dhe-adela-dasme-tradicionale-shqiptare\/#primaryimage"},"datePublished":"2009-05-05T08:00:52+00:00","dateModified":"2009-05-04T20:40:46+00:00","author":{"@id":"https:\/\/www.visit-ulcinj.com\/blog\/#\/schema\/person\/dcab619c614d3038751c63bc2aadc06d"},"description":"Big Brother Albania 2 - Bjordi dhe Adela p\u00c3\u00abrgatisin dark\u00c3\u00abn dhe gjat\u00c3\u00ab k\u00c3\u00absaj kohe, Bjordi p\u00c3\u00abrmend dicka lidhur me martes\u00c3\u00abn. Adela ia kthen me shaka se nuk ka nd\u00c3\u00abrmend t\u00c3\u00ab martohet me t\u00c3\u00ab.","breadcrumb":{"@id":"https:\/\/www.visit-ulcinj.com\/blog\/2009\/05\/05\/bjordi-dhe-adela-dasme-tradicionale-shqiptare\/#breadcrumb"},"inLanguage":"en-US","potentialAction":[{"@type":"ReadAction","target":["https:\/\/www.visit-ulcinj.com\/blog\/2009\/05\/05\/bjordi-dhe-adela-dasme-tradicionale-shqiptare\/"]}]},{"@type":"BreadcrumbList","@id":"https:\/\/www.visit-ulcinj.com\/blog\/2009\/05\/05\/bjordi-dhe-adela-dasme-tradicionale-shqiptare\/#breadcrumb","itemListElement":[{"@type":"ListItem","position":1,"name":"Bjordi dhe Adela : Dasm\u00eb tradicionale shqiptare"}]},{"@type":"Person","@id":"https:\/\/www.visit-ulcinj.com\/blog\/#\/schema\/person\/dcab619c614d3038751c63bc2aadc06d","name":"ulqini","sameAs":["http:\/\/www.visit-ulcinj.com"],"url":"https:\/\/www.visit-ulcinj.com\/blog\/author\/admin\/"}]}},"jetpack_featured_media_url":"","jetpack_sharing_enabled":true,"jetpack_shortlink":"https:\/\/wp.me\/pe6lTn-5eq","_links":{"self":[{"href":"https:\/\/www.visit-ulcinj.com\/blog\/wp-json\/wp\/v2\/posts\/20114"}],"collection":[{"href":"https:\/\/www.visit-ulcinj.com\/blog\/wp-json\/wp\/v2\/posts"}],"about":[{"href":"https:\/\/www.visit-ulcinj.com\/blog\/wp-json\/wp\/v2\/types\/post"}],"author":[{"embeddable":true,"href":"https:\/\/www.visit-ulcinj.com\/blog\/wp-json\/wp\/v2\/users\/1"}],"replies":[{"embeddable":true,"href":"https:\/\/www.visit-ulcinj.com\/blog\/wp-json\/wp\/v2\/comments?post=20114"}],"version-history":[{"count":0,"href":"https:\/\/www.visit-ulcinj.com\/blog\/wp-json\/wp\/v2\/posts\/20114\/revisions"}],"wp:attachment":[{"href":"https:\/\/www.visit-ulcinj.com\/blog\/wp-json\/wp\/v2\/media?parent=20114"}],"wp:term":[{"taxonomy":"category","embeddable":true,"href":"https:\/\/www.visit-ulcinj.com\/blog\/wp-json\/wp\/v2\/categories?post=20114"},{"taxonomy":"post_tag","embeddable":true,"href":"https:\/\/www.visit-ulcinj.com\/blog\/wp-json\/wp\/v2\/tags?post=20114"}],"curies":[{"name":"wp","href":"https:\/\/api.w.org\/{rel}","templated":true}]}}