{"id":20117,"date":"2009-05-05T10:00:59","date_gmt":"2009-05-05T08:00:59","guid":{"rendered":"http:\/\/www.visit-ulcinj.com\/blog\/?p=20117"},"modified":"2009-05-04T22:43:16","modified_gmt":"2009-05-04T20:43:16","slug":"moza-adela-mos-u-bej-si-femijet","status":"publish","type":"post","link":"https:\/\/www.visit-ulcinj.com\/blog\/2009\/05\/05\/moza-adela-mos-u-bej-si-femijet\/","title":{"rendered":"Moza: Adela mos u b\u00ebj si f\u00ebmij\u00ebt"},"content":{"rendered":"<p><em><span class=\"newsdate\"><a href=\"http:\/\/www.visit-ulcinj.com\/blog\/wp-content\/uploads\/2009\/05\/mozaadela-dalje-02.jpg\"><img loading=\"lazy\" class=\"alignleft size-full wp-image-20119\" title=\"mozaadela-dalje-02-big-brother-albania-2\" src=\"http:\/\/www.visit-ulcinj.com\/blog\/wp-content\/uploads\/2009\/05\/mozaadela-dalje-02.jpg\" alt=\"mozaadela-dalje-02-big-brother-albania-2\" width=\"300\" height=\"205\" \/><\/a>02\/05\/09 14:35<\/span><\/em><\/p>\n<p>Mimoza dhe Adelajda duke q\u00ebndruar n\u00eb kop\u00ebsht diskutojn\u00eb se cfar\u00eb t\u00eb veshin p\u00ebr nat\u00ebn e spetaklit. Adelajda i tregon Mimoz\u00ebs q\u00eb ka nj\u00eb komplet bizhuterish q\u00eb i ka v\u00ebn\u00eb vet\u00ebm nat\u00ebn e par\u00eb kur hyri n\u00eb \u201cBig Brother\u201d, dhe i merr mendim p\u00ebr t`i v\u00ebn\u00eb dhe nat\u00ebn e sotme t\u00eb spetaklit. Mimoza e aprovon, por Adelajda \u00ebsht\u00eb supersticioze, dhe i thot\u00eb:-\u201cMos m\u00eb sjellin ters, dhe po dal sonte, meq\u00eb i kam v\u00ebn\u00eb nat\u00ebn kur hyra!\u201d Mimoza i thot\u00eb q\u00eb nuk duhet ta mendoj\u00eb k\u00ebshtu, pasi nuk \u00ebsht\u00eb n\u00eb dor\u00ebn e saj. Ajo ia kthen:-\u201cNuk dua t\u00eb dal!\u201d Mimoza i thot\u00eb q\u00eb ajo nuk duhet t\u00eb b\u00ebj si f\u00ebmij\u00ebt duke th\u00ebn\u00eb q\u00eb nuk dua t\u00eb dal.<\/p>\n","protected":false},"excerpt":{"rendered":"<p>02\/05\/09 14:35 Mimoza dhe Adelajda duke q\u00ebndruar n\u00eb kop\u00ebsht diskutojn\u00eb se cfar\u00eb t\u00eb veshin p\u00ebr nat\u00ebn e spetaklit. Adelajda i tregon Mimoz\u00ebs q\u00eb ka nj\u00eb komplet bizhuterish q\u00eb i ka v\u00ebn\u00eb vet\u00ebm nat\u00ebn e par\u00eb kur hyri n\u00eb \u201cBig Brother\u201d, dhe i merr mendim p\u00ebr t`i v\u00ebn\u00eb dhe nat\u00ebn e sotme t\u00eb spetaklit. Mimoza e [&hellip;]<\/p>\n","protected":false},"author":1,"featured_media":0,"comment_status":"open","ping_status":"closed","sticky":false,"template":"","format":"standard","meta":{"spay_email":"","jetpack_publicize_message":"","jetpack_is_tweetstorm":false,"jetpack_publicize_feature_enabled":true},"categories":[6502],"tags":[6529,9121,6544,6887],"jetpack_publicize_connections":[],"yoast_head":"<!-- This site is optimized with the Yoast SEO plugin v19.1 - https:\/\/yoast.com\/wordpress\/plugins\/seo\/ -->\n<title>Moza: Adela mos u b\u00c3\u00abj si f\u00c3\u00abmij\u00c3\u00abt | Big Brother Albania 2<\/title>\n<meta name=\"description\" content=\"Big Brother Albania 2 - Mimoza dhe Adelajda duke q\u00c3\u00abndruar n\u00c3\u00ab kop\u00c3\u00absht diskutojn\u00c3\u00ab se cfar\u00c3\u00ab t\u00c3\u00ab veshin p\u00c3\u00abr nat\u00c3\u00abn e spetaklit.\" \/>\n<meta name=\"robots\" content=\"index, follow, max-snippet:-1, max-image-preview:large, max-video-preview:-1\" \/>\n<link rel=\"canonical\" href=\"https:\/\/www.visit-ulcinj.com\/blog\/2009\/05\/05\/moza-adela-mos-u-bej-si-femijet\/\" \/>\n<meta property=\"og:locale\" content=\"en_US\" \/>\n<meta property=\"og:type\" content=\"article\" \/>\n<meta property=\"og:title\" content=\"Moza: Adela mos u b\u00c3\u00abj si f\u00c3\u00abmij\u00c3\u00abt | Big Brother Albania 2\" \/>\n<meta property=\"og:description\" content=\"Big Brother Albania 2 - Mimoza dhe Adelajda duke q\u00c3\u00abndruar n\u00c3\u00ab kop\u00c3\u00absht diskutojn\u00c3\u00ab se cfar\u00c3\u00ab t\u00c3\u00ab veshin p\u00c3\u00abr nat\u00c3\u00abn e spetaklit.\" \/>\n<meta property=\"og:url\" content=\"https:\/\/www.visit-ulcinj.com\/blog\/2009\/05\/05\/moza-adela-mos-u-bej-si-femijet\/\" \/>\n<meta property=\"og:site_name\" content=\"Lajme nga Ulqini\" \/>\n<meta property=\"article:published_time\" content=\"2009-05-05T08:00:59+00:00\" \/>\n<meta property=\"article:modified_time\" content=\"2009-05-04T20:43:16+00:00\" \/>\n<meta property=\"og:image\" content=\"http:\/\/www.visit-ulcinj.com\/blog\/wp-content\/uploads\/2009\/05\/mozaadela-dalje-02.jpg\" \/>\n<meta name=\"twitter:label1\" content=\"Written by\" \/>\n\t<meta name=\"twitter:data1\" content=\"ulqini\" \/>\n\t<meta name=\"twitter:label2\" content=\"Est. reading time\" \/>\n\t<meta name=\"twitter:data2\" content=\"1 minute\" \/>\n<script type=\"application\/ld+json\" class=\"yoast-schema-graph\">{\"@context\":\"https:\/\/schema.org\",\"@graph\":[{\"@type\":\"WebSite\",\"@id\":\"https:\/\/www.visit-ulcinj.com\/blog\/#website\",\"url\":\"https:\/\/www.visit-ulcinj.com\/blog\/\",\"name\":\"Lajme nga Ulqini\",\"description\":\"Lajme,Vijesti,Ulqini,Ulqin,Crna Gora,Mali i Zi\",\"potentialAction\":[{\"@type\":\"SearchAction\",\"target\":{\"@type\":\"EntryPoint\",\"urlTemplate\":\"https:\/\/www.visit-ulcinj.com\/blog\/?s={search_term_string}\"},\"query-input\":\"required name=search_term_string\"}],\"inLanguage\":\"en-US\"},{\"@type\":\"ImageObject\",\"inLanguage\":\"en-US\",\"@id\":\"https:\/\/www.visit-ulcinj.com\/blog\/2009\/05\/05\/moza-adela-mos-u-bej-si-femijet\/#primaryimage\",\"url\":\"http:\/\/www.visit-ulcinj.com\/blog\/wp-content\/uploads\/2009\/05\/mozaadela-dalje-02.jpg\",\"contentUrl\":\"http:\/\/www.visit-ulcinj.com\/blog\/wp-content\/uploads\/2009\/05\/mozaadela-dalje-02.jpg\"},{\"@type\":\"WebPage\",\"@id\":\"https:\/\/www.visit-ulcinj.com\/blog\/2009\/05\/05\/moza-adela-mos-u-bej-si-femijet\/#webpage\",\"url\":\"https:\/\/www.visit-ulcinj.com\/blog\/2009\/05\/05\/moza-adela-mos-u-bej-si-femijet\/\",\"name\":\"Moza: Adela mos u b\u00c3\u00abj si f\u00c3\u00abmij\u00c3\u00abt | Big Brother Albania 2\",\"isPartOf\":{\"@id\":\"https:\/\/www.visit-ulcinj.com\/blog\/#website\"},\"primaryImageOfPage\":{\"@id\":\"https:\/\/www.visit-ulcinj.com\/blog\/2009\/05\/05\/moza-adela-mos-u-bej-si-femijet\/#primaryimage\"},\"datePublished\":\"2009-05-05T08:00:59+00:00\",\"dateModified\":\"2009-05-04T20:43:16+00:00\",\"author\":{\"@id\":\"https:\/\/www.visit-ulcinj.com\/blog\/#\/schema\/person\/dcab619c614d3038751c63bc2aadc06d\"},\"description\":\"Big Brother Albania 2 - Mimoza dhe Adelajda duke q\u00c3\u00abndruar n\u00c3\u00ab kop\u00c3\u00absht diskutojn\u00c3\u00ab se cfar\u00c3\u00ab t\u00c3\u00ab veshin p\u00c3\u00abr nat\u00c3\u00abn e spetaklit.\",\"breadcrumb\":{\"@id\":\"https:\/\/www.visit-ulcinj.com\/blog\/2009\/05\/05\/moza-adela-mos-u-bej-si-femijet\/#breadcrumb\"},\"inLanguage\":\"en-US\",\"potentialAction\":[{\"@type\":\"ReadAction\",\"target\":[\"https:\/\/www.visit-ulcinj.com\/blog\/2009\/05\/05\/moza-adela-mos-u-bej-si-femijet\/\"]}]},{\"@type\":\"BreadcrumbList\",\"@id\":\"https:\/\/www.visit-ulcinj.com\/blog\/2009\/05\/05\/moza-adela-mos-u-bej-si-femijet\/#breadcrumb\",\"itemListElement\":[{\"@type\":\"ListItem\",\"position\":1,\"name\":\"Moza: Adela mos u b\u00ebj si f\u00ebmij\u00ebt\"}]},{\"@type\":\"Person\",\"@id\":\"https:\/\/www.visit-ulcinj.com\/blog\/#\/schema\/person\/dcab619c614d3038751c63bc2aadc06d\",\"name\":\"ulqini\",\"sameAs\":[\"http:\/\/www.visit-ulcinj.com\"],\"url\":\"https:\/\/www.visit-ulcinj.com\/blog\/author\/admin\/\"}]}<\/script>\n<!-- \/ Yoast SEO plugin. -->","yoast_head_json":{"title":"Moza: Adela mos u b\u00c3\u00abj si f\u00c3\u00abmij\u00c3\u00abt | Big Brother Albania 2","description":"Big Brother Albania 2 - Mimoza dhe Adelajda duke q\u00c3\u00abndruar n\u00c3\u00ab kop\u00c3\u00absht diskutojn\u00c3\u00ab se cfar\u00c3\u00ab t\u00c3\u00ab veshin p\u00c3\u00abr nat\u00c3\u00abn e spetaklit.","robots":{"index":"index","follow":"follow","max-snippet":"max-snippet:-1","max-image-preview":"max-image-preview:large","max-video-preview":"max-video-preview:-1"},"canonical":"https:\/\/www.visit-ulcinj.com\/blog\/2009\/05\/05\/moza-adela-mos-u-bej-si-femijet\/","og_locale":"en_US","og_type":"article","og_title":"Moza: Adela mos u b\u00c3\u00abj si f\u00c3\u00abmij\u00c3\u00abt | Big Brother Albania 2","og_description":"Big Brother Albania 2 - Mimoza dhe Adelajda duke q\u00c3\u00abndruar n\u00c3\u00ab kop\u00c3\u00absht diskutojn\u00c3\u00ab se cfar\u00c3\u00ab t\u00c3\u00ab veshin p\u00c3\u00abr nat\u00c3\u00abn e spetaklit.","og_url":"https:\/\/www.visit-ulcinj.com\/blog\/2009\/05\/05\/moza-adela-mos-u-bej-si-femijet\/","og_site_name":"Lajme nga Ulqini","article_published_time":"2009-05-05T08:00:59+00:00","article_modified_time":"2009-05-04T20:43:16+00:00","og_image":[{"url":"http:\/\/www.visit-ulcinj.com\/blog\/wp-content\/uploads\/2009\/05\/mozaadela-dalje-02.jpg"}],"twitter_misc":{"Written by":"ulqini","Est. reading time":"1 minute"},"schema":{"@context":"https:\/\/schema.org","@graph":[{"@type":"WebSite","@id":"https:\/\/www.visit-ulcinj.com\/blog\/#website","url":"https:\/\/www.visit-ulcinj.com\/blog\/","name":"Lajme nga Ulqini","description":"Lajme,Vijesti,Ulqini,Ulqin,Crna Gora,Mali i Zi","potentialAction":[{"@type":"SearchAction","target":{"@type":"EntryPoint","urlTemplate":"https:\/\/www.visit-ulcinj.com\/blog\/?s={search_term_string}"},"query-input":"required name=search_term_string"}],"inLanguage":"en-US"},{"@type":"ImageObject","inLanguage":"en-US","@id":"https:\/\/www.visit-ulcinj.com\/blog\/2009\/05\/05\/moza-adela-mos-u-bej-si-femijet\/#primaryimage","url":"http:\/\/www.visit-ulcinj.com\/blog\/wp-content\/uploads\/2009\/05\/mozaadela-dalje-02.jpg","contentUrl":"http:\/\/www.visit-ulcinj.com\/blog\/wp-content\/uploads\/2009\/05\/mozaadela-dalje-02.jpg"},{"@type":"WebPage","@id":"https:\/\/www.visit-ulcinj.com\/blog\/2009\/05\/05\/moza-adela-mos-u-bej-si-femijet\/#webpage","url":"https:\/\/www.visit-ulcinj.com\/blog\/2009\/05\/05\/moza-adela-mos-u-bej-si-femijet\/","name":"Moza: Adela mos u b\u00c3\u00abj si f\u00c3\u00abmij\u00c3\u00abt | Big Brother Albania 2","isPartOf":{"@id":"https:\/\/www.visit-ulcinj.com\/blog\/#website"},"primaryImageOfPage":{"@id":"https:\/\/www.visit-ulcinj.com\/blog\/2009\/05\/05\/moza-adela-mos-u-bej-si-femijet\/#primaryimage"},"datePublished":"2009-05-05T08:00:59+00:00","dateModified":"2009-05-04T20:43:16+00:00","author":{"@id":"https:\/\/www.visit-ulcinj.com\/blog\/#\/schema\/person\/dcab619c614d3038751c63bc2aadc06d"},"description":"Big Brother Albania 2 - Mimoza dhe Adelajda duke q\u00c3\u00abndruar n\u00c3\u00ab kop\u00c3\u00absht diskutojn\u00c3\u00ab se cfar\u00c3\u00ab t\u00c3\u00ab veshin p\u00c3\u00abr nat\u00c3\u00abn e spetaklit.","breadcrumb":{"@id":"https:\/\/www.visit-ulcinj.com\/blog\/2009\/05\/05\/moza-adela-mos-u-bej-si-femijet\/#breadcrumb"},"inLanguage":"en-US","potentialAction":[{"@type":"ReadAction","target":["https:\/\/www.visit-ulcinj.com\/blog\/2009\/05\/05\/moza-adela-mos-u-bej-si-femijet\/"]}]},{"@type":"BreadcrumbList","@id":"https:\/\/www.visit-ulcinj.com\/blog\/2009\/05\/05\/moza-adela-mos-u-bej-si-femijet\/#breadcrumb","itemListElement":[{"@type":"ListItem","position":1,"name":"Moza: Adela mos u b\u00ebj si f\u00ebmij\u00ebt"}]},{"@type":"Person","@id":"https:\/\/www.visit-ulcinj.com\/blog\/#\/schema\/person\/dcab619c614d3038751c63bc2aadc06d","name":"ulqini","sameAs":["http:\/\/www.visit-ulcinj.com"],"url":"https:\/\/www.visit-ulcinj.com\/blog\/author\/admin\/"}]}},"jetpack_featured_media_url":"","jetpack_sharing_enabled":true,"jetpack_shortlink":"https:\/\/wp.me\/pe6lTn-5et","_links":{"self":[{"href":"https:\/\/www.visit-ulcinj.com\/blog\/wp-json\/wp\/v2\/posts\/20117"}],"collection":[{"href":"https:\/\/www.visit-ulcinj.com\/blog\/wp-json\/wp\/v2\/posts"}],"about":[{"href":"https:\/\/www.visit-ulcinj.com\/blog\/wp-json\/wp\/v2\/types\/post"}],"author":[{"embeddable":true,"href":"https:\/\/www.visit-ulcinj.com\/blog\/wp-json\/wp\/v2\/users\/1"}],"replies":[{"embeddable":true,"href":"https:\/\/www.visit-ulcinj.com\/blog\/wp-json\/wp\/v2\/comments?post=20117"}],"version-history":[{"count":0,"href":"https:\/\/www.visit-ulcinj.com\/blog\/wp-json\/wp\/v2\/posts\/20117\/revisions"}],"wp:attachment":[{"href":"https:\/\/www.visit-ulcinj.com\/blog\/wp-json\/wp\/v2\/media?parent=20117"}],"wp:term":[{"taxonomy":"category","embeddable":true,"href":"https:\/\/www.visit-ulcinj.com\/blog\/wp-json\/wp\/v2\/categories?post=20117"},{"taxonomy":"post_tag","embeddable":true,"href":"https:\/\/www.visit-ulcinj.com\/blog\/wp-json\/wp\/v2\/tags?post=20117"}],"curies":[{"name":"wp","href":"https:\/\/api.w.org\/{rel}","templated":true}]}}